{"id":86627,"date":"2020-03-25T16:47:06","date_gmt":"2020-03-25T15:47:06","guid":{"rendered":"https:\/\/www.leselfes.com\/quanto-deve-custar-um-acampamento-de-inverno\/"},"modified":"2024-10-03T18:14:24","modified_gmt":"2024-10-03T16:14:24","slug":"quanto-deve-custar-um-acampamento-de-inverno","status":"publish","type":"post","link":"https:\/\/www.leselfes.com\/pt-pt\/quanto-deve-custar-um-acampamento-de-inverno\/","title":{"rendered":"Quanto deve custar um acampamento de inverno?"},"content":{"rendered":"&#13;\n<div class=\"wp-block-image\">&#13;\n<figure class=\"aligncenter size-large\"><img loading=\"lazy\" decoding=\"async\" width=\"686\" height=\"397\" class=\"wp-image-37400\" src=\"https:\/\/www.leselfes.com\/wp-content\/uploads\/2020\/02\/landscape-1.jpg\" alt=\"paisagem\" srcset=\"https:\/\/www.leselfes.com\/wp-content\/uploads\/2020\/02\/landscape-1.jpg 686w, https:\/\/www.leselfes.com\/wp-content\/uploads\/2020\/02\/landscape-1-300x174.jpg 300w\" sizes=\"(max-width: 686px) 100vw, 686px\" \/><\/figure>&#13;\n<\/div>&#13;\n&#13;\n<p>O in\u00edcio do inverno traz consigo uma esta\u00e7\u00e3o fria.\nMuitas pessoas preferem passar o tempo dentro de casa para evitar o clima desconfort\u00e1vel. <\/p>&#13;\n&#13;\n<p>No entanto, algumas pessoas mal podem esperar pela excita\u00e7\u00e3o que vem com os acampamentos de inverno.<\/p>&#13;\n&#13;\n<p>Se est\u00e1s a planear <a href=\"https:\/\/www.leselfes.com\/pt-pt\/?page_id=85750\">acampar no inverno<\/a>, tens de ter um plano concreto e um or\u00e7amento ideal para todos os que v\u00e3o participar.<\/p>&#13;\n&#13;\n<p>\u00c9 aqui que deves estar a pensar: quanto deve custar um acampamento de inverno?<\/p>&#13;\n&#13;\n<p>Ao contr\u00e1rio das escapadelas de campismo no ver\u00e3o, acampar no inverno requer equipamento especializado para te ajudar a enfrentar temperaturas extremamente baixas.<\/p>&#13;\n&#13;\n<p>Aqui est\u00e1 uma estimativa aproximada do teu or\u00e7amento para acampar este inverno.<\/p>&#13;\n&#13;\n<h2 class=\"wp-block-heading\">Custo do equipamento de campismo de inverno  <\/h2>&#13;\n&#13;\n<p>O custo geral do teu equipamento de campismo varia entre 231$ e 2.762$ por pessoa.\nEste custo pode ser mais elevado, dependendo de onde comprares o teu equipamento. <\/p>&#13;\n&#13;\n<p>Se optares por comprar o teu pr\u00f3prio equipamento, este ser\u00e1 um investimento \u00fanico.\nA vantagem \u00e9 que podes utilizar o teu equipamento v\u00e1rias vezes. <\/p>&#13;\n&#13;\n<p>Algumas pessoas optam por alugar equipamento nos parques de campismo da sua escolha.\nEsta pode ser uma op\u00e7\u00e3o ideal, embora cara, especialmente para campistas regulares. <\/p>&#13;\n&#13;\n<p>Se vais acampar frequentemente, podes querer investir em equipamento de campismo de boa qualidade ou at\u00e9 pedir emprestado aos teus amigos.<\/p>&#13;\n&#13;\n<p>Sabias que podes comprar equipamento de campismo usado online?\nEsta pode ser uma op\u00e7\u00e3o mais barata para ti se estiveres a fazer compras com um or\u00e7amento limitado. <\/p>&#13;\n&#13;\n<h3 class=\"wp-block-heading\">&#8211; Aluga equipamento de campismo no teu parque de campismo<\/h3>&#13;\n&#13;\n<p>Dependendo do local onde fores acampar, algumas est\u00e2ncias oferecem equipamento de campismo de excelente qualidade a pre\u00e7os muito razo\u00e1veis.<\/p>&#13;\n&#13;\n<p>Les Elfes, por exemplo, \u00e9 uma est\u00e2ncia de campismo que existe h\u00e1 mais de 30 anos.\nA equipa por detr\u00e1s da instala\u00e7\u00e3o dominou a arte de fornecer equipamento de campismo de excelente qualidade para alugar. <\/p>&#13;\n&#13;\n<p>Encontrar\u00e1s sacos-cama, tendas e material de esqui de boa qualidade a pre\u00e7os acess\u00edveis.\nDurante o teu acampamento de inverno em <a href=\"https:\/\/www.leselfes.com\/pt-pt\/\">Les Elfes<\/a>, poder\u00e1s participar em diversas actividades. <\/p>&#13;\n&#13;\n<p>A est\u00e2ncia funciona durante todo o ano, o que significa que podes visit\u00e1-la em qualquer altura, independentemente da esta\u00e7\u00e3o do ano.<\/p>&#13;\n&#13;\n<p>Tendo acolhido milhares de campistas desde a sua cria\u00e7\u00e3o, a equipa \u00e9 suficientemente experiente para prestar servi\u00e7os que respondam \u00e0s tuas necessidades.<\/p>&#13;\n&#13;\n<p>Visitar Les Elfes exp\u00f5e-te a Verbier, um dos maiores campos de esqui da Su\u00ed\u00e7a.\nAqui, ter\u00e1s a oportunidade de interagir com numerosas pessoas de diferentes culturas. <\/p>&#13;\n&#13;\n<p>Aprende mais sobre outros pa\u00edses, interage com pessoas diferentes e faz novos amigos.  <\/p>&#13;\n&#13;\n<h2 class=\"wp-block-heading\">Uma lista dos teus artigos essenciais de campismo e o seu custo<\/h2>&#13;\n&#13;\n<p>Uma mochila completa com capa de chuva custa cerca de 150 d\u00f3lares.<\/p>&#13;\n&#13;\n<p>Podes usar qualquer uma das tuas mochilas, mas tem de ser \u00e0 prova de \u00e1gua.\nSe n\u00e3o for, improvisa, colocando-a dentro de um saco do lixo. <\/p>&#13;\n&#13;\n<p>Este \u00e9 um m\u00e9todo barato que te custar\u00e1 muito pouco ou mesmo nada.\nNo entanto, o inverno pode ser rigoroso e este m\u00e9todo pode nem sempre funcionar. <\/p>&#13;\n&#13;\n<p>Para te protegeres, deves investir numa mochila imperme\u00e1vel de boa qualidade.\nSe viajares em grupo, podes ter uma mochila para duas pessoas.\nDesta forma, podes partilhar os custos.    <\/p>&#13;\n&#13;\n<h3 class=\"wp-block-heading\">&#8211; Tenda<\/h3>&#13;\n&#13;\n<div class=\"wp-block-image\">&#13;\n<figure class=\"aligncenter size-large\"><img loading=\"lazy\" decoding=\"async\" width=\"553\" height=\"368\" class=\"wp-image-39327\" src=\"https:\/\/www.leselfes.com\/wp-content\/uploads\/2020\/09\/Picture2-resized.png\" alt=\"Imagem2 redimensionada\" srcset=\"https:\/\/www.leselfes.com\/wp-content\/uploads\/2020\/09\/Picture2-resized.png 553w, https:\/\/www.leselfes.com\/wp-content\/uploads\/2020\/09\/Picture2-resized-300x200.png 300w\" sizes=\"(max-width: 553px) 100vw, 553px\" \/><\/figure>&#13;\n<\/div>&#13;\n&#13;\n<p>Uma tenda de inverno de boa qualidade custar\u00e1 entre 400 e 191 d\u00f3lares.<\/p>&#13;\n&#13;\n<p>Seja o que for que fa\u00e7as, evita comprar tendas de qualidade inferior, quer sejas um campista regular ou n\u00e3o.\nPrecisas de uma tenda que possas utilizar em todas as esta\u00e7\u00f5es e uma tenda barata pode n\u00e3o ser suficiente. <\/p>&#13;\n&#13;\n<p>N\u00e3o estamos a dizer que as tendas baratas s\u00e3o de m\u00e1 qualidade, mas tens de ter cuidado antes de gastares o teu dinheiro numa tenda.<\/p>&#13;\n&#13;\n<p>Muitas vezes, uma tenda \u00e9 mais barata do que um quarto de hotel.  <\/p>&#13;\n&#13;\n<h3 class=\"wp-block-heading\">&#8211; Almofada de dormir<\/h3>&#13;\n&#13;\n<p>Uma almofada de dormir barata custa 10 d\u00f3lares, mas duvidamos muito que seja ideal para acampar no inverno.<\/p>&#13;\n&#13;\n<p>Claro que podes incorporar alguns truques, como empilhar folhas debaixo da tua tenda para a tornar mais confort\u00e1vel.<\/p>&#13;\n&#13;\n<p>No entanto, precisas de uma almofada de dormir de boa qualidade para sobreviveres \u00e0s temperaturas excruciantes do inverno.<\/p>&#13;\n&#13;\n<p>A tua almofada de dormir ideal n\u00e3o s\u00f3 deve ser isolada, como tamb\u00e9m deve ser insufl\u00e1vel e ter o tamanho certo para o teu conforto.<\/p>&#13;\n&#13;\n<p>Escolhe um de uma marca conceituada e, embora possa ser caro, vais utiliz\u00e1-lo em muitas das tuas futuras sess\u00f5es de campismo.  <\/p>&#13;\n&#13;\n<h3 class=\"wp-block-heading\">&#8211; Saco de dormir<\/h3>&#13;\n&#13;\n<p>O custo de um saco-cama varia entre 20 e 100 d\u00f3lares.<\/p>&#13;\n&#13;\n<p>No entanto, podes encontrar sacos-cama mais caros no mercado.\nPara o teu acampamento de inverno, precisas de um saco-cama robusto que te mantenha quente durante toda a noite sem ser demasiado pesado. <\/p>&#13;\n&#13;\n<p>Os sacos-cama baratos podem ser bons, mas tens de ter em conta as especifica\u00e7\u00f5es e as condi\u00e7\u00f5es meteorol\u00f3gicas do teu parque de campismo antes de os comprares.<\/p>&#13;\n&#13;\n<p>N\u00e3o queres investir num produto mais barato e ficar desapontado.<\/p>&#13;\n&#13;\n<p>A vantagem de comprares um saco-cama mais caro \u00e9 que, muitas vezes, \u00e9 ideal para todas as esta\u00e7\u00f5es e \u00e9 feito para ser duradouro.  <\/p>&#13;\n&#13;\n<h3 class=\"wp-block-heading\">&#8211; Fog\u00e3o e combust\u00edvel<\/h3>&#13;\n&#13;\n<p>O custo do teu fog\u00e3o varia entre $10 e $200, dependendo do tamanho do teu grupo de campismo.<\/p>&#13;\n&#13;\n<p>Se o teu grupo de campistas for grande, um fog\u00e3o de dois bicos ser\u00e1 mais conveniente.\nSe o teu grupo achar que o pre\u00e7o de compra \u00e9 mais elevado, podes optar por alugar um no acampamento.   <\/p>&#13;\n&#13;\n<h3 class=\"wp-block-heading\">&#8211; Conjunto de cozinha<\/h3>&#13;\n&#13;\n<p>Utiliza os teus utens\u00edlios de cozinha normais quando usas fog\u00f5es a g\u00e1s.\nNo entanto, se procuras comodidade, estes podem n\u00e3o ser ideais porque tendem a ser pesados. <\/p>&#13;\n&#13;\n<p>Embal\u00e1-los tamb\u00e9m pode ser uma tarefa \u00e1rdua e n\u00e3o precisas de ter esses problemas quando te preparas para te divertires.<\/p>&#13;\n&#13;\n<p>Sempre que poss\u00edvel, investe em conjuntos de cozinha especialmente concebidos para campismo.\nMuitos dos conjuntos de cozinha dispon\u00edveis v\u00eam com utens\u00edlios \u00e0 prova de fogo. <\/p>&#13;\n&#13;\n<p>Estes utens\u00edlios ser\u00e3o mais caros do que os utens\u00edlios normais devido \u00e0 qualidade do material utilizado.\nLembra-te de que os utens\u00edlios duradouros ser\u00e3o mais leves, mas mais caros. <\/p>&#13;\n&#13;\n<p>Se isto for demasiado para o teu grupo, podes optar por alugar utens\u00edlios na est\u00e2ncia de campismo.  <\/p>&#13;\n&#13;\n<h3 class=\"wp-block-heading\">&#8211; Refrigerador<\/h3>&#13;\n&#13;\n<p>Talvez te perguntes porque \u00e9 que precisas de uma geleira durante o inverno.\nEstas s\u00e3o muito \u00fateis para guardar refei\u00e7\u00f5es instant\u00e2neas. <\/p>&#13;\n&#13;\n<p>Um de boa qualidade custar\u00e1 cerca de 350 d\u00f3lares.<\/p>&#13;\n&#13;\n<p>\u00c9 uma boa rela\u00e7\u00e3o qualidade\/pre\u00e7o, uma vez que podes utiliz\u00e1-la v\u00e1rias vezes.\nAl\u00e9m disso, uma geleira ajuda-te a poupar dinheiro que terias gasto na compra de refei\u00e7\u00f5es.   <\/p>&#13;\n&#13;\n<h3 class=\"wp-block-heading\">&#8211; Reservat\u00f3rios de hidrata\u00e7\u00e3o ou garrafa de \u00e1gua<\/h3>&#13;\n&#13;\n<p>N\u00e3o precisas de gastar muito dinheiro para comprar uma garrafa de \u00e1gua.<\/p>&#13;\n&#13;\n<p>Podes sempre utilizar a tua garrafa de pl\u00e1stico normal.\nSe precisares de melhorar, existem in\u00fameros packs e frascos de hidrata\u00e7\u00e3o isolados \u00e0 escolha.\nEstes s\u00e3o especialmente concebidos para caminhadas e campismo.\nUma boa garrafa para o teu <a href=\"https:\/\/www.leselfes.com\/pt-pt\/?page_id=85750\">acampamento de inverno<\/a> deve vir com um isolador.     <\/p>&#13;\n&#13;\n<h3 class=\"wp-block-heading\">&#8211; Farol<\/h3>&#13;\n&#13;\n<div class=\"wp-block-image\">&#13;\n<figure class=\"aligncenter size-large is-resized\"><img loading=\"lazy\" decoding=\"async\" class=\"wp-image-39329\" src=\"https:\/\/www.leselfes.com\/wp-content\/uploads\/2020\/09\/Picture3-1-resized.png\" alt=\"Farol\" width=\"578\" height=\"385\" srcset=\"https:\/\/www.leselfes.com\/wp-content\/uploads\/2020\/09\/Picture3-1-resized.png 455w, https:\/\/www.leselfes.com\/wp-content\/uploads\/2020\/09\/Picture3-1-resized-300x200.png 300w\" sizes=\"(max-width: 578px) 100vw, 578px\" \/><\/figure>&#13;\n<\/div>&#13;\n&#13;\n<p>Uma lanterna de cabe\u00e7a de boa qualidade n\u00e3o deve custar menos de 20 d\u00f3lares.<\/p>&#13;\n&#13;\n<p>Se quiseres uma lanterna de cabe\u00e7a econ\u00f3mica, de boa qualidade e com boa pot\u00eancia, ter\u00e1s de gastar entre 25 e 140 d\u00f3lares.<\/p>&#13;\n&#13;\n<p>Com uma boa lanterna de cabe\u00e7a, n\u00e3o precisas de uma lanterna.  <\/p>&#13;\n&#13;\n<h3 class=\"wp-block-heading\">&#8211; Pilhas recarreg\u00e1veis<\/h3>&#13;\n&#13;\n<p>As pilhas recarreg\u00e1veis s\u00e3o muito \u00fateis para manter as tuas luzes de campismo ligadas.<\/p>&#13;\n&#13;\n<p>Embora possam ser dispendiosos, s\u00e3o valiosos e podes utiliz\u00e1-los vezes sem conta.<\/p>&#13;\n&#13;\n<p>O custo de pilhas recarreg\u00e1veis de excelente qualidade deve custar entre $6 e $12 por pessoa.  <\/p>&#13;\n&#13;\n<h3 class=\"wp-block-heading\">&#8211; Lanterna<\/h3>&#13;\n&#13;\n<p>Uma lanterna \u00e9 um artigo de campismo opcional, embora essencial.\nAs lanternas de campismo avan\u00e7adas t\u00eam excelentes carater\u00edsticas, tais como: Conectividade Bluetooth.\nTamb\u00e9m s\u00e3o dobr\u00e1veis.  <\/p>&#13;\n&#13;\n<p>Uma lanterna de boa qualidade custa entre $10 e $150.  <\/p>&#13;\n&#13;\n<h3 class=\"wp-block-heading\">&#8211; Kit de primeiros socorros<\/h3>&#13;\n&#13;\n<p>Um estojo de primeiros socorros pode ser caro, mas podes reduzir os custos construindo um.\nComprar um kit de primeiros socorros pronto a usar custa-te pelo menos $75 <\/p>&#13;\n&#13;\n<h3 class=\"wp-block-heading\">&#8211; Sistema de tratamento de \u00e1gua<\/h3>&#13;\n&#13;\n<div class=\"wp-block-image\">&#13;\n<figure class=\"aligncenter size-large\"><img loading=\"lazy\" decoding=\"async\" width=\"649\" height=\"669\" class=\"wp-image-39325\" src=\"https:\/\/www.leselfes.com\/wp-content\/uploads\/2020\/03\/Picture4-resized.png\" alt=\"Chuva suave\" srcset=\"https:\/\/www.leselfes.com\/wp-content\/uploads\/2020\/03\/Picture4-resized.png 649w, https:\/\/www.leselfes.com\/wp-content\/uploads\/2020\/03\/Picture4-resized-291x300.png 291w\" sizes=\"(max-width: 649px) 100vw, 649px\" \/><\/figure>&#13;\n<\/div>&#13;\n&#13;\n<p>Um sistema de tratamento de \u00e1gua \u00e9 \u00fatil se n\u00e3o confias nos servi\u00e7os de \u00e1gua pot\u00e1vel do teu acampamento de inverno.<\/p>&#13;\n&#13;\n<p>Se fores acampar em Les Elfes, podes poupar o dinheiro para coisas mais importantes.\nA \u00e1gua pot\u00e1vel do acampamento \u00e9 segura para beber. <\/p>&#13;\n&#13;\n<p>Se tiveres de comprar um sistema de tratamento de \u00e1gua, um de boa qualidade custa entre 25 e 150 d\u00f3lares.\nExistem v\u00e1rios sistemas de tratamento de \u00e1gua que podes escolher no mercado atual. <\/p>&#13;\n&#13;\n<p>Podes optar por outros sistemas de purifica\u00e7\u00e3o de \u00e1gua, como pastilhas de purifica\u00e7\u00e3o de \u00e1gua ou filtros UV.  <\/p>&#13;\n&#13;\n<h3 class=\"wp-block-heading\">&#8211; Roupa<\/h3>&#13;\n&#13;\n<p>A roupa de campismo pode ser bastante cara e ter\u00e1s de gastar entre 25 e 600 d\u00f3lares por pessoa.<\/p>&#13;\n&#13;\n<p>N\u00e3o tens de gastar quantias colossais de dinheiro em material de campismo.\nSe n\u00e3o fores acampar com frequ\u00eancia, podes optar por alugar na est\u00e2ncia de campismo. <\/p>&#13;\n&#13;\n<p>Melhor ainda, podes optar por roupa de campismo usada, que \u00e9 muito mais barata.\nCertifica-te de que te servem bem.   <\/p>&#13;\n&#13;\n<h3 class=\"wp-block-heading\">&#8211; Banco de pot\u00eancia ou painel solar<\/h3>&#13;\n&#13;\n<p>Podes aproveitar a tua experi\u00eancia de campismo de inverno para fazeres uma pausa dos teus aparelhos.<\/p>&#13;\n&#13;\n<p>No entanto, continuas a precisar de uma fonte de energia para a tua: c\u00e2mara, telefone para te ajudar a manteres em contacto com os teus entes queridos e GPS para te ajudar a seguir a tua dire\u00e7\u00e3o em caso de emerg\u00eancia.<\/p>&#13;\n&#13;\n<p>Se fores acampar em Les Elfes, ter\u00e1s uma fonte de energia por uma pequena taxa.\nNo entanto, podes comprar um painel solar port\u00e1til e um carregador para emerg\u00eancias. <\/p>&#13;\n&#13;\n<p>Vais precisar de cerca de 200 d\u00f3lares para estes artigos.<\/p>&#13;\n&#13;\n<p>Tamb\u00e9m podes levar contigo uma bateria el\u00e9ctrica leve para garantir que todos os teus aparelhos est\u00e3o bem alimentados.\nUma bateria el\u00e9ctrica \u00e9 ideal se fores acampar durante um curto per\u00edodo de tempo.   <\/p>&#13;\n&#13;\n<p>Por muito divertido e interessante que seja ir para um <a href=\"https:\/\/www.leselfes.com\/pt-pt\/?page_id=85716\">acampamento de inverno<\/a>, comprar equipamento de campismo pode ser uma tarefa dif\u00edcil.\nA boa not\u00edcia \u00e9 que n\u00e3o tens de passar por todos os problemas para encontrar o equipamento correto. <\/p>&#13;\n&#13;\n<p>Se vais acampar em Les Elfes, s\u00f3 precisas do teu equipamento b\u00e1sico.<\/p>&#13;\n&#13;\n<p>Podes alugar tudo o que precisas para desfrutar da tua viagem no acampamento a pre\u00e7os acess\u00edveis.<\/p>&#13;\n&#13;\n<h2 class=\"wp-block-heading\">Finalmente<\/h2>&#13;\n&#13;\n<p>H\u00e1 outros custos de campismo envolvidos, como o transporte e as taxas di\u00e1rias de campismo.<\/p>&#13;\n&#13;\n<p>Em m\u00e9dia, uma fam\u00edlia ou um grupo de 4 pessoas que fa\u00e7a uma viagem de campismo de inverno de 10 dias gastar\u00e1 entre 612 e 7 397 d\u00f3lares.<\/p>&#13;\n&#13;\n<p>Se vais acampar no inverno pela primeira vez, os custos da prepara\u00e7\u00e3o inaugural podem ser insanos.<\/p>&#13;\n&#13;\n<p>No entanto, depois disso, s\u00f3 ter\u00e1s custos m\u00ednimos, o que faz com que a tua experi\u00eancia de campismo valha a pena.  <\/p>&#13;\n&#13;\n<p><a href=\"https:\/\/www.leselfes.com\/pt-pt\/?page_id=85686\">Inscreve-te<\/a> hoje e fica a par das \u00faltimas actividades do acampamento Les Elfes.<\/p>&#13;\n","protected":false},"excerpt":{"rendered":"<p>&#13; O in\u00edcio do inverno traz consigo uma esta\u00e7\u00e3o fria. Muitas pessoas preferem passar o tempo dentro de casa para evitar o clima desconfort\u00e1vel. &#13; &#13; No entanto, algumas pessoas&#8230;<\/p>\n","protected":false},"author":1,"featured_media":73264,"comment_status":"open","ping_status":"open","sticky":false,"template":"","format":"standard","meta":{"_acf_changed":false,"inline_featured_image":false,"footnotes":""},"categories":[1107,1103],"tags":[],"class_list":{"0":"post-86627","1":"post","2":"type-post","3":"status-publish","4":"format-standard","5":"has-post-thumbnail","7":"category-acampamento-de-inverno","8":"category-artigos"},"acf":[],"yoast_head":"<!-- This site is optimized with the Yoast SEO Premium plugin v24.2 (Yoast SEO v24.7) - https:\/\/yoast.com\/wordpress\/plugins\/seo\/ -->\n<title>Quanto deve custar um acampamento de inverno? - Les Elfes International Camps Switzerland<\/title>\n<meta name=\"robots\" content=\"index, follow, max-snippet:-1, max-image-preview:large, max-video-preview:-1\" \/>\n<link rel=\"canonical\" href=\"https:\/\/www.leselfes.com\/pt-pt\/quanto-deve-custar-um-acampamento-de-inverno\/\" \/>\n<meta property=\"og:locale\" content=\"pt_PT\" \/>\n<meta property=\"og:type\" content=\"article\" \/>\n<meta property=\"og:title\" content=\"Quanto deve custar um acampamento de inverno?\" \/>\n<meta property=\"og:description\" content=\"&#013; O in\u00edcio do inverno traz consigo uma esta\u00e7\u00e3o fria. Muitas pessoas preferem passar o tempo dentro de casa para evitar o clima desconfort\u00e1vel. &#013; &#013; No entanto, algumas pessoas...\" \/>\n<meta property=\"og:url\" content=\"https:\/\/www.leselfes.com\/pt-pt\/quanto-deve-custar-um-acampamento-de-inverno\/\" \/>\n<meta property=\"og:site_name\" content=\"Les Elfes International Camps Switzerland\" \/>\n<meta property=\"article:publisher\" content=\"https:\/\/www.facebook.com\/LesElfesVerbier\" \/>\n<meta property=\"article:published_time\" content=\"2020-03-25T15:47:06+00:00\" \/>\n<meta property=\"article:modified_time\" content=\"2024-10-03T16:14:24+00:00\" \/>\n<meta property=\"og:image\" content=\"https:\/\/dev.leselfes.com\/wp-content\/uploads\/2020\/03\/Winter_camp_6565983291-scaled-resized.jpg\" \/>\n\t<meta property=\"og:image:width\" content=\"1280\" \/>\n\t<meta property=\"og:image:height\" content=\"841\" \/>\n\t<meta property=\"og:image:type\" content=\"image\/jpeg\" \/>\n<meta name=\"author\" content=\"lesadmin\" \/>\n<meta name=\"twitter:card\" content=\"summary_large_image\" \/>\n<meta name=\"twitter:creator\" content=\"@LesElfesCamps\" \/>\n<meta name=\"twitter:site\" content=\"@LesElfesCamps\" \/>\n<meta name=\"twitter:label1\" content=\"Escrito por\" \/>\n\t<meta name=\"twitter:data1\" content=\"lesadmin\" \/>\n\t<meta name=\"twitter:label2\" content=\"Tempo estimado de leitura\" \/>\n\t<meta name=\"twitter:data2\" content=\"9 minutos\" \/>\n<script type=\"application\/ld+json\" class=\"yoast-schema-graph\">{\"@context\":\"https:\/\/schema.org\",\"@graph\":[{\"@type\":\"Article\",\"@id\":\"https:\/\/www.leselfes.com\/pt-pt\/quanto-deve-custar-um-acampamento-de-inverno\/#article\",\"isPartOf\":{\"@id\":\"https:\/\/www.leselfes.com\/pt-pt\/quanto-deve-custar-um-acampamento-de-inverno\/\"},\"author\":{\"name\":\"lesadmin\",\"@id\":\"https:\/\/dev.leselfes.com\/#\/schema\/person\/407a229698868b8c603874b19f37f289\"},\"headline\":\"Quanto deve custar um acampamento de inverno?\",\"datePublished\":\"2020-03-25T15:47:06+00:00\",\"dateModified\":\"2024-10-03T16:14:24+00:00\",\"mainEntityOfPage\":{\"@id\":\"https:\/\/www.leselfes.com\/pt-pt\/quanto-deve-custar-um-acampamento-de-inverno\/\"},\"wordCount\":1874,\"commentCount\":0,\"publisher\":{\"@id\":\"https:\/\/dev.leselfes.com\/#organization\"},\"image\":{\"@id\":\"https:\/\/www.leselfes.com\/pt-pt\/quanto-deve-custar-um-acampamento-de-inverno\/#primaryimage\"},\"thumbnailUrl\":\"https:\/\/www.leselfes.com\/wp-content\/uploads\/2020\/03\/Winter_camp_6565983291-scaled-resized.jpg\",\"articleSection\":[\"Acampamento de inverno\",\"Artigos\"],\"inLanguage\":\"pt-PT\",\"potentialAction\":[{\"@type\":\"CommentAction\",\"name\":\"Comment\",\"target\":[\"https:\/\/www.leselfes.com\/pt-pt\/quanto-deve-custar-um-acampamento-de-inverno\/#respond\"]}]},{\"@type\":\"WebPage\",\"@id\":\"https:\/\/www.leselfes.com\/pt-pt\/quanto-deve-custar-um-acampamento-de-inverno\/\",\"url\":\"https:\/\/www.leselfes.com\/pt-pt\/quanto-deve-custar-um-acampamento-de-inverno\/\",\"name\":\"Quanto deve custar um acampamento de inverno? - Les Elfes International Camps Switzerland\",\"isPartOf\":{\"@id\":\"https:\/\/dev.leselfes.com\/#website\"},\"primaryImageOfPage\":{\"@id\":\"https:\/\/www.leselfes.com\/pt-pt\/quanto-deve-custar-um-acampamento-de-inverno\/#primaryimage\"},\"image\":{\"@id\":\"https:\/\/www.leselfes.com\/pt-pt\/quanto-deve-custar-um-acampamento-de-inverno\/#primaryimage\"},\"thumbnailUrl\":\"https:\/\/www.leselfes.com\/wp-content\/uploads\/2020\/03\/Winter_camp_6565983291-scaled-resized.jpg\",\"datePublished\":\"2020-03-25T15:47:06+00:00\",\"dateModified\":\"2024-10-03T16:14:24+00:00\",\"breadcrumb\":{\"@id\":\"https:\/\/www.leselfes.com\/pt-pt\/quanto-deve-custar-um-acampamento-de-inverno\/#breadcrumb\"},\"inLanguage\":\"pt-PT\",\"potentialAction\":[{\"@type\":\"ReadAction\",\"target\":[\"https:\/\/www.leselfes.com\/pt-pt\/quanto-deve-custar-um-acampamento-de-inverno\/\"]}]},{\"@type\":\"ImageObject\",\"inLanguage\":\"pt-PT\",\"@id\":\"https:\/\/www.leselfes.com\/pt-pt\/quanto-deve-custar-um-acampamento-de-inverno\/#primaryimage\",\"url\":\"https:\/\/www.leselfes.com\/wp-content\/uploads\/2020\/03\/Winter_camp_6565983291-scaled-resized.jpg\",\"contentUrl\":\"https:\/\/www.leselfes.com\/wp-content\/uploads\/2020\/03\/Winter_camp_6565983291-scaled-resized.jpg\",\"width\":1280,\"height\":841},{\"@type\":\"BreadcrumbList\",\"@id\":\"https:\/\/www.leselfes.com\/pt-pt\/quanto-deve-custar-um-acampamento-de-inverno\/#breadcrumb\",\"itemListElement\":[{\"@type\":\"ListItem\",\"position\":1,\"name\":\"Home\",\"item\":\"https:\/\/www.leselfes.com\/pt-pt\/\"},{\"@type\":\"ListItem\",\"position\":2,\"name\":\"Quanto deve custar um acampamento de inverno?\"}]},{\"@type\":\"WebSite\",\"@id\":\"https:\/\/dev.leselfes.com\/#website\",\"url\":\"https:\/\/dev.leselfes.com\/\",\"name\":\"Les Elfes International\",\"description\":\"Les Elfes International, Verbier Switzerland. Summer Camp, Winter Camp, Spring Camps.\",\"publisher\":{\"@id\":\"https:\/\/dev.leselfes.com\/#organization\"},\"alternateName\":\"Les Elfes International\",\"potentialAction\":[{\"@type\":\"SearchAction\",\"target\":{\"@type\":\"EntryPoint\",\"urlTemplate\":\"https:\/\/dev.leselfes.com\/?s={search_term_string}\"},\"query-input\":{\"@type\":\"PropertyValueSpecification\",\"valueRequired\":true,\"valueName\":\"search_term_string\"}}],\"inLanguage\":\"pt-PT\"},{\"@type\":\"Organization\",\"@id\":\"https:\/\/dev.leselfes.com\/#organization\",\"name\":\"Les Elfes International\",\"alternateName\":\"Les Elfes International\",\"url\":\"https:\/\/dev.leselfes.com\/\",\"logo\":{\"@type\":\"ImageObject\",\"inLanguage\":\"pt-PT\",\"@id\":\"https:\/\/dev.leselfes.com\/#\/schema\/logo\/image\/\",\"url\":\"https:\/\/www.leselfes.com\/wp-content\/uploads\/2022\/03\/leselfes-logo.png\",\"contentUrl\":\"https:\/\/www.leselfes.com\/wp-content\/uploads\/2022\/03\/leselfes-logo.png\",\"width\":233,\"height\":51,\"caption\":\"Les Elfes International\"},\"image\":{\"@id\":\"https:\/\/dev.leselfes.com\/#\/schema\/logo\/image\/\"},\"sameAs\":[\"https:\/\/www.facebook.com\/LesElfesVerbier\",\"https:\/\/x.com\/LesElfesCamps\",\"https:\/\/www.instagram.com\/leselfes\",\"https:\/\/www.linkedin.com\/company\/les-elfes-international\",\"https:\/\/www.youtube.com\/user\/LesElfesVerbier\"]},{\"@type\":\"Person\",\"@id\":\"https:\/\/dev.leselfes.com\/#\/schema\/person\/407a229698868b8c603874b19f37f289\",\"name\":\"lesadmin\",\"image\":{\"@type\":\"ImageObject\",\"inLanguage\":\"pt-PT\",\"@id\":\"https:\/\/dev.leselfes.com\/#\/schema\/person\/image\/\",\"url\":\"https:\/\/secure.gravatar.com\/avatar\/fdb243a028df450397b3632d862f87f6?s=96&d=mm&r=g\",\"contentUrl\":\"https:\/\/secure.gravatar.com\/avatar\/fdb243a028df450397b3632d862f87f6?s=96&d=mm&r=g\",\"caption\":\"lesadmin\"},\"url\":\"https:\/\/www.leselfes.com\/pt-pt\/author\/lesadmin\/\"}]}<\/script>\n<!-- \/ Yoast SEO Premium plugin. -->","yoast_head_json":{"title":"Quanto deve custar um acampamento de inverno? - Les Elfes International Camps Switzerland","robots":{"index":"index","follow":"follow","max-snippet":"max-snippet:-1","max-image-preview":"max-image-preview:large","max-video-preview":"max-video-preview:-1"},"canonical":"https:\/\/www.leselfes.com\/pt-pt\/quanto-deve-custar-um-acampamento-de-inverno\/","og_locale":"pt_PT","og_type":"article","og_title":"Quanto deve custar um acampamento de inverno?","og_description":"&#13; O in\u00edcio do inverno traz consigo uma esta\u00e7\u00e3o fria. Muitas pessoas preferem passar o tempo dentro de casa para evitar o clima desconfort\u00e1vel. &#13; &#13; No entanto, algumas pessoas...","og_url":"https:\/\/www.leselfes.com\/pt-pt\/quanto-deve-custar-um-acampamento-de-inverno\/","og_site_name":"Les Elfes International Camps Switzerland","article_publisher":"https:\/\/www.facebook.com\/LesElfesVerbier","article_published_time":"2020-03-25T15:47:06+00:00","article_modified_time":"2024-10-03T16:14:24+00:00","og_image":[{"width":1280,"height":841,"url":"https:\/\/dev.leselfes.com\/wp-content\/uploads\/2020\/03\/Winter_camp_6565983291-scaled-resized.jpg","type":"image\/jpeg"}],"author":"lesadmin","twitter_card":"summary_large_image","twitter_creator":"@LesElfesCamps","twitter_site":"@LesElfesCamps","twitter_misc":{"Escrito por":"lesadmin","Tempo estimado de leitura":"9 minutos"},"schema":{"@context":"https:\/\/schema.org","@graph":[{"@type":"Article","@id":"https:\/\/www.leselfes.com\/pt-pt\/quanto-deve-custar-um-acampamento-de-inverno\/#article","isPartOf":{"@id":"https:\/\/www.leselfes.com\/pt-pt\/quanto-deve-custar-um-acampamento-de-inverno\/"},"author":{"name":"lesadmin","@id":"https:\/\/dev.leselfes.com\/#\/schema\/person\/407a229698868b8c603874b19f37f289"},"headline":"Quanto deve custar um acampamento de inverno?","datePublished":"2020-03-25T15:47:06+00:00","dateModified":"2024-10-03T16:14:24+00:00","mainEntityOfPage":{"@id":"https:\/\/www.leselfes.com\/pt-pt\/quanto-deve-custar-um-acampamento-de-inverno\/"},"wordCount":1874,"commentCount":0,"publisher":{"@id":"https:\/\/dev.leselfes.com\/#organization"},"image":{"@id":"https:\/\/www.leselfes.com\/pt-pt\/quanto-deve-custar-um-acampamento-de-inverno\/#primaryimage"},"thumbnailUrl":"https:\/\/www.leselfes.com\/wp-content\/uploads\/2020\/03\/Winter_camp_6565983291-scaled-resized.jpg","articleSection":["Acampamento de inverno","Artigos"],"inLanguage":"pt-PT","potentialAction":[{"@type":"CommentAction","name":"Comment","target":["https:\/\/www.leselfes.com\/pt-pt\/quanto-deve-custar-um-acampamento-de-inverno\/#respond"]}]},{"@type":"WebPage","@id":"https:\/\/www.leselfes.com\/pt-pt\/quanto-deve-custar-um-acampamento-de-inverno\/","url":"https:\/\/www.leselfes.com\/pt-pt\/quanto-deve-custar-um-acampamento-de-inverno\/","name":"Quanto deve custar um acampamento de inverno? - Les Elfes International Camps Switzerland","isPartOf":{"@id":"https:\/\/dev.leselfes.com\/#website"},"primaryImageOfPage":{"@id":"https:\/\/www.leselfes.com\/pt-pt\/quanto-deve-custar-um-acampamento-de-inverno\/#primaryimage"},"image":{"@id":"https:\/\/www.leselfes.com\/pt-pt\/quanto-deve-custar-um-acampamento-de-inverno\/#primaryimage"},"thumbnailUrl":"https:\/\/www.leselfes.com\/wp-content\/uploads\/2020\/03\/Winter_camp_6565983291-scaled-resized.jpg","datePublished":"2020-03-25T15:47:06+00:00","dateModified":"2024-10-03T16:14:24+00:00","breadcrumb":{"@id":"https:\/\/www.leselfes.com\/pt-pt\/quanto-deve-custar-um-acampamento-de-inverno\/#breadcrumb"},"inLanguage":"pt-PT","potentialAction":[{"@type":"ReadAction","target":["https:\/\/www.leselfes.com\/pt-pt\/quanto-deve-custar-um-acampamento-de-inverno\/"]}]},{"@type":"ImageObject","inLanguage":"pt-PT","@id":"https:\/\/www.leselfes.com\/pt-pt\/quanto-deve-custar-um-acampamento-de-inverno\/#primaryimage","url":"https:\/\/www.leselfes.com\/wp-content\/uploads\/2020\/03\/Winter_camp_6565983291-scaled-resized.jpg","contentUrl":"https:\/\/www.leselfes.com\/wp-content\/uploads\/2020\/03\/Winter_camp_6565983291-scaled-resized.jpg","width":1280,"height":841},{"@type":"BreadcrumbList","@id":"https:\/\/www.leselfes.com\/pt-pt\/quanto-deve-custar-um-acampamento-de-inverno\/#breadcrumb","itemListElement":[{"@type":"ListItem","position":1,"name":"Home","item":"https:\/\/www.leselfes.com\/pt-pt\/"},{"@type":"ListItem","position":2,"name":"Quanto deve custar um acampamento de inverno?"}]},{"@type":"WebSite","@id":"https:\/\/dev.leselfes.com\/#website","url":"https:\/\/dev.leselfes.com\/","name":"Les Elfes International","description":"Les Elfes International, Verbier Switzerland. Summer Camp, Winter Camp, Spring Camps.","publisher":{"@id":"https:\/\/dev.leselfes.com\/#organization"},"alternateName":"Les Elfes International","potentialAction":[{"@type":"SearchAction","target":{"@type":"EntryPoint","urlTemplate":"https:\/\/dev.leselfes.com\/?s={search_term_string}"},"query-input":{"@type":"PropertyValueSpecification","valueRequired":true,"valueName":"search_term_string"}}],"inLanguage":"pt-PT"},{"@type":"Organization","@id":"https:\/\/dev.leselfes.com\/#organization","name":"Les Elfes International","alternateName":"Les Elfes International","url":"https:\/\/dev.leselfes.com\/","logo":{"@type":"ImageObject","inLanguage":"pt-PT","@id":"https:\/\/dev.leselfes.com\/#\/schema\/logo\/image\/","url":"https:\/\/www.leselfes.com\/wp-content\/uploads\/2022\/03\/leselfes-logo.png","contentUrl":"https:\/\/www.leselfes.com\/wp-content\/uploads\/2022\/03\/leselfes-logo.png","width":233,"height":51,"caption":"Les Elfes International"},"image":{"@id":"https:\/\/dev.leselfes.com\/#\/schema\/logo\/image\/"},"sameAs":["https:\/\/www.facebook.com\/LesElfesVerbier","https:\/\/x.com\/LesElfesCamps","https:\/\/www.instagram.com\/leselfes","https:\/\/www.linkedin.com\/company\/les-elfes-international","https:\/\/www.youtube.com\/user\/LesElfesVerbier"]},{"@type":"Person","@id":"https:\/\/dev.leselfes.com\/#\/schema\/person\/407a229698868b8c603874b19f37f289","name":"lesadmin","image":{"@type":"ImageObject","inLanguage":"pt-PT","@id":"https:\/\/dev.leselfes.com\/#\/schema\/person\/image\/","url":"https:\/\/secure.gravatar.com\/avatar\/fdb243a028df450397b3632d862f87f6?s=96&d=mm&r=g","contentUrl":"https:\/\/secure.gravatar.com\/avatar\/fdb243a028df450397b3632d862f87f6?s=96&d=mm&r=g","caption":"lesadmin"},"url":"https:\/\/www.leselfes.com\/pt-pt\/author\/lesadmin\/"}]}},"_links":{"self":[{"href":"https:\/\/www.leselfes.com\/pt-pt\/wp-json\/wp\/v2\/posts\/86627"}],"collection":[{"href":"https:\/\/www.leselfes.com\/pt-pt\/wp-json\/wp\/v2\/posts"}],"about":[{"href":"https:\/\/www.leselfes.com\/pt-pt\/wp-json\/wp\/v2\/types\/post"}],"author":[{"embeddable":true,"href":"https:\/\/www.leselfes.com\/pt-pt\/wp-json\/wp\/v2\/users\/1"}],"replies":[{"embeddable":true,"href":"https:\/\/www.leselfes.com\/pt-pt\/wp-json\/wp\/v2\/comments?post=86627"}],"version-history":[{"count":0,"href":"https:\/\/www.leselfes.com\/pt-pt\/wp-json\/wp\/v2\/posts\/86627\/revisions"}],"wp:featuredmedia":[{"embeddable":true,"href":"https:\/\/www.leselfes.com\/pt-pt\/wp-json\/wp\/v2\/media\/73264"}],"wp:attachment":[{"href":"https:\/\/www.leselfes.com\/pt-pt\/wp-json\/wp\/v2\/media?parent=86627"}],"wp:term":[{"taxonomy":"category","embeddable":true,"href":"https:\/\/www.leselfes.com\/pt-pt\/wp-json\/wp\/v2\/categories?post=86627"},{"taxonomy":"post_tag","embeddable":true,"href":"https:\/\/www.leselfes.com\/pt-pt\/wp-json\/wp\/v2\/tags?post=86627"}],"curies":[{"name":"wp","href":"https:\/\/api.w.org\/{rel}","templated":true}]}}