{"id":86708,"date":"2020-02-12T06:03:40","date_gmt":"2020-02-12T05:03:40","guid":{"rendered":"https:\/\/www.leselfes.com\/estas-a-planear-uma-viagem-de-campismo-em-familiaaqui-tens-o-melhor-guia-de-acampamento-de-inverno-para-criancas\/"},"modified":"2024-10-03T18:16:39","modified_gmt":"2024-10-03T16:16:39","slug":"estas-a-planear-uma-viagem-de-campismo-em-familiaaqui-tens-o-melhor-guia-de-acampamento-de-inverno-para-criancas","status":"publish","type":"post","link":"https:\/\/www.leselfes.com\/pt-pt\/estas-a-planear-uma-viagem-de-campismo-em-familiaaqui-tens-o-melhor-guia-de-acampamento-de-inverno-para-criancas\/","title":{"rendered":"Est\u00e1s a planear uma viagem de campismo em fam\u00edlia?\nAqui tens o melhor guia de acampamento de inverno para crian\u00e7as"},"content":{"rendered":"\n<div class=\"wp-block-image\"><figure class=\"aligncenter size-large\"><img loading=\"lazy\" decoding=\"async\" width=\"800\" height=\"536\" src=\"https:\/\/www.leselfes.com\/wp-content\/uploads\/2020\/02\/Family-Camping-Trip.jpg\" alt=\"Acampamento em fam&#xED;lia\" class=\"wp-image-42162\" srcset=\"https:\/\/www.leselfes.com\/wp-content\/uploads\/2020\/02\/Family-Camping-Trip.jpg 800w, https:\/\/www.leselfes.com\/wp-content\/uploads\/2020\/02\/Family-Camping-Trip-300x201.jpg 300w, https:\/\/www.leselfes.com\/wp-content\/uploads\/2020\/02\/Family-Camping-Trip-768x515.jpg 768w, https:\/\/www.leselfes.com\/wp-content\/uploads\/2020\/02\/Family-Camping-Trip-320x214.jpg 320w, https:\/\/www.leselfes.com\/wp-content\/uploads\/2020\/02\/Family-Camping-Trip-640x429.jpg 640w, https:\/\/www.leselfes.com\/wp-content\/uploads\/2020\/02\/Family-Camping-Trip-360x241.jpg 360w, https:\/\/www.leselfes.com\/wp-content\/uploads\/2020\/02\/Family-Camping-Trip-720x482.jpg 720w\" sizes=\"(max-width: 800px) 100vw, 800px\" \/><\/figure><\/div>\n\n<p>Ir para um acampamento de inverno com os teus filhos ajuda-te a criar mem\u00f3rias familiares excepcionais.\nOs teus filhos ficar\u00e3o entusiasmados por experimentar algo novo, especialmente se for a sua primeira viagem de campismo.\nEmbora o processo de planeamento possa ser um desafio, os benef\u00edcios s\u00e3o avassaladores.\nEis o que deves fazer para <a href=\"https:\/\/www.leselfes.com\/pt-pt\/?page_id=85750\">maximizar a tua experi\u00eancia de campismo<\/a>.     <\/p>\n\n<h2 class=\"wp-block-heading\">Antes da viagem<\/h2>\n\n<p>Envolve as crian\u00e7as na fase de planeamento.\nAssim, elas ficam a saber o que podem esperar de uma viagem de aventura.\nPara os campistas que v\u00e3o acampar pela primeira vez, come\u00e7a a praticar em casa antes de partires para o <a href=\"https:\/\/www.noodle.com\/articles\/fun-and-educational-winter-break-camp-options-for-kids\">campo de f\u00e9rias para crian\u00e7as<\/a>.    <\/p>\n\n<p>O inverno \u00e9 uma esta\u00e7\u00e3o cheia de riscos.\nPara teres uma viagem eficaz e agrad\u00e1vel, \u00e9 importante conheceres e praticares as dicas de seguran\u00e7a, como veremos mais adiante.\nO que deves fazer em fam\u00edlia antes do in\u00edcio da tua viagem de campismo?  <\/p>\n\n<h3 class=\"wp-block-heading\">&#8211; Deixa as crian\u00e7as entusiasmadas com a viagem para o acampamento de inverno<\/h3>\n\n<p>Come\u00e7a a falar sobre a experi\u00eancia de acampar e o que te espera.\nDescreve algumas das actividades emocionantes que ir\u00e1s realizar em fam\u00edlia.\nPor exemplo, preferes explorar um acampamento de inverno?    <\/p>\n\n<h3 class=\"wp-block-heading\">&#8211; Sobre Les Elfes<\/h3>\n\n<div class=\"wp-block-image\"><figure class=\"aligncenter size-large\"><img loading=\"lazy\" decoding=\"async\" width=\"800\" height=\"449\" src=\"https:\/\/www.leselfes.com\/wp-content\/uploads\/2020\/02\/Winter-Camp-Trip.jpg\" alt=\"Viagem ao acampamento de inverno\" class=\"wp-image-42163\" srcset=\"https:\/\/www.leselfes.com\/wp-content\/uploads\/2020\/02\/Winter-Camp-Trip.jpg 800w, https:\/\/www.leselfes.com\/wp-content\/uploads\/2020\/02\/Winter-Camp-Trip-300x168.jpg 300w, https:\/\/www.leselfes.com\/wp-content\/uploads\/2020\/02\/Winter-Camp-Trip-768x431.jpg 768w, https:\/\/www.leselfes.com\/wp-content\/uploads\/2020\/02\/Winter-Camp-Trip-320x180.jpg 320w, https:\/\/www.leselfes.com\/wp-content\/uploads\/2020\/02\/Winter-Camp-Trip-640x359.jpg 640w, https:\/\/www.leselfes.com\/wp-content\/uploads\/2020\/02\/Winter-Camp-Trip-360x202.jpg 360w, https:\/\/www.leselfes.com\/wp-content\/uploads\/2020\/02\/Winter-Camp-Trip-720x404.jpg 720w\" sizes=\"(max-width: 800px) 100vw, 800px\" \/><\/figure><\/div>\n\n<p>Les Elfes oferece uma vasta gama de actividades de inverno para toda a fam\u00edlia.\nPara al\u00e9m de aprenderem diferentes desportos de inverno, as crian\u00e7as podem inscrever-se em aulas de l\u00ednguas novas.\nO acampamento esfor\u00e7a-se por educar as crian\u00e7as em v\u00e1rios aspectos da vida, como a lideran\u00e7a.    <\/p>\n\n<p>H\u00e1 mais de 30 anos no sector, o <a href=\"https:\/\/www.leselfes.com\/pt-pt\/?page_id=85750\">campo de f\u00e9rias <\/a>orgulha-se de ter experi\u00eancia suficiente.\nO acampamento acolhe at\u00e9 5.000 campistas de diferentes pa\u00edses e nacionalidades.   <\/p>\n\n<p>Os teus filhos ficar\u00e3o entusiasmados por conhecer e interagir com outras crian\u00e7as de diferentes partes do mundo.\nAl\u00e9m disso, ser\u00e1 a oportunidade perfeita para aprenderem sobre novas culturas e fazerem novos amigos.\nDiscute estas carater\u00edsticas com os teus filhos e podes ter a certeza de que eles ficar\u00e3o ansiosos pela viagem.    <\/p>\n\n<h3 class=\"wp-block-heading\">&#8211; L\u00ea e v\u00ea filmes sobre o teu destino<\/h3>\n\n<p>Hoje em dia, podes aceder facilmente \u00e0 informa\u00e7\u00e3o atrav\u00e9s da Internet, de livros e de filmes.\nL\u00ea livros e v\u00ea, em fam\u00edlia, filmes relacionados com o campismo de inverno.\nEncontra hist\u00f3rias relevantes sobre crian\u00e7as que s\u00e3o apaixonadas por campismo.    <\/p>\n\n<p>Estas hist\u00f3rias encorajar\u00e3o os teus filhos a deixar de lado qualquer medo, a aceitar a mudan\u00e7a e a experimentar o campismo de inverno para crian\u00e7as.\nLeva os livros e faz com que as crian\u00e7as os leiam durante o transporte e depois de chegares ao teu destino. <\/p>\n\n<h3 class=\"wp-block-heading\">&#8211; O que levar na mala<\/h3>\n\n<p>Fazer as malas \u00e9 uma atividade que muitas pessoas temem.\nNo entanto, podes torn\u00e1-la mais emocionante se envolveres as crian\u00e7as.\nUma boa maneira de facilitar o processo \u00e9 preparar uma lista de embalagem para cada um dos teus filhos.\nInspecciona as suas embalagens quando terminarem para garantir que t\u00eam os artigos certos.     <\/p>\n\n<p>Lembra-te de que acampar com crian\u00e7as mais novas \u00e9 normalmente muito diferente de acampar com crian\u00e7as mais velhas.\nNo entanto, vais precisar quase das mesmas coisas, independentemente da idade das crian\u00e7as.\nAlguns dos artigos essenciais que ter\u00e1s de preparar incluem:  <\/p>\n\n<ul class=\"wp-block-list\"><li>Um par extra de meias quentes<\/li><li>Pilhas extra<\/li><li>Pendura a roupa e um estendal<\/li><li>Sacos do lixo<\/li><li>Guarda-chuvas<\/li><li>Ponchos de chuva<\/li><li>Abre-latas ou saca-rolhas<\/li><li>Um escorredor de pratos<\/li><li>Um rel\u00f3gio<\/li><li>Uma c\u00e2mara<\/li><\/ul>\n\n<p>Se vais <a href=\"https:\/\/www.leselfes.com\/pt-pt\/?page_id=85750\">acampar em Les Elfes<\/a>, existem v\u00e1rios artigos tanto para venda como para aluguer.\nIsto significa que ainda podes ter acesso a alguns destes artigos a pre\u00e7os acess\u00edveis.   <\/p>\n\n<h3 class=\"wp-block-heading\">&#8211; Considera o clima<\/h3>\n\n<p>Enquanto te preparas para o acampamento de inverno, talvez queiras saber que Les Elfes oferece acampamentos durante todo o ano.\nOs acampamentos de inverno para crian\u00e7as, no entanto, s\u00e3o ideais para fam\u00edlias por diferentes raz\u00f5es.\nPor exemplo, muitas pessoas preferem acampar no <a href=\"https:\/\/www.leselfes.com\/pt-pt\/?page_id=85718\">ver\u00e3o<\/a>.\nPor isso, no ver\u00e3o, a est\u00e2ncia de esqui de Verbier est\u00e1 repleta de actividades, o que a torna congestionada e dif\u00edcil de navegar, sobretudo para as crian\u00e7as.\nMuitas pessoas, no entanto, temem o inverno.\nUma grande percentagem dos campos est\u00e3o quase desertos e esta \u00e9 a altura certa para os visitar em fam\u00edlia.       <\/p>\n\n<p>N\u00e3o te esque\u00e7as de acompanhar as previs\u00f5es locais para a \u00e9poca em que planeias visitar o pa\u00eds.\nPor vezes, durante o inverno, h\u00e1 chuvas fortes e condi\u00e7\u00f5es extremamente frias.\nPodes querer remarcar a visita se o tempo n\u00e3o estiver favor\u00e1vel.    <\/p>\n\n<h3 class=\"wp-block-heading\">&#8211; Testa o teu equipamento<\/h3>\n\n<div class=\"wp-block-image\"><figure class=\"aligncenter size-large\"><img loading=\"lazy\" decoding=\"async\" width=\"800\" height=\"600\" src=\"https:\/\/www.leselfes.com\/wp-content\/uploads\/2020\/02\/Camping-Gear.jpg\" alt=\"Equipamento de campismo\" class=\"wp-image-42165\" srcset=\"https:\/\/www.leselfes.com\/wp-content\/uploads\/2020\/02\/Camping-Gear.jpg 800w, https:\/\/www.leselfes.com\/wp-content\/uploads\/2020\/02\/Camping-Gear-300x225.jpg 300w, https:\/\/www.leselfes.com\/wp-content\/uploads\/2020\/02\/Camping-Gear-768x576.jpg 768w, https:\/\/www.leselfes.com\/wp-content\/uploads\/2020\/02\/Camping-Gear-320x240.jpg 320w, https:\/\/www.leselfes.com\/wp-content\/uploads\/2020\/02\/Camping-Gear-640x480.jpg 640w, https:\/\/www.leselfes.com\/wp-content\/uploads\/2020\/02\/Camping-Gear-360x270.jpg 360w, https:\/\/www.leselfes.com\/wp-content\/uploads\/2020\/02\/Camping-Gear-720x540.jpg 720w\" sizes=\"(max-width: 800px) 100vw, 800px\" \/><\/figure><\/div>\n\n<p>N\u00e3o esperes at\u00e9 ao dia do campismo para testar o teu equipamento de campismo.\nCome\u00e7a a testar o teu equipamento cedo para te certificares de que tudo est\u00e1 a funcionar bem.\nVerifica se os teus sacos-cama t\u00eam fechos funcionais e certifica-te de que o colch\u00e3o de ar n\u00e3o tem fugas.    <\/p>\n\n<p>Testa as tuas lanternas e muda as pilhas.\nCompra um conjunto extra de pilhas para emerg\u00eancias.\nVais montar a tua tenda de acampamento de inverno para crian\u00e7as pela primeira vez?\nCome\u00e7a a aprender a faz\u00ea-lo montando-a no teu quintal.\nEsta \u00e9 uma excelente forma de preparar a tua fam\u00edlia para o processo de campismo propriamente dito.      <\/p>\n\n<h3 class=\"wp-block-heading\">&#8211; Envolve as crian\u00e7as no processo de prepara\u00e7\u00e3o<\/h3>\n\n<p>N\u00e3o domines o processo de planeamento.\nLembra-te que os teus filhos podem ter sugest\u00f5es pr\u00e1ticas para ti.\nPor vezes, podes ter de ajustar ligeiramente as suas ideias.\nNo entanto, d\u00e1-lhes cr\u00e9dito pela sua contribui\u00e7\u00e3o.\nIsto ir\u00e1 encoraj\u00e1-los e faz\u00ea-los sentir-se apreciados.\nInclui os contributos deles nos teus planos.       <\/p>\n\n<p>Por exemplo, o teu filho sugere que leves o piano da fam\u00edlia.\nPodes escolher um objeto mais adequado aos acampamentos de inverno para crian\u00e7as, como uma corda de baloi\u00e7o ou mesmo uma rede.\nPodes encontr\u00e1-los na est\u00e2ncia de esqui de Verbier e em alguns dos campos de f\u00e9rias de Les Elfes.    <\/p>\n\n<p>Incluir as crian\u00e7as no processo de planeamento faz com que sintam que fazem parte da viagem de campismo.\nAs crian\u00e7as mais velhas podem ajudar a recolher e embalar o equipamento e outros bens essenciais.\nOs teus filhos mais novos, por outro lado, podem preparar os seus artigos para serem inspeccionados e embalados.    <\/p>\n\n<h3 class=\"wp-block-heading\">&#8211; Continua a falar sobre a pr\u00f3xima viagem<\/h3>\n\n<p>Continua a discutir a viagem de campismo para dar a cada membro da fam\u00edlia a oportunidade de apresentar ideias e quest\u00f5es.\nDesta forma, ter\u00e1s tempo suficiente para tratar de quaisquer assuntos urgentes e fazer ajustes em conformidade.   <\/p>\n\n<p>Discute as actividades em que cada membro vai participar.\nVais fazer caminhadas de inverno?\nVais fazer uma fogueira?\nQue actividades v\u00e3o fazer durante o dia e \u00e0 noite?\nLembra-te, as crian\u00e7as conseguem ler o teu estado de esp\u00edrito e a tua atitude vai influenciar a sua perce\u00e7\u00e3o da viagem.      <\/p>\n\n<p>Mant\u00e9m uma atitude positiva durante todo o processo e eles tamb\u00e9m ficar\u00e3o entusiasmados.\nA perce\u00e7\u00e3o positiva desempenhar\u00e1 um papel importante na resolu\u00e7\u00e3o de quaisquer contratempos que possas encontrar no parque de campismo.   <\/p>\n\n<h3 class=\"wp-block-heading\">&#8211; Prova de campismo no teu quintal<\/h3>\n\n<p>Se nunca tiveste uma experi\u00eancia de campismo no quintal, est\u00e1s a perder muito.\nOs adultos que tiveram esta experi\u00eancia recordam-na at\u00e9 hoje com muita nostalgia.\nAs crian\u00e7as gostam de montar uma tenda no quintal e encaram-na como uma experi\u00eancia de campismo selvagem.    <\/p>\n\n<p>A \u00fanica diferen\u00e7a \u00e9 que existem mais comodidades para os campistas no quintal, como aparelhos e refei\u00e7\u00f5es caseiras.\nAcampar no quintal \u00e9 uma forma ideal de preparar as crian\u00e7as para a experi\u00eancia do acampamento de inverno para crian\u00e7as.   <\/p>\n\n<p>Agradar \u00e0s crian\u00e7as pequenas pode ser f\u00e1cil, uma vez que todas as actividades fora do comum lhes parecem aventureiras.\nAl\u00e9m disso, ficam genuinamente entusiasmadas com as pequenas coisas.\nPor exemplo, n\u00e3o importa se dormem nos sacos-cama de marca mais recentes.\nFicam contentes por dormir num simples saco-cama, especialmente se for a primeira vez.     <\/p>\n\n<h3 class=\"wp-block-heading\">&#8211; Como o podes fazer<\/h3>\n\n<p>Come\u00e7a por deixar as crian\u00e7as escolherem o que precisam para a experi\u00eancia de campismo.\nAlguns dos artigos podem incluir: bast\u00f5es luminosos e lanternas.\nJunta outros acess\u00f3rios baratos e interessantes, como pulseiras e colares feitos com tubos luminosos, para mais ilumina\u00e7\u00e3o e divers\u00e3o.    <\/p>\n\n<p>Quando a noite cair, passeia pela floresta perto de tua casa e ensina as crian\u00e7as a usar as lanternas.\nTamb\u00e9m podes optar por iluminar a \u00e1rea circundante e o teu caminho usando far\u00f3is.\nMonta outras coisas dentro do acampamento s\u00f3 para teres uma ideia de como ser\u00e1 a tua tenda.    <\/p>\n\n<p>Tamb\u00e9m podes acender uma fogueira \u00e0 noite e queimar alguns marshmallows como prepara\u00e7\u00e3o para a verdadeira experi\u00eancia de campismo.\nPede aos teus filhos que afiem os paus para cozinharem a comida na fogueira.   <\/p>\n\n<h2 class=\"wp-block-heading\">Ideias para acampar no quintal para os teus filhos<\/h2>\n\n<div class=\"wp-block-image\"><figure class=\"aligncenter size-large\"><img loading=\"lazy\" decoding=\"async\" width=\"800\" height=\"600\" src=\"https:\/\/www.leselfes.com\/wp-content\/uploads\/2020\/02\/Backyard-Camping.jpg\" alt=\"Acampamento no quintal\" class=\"wp-image-42164\" srcset=\"https:\/\/www.leselfes.com\/wp-content\/uploads\/2020\/02\/Backyard-Camping.jpg 800w, https:\/\/www.leselfes.com\/wp-content\/uploads\/2020\/02\/Backyard-Camping-300x225.jpg 300w, https:\/\/www.leselfes.com\/wp-content\/uploads\/2020\/02\/Backyard-Camping-768x576.jpg 768w, https:\/\/www.leselfes.com\/wp-content\/uploads\/2020\/02\/Backyard-Camping-320x240.jpg 320w, https:\/\/www.leselfes.com\/wp-content\/uploads\/2020\/02\/Backyard-Camping-640x480.jpg 640w, https:\/\/www.leselfes.com\/wp-content\/uploads\/2020\/02\/Backyard-Camping-360x270.jpg 360w, https:\/\/www.leselfes.com\/wp-content\/uploads\/2020\/02\/Backyard-Camping-720x540.jpg 720w\" sizes=\"(max-width: 800px) 100vw, 800px\" \/><\/figure><\/div>\n\n<p>Torna o teu acampamento realista, limitando-te \u00e0 tenda do quintal, a menos que algu\u00e9m queira usar a casa de banho.\nColoca comida suficiente para os dias em que vais acampar dentro de uma geleira.\nPodes acender uma fogueira no teu quintal ou ter um pequeno fog\u00e3o que possas usar para grelhar a comida.    <\/p>\n\n<p>O acampamento no quintal proporciona uma oportunidade para toda a fam\u00edlia partilhar tarefas, criar la\u00e7os, preparar refei\u00e7\u00f5es em conjunto e partilhar hist\u00f3rias.\nDeixa todos os teus aparelhos electr\u00f3nicos dentro de casa para facilitar a intera\u00e7\u00e3o com o m\u00ednimo de destrui\u00e7\u00e3o.   <\/p>\n\n<p>As crian\u00e7as podem experimentar actividades emocionantes como a aventura na selva ou a ca\u00e7a ao tesouro com surpresas escondidas no quintal.\nIsto n\u00e3o s\u00f3 ser\u00e1 divertido, como tamb\u00e9m ser\u00e1 ideal para a tua experi\u00eancia de campismo com as crian\u00e7as.   <\/p>\n\n<h2 class=\"wp-block-heading\">Organizar uma viagem de campismo par\u00f3dia<\/h2>\n\n<p>Para te preparares melhor para a tua pr\u00f3xima col\u00f3nia de f\u00e9rias de inverno para crian\u00e7as, organiza um acampamento de par\u00f3dia num parque de campismo da tua localidade.\nIsto significa que estar\u00e1s mais perto de casa e poder\u00e1s ir buscar qualquer coisa de que te tenhas esquecido.\nIsto vai ajudar-te a identificar coisas que podes ter esquecido na tua lista de prepara\u00e7\u00e3o anterior.  <\/p>\n\n<h2 class=\"wp-block-heading\">Finalmente<\/h2>\n\n<p>J\u00e1 escolheste o teu pr\u00f3ximo parque de campismo?\nSe n\u00e3o, porque n\u00e3o exploras o campo de esqui de Verbier ou qualquer um dos numerosos campos de inverno para crian\u00e7as em Les Elfes?\nAcampar em Les Elfes permite-te desfrutar de excelentes servi\u00e7os de pessoal experiente e qualificado.\nPoder\u00e1s tamb\u00e9m alugar material de campismo e de esqui, se necess\u00e1rio.     <\/p>\n\n<p>A principal l\u00edngua falada no acampamento \u00e9 o ingl\u00eas.\nTanto as crian\u00e7as como os adultos ter\u00e3o facilidade em comunicar com o pessoal e com os seus novos amigos.   <\/p>\n","protected":false},"excerpt":{"rendered":"<p>Est\u00e1s a planear uma viagem de campismo em fam\u00edlia?<br \/>\nAqui tens o melhor guia de acampamento de inverno para crian\u00e7as <\/p>\n","protected":false},"author":1,"featured_media":72369,"comment_status":"open","ping_status":"open","sticky":false,"template":"","format":"standard","meta":{"_acf_changed":false,"inline_featured_image":false,"footnotes":""},"categories":[1107,1103],"tags":[],"class_list":{"0":"post-86708","1":"post","2":"type-post","3":"status-publish","4":"format-standard","5":"has-post-thumbnail","7":"category-acampamento-de-inverno","8":"category-artigos"},"acf":[],"yoast_head":"<!-- This site is optimized with the Yoast SEO Premium plugin v24.2 (Yoast SEO v24.7) - https:\/\/yoast.com\/wordpress\/plugins\/seo\/ -->\n<title>Est\u00e1s a planear uma viagem de campismo em fam\u00edlia? Aqui tens o melhor guia de acampamento de inverno para crian\u00e7as - Les Elfes International Camps Switzerland<\/title>\n<meta name=\"robots\" content=\"index, follow, max-snippet:-1, max-image-preview:large, max-video-preview:-1\" \/>\n<link rel=\"canonical\" href=\"https:\/\/www.leselfes.com\/pt-pt\/estas-a-planear-uma-viagem-de-campismo-em-familiaaqui-tens-o-melhor-guia-de-acampamento-de-inverno-para-criancas\/\" \/>\n<meta property=\"og:locale\" content=\"pt_PT\" \/>\n<meta property=\"og:type\" content=\"article\" \/>\n<meta property=\"og:title\" content=\"Est\u00e1s a planear uma viagem de campismo em fam\u00edlia? Aqui tens o melhor guia de acampamento de inverno para crian\u00e7as\" \/>\n<meta property=\"og:description\" content=\"Est\u00e1s a planear uma viagem de campismo em fam\u00edlia? Aqui tens o melhor guia de acampamento de inverno para crian\u00e7as\" \/>\n<meta property=\"og:url\" content=\"https:\/\/www.leselfes.com\/pt-pt\/estas-a-planear-uma-viagem-de-campismo-em-familiaaqui-tens-o-melhor-guia-de-acampamento-de-inverno-para-criancas\/\" \/>\n<meta property=\"og:site_name\" content=\"Les Elfes International Camps Switzerland\" \/>\n<meta property=\"article:publisher\" content=\"https:\/\/www.facebook.com\/LesElfesVerbier\" \/>\n<meta property=\"article:published_time\" content=\"2020-02-12T05:03:40+00:00\" \/>\n<meta property=\"article:modified_time\" content=\"2024-10-03T16:16:39+00:00\" \/>\n<meta property=\"og:image\" content=\"https:\/\/dev.leselfes.com\/wp-content\/uploads\/2020\/01\/33572880818_6c1c41d250_b.jpg\" \/>\n\t<meta property=\"og:image:width\" content=\"1024\" \/>\n\t<meta property=\"og:image:height\" content=\"576\" \/>\n\t<meta property=\"og:image:type\" content=\"image\/jpeg\" \/>\n<meta name=\"author\" content=\"lesadmin\" \/>\n<meta name=\"twitter:card\" content=\"summary_large_image\" \/>\n<meta name=\"twitter:creator\" content=\"@LesElfesCamps\" \/>\n<meta name=\"twitter:site\" content=\"@LesElfesCamps\" \/>\n<meta name=\"twitter:label1\" content=\"Escrito por\" \/>\n\t<meta name=\"twitter:data1\" content=\"lesadmin\" \/>\n\t<meta name=\"twitter:label2\" content=\"Tempo estimado de leitura\" \/>\n\t<meta name=\"twitter:data2\" content=\"9 minutos\" \/>\n<script type=\"application\/ld+json\" class=\"yoast-schema-graph\">{\"@context\":\"https:\/\/schema.org\",\"@graph\":[{\"@type\":\"Article\",\"@id\":\"https:\/\/www.leselfes.com\/pt-pt\/estas-a-planear-uma-viagem-de-campismo-em-familiaaqui-tens-o-melhor-guia-de-acampamento-de-inverno-para-criancas\/#article\",\"isPartOf\":{\"@id\":\"https:\/\/www.leselfes.com\/pt-pt\/estas-a-planear-uma-viagem-de-campismo-em-familiaaqui-tens-o-melhor-guia-de-acampamento-de-inverno-para-criancas\/\"},\"author\":{\"name\":\"lesadmin\",\"@id\":\"https:\/\/dev.leselfes.com\/#\/schema\/person\/407a229698868b8c603874b19f37f289\"},\"headline\":\"Est\u00e1s a planear uma viagem de campismo em fam\u00edlia? Aqui tens o melhor guia de acampamento de inverno para crian\u00e7as\",\"datePublished\":\"2020-02-12T05:03:40+00:00\",\"dateModified\":\"2024-10-03T16:16:39+00:00\",\"mainEntityOfPage\":{\"@id\":\"https:\/\/www.leselfes.com\/pt-pt\/estas-a-planear-uma-viagem-de-campismo-em-familiaaqui-tens-o-melhor-guia-de-acampamento-de-inverno-para-criancas\/\"},\"wordCount\":1864,\"commentCount\":0,\"publisher\":{\"@id\":\"https:\/\/dev.leselfes.com\/#organization\"},\"image\":{\"@id\":\"https:\/\/www.leselfes.com\/pt-pt\/estas-a-planear-uma-viagem-de-campismo-em-familiaaqui-tens-o-melhor-guia-de-acampamento-de-inverno-para-criancas\/#primaryimage\"},\"thumbnailUrl\":\"https:\/\/www.leselfes.com\/wp-content\/uploads\/2020\/01\/33572880818_6c1c41d250_b.jpg\",\"articleSection\":[\"Acampamento de inverno\",\"Artigos\"],\"inLanguage\":\"pt-PT\",\"potentialAction\":[{\"@type\":\"CommentAction\",\"name\":\"Comment\",\"target\":[\"https:\/\/www.leselfes.com\/pt-pt\/estas-a-planear-uma-viagem-de-campismo-em-familiaaqui-tens-o-melhor-guia-de-acampamento-de-inverno-para-criancas\/#respond\"]}]},{\"@type\":\"WebPage\",\"@id\":\"https:\/\/www.leselfes.com\/pt-pt\/estas-a-planear-uma-viagem-de-campismo-em-familiaaqui-tens-o-melhor-guia-de-acampamento-de-inverno-para-criancas\/\",\"url\":\"https:\/\/www.leselfes.com\/pt-pt\/estas-a-planear-uma-viagem-de-campismo-em-familiaaqui-tens-o-melhor-guia-de-acampamento-de-inverno-para-criancas\/\",\"name\":\"Est\u00e1s a planear uma viagem de campismo em fam\u00edlia? Aqui tens o melhor guia de acampamento de inverno para crian\u00e7as - Les Elfes International Camps Switzerland\",\"isPartOf\":{\"@id\":\"https:\/\/dev.leselfes.com\/#website\"},\"primaryImageOfPage\":{\"@id\":\"https:\/\/www.leselfes.com\/pt-pt\/estas-a-planear-uma-viagem-de-campismo-em-familiaaqui-tens-o-melhor-guia-de-acampamento-de-inverno-para-criancas\/#primaryimage\"},\"image\":{\"@id\":\"https:\/\/www.leselfes.com\/pt-pt\/estas-a-planear-uma-viagem-de-campismo-em-familiaaqui-tens-o-melhor-guia-de-acampamento-de-inverno-para-criancas\/#primaryimage\"},\"thumbnailUrl\":\"https:\/\/www.leselfes.com\/wp-content\/uploads\/2020\/01\/33572880818_6c1c41d250_b.jpg\",\"datePublished\":\"2020-02-12T05:03:40+00:00\",\"dateModified\":\"2024-10-03T16:16:39+00:00\",\"breadcrumb\":{\"@id\":\"https:\/\/www.leselfes.com\/pt-pt\/estas-a-planear-uma-viagem-de-campismo-em-familiaaqui-tens-o-melhor-guia-de-acampamento-de-inverno-para-criancas\/#breadcrumb\"},\"inLanguage\":\"pt-PT\",\"potentialAction\":[{\"@type\":\"ReadAction\",\"target\":[\"https:\/\/www.leselfes.com\/pt-pt\/estas-a-planear-uma-viagem-de-campismo-em-familiaaqui-tens-o-melhor-guia-de-acampamento-de-inverno-para-criancas\/\"]}]},{\"@type\":\"ImageObject\",\"inLanguage\":\"pt-PT\",\"@id\":\"https:\/\/www.leselfes.com\/pt-pt\/estas-a-planear-uma-viagem-de-campismo-em-familiaaqui-tens-o-melhor-guia-de-acampamento-de-inverno-para-criancas\/#primaryimage\",\"url\":\"https:\/\/www.leselfes.com\/wp-content\/uploads\/2020\/01\/33572880818_6c1c41d250_b.jpg\",\"contentUrl\":\"https:\/\/www.leselfes.com\/wp-content\/uploads\/2020\/01\/33572880818_6c1c41d250_b.jpg\",\"width\":1024,\"height\":576,\"caption\":\"Mather Campground Drive-through Site. Located on the South Rim of the park in Grand Canyon Village. NPS photo by M.Quinn.r- No hook-ups..r- 30-foot trailer or RV maximum..r.rOpen year-round. Operated by the National Park Service and located in Grand Canyon Village, this campground offers tent and RV camping. Accessible campsites and restrooms are available. Pets are allowed, but must be leashed at all times, and may not be left unattended. Wood and charcoal fires permitted in provided campsite grills only. No gathering of down wood, wood may be purchased at the general store. Laundry and showers located near the campground for a fee... r..rReservations may be made through the National Recreation Reservation Service by calling..r1-877-444-6777 or online at https:\/\/www.recreation.gov\/camping\/campgrounds\/232490 Reservations are strongly recommended from March 1 through mid-November. Golden Age or Access passport holders pay only \u00bd price year round (passport number is needed when making reservation and passport holder must be camping at the site). Fees are $18 per site per night. A maximum of two vehicles, six people, three tents are allowed per site. (A vehicle that is towing a trailer, pop-up, tent trailer, fifth wheel, or a motor home pulling a vehicle is considered two vehicles.) Group sites are also available, $50\/night, maximum of 50 people and 3 vehicles per group site...r..rPets are NOT allowed below the canyon rim at any time. Pets are NOT permitted on the shuttle buses. Kennels are available in the South Rim Village...r..rDuring the winter, from mid-November through February 28 reservations are not available at Mather Campground and family campsites are $15 per site per night, and group campsites are $30. This is on a first-come first-served basis. There is a self-pay machine at the campground office.\"},{\"@type\":\"BreadcrumbList\",\"@id\":\"https:\/\/www.leselfes.com\/pt-pt\/estas-a-planear-uma-viagem-de-campismo-em-familiaaqui-tens-o-melhor-guia-de-acampamento-de-inverno-para-criancas\/#breadcrumb\",\"itemListElement\":[{\"@type\":\"ListItem\",\"position\":1,\"name\":\"Home\",\"item\":\"https:\/\/www.leselfes.com\/pt-pt\/\"},{\"@type\":\"ListItem\",\"position\":2,\"name\":\"Est\u00e1s a planear uma viagem de campismo em fam\u00edlia? Aqui tens o melhor guia de acampamento de inverno para crian\u00e7as\"}]},{\"@type\":\"WebSite\",\"@id\":\"https:\/\/dev.leselfes.com\/#website\",\"url\":\"https:\/\/dev.leselfes.com\/\",\"name\":\"Les Elfes International\",\"description\":\"Les Elfes International, Verbier Switzerland. Summer Camp, Winter Camp, Spring Camps.\",\"publisher\":{\"@id\":\"https:\/\/dev.leselfes.com\/#organization\"},\"alternateName\":\"Les Elfes International\",\"potentialAction\":[{\"@type\":\"SearchAction\",\"target\":{\"@type\":\"EntryPoint\",\"urlTemplate\":\"https:\/\/dev.leselfes.com\/?s={search_term_string}\"},\"query-input\":{\"@type\":\"PropertyValueSpecification\",\"valueRequired\":true,\"valueName\":\"search_term_string\"}}],\"inLanguage\":\"pt-PT\"},{\"@type\":\"Organization\",\"@id\":\"https:\/\/dev.leselfes.com\/#organization\",\"name\":\"Les Elfes International\",\"alternateName\":\"Les Elfes International\",\"url\":\"https:\/\/dev.leselfes.com\/\",\"logo\":{\"@type\":\"ImageObject\",\"inLanguage\":\"pt-PT\",\"@id\":\"https:\/\/dev.leselfes.com\/#\/schema\/logo\/image\/\",\"url\":\"https:\/\/www.leselfes.com\/wp-content\/uploads\/2022\/03\/leselfes-logo.png\",\"contentUrl\":\"https:\/\/www.leselfes.com\/wp-content\/uploads\/2022\/03\/leselfes-logo.png\",\"width\":233,\"height\":51,\"caption\":\"Les Elfes International\"},\"image\":{\"@id\":\"https:\/\/dev.leselfes.com\/#\/schema\/logo\/image\/\"},\"sameAs\":[\"https:\/\/www.facebook.com\/LesElfesVerbier\",\"https:\/\/x.com\/LesElfesCamps\",\"https:\/\/www.instagram.com\/leselfes\",\"https:\/\/www.linkedin.com\/company\/les-elfes-international\",\"https:\/\/www.youtube.com\/user\/LesElfesVerbier\"]},{\"@type\":\"Person\",\"@id\":\"https:\/\/dev.leselfes.com\/#\/schema\/person\/407a229698868b8c603874b19f37f289\",\"name\":\"lesadmin\",\"image\":{\"@type\":\"ImageObject\",\"inLanguage\":\"pt-PT\",\"@id\":\"https:\/\/dev.leselfes.com\/#\/schema\/person\/image\/\",\"url\":\"https:\/\/secure.gravatar.com\/avatar\/fdb243a028df450397b3632d862f87f6?s=96&d=mm&r=g\",\"contentUrl\":\"https:\/\/secure.gravatar.com\/avatar\/fdb243a028df450397b3632d862f87f6?s=96&d=mm&r=g\",\"caption\":\"lesadmin\"},\"url\":\"https:\/\/www.leselfes.com\/pt-pt\/author\/lesadmin\/\"}]}<\/script>\n<!-- \/ Yoast SEO Premium plugin. -->","yoast_head_json":{"title":"Est\u00e1s a planear uma viagem de campismo em fam\u00edlia? Aqui tens o melhor guia de acampamento de inverno para crian\u00e7as - Les Elfes International Camps Switzerland","robots":{"index":"index","follow":"follow","max-snippet":"max-snippet:-1","max-image-preview":"max-image-preview:large","max-video-preview":"max-video-preview:-1"},"canonical":"https:\/\/www.leselfes.com\/pt-pt\/estas-a-planear-uma-viagem-de-campismo-em-familiaaqui-tens-o-melhor-guia-de-acampamento-de-inverno-para-criancas\/","og_locale":"pt_PT","og_type":"article","og_title":"Est\u00e1s a planear uma viagem de campismo em fam\u00edlia? Aqui tens o melhor guia de acampamento de inverno para crian\u00e7as","og_description":"Est\u00e1s a planear uma viagem de campismo em fam\u00edlia? Aqui tens o melhor guia de acampamento de inverno para crian\u00e7as","og_url":"https:\/\/www.leselfes.com\/pt-pt\/estas-a-planear-uma-viagem-de-campismo-em-familiaaqui-tens-o-melhor-guia-de-acampamento-de-inverno-para-criancas\/","og_site_name":"Les Elfes International Camps Switzerland","article_publisher":"https:\/\/www.facebook.com\/LesElfesVerbier","article_published_time":"2020-02-12T05:03:40+00:00","article_modified_time":"2024-10-03T16:16:39+00:00","og_image":[{"width":1024,"height":576,"url":"https:\/\/dev.leselfes.com\/wp-content\/uploads\/2020\/01\/33572880818_6c1c41d250_b.jpg","type":"image\/jpeg"}],"author":"lesadmin","twitter_card":"summary_large_image","twitter_creator":"@LesElfesCamps","twitter_site":"@LesElfesCamps","twitter_misc":{"Escrito por":"lesadmin","Tempo estimado de leitura":"9 minutos"},"schema":{"@context":"https:\/\/schema.org","@graph":[{"@type":"Article","@id":"https:\/\/www.leselfes.com\/pt-pt\/estas-a-planear-uma-viagem-de-campismo-em-familiaaqui-tens-o-melhor-guia-de-acampamento-de-inverno-para-criancas\/#article","isPartOf":{"@id":"https:\/\/www.leselfes.com\/pt-pt\/estas-a-planear-uma-viagem-de-campismo-em-familiaaqui-tens-o-melhor-guia-de-acampamento-de-inverno-para-criancas\/"},"author":{"name":"lesadmin","@id":"https:\/\/dev.leselfes.com\/#\/schema\/person\/407a229698868b8c603874b19f37f289"},"headline":"Est\u00e1s a planear uma viagem de campismo em fam\u00edlia? Aqui tens o melhor guia de acampamento de inverno para crian\u00e7as","datePublished":"2020-02-12T05:03:40+00:00","dateModified":"2024-10-03T16:16:39+00:00","mainEntityOfPage":{"@id":"https:\/\/www.leselfes.com\/pt-pt\/estas-a-planear-uma-viagem-de-campismo-em-familiaaqui-tens-o-melhor-guia-de-acampamento-de-inverno-para-criancas\/"},"wordCount":1864,"commentCount":0,"publisher":{"@id":"https:\/\/dev.leselfes.com\/#organization"},"image":{"@id":"https:\/\/www.leselfes.com\/pt-pt\/estas-a-planear-uma-viagem-de-campismo-em-familiaaqui-tens-o-melhor-guia-de-acampamento-de-inverno-para-criancas\/#primaryimage"},"thumbnailUrl":"https:\/\/www.leselfes.com\/wp-content\/uploads\/2020\/01\/33572880818_6c1c41d250_b.jpg","articleSection":["Acampamento de inverno","Artigos"],"inLanguage":"pt-PT","potentialAction":[{"@type":"CommentAction","name":"Comment","target":["https:\/\/www.leselfes.com\/pt-pt\/estas-a-planear-uma-viagem-de-campismo-em-familiaaqui-tens-o-melhor-guia-de-acampamento-de-inverno-para-criancas\/#respond"]}]},{"@type":"WebPage","@id":"https:\/\/www.leselfes.com\/pt-pt\/estas-a-planear-uma-viagem-de-campismo-em-familiaaqui-tens-o-melhor-guia-de-acampamento-de-inverno-para-criancas\/","url":"https:\/\/www.leselfes.com\/pt-pt\/estas-a-planear-uma-viagem-de-campismo-em-familiaaqui-tens-o-melhor-guia-de-acampamento-de-inverno-para-criancas\/","name":"Est\u00e1s a planear uma viagem de campismo em fam\u00edlia? Aqui tens o melhor guia de acampamento de inverno para crian\u00e7as - Les Elfes International Camps Switzerland","isPartOf":{"@id":"https:\/\/dev.leselfes.com\/#website"},"primaryImageOfPage":{"@id":"https:\/\/www.leselfes.com\/pt-pt\/estas-a-planear-uma-viagem-de-campismo-em-familiaaqui-tens-o-melhor-guia-de-acampamento-de-inverno-para-criancas\/#primaryimage"},"image":{"@id":"https:\/\/www.leselfes.com\/pt-pt\/estas-a-planear-uma-viagem-de-campismo-em-familiaaqui-tens-o-melhor-guia-de-acampamento-de-inverno-para-criancas\/#primaryimage"},"thumbnailUrl":"https:\/\/www.leselfes.com\/wp-content\/uploads\/2020\/01\/33572880818_6c1c41d250_b.jpg","datePublished":"2020-02-12T05:03:40+00:00","dateModified":"2024-10-03T16:16:39+00:00","breadcrumb":{"@id":"https:\/\/www.leselfes.com\/pt-pt\/estas-a-planear-uma-viagem-de-campismo-em-familiaaqui-tens-o-melhor-guia-de-acampamento-de-inverno-para-criancas\/#breadcrumb"},"inLanguage":"pt-PT","potentialAction":[{"@type":"ReadAction","target":["https:\/\/www.leselfes.com\/pt-pt\/estas-a-planear-uma-viagem-de-campismo-em-familiaaqui-tens-o-melhor-guia-de-acampamento-de-inverno-para-criancas\/"]}]},{"@type":"ImageObject","inLanguage":"pt-PT","@id":"https:\/\/www.leselfes.com\/pt-pt\/estas-a-planear-uma-viagem-de-campismo-em-familiaaqui-tens-o-melhor-guia-de-acampamento-de-inverno-para-criancas\/#primaryimage","url":"https:\/\/www.leselfes.com\/wp-content\/uploads\/2020\/01\/33572880818_6c1c41d250_b.jpg","contentUrl":"https:\/\/www.leselfes.com\/wp-content\/uploads\/2020\/01\/33572880818_6c1c41d250_b.jpg","width":1024,"height":576,"caption":"Mather Campground Drive-through Site. Located on the South Rim of the park in Grand Canyon Village. NPS photo by M.Quinn.r- No hook-ups..r- 30-foot trailer or RV maximum..r.rOpen year-round. Operated by the National Park Service and located in Grand Canyon Village, this campground offers tent and RV camping. Accessible campsites and restrooms are available. Pets are allowed, but must be leashed at all times, and may not be left unattended. Wood and charcoal fires permitted in provided campsite grills only. No gathering of down wood, wood may be purchased at the general store. Laundry and showers located near the campground for a fee... r..rReservations may be made through the National Recreation Reservation Service by calling..r1-877-444-6777 or online at https:\/\/www.recreation.gov\/camping\/campgrounds\/232490 Reservations are strongly recommended from March 1 through mid-November. Golden Age or Access passport holders pay only \u00bd price year round (passport number is needed when making reservation and passport holder must be camping at the site). Fees are $18 per site per night. A maximum of two vehicles, six people, three tents are allowed per site. (A vehicle that is towing a trailer, pop-up, tent trailer, fifth wheel, or a motor home pulling a vehicle is considered two vehicles.) Group sites are also available, $50\/night, maximum of 50 people and 3 vehicles per group site...r..rPets are NOT allowed below the canyon rim at any time. Pets are NOT permitted on the shuttle buses. Kennels are available in the South Rim Village...r..rDuring the winter, from mid-November through February 28 reservations are not available at Mather Campground and family campsites are $15 per site per night, and group campsites are $30. This is on a first-come first-served basis. There is a self-pay machine at the campground office."},{"@type":"BreadcrumbList","@id":"https:\/\/www.leselfes.com\/pt-pt\/estas-a-planear-uma-viagem-de-campismo-em-familiaaqui-tens-o-melhor-guia-de-acampamento-de-inverno-para-criancas\/#breadcrumb","itemListElement":[{"@type":"ListItem","position":1,"name":"Home","item":"https:\/\/www.leselfes.com\/pt-pt\/"},{"@type":"ListItem","position":2,"name":"Est\u00e1s a planear uma viagem de campismo em fam\u00edlia? Aqui tens o melhor guia de acampamento de inverno para crian\u00e7as"}]},{"@type":"WebSite","@id":"https:\/\/dev.leselfes.com\/#website","url":"https:\/\/dev.leselfes.com\/","name":"Les Elfes International","description":"Les Elfes International, Verbier Switzerland. Summer Camp, Winter Camp, Spring Camps.","publisher":{"@id":"https:\/\/dev.leselfes.com\/#organization"},"alternateName":"Les Elfes International","potentialAction":[{"@type":"SearchAction","target":{"@type":"EntryPoint","urlTemplate":"https:\/\/dev.leselfes.com\/?s={search_term_string}"},"query-input":{"@type":"PropertyValueSpecification","valueRequired":true,"valueName":"search_term_string"}}],"inLanguage":"pt-PT"},{"@type":"Organization","@id":"https:\/\/dev.leselfes.com\/#organization","name":"Les Elfes International","alternateName":"Les Elfes International","url":"https:\/\/dev.leselfes.com\/","logo":{"@type":"ImageObject","inLanguage":"pt-PT","@id":"https:\/\/dev.leselfes.com\/#\/schema\/logo\/image\/","url":"https:\/\/www.leselfes.com\/wp-content\/uploads\/2022\/03\/leselfes-logo.png","contentUrl":"https:\/\/www.leselfes.com\/wp-content\/uploads\/2022\/03\/leselfes-logo.png","width":233,"height":51,"caption":"Les Elfes International"},"image":{"@id":"https:\/\/dev.leselfes.com\/#\/schema\/logo\/image\/"},"sameAs":["https:\/\/www.facebook.com\/LesElfesVerbier","https:\/\/x.com\/LesElfesCamps","https:\/\/www.instagram.com\/leselfes","https:\/\/www.linkedin.com\/company\/les-elfes-international","https:\/\/www.youtube.com\/user\/LesElfesVerbier"]},{"@type":"Person","@id":"https:\/\/dev.leselfes.com\/#\/schema\/person\/407a229698868b8c603874b19f37f289","name":"lesadmin","image":{"@type":"ImageObject","inLanguage":"pt-PT","@id":"https:\/\/dev.leselfes.com\/#\/schema\/person\/image\/","url":"https:\/\/secure.gravatar.com\/avatar\/fdb243a028df450397b3632d862f87f6?s=96&d=mm&r=g","contentUrl":"https:\/\/secure.gravatar.com\/avatar\/fdb243a028df450397b3632d862f87f6?s=96&d=mm&r=g","caption":"lesadmin"},"url":"https:\/\/www.leselfes.com\/pt-pt\/author\/lesadmin\/"}]}},"_links":{"self":[{"href":"https:\/\/www.leselfes.com\/pt-pt\/wp-json\/wp\/v2\/posts\/86708"}],"collection":[{"href":"https:\/\/www.leselfes.com\/pt-pt\/wp-json\/wp\/v2\/posts"}],"about":[{"href":"https:\/\/www.leselfes.com\/pt-pt\/wp-json\/wp\/v2\/types\/post"}],"author":[{"embeddable":true,"href":"https:\/\/www.leselfes.com\/pt-pt\/wp-json\/wp\/v2\/users\/1"}],"replies":[{"embeddable":true,"href":"https:\/\/www.leselfes.com\/pt-pt\/wp-json\/wp\/v2\/comments?post=86708"}],"version-history":[{"count":0,"href":"https:\/\/www.leselfes.com\/pt-pt\/wp-json\/wp\/v2\/posts\/86708\/revisions"}],"wp:featuredmedia":[{"embeddable":true,"href":"https:\/\/www.leselfes.com\/pt-pt\/wp-json\/wp\/v2\/media\/72369"}],"wp:attachment":[{"href":"https:\/\/www.leselfes.com\/pt-pt\/wp-json\/wp\/v2\/media?parent=86708"}],"wp:term":[{"taxonomy":"category","embeddable":true,"href":"https:\/\/www.leselfes.com\/pt-pt\/wp-json\/wp\/v2\/categories?post=86708"},{"taxonomy":"post_tag","embeddable":true,"href":"https:\/\/www.leselfes.com\/pt-pt\/wp-json\/wp\/v2\/tags?post=86708"}],"curies":[{"name":"wp","href":"https:\/\/api.w.org\/{rel}","templated":true}]}}