{"id":86751,"date":"2020-01-08T06:59:02","date_gmt":"2020-01-08T05:59:02","guid":{"rendered":"https:\/\/www.leselfes.com\/como-planear-as-ferias-de-esqui-em-familia-ideais\/"},"modified":"2024-10-03T18:17:53","modified_gmt":"2024-10-03T16:17:53","slug":"como-planear-as-ferias-de-esqui-em-familia-ideais","status":"publish","type":"post","link":"https:\/\/www.leselfes.com\/pt-pt\/como-planear-as-ferias-de-esqui-em-familia-ideais\/","title":{"rendered":"Como planear as f\u00e9rias de esqui em fam\u00edlia ideais"},"content":{"rendered":"\n<div class=\"wp-block-image\"><figure class=\"aligncenter size-large\"><img loading=\"lazy\" decoding=\"async\" width=\"800\" height=\"545\" src=\"https:\/\/www.leselfes.com\/wp-content\/uploads\/2020\/01\/Ideal-Family-Ski-Holiday.jpg\" alt=\"F&#xE9;rias de esqui ideais para a fam&#xED;lia\" class=\"wp-image-42191\" srcset=\"https:\/\/www.leselfes.com\/wp-content\/uploads\/2020\/01\/Ideal-Family-Ski-Holiday.jpg 800w, https:\/\/www.leselfes.com\/wp-content\/uploads\/2020\/01\/Ideal-Family-Ski-Holiday-300x204.jpg 300w, https:\/\/www.leselfes.com\/wp-content\/uploads\/2020\/01\/Ideal-Family-Ski-Holiday-768x523.jpg 768w, https:\/\/www.leselfes.com\/wp-content\/uploads\/2020\/01\/Ideal-Family-Ski-Holiday-320x218.jpg 320w, https:\/\/www.leselfes.com\/wp-content\/uploads\/2020\/01\/Ideal-Family-Ski-Holiday-640x436.jpg 640w, https:\/\/www.leselfes.com\/wp-content\/uploads\/2020\/01\/Ideal-Family-Ski-Holiday-360x245.jpg 360w, https:\/\/www.leselfes.com\/wp-content\/uploads\/2020\/01\/Ideal-Family-Ski-Holiday-720x491.jpg 720w\" sizes=\"(max-width: 800px) 100vw, 800px\" \/><\/figure><\/div>\n\n<p>Planear umas f\u00e9rias de esqui em fam\u00edlia pode ser uma tarefa dif\u00edcil.\nCom tantas est\u00e2ncias de esqui por onde escolher?   <\/p>\n\n<p>Determinar com anteced\u00eancia onde ir permite-te garantir as melhores est\u00e2ncias para as tuas necessidades de alojamento e alimenta\u00e7\u00e3o.\nAl\u00e9m disso, podes garantir a admiss\u00e3o dos teus filhos nos campos de inverno ou nas aulas de esqui antes que as vagas se esgotem.\nVamos discutir dicas para ajudar a facilitar os preparativos para as tuas f\u00e9rias de esqui em fam\u00edlia em 2019.    <\/p>\n\n<h2 class=\"wp-block-heading\">Escolhe a melhor est\u00e2ncia de esqui<\/h2>\n\n<p>A <a href=\"https:\/\/www.wisegeek.net\/what-should-i-consider-when-choosing-a-ski-resort.htm\">est\u00e2ncia<\/a> de esqui que escolheres para as tuas f\u00e9rias de esqui em fam\u00edlia em 2019 pode ser decisiva para as tuas f\u00e9rias.\nQuais s\u00e3o algumas das considera\u00e7\u00f5es a fazer quando escolhes uma est\u00e2ncia? <\/p>\n\n<h3 class=\"wp-block-heading\">&#8211; Quando \u00e9 que vais viajar?<\/h3>\n\n<p>Determinar em que altura do ano precisas de viajar \u00e9 fundamental para os preparativos das f\u00e9rias de esqui da tua fam\u00edlia.\nPor exemplo, se viajares no in\u00edcio de dezembro, a viagem ser\u00e1 mais econ\u00f3mica.\nIsto porque muitas est\u00e2ncias de esqui oferecem passes de telef\u00e9rico a pre\u00e7os reduzidos.\nNo entanto, \u00e9 prov\u00e1vel que n\u00e3o tenhas neve suficiente no in\u00edcio da \u00e9poca.\nSe for esse o caso, podes optar por uma est\u00e2ncia com mais neve, embora com custos mais elevados.      <\/p>\n\n<p>Podes escolher as f\u00e9rias de Natal e de Ano Novo como a altura ideal para fazeres f\u00e9rias de esqui em fam\u00edlia.\nDesta forma, toda a fam\u00edlia ter\u00e1 tempo suficiente para criar la\u00e7os e p\u00f4r a vida em dia.   <\/p>\n\n<h3 class=\"wp-block-heading\">&#8211; F\u00e9rias em janeiro<\/h3>\n\n<p>Muitas vezes, tirar as tuas f\u00e9rias de esqui em fam\u00edlia em 2019 em janeiro \u00e9 mais econ\u00f3mico.\nPodes conseguir algumas ofertas interessantes de \u00faltima hora ap\u00f3s a semana do Ano Novo.\nEmbora haja neve suficiente em janeiro, os dias s\u00e3o bastante frios e curtos.\nAinda assim, se pretendes uma neve imensa e menos filas, esta \u00e9 a altura ideal.     <\/p>\n\n<h3 class=\"wp-block-heading\">&#8211; F\u00e9rias em fevereiro<\/h3>\n\n<p>fevereiro \u00e9 a \u00e9poca alta e um dos meses mais movimentados em muitas est\u00e2ncias de esqui.\nUma grande percentagem de veraneantes estar\u00e1 nas pistas e as pistas estar\u00e3o cheias.\nComo resultado, os pre\u00e7os tamb\u00e9m s\u00e3o elevados.\nSe queres ter umas \u00f3ptimas f\u00e9rias de esqui em fam\u00edlia em 2019, o melhor \u00e9 evitar a \u00e9poca alta.     <\/p>\n\n<h3 class=\"wp-block-heading\">&#8211; F\u00e9rias em mar\u00e7o<\/h3>\n\n<p>O m\u00eas de mar\u00e7o traz um clima mais quente.\nA tua fam\u00edlia poder\u00e1 desfrutar de almo\u00e7os informais e tardios nos terra\u00e7os e na est\u00e2ncia de esqui da tua escolha.\nNo entanto, as temperaturas ligeiramente elevadas podem ser desconfort\u00e1veis nas pistas mais baixas.    <\/p>\n\n<p>Se escolheres passar f\u00e9rias em abril, vais encontrar dias de sol prolongados, encostas escorregadias e muitos churrascos.  <\/p>\n\n<p>A \u00e9poca da P\u00e1scoa oferece a ti e \u00e0 tua fam\u00edlia a \u00faltima oportunidade de esquiar antes do in\u00edcio do <a href=\"https:\/\/www.leselfes.com\/pt-pt\/?page_id=85718\">ver\u00e3o<\/a>.\nAl\u00e9m disso, as pistas s\u00e3o mais silenciosas do que na \u00e9poca de fevereiro.   <\/p>\n\n<h2 class=\"wp-block-heading\">A experi\u00eancia ou o n\u00edvel de compet\u00eancias dos membros da tua fam\u00edlia<\/h2>\n\n<p>H\u00e1 esquiadores principiantes na tua fam\u00edlia?\nA tua est\u00e2ncia de esqui preferida tem terreno suficiente para os principiantes?\nTens pistas infantis para os mais novos?\nTrata-se de uma \u00e1rea restrita com um tapete para facilitar a aprendizagem e a confian\u00e7a.\nTodos os membros da tua fam\u00edlia s\u00e3o esquiadores experientes?\nSe sim, a est\u00e2ncia oferece um terreno extenso para satisfazer as tuas necessidades?       <\/p>\n\n<p>Os esquiadores experientes ficar\u00e3o entusiasmados por esquiar em encostas \u00edngremes.\nOs esquiadores principiantes, no entanto, sentir-se-\u00e3o confort\u00e1veis <a href=\"https:\/\/www.leselfes.com\/ski-trips\/\">a esquiar<\/a> em pistas devidamente preparadas.\nTens de comparar diferentes est\u00e2ncias de esqui antes de escolheres uma que satisfa\u00e7a plenamente as tuas necessidades.    <\/p>\n\n<p>Compreende a experi\u00eancia e o n\u00edvel de compet\u00eancia de todos os membros da tua fam\u00edlia.\nUtiliza os resultados para verificar as estat\u00edsticas do n\u00famero de pistas pretas, vermelhas e verdes em cada est\u00e2ncia.\nDesta forma, determinar\u00e1s o n\u00edvel de aptid\u00e3o a que cada est\u00e2ncia se adapta melhor.\nAlgumas est\u00e2ncias oferecem uma excelente mistura de todas as pistas, o que seria bom para pessoas com diferentes n\u00edveis de aptid\u00e3o.   <\/p>\n\n<h2 class=\"wp-block-heading\">Considera o teu or\u00e7amento<\/h2>\n\n<p>O teu or\u00e7amento \u00e9 outro fator fundamental a ter em conta nos preparativos das tuas f\u00e9rias de esqui em fam\u00edlia para 2019.\nLembra-te de que os pre\u00e7os variam de uma est\u00e2ncia para outra, sendo algumas est\u00e2ncias mais caras do que outras.\nQuanto tencionas gastar para toda a fam\u00edlia sem quebrar o banco?\nEscolhe a est\u00e2ncia que oferece os melhores pre\u00e7os de acordo com o teu or\u00e7amento.   <\/p>\n\n<h2 class=\"wp-block-heading\">Determina o que vais fazer quando a noite cair<\/h2>\n\n<div class=\"wp-block-image\"><figure class=\"aligncenter size-large\"><img loading=\"lazy\" decoding=\"async\" width=\"800\" height=\"600\" src=\"https:\/\/www.leselfes.com\/wp-content\/uploads\/2020\/01\/Night-Falls-Ski-Holidays-2019.jpg\" alt=\"F&#xE9;rias de esqui em Night Falls 2019\" class=\"wp-image-42192\" srcset=\"https:\/\/www.leselfes.com\/wp-content\/uploads\/2020\/01\/Night-Falls-Ski-Holidays-2019.jpg 800w, https:\/\/www.leselfes.com\/wp-content\/uploads\/2020\/01\/Night-Falls-Ski-Holidays-2019-300x225.jpg 300w, https:\/\/www.leselfes.com\/wp-content\/uploads\/2020\/01\/Night-Falls-Ski-Holidays-2019-768x576.jpg 768w, https:\/\/www.leselfes.com\/wp-content\/uploads\/2020\/01\/Night-Falls-Ski-Holidays-2019-320x240.jpg 320w, https:\/\/www.leselfes.com\/wp-content\/uploads\/2020\/01\/Night-Falls-Ski-Holidays-2019-640x480.jpg 640w, https:\/\/www.leselfes.com\/wp-content\/uploads\/2020\/01\/Night-Falls-Ski-Holidays-2019-360x270.jpg 360w, https:\/\/www.leselfes.com\/wp-content\/uploads\/2020\/01\/Night-Falls-Ski-Holidays-2019-720x540.jpg 720w\" sizes=\"(max-width: 800px) 100vw, 800px\" \/><\/figure><\/div>\n\n<p>As tuas f\u00e9rias de esqui em fam\u00edlia em 2019 implicam regressar \u00e0 est\u00e2ncia para um jantar quente e uma fogueira para te manter quente?\nSe sim, n\u00e3o ter\u00e1s muito com que te preocupar.\nNo entanto, se n\u00e3o fores esquiador e se vierem crian\u00e7as, talvez queiras considerar actividades de entretenimento.    <\/p>\n\n<p>Poder\u00e1s ter de determinar as actividades n\u00e3o relacionadas com o esqui oferecidas na est\u00e2ncia.\nAlgumas est\u00e2ncias oferecem uma vasta gama de actividades n\u00e3o relacionadas com o esqui.\nEstas incluem tren\u00f3s puxados por c\u00e3es, bowling, raquetes de neve ou patinagem no gelo.    <\/p>\n\n<p>Tamb\u00e9m podes ter um centro desportivo completo com uma parede de escalada para as crian\u00e7as e uma piscina ol\u00edmpica para os entusiastas da nata\u00e7\u00e3o.\nLembra-te, algumas est\u00e2ncias t\u00eam instala\u00e7\u00f5es mais avan\u00e7adas do que outras.   <\/p>\n\n<p>Se tiveres adolescentes no grupo, eles tamb\u00e9m precisar\u00e3o de entretenimento adequado \u00e0 idade no final do dia.\nCertifica-te de que a est\u00e2ncia tem op\u00e7\u00f5es de entretenimento para todos os elementos do grupo.   <\/p>\n\n<h2 class=\"wp-block-heading\">O teu alojamento preferido<\/h2>\n\n<p>As est\u00e2ncias de esqui evolu\u00edram ao longo dos anos.\nHoje em dia, podes desfrutar das tuas f\u00e9rias de esqui em fam\u00edlia em 2019 em apartamentos modernos e elegantes, hot\u00e9is exclusivos e chal\u00e9s de luxo com servi\u00e7o de catering.\nPodes optar por um alojamento em albergue, um hotel econ\u00f3mico ou um apartamento autossuficiente.    <\/p>\n\n<h3 class=\"wp-block-heading\">&#8211; Chal\u00e9s com catering<\/h3>\n\n<p>Se optares por um chal\u00e9 de luxo com servi\u00e7o de catering, o pequeno-almo\u00e7o, o ch\u00e1 da tarde e o jantar ser\u00e3o servidos.\nNo entanto, ter\u00e1s de chegar a horas ao jantar.\nPodes reservar o chal\u00e9 inteiro, especialmente se tiveres uma fam\u00edlia numerosa.    <\/p>\n\n<p>Se n\u00e3o, talvez tenhas de o partilhar com outros turistas de esqui.\nEsta ser\u00e1 uma oportunidade para interagires com pessoas de diferentes pa\u00edses.\nAl\u00e9m disso, socializar\u00e1s e aprender\u00e1s sobre diferentes culturas.    <\/p>\n\n<h3 class=\"wp-block-heading\">&#8211; Apartamentos auto-suficientes<\/h3>\n\n<div class=\"wp-block-image\"><figure class=\"aligncenter size-large\"><img loading=\"lazy\" decoding=\"async\" width=\"532\" height=\"400\" src=\"https:\/\/www.leselfes.com\/wp-content\/uploads\/2020\/01\/Self-catered-Apartments.jpg\" alt=\"Apartamentos auto-suficientes\" class=\"wp-image-42193\" srcset=\"https:\/\/www.leselfes.com\/wp-content\/uploads\/2020\/01\/Self-catered-Apartments.jpg 532w, https:\/\/www.leselfes.com\/wp-content\/uploads\/2020\/01\/Self-catered-Apartments-300x226.jpg 300w, https:\/\/www.leselfes.com\/wp-content\/uploads\/2020\/01\/Self-catered-Apartments-320x241.jpg 320w, https:\/\/www.leselfes.com\/wp-content\/uploads\/2020\/01\/Self-catered-Apartments-360x271.jpg 360w\" sizes=\"(max-width: 532px) 100vw, 532px\" \/><\/figure><\/div>\n\n<p>A tua fam\u00edlia sente-se mais confort\u00e1vel com a escolha de hor\u00e1rios convenientes para as refei\u00e7\u00f5es?\nTalvez queiras cozinhar para ti pr\u00f3prio.\nA op\u00e7\u00e3o de <a href=\"https:\/\/www.telegraph.co.uk\/travel\/ski\/articles\/is-self-catering-the-future-of-ski-holidays\/\">comeres sozinho<\/a> parecer\u00e1, \u00e0 partida, mais econ\u00f3mica.\nNo entanto, por vezes, podes precisar de comer fora para experimentar a cozinha local.     <\/p>\n\n<p>Lembra-te de que os pre\u00e7os dos alimentos ser\u00e3o elevados no resultado e poder\u00e1s acabar por gastar muito para al\u00e9m do teu or\u00e7amento.\nOs hot\u00e9is e chal\u00e9s, por outro lado, acompanham o jantar com vinho ilimitado.\nIsto significa que poder\u00e1s fazer grandes poupan\u00e7as.    <\/p>\n\n<h3 class=\"wp-block-heading\">&#8211; Define a localiza\u00e7\u00e3o do teu alojamento<\/h3>\n\n<p>Onde se situa a tua est\u00e2ncia de alojamento preferida?\n\u00c9 um ski-out ou um ski-in?\nFica nas imedia\u00e7\u00f5es dos bares ou das pistas?\nSe for esse o caso, \u00e9 prov\u00e1vel que tenhas de pagar mais pelas vantagens.\nDetermina se o custo adicional \u00e9 ou n\u00e3o ben\u00e9fico para ti e para a tua fam\u00edlia antes de te comprometeres.      <\/p>\n\n<h2 class=\"wp-block-heading\">Meios de transporte<\/h2>\n\n<div class=\"wp-block-image\"><figure class=\"aligncenter size-large\"><img loading=\"lazy\" decoding=\"async\" width=\"800\" height=\"460\" src=\"https:\/\/www.leselfes.com\/wp-content\/uploads\/2020\/01\/Means-Of-Transport.jpg\" alt=\"Meios de transporte\" class=\"wp-image-42194\" srcset=\"https:\/\/www.leselfes.com\/wp-content\/uploads\/2020\/01\/Means-Of-Transport.jpg 800w, https:\/\/www.leselfes.com\/wp-content\/uploads\/2020\/01\/Means-Of-Transport-300x173.jpg 300w, https:\/\/www.leselfes.com\/wp-content\/uploads\/2020\/01\/Means-Of-Transport-768x442.jpg 768w, https:\/\/www.leselfes.com\/wp-content\/uploads\/2020\/01\/Means-Of-Transport-320x184.jpg 320w, https:\/\/www.leselfes.com\/wp-content\/uploads\/2020\/01\/Means-Of-Transport-640x368.jpg 640w, https:\/\/www.leselfes.com\/wp-content\/uploads\/2020\/01\/Means-Of-Transport-360x207.jpg 360w, https:\/\/www.leselfes.com\/wp-content\/uploads\/2020\/01\/Means-Of-Transport-720x414.jpg 720w\" sizes=\"(max-width: 800px) 100vw, 800px\" \/><\/figure><\/div>\n\n<p>Vais chegar \u00e0 est\u00e2ncia de carro, de comboio ou de avi\u00e3o?\nA tua proximidade de boas estradas, esta\u00e7\u00f5es de comboios ou aeroportos ajudar-te-\u00e1 a determinar isso.\nCada pessoa prefere um meio de transporte espec\u00edfico, consoante as suas prefer\u00eancias e o seu or\u00e7amento.\nSe estiveres a viajar com crian\u00e7as pequenas, por exemplo, talvez queiras ir o mais depressa poss\u00edvel para a est\u00e2ncia.\nNeste caso, um avi\u00e3o seria vi\u00e1vel se o teu or\u00e7amento o permitir.      <\/p>\n\n<p>N\u00e3o te esque\u00e7as de que, por uma quest\u00e3o de comodidade, podes ter de organizar com anteced\u00eancia o transporte para o aeroporto.\nNo entanto, se os teus filhos forem mais velhos, podes optar por viajar de comboio.\nEsta ser\u00e1 uma boa oportunidade para te aventurares e te maravilhares com as belas paisagens ao longo do caminho.    <\/p>\n\n<h2 class=\"wp-block-heading\">Vais ter aulas de esqui?<\/h2>\n\n<p>Tens principiantes no teu grupo?\nEst\u00e3o interessados em ter aulas de esqui?\nVale a pena mencionar que as aulas de esqui e os cursos de reciclagem s\u00e3o ideais tanto para os esquiadores principiantes como para os experientes.    <\/p>\n\n<p>Estes ser\u00e3o \u00fateis para te ajudar a tirar o m\u00e1ximo partido das tuas f\u00e9rias de esqui em fam\u00edlia em 2019.\nSe precisares de aulas, dever\u00e1s ponderar v\u00e1rias op\u00e7\u00f5es.   <\/p>\n\n<p>Lembra-te, as escolas de esqui s\u00e3o muitas vezes esquecidas durante as f\u00e9rias escolares.\nN\u00e3o queres esperar at\u00e9 ao \u00faltimo minuto para fazer a tua reserva.   <\/p>\n\n<h3 class=\"wp-block-heading\">Considera\u00e7\u00f5es a fazer antes de escolheres uma escola de esqui<\/h3>\n\n<ul class=\"wp-block-list\"><li>Tens instrutores qualificados e experientes?<\/li><li>T\u00eam uma reputa\u00e7\u00e3o e cr\u00edticas positivas?<\/li><li>Os seus instrutores falam ingl\u00eas fluentemente?<\/li><li>Qual \u00e9 o tamanho de grupo que preferem?<\/li><\/ul>\n\n<h2 class=\"wp-block-heading\">Equipamento que vais precisar<\/h2>\n\n<div class=\"wp-block-image\"><figure class=\"aligncenter size-large\"><img loading=\"lazy\" decoding=\"async\" width=\"473\" height=\"355\" src=\"https:\/\/www.leselfes.com\/wp-content\/uploads\/2020\/01\/Ski-Equipments.jpg\" alt=\"Equipamentos de esqui\" class=\"wp-image-42195\" srcset=\"https:\/\/www.leselfes.com\/wp-content\/uploads\/2020\/01\/Ski-Equipments.jpg 473w, https:\/\/www.leselfes.com\/wp-content\/uploads\/2020\/01\/Ski-Equipments-300x225.jpg 300w, https:\/\/www.leselfes.com\/wp-content\/uploads\/2020\/01\/Ski-Equipments-320x240.jpg 320w, https:\/\/www.leselfes.com\/wp-content\/uploads\/2020\/01\/Ski-Equipments-360x270.jpg 360w\" sizes=\"(max-width: 473px) 100vw, 473px\" \/><\/figure><\/div>\n\n<p>\u00c0 medida que o esqui se torna mais popular, os pre\u00e7os do aluguer de equipamento de esqui est\u00e3o a aumentar.\nMuitos esquiadores t\u00eam dificuldade em decidir se compram ou alugam equipamento de esqui.\nMuitas vezes, a decis\u00e3o depende da regularidade com que esquias, do teu n\u00edvel de aptid\u00e3o e do teu or\u00e7amento.    <\/p>\n\n<p>Quer sejas um principiante ou um esquiador experiente, vais precisar de um par de botas de esqui que te sirva bem.\nEncontrar o tamanho certo de botas de esqui para alugar pode ser uma tarefa \u00e1rdua.\nN\u00e3o vais querer ter de lutar com botas mal ajustadas durante as tuas f\u00e9rias de esqui em fam\u00edlia em 2019.    <\/p>\n\n<p>Possuir o teu par de botas de esqui pode ser a op\u00e7\u00e3o ideal, embora dispendiosa.\nNo entanto, se n\u00e3o esquias regularmente, podes optar por alugar um par de botas de esqui bem ajustado na est\u00e2ncia.\nA vantagem de alugar na est\u00e2ncia \u00e9 que esta tem muitos pares para escolheres.\nAl\u00e9m disso, podes resolver facilmente qualquer problema que surja.     <\/p>\n\n<p>Tu e a tua fam\u00edlia tamb\u00e9m v\u00e3o precisar de: casaco de esqui, cal\u00e7as de esqui, meias de esqui, \u00f3culos de prote\u00e7\u00e3o, cal\u00e7as t\u00e9rmicas, luvas, um len\u00e7o ou um cachecol e camadas interm\u00e9dias.\nO capacete \u00e9 uma das ferramentas essenciais para esquiar.\nPodes trazer o teu ou alugar um na est\u00e2ncia.    <\/p>\n\n<h2 class=\"wp-block-heading\">Finalmente<\/h2>\n\n<p>Est\u00e1s a planear as tuas f\u00e9rias de esqui em fam\u00edlia para 2019?\nQuer tenhas beb\u00e9s ou crian\u00e7as mais novas, podes desfrutar de umas f\u00e9rias fant\u00e1sticas a pre\u00e7os simp\u00e1ticos.\nTudo o que precisas \u00e9 de pesquisar bastante e planear com anteced\u00eancia.    <\/p>\n","protected":false},"excerpt":{"rendered":"<p>Planear umas f\u00e9rias de esqui em fam\u00edlia pode ser uma tarefa dif\u00edcil. Com tantas est\u00e2ncias de esqui por onde escolher? Determinar com anteced\u00eancia onde ir permite-te garantir as melhores est\u00e2ncias&#8230;<\/p>\n","protected":false},"author":1,"featured_media":0,"comment_status":"open","ping_status":"open","sticky":false,"template":"","format":"standard","meta":{"_acf_changed":false,"inline_featured_image":false,"footnotes":""},"categories":[1107,1103],"tags":[],"class_list":{"0":"post-86751","1":"post","2":"type-post","3":"status-publish","4":"format-standard","6":"category-acampamento-de-inverno","7":"category-artigos"},"acf":[],"yoast_head":"<!-- This site is optimized with the Yoast SEO Premium plugin v24.2 (Yoast SEO v24.7) - https:\/\/yoast.com\/wordpress\/plugins\/seo\/ -->\n<title>Como planear as f\u00e9rias de esqui em fam\u00edlia ideais - Les Elfes International Camps Switzerland<\/title>\n<meta name=\"robots\" content=\"index, follow, max-snippet:-1, max-image-preview:large, max-video-preview:-1\" \/>\n<link rel=\"canonical\" href=\"https:\/\/www.leselfes.com\/pt-pt\/como-planear-as-ferias-de-esqui-em-familia-ideais\/\" \/>\n<meta property=\"og:locale\" content=\"pt_PT\" \/>\n<meta property=\"og:type\" content=\"article\" \/>\n<meta property=\"og:title\" content=\"Como planear as f\u00e9rias de esqui em fam\u00edlia ideais\" \/>\n<meta property=\"og:description\" content=\"Planear umas f\u00e9rias de esqui em fam\u00edlia pode ser uma tarefa dif\u00edcil. Com tantas est\u00e2ncias de esqui por onde escolher? Determinar com anteced\u00eancia onde ir permite-te garantir as melhores est\u00e2ncias...\" \/>\n<meta property=\"og:url\" content=\"https:\/\/www.leselfes.com\/pt-pt\/como-planear-as-ferias-de-esqui-em-familia-ideais\/\" \/>\n<meta property=\"og:site_name\" content=\"Les Elfes International Camps Switzerland\" \/>\n<meta property=\"article:publisher\" content=\"https:\/\/www.facebook.com\/LesElfesVerbier\" \/>\n<meta property=\"article:published_time\" content=\"2020-01-08T05:59:02+00:00\" \/>\n<meta property=\"article:modified_time\" content=\"2024-10-03T16:17:53+00:00\" \/>\n<meta property=\"og:image\" content=\"https:\/\/dev.leselfes.com\/wp-content\/uploads\/2020\/01\/Ideal-Family-Ski-Holiday.jpg\" \/>\n<meta name=\"author\" content=\"lesadmin\" \/>\n<meta name=\"twitter:card\" content=\"summary_large_image\" \/>\n<meta name=\"twitter:creator\" content=\"@LesElfesCamps\" \/>\n<meta name=\"twitter:site\" content=\"@LesElfesCamps\" \/>\n<meta name=\"twitter:label1\" content=\"Escrito por\" \/>\n\t<meta name=\"twitter:data1\" content=\"lesadmin\" \/>\n\t<meta name=\"twitter:label2\" content=\"Tempo estimado de leitura\" \/>\n\t<meta name=\"twitter:data2\" content=\"9 minutos\" \/>\n<script type=\"application\/ld+json\" class=\"yoast-schema-graph\">{\"@context\":\"https:\/\/schema.org\",\"@graph\":[{\"@type\":\"Article\",\"@id\":\"https:\/\/www.leselfes.com\/pt-pt\/como-planear-as-ferias-de-esqui-em-familia-ideais\/#article\",\"isPartOf\":{\"@id\":\"https:\/\/www.leselfes.com\/pt-pt\/como-planear-as-ferias-de-esqui-em-familia-ideais\/\"},\"author\":{\"name\":\"lesadmin\",\"@id\":\"https:\/\/dev.leselfes.com\/#\/schema\/person\/407a229698868b8c603874b19f37f289\"},\"headline\":\"Como planear as f\u00e9rias de esqui em fam\u00edlia ideais\",\"datePublished\":\"2020-01-08T05:59:02+00:00\",\"dateModified\":\"2024-10-03T16:17:53+00:00\",\"mainEntityOfPage\":{\"@id\":\"https:\/\/www.leselfes.com\/pt-pt\/como-planear-as-ferias-de-esqui-em-familia-ideais\/\"},\"wordCount\":1910,\"commentCount\":0,\"publisher\":{\"@id\":\"https:\/\/dev.leselfes.com\/#organization\"},\"image\":{\"@id\":\"https:\/\/www.leselfes.com\/pt-pt\/como-planear-as-ferias-de-esqui-em-familia-ideais\/#primaryimage\"},\"thumbnailUrl\":\"https:\/\/www.leselfes.com\/wp-content\/uploads\/2020\/01\/Ideal-Family-Ski-Holiday.jpg\",\"articleSection\":[\"Acampamento de inverno\",\"Artigos\"],\"inLanguage\":\"pt-PT\",\"potentialAction\":[{\"@type\":\"CommentAction\",\"name\":\"Comment\",\"target\":[\"https:\/\/www.leselfes.com\/pt-pt\/como-planear-as-ferias-de-esqui-em-familia-ideais\/#respond\"]}]},{\"@type\":\"WebPage\",\"@id\":\"https:\/\/www.leselfes.com\/pt-pt\/como-planear-as-ferias-de-esqui-em-familia-ideais\/\",\"url\":\"https:\/\/www.leselfes.com\/pt-pt\/como-planear-as-ferias-de-esqui-em-familia-ideais\/\",\"name\":\"Como planear as f\u00e9rias de esqui em fam\u00edlia ideais - Les Elfes International Camps Switzerland\",\"isPartOf\":{\"@id\":\"https:\/\/dev.leselfes.com\/#website\"},\"primaryImageOfPage\":{\"@id\":\"https:\/\/www.leselfes.com\/pt-pt\/como-planear-as-ferias-de-esqui-em-familia-ideais\/#primaryimage\"},\"image\":{\"@id\":\"https:\/\/www.leselfes.com\/pt-pt\/como-planear-as-ferias-de-esqui-em-familia-ideais\/#primaryimage\"},\"thumbnailUrl\":\"https:\/\/www.leselfes.com\/wp-content\/uploads\/2020\/01\/Ideal-Family-Ski-Holiday.jpg\",\"datePublished\":\"2020-01-08T05:59:02+00:00\",\"dateModified\":\"2024-10-03T16:17:53+00:00\",\"breadcrumb\":{\"@id\":\"https:\/\/www.leselfes.com\/pt-pt\/como-planear-as-ferias-de-esqui-em-familia-ideais\/#breadcrumb\"},\"inLanguage\":\"pt-PT\",\"potentialAction\":[{\"@type\":\"ReadAction\",\"target\":[\"https:\/\/www.leselfes.com\/pt-pt\/como-planear-as-ferias-de-esqui-em-familia-ideais\/\"]}]},{\"@type\":\"ImageObject\",\"inLanguage\":\"pt-PT\",\"@id\":\"https:\/\/www.leselfes.com\/pt-pt\/como-planear-as-ferias-de-esqui-em-familia-ideais\/#primaryimage\",\"url\":\"https:\/\/www.leselfes.com\/wp-content\/uploads\/2020\/01\/Ideal-Family-Ski-Holiday.jpg\",\"contentUrl\":\"https:\/\/www.leselfes.com\/wp-content\/uploads\/2020\/01\/Ideal-Family-Ski-Holiday.jpg\"},{\"@type\":\"BreadcrumbList\",\"@id\":\"https:\/\/www.leselfes.com\/pt-pt\/como-planear-as-ferias-de-esqui-em-familia-ideais\/#breadcrumb\",\"itemListElement\":[{\"@type\":\"ListItem\",\"position\":1,\"name\":\"Home\",\"item\":\"https:\/\/www.leselfes.com\/pt-pt\/\"},{\"@type\":\"ListItem\",\"position\":2,\"name\":\"Como planear as f\u00e9rias de esqui em fam\u00edlia ideais\"}]},{\"@type\":\"WebSite\",\"@id\":\"https:\/\/dev.leselfes.com\/#website\",\"url\":\"https:\/\/dev.leselfes.com\/\",\"name\":\"Les Elfes International\",\"description\":\"Les Elfes International, Verbier Switzerland. Summer Camp, Winter Camp, Spring Camps.\",\"publisher\":{\"@id\":\"https:\/\/dev.leselfes.com\/#organization\"},\"alternateName\":\"Les Elfes International\",\"potentialAction\":[{\"@type\":\"SearchAction\",\"target\":{\"@type\":\"EntryPoint\",\"urlTemplate\":\"https:\/\/dev.leselfes.com\/?s={search_term_string}\"},\"query-input\":{\"@type\":\"PropertyValueSpecification\",\"valueRequired\":true,\"valueName\":\"search_term_string\"}}],\"inLanguage\":\"pt-PT\"},{\"@type\":\"Organization\",\"@id\":\"https:\/\/dev.leselfes.com\/#organization\",\"name\":\"Les Elfes International\",\"alternateName\":\"Les Elfes International\",\"url\":\"https:\/\/dev.leselfes.com\/\",\"logo\":{\"@type\":\"ImageObject\",\"inLanguage\":\"pt-PT\",\"@id\":\"https:\/\/dev.leselfes.com\/#\/schema\/logo\/image\/\",\"url\":\"https:\/\/www.leselfes.com\/wp-content\/uploads\/2022\/03\/leselfes-logo.png\",\"contentUrl\":\"https:\/\/www.leselfes.com\/wp-content\/uploads\/2022\/03\/leselfes-logo.png\",\"width\":233,\"height\":51,\"caption\":\"Les Elfes International\"},\"image\":{\"@id\":\"https:\/\/dev.leselfes.com\/#\/schema\/logo\/image\/\"},\"sameAs\":[\"https:\/\/www.facebook.com\/LesElfesVerbier\",\"https:\/\/x.com\/LesElfesCamps\",\"https:\/\/www.instagram.com\/leselfes\",\"https:\/\/www.linkedin.com\/company\/les-elfes-international\",\"https:\/\/www.youtube.com\/user\/LesElfesVerbier\"]},{\"@type\":\"Person\",\"@id\":\"https:\/\/dev.leselfes.com\/#\/schema\/person\/407a229698868b8c603874b19f37f289\",\"name\":\"lesadmin\",\"image\":{\"@type\":\"ImageObject\",\"inLanguage\":\"pt-PT\",\"@id\":\"https:\/\/dev.leselfes.com\/#\/schema\/person\/image\/\",\"url\":\"https:\/\/secure.gravatar.com\/avatar\/fdb243a028df450397b3632d862f87f6?s=96&d=mm&r=g\",\"contentUrl\":\"https:\/\/secure.gravatar.com\/avatar\/fdb243a028df450397b3632d862f87f6?s=96&d=mm&r=g\",\"caption\":\"lesadmin\"},\"url\":\"https:\/\/www.leselfes.com\/pt-pt\/author\/lesadmin\/\"}]}<\/script>\n<!-- \/ Yoast SEO Premium plugin. -->","yoast_head_json":{"title":"Como planear as f\u00e9rias de esqui em fam\u00edlia ideais - Les Elfes International Camps Switzerland","robots":{"index":"index","follow":"follow","max-snippet":"max-snippet:-1","max-image-preview":"max-image-preview:large","max-video-preview":"max-video-preview:-1"},"canonical":"https:\/\/www.leselfes.com\/pt-pt\/como-planear-as-ferias-de-esqui-em-familia-ideais\/","og_locale":"pt_PT","og_type":"article","og_title":"Como planear as f\u00e9rias de esqui em fam\u00edlia ideais","og_description":"Planear umas f\u00e9rias de esqui em fam\u00edlia pode ser uma tarefa dif\u00edcil. Com tantas est\u00e2ncias de esqui por onde escolher? Determinar com anteced\u00eancia onde ir permite-te garantir as melhores est\u00e2ncias...","og_url":"https:\/\/www.leselfes.com\/pt-pt\/como-planear-as-ferias-de-esqui-em-familia-ideais\/","og_site_name":"Les Elfes International Camps Switzerland","article_publisher":"https:\/\/www.facebook.com\/LesElfesVerbier","article_published_time":"2020-01-08T05:59:02+00:00","article_modified_time":"2024-10-03T16:17:53+00:00","og_image":[{"url":"https:\/\/dev.leselfes.com\/wp-content\/uploads\/2020\/01\/Ideal-Family-Ski-Holiday.jpg","type":"","width":"","height":""}],"author":"lesadmin","twitter_card":"summary_large_image","twitter_creator":"@LesElfesCamps","twitter_site":"@LesElfesCamps","twitter_misc":{"Escrito por":"lesadmin","Tempo estimado de leitura":"9 minutos"},"schema":{"@context":"https:\/\/schema.org","@graph":[{"@type":"Article","@id":"https:\/\/www.leselfes.com\/pt-pt\/como-planear-as-ferias-de-esqui-em-familia-ideais\/#article","isPartOf":{"@id":"https:\/\/www.leselfes.com\/pt-pt\/como-planear-as-ferias-de-esqui-em-familia-ideais\/"},"author":{"name":"lesadmin","@id":"https:\/\/dev.leselfes.com\/#\/schema\/person\/407a229698868b8c603874b19f37f289"},"headline":"Como planear as f\u00e9rias de esqui em fam\u00edlia ideais","datePublished":"2020-01-08T05:59:02+00:00","dateModified":"2024-10-03T16:17:53+00:00","mainEntityOfPage":{"@id":"https:\/\/www.leselfes.com\/pt-pt\/como-planear-as-ferias-de-esqui-em-familia-ideais\/"},"wordCount":1910,"commentCount":0,"publisher":{"@id":"https:\/\/dev.leselfes.com\/#organization"},"image":{"@id":"https:\/\/www.leselfes.com\/pt-pt\/como-planear-as-ferias-de-esqui-em-familia-ideais\/#primaryimage"},"thumbnailUrl":"https:\/\/www.leselfes.com\/wp-content\/uploads\/2020\/01\/Ideal-Family-Ski-Holiday.jpg","articleSection":["Acampamento de inverno","Artigos"],"inLanguage":"pt-PT","potentialAction":[{"@type":"CommentAction","name":"Comment","target":["https:\/\/www.leselfes.com\/pt-pt\/como-planear-as-ferias-de-esqui-em-familia-ideais\/#respond"]}]},{"@type":"WebPage","@id":"https:\/\/www.leselfes.com\/pt-pt\/como-planear-as-ferias-de-esqui-em-familia-ideais\/","url":"https:\/\/www.leselfes.com\/pt-pt\/como-planear-as-ferias-de-esqui-em-familia-ideais\/","name":"Como planear as f\u00e9rias de esqui em fam\u00edlia ideais - Les Elfes International Camps Switzerland","isPartOf":{"@id":"https:\/\/dev.leselfes.com\/#website"},"primaryImageOfPage":{"@id":"https:\/\/www.leselfes.com\/pt-pt\/como-planear-as-ferias-de-esqui-em-familia-ideais\/#primaryimage"},"image":{"@id":"https:\/\/www.leselfes.com\/pt-pt\/como-planear-as-ferias-de-esqui-em-familia-ideais\/#primaryimage"},"thumbnailUrl":"https:\/\/www.leselfes.com\/wp-content\/uploads\/2020\/01\/Ideal-Family-Ski-Holiday.jpg","datePublished":"2020-01-08T05:59:02+00:00","dateModified":"2024-10-03T16:17:53+00:00","breadcrumb":{"@id":"https:\/\/www.leselfes.com\/pt-pt\/como-planear-as-ferias-de-esqui-em-familia-ideais\/#breadcrumb"},"inLanguage":"pt-PT","potentialAction":[{"@type":"ReadAction","target":["https:\/\/www.leselfes.com\/pt-pt\/como-planear-as-ferias-de-esqui-em-familia-ideais\/"]}]},{"@type":"ImageObject","inLanguage":"pt-PT","@id":"https:\/\/www.leselfes.com\/pt-pt\/como-planear-as-ferias-de-esqui-em-familia-ideais\/#primaryimage","url":"https:\/\/www.leselfes.com\/wp-content\/uploads\/2020\/01\/Ideal-Family-Ski-Holiday.jpg","contentUrl":"https:\/\/www.leselfes.com\/wp-content\/uploads\/2020\/01\/Ideal-Family-Ski-Holiday.jpg"},{"@type":"BreadcrumbList","@id":"https:\/\/www.leselfes.com\/pt-pt\/como-planear-as-ferias-de-esqui-em-familia-ideais\/#breadcrumb","itemListElement":[{"@type":"ListItem","position":1,"name":"Home","item":"https:\/\/www.leselfes.com\/pt-pt\/"},{"@type":"ListItem","position":2,"name":"Como planear as f\u00e9rias de esqui em fam\u00edlia ideais"}]},{"@type":"WebSite","@id":"https:\/\/dev.leselfes.com\/#website","url":"https:\/\/dev.leselfes.com\/","name":"Les Elfes International","description":"Les Elfes International, Verbier Switzerland. Summer Camp, Winter Camp, Spring Camps.","publisher":{"@id":"https:\/\/dev.leselfes.com\/#organization"},"alternateName":"Les Elfes International","potentialAction":[{"@type":"SearchAction","target":{"@type":"EntryPoint","urlTemplate":"https:\/\/dev.leselfes.com\/?s={search_term_string}"},"query-input":{"@type":"PropertyValueSpecification","valueRequired":true,"valueName":"search_term_string"}}],"inLanguage":"pt-PT"},{"@type":"Organization","@id":"https:\/\/dev.leselfes.com\/#organization","name":"Les Elfes International","alternateName":"Les Elfes International","url":"https:\/\/dev.leselfes.com\/","logo":{"@type":"ImageObject","inLanguage":"pt-PT","@id":"https:\/\/dev.leselfes.com\/#\/schema\/logo\/image\/","url":"https:\/\/www.leselfes.com\/wp-content\/uploads\/2022\/03\/leselfes-logo.png","contentUrl":"https:\/\/www.leselfes.com\/wp-content\/uploads\/2022\/03\/leselfes-logo.png","width":233,"height":51,"caption":"Les Elfes International"},"image":{"@id":"https:\/\/dev.leselfes.com\/#\/schema\/logo\/image\/"},"sameAs":["https:\/\/www.facebook.com\/LesElfesVerbier","https:\/\/x.com\/LesElfesCamps","https:\/\/www.instagram.com\/leselfes","https:\/\/www.linkedin.com\/company\/les-elfes-international","https:\/\/www.youtube.com\/user\/LesElfesVerbier"]},{"@type":"Person","@id":"https:\/\/dev.leselfes.com\/#\/schema\/person\/407a229698868b8c603874b19f37f289","name":"lesadmin","image":{"@type":"ImageObject","inLanguage":"pt-PT","@id":"https:\/\/dev.leselfes.com\/#\/schema\/person\/image\/","url":"https:\/\/secure.gravatar.com\/avatar\/fdb243a028df450397b3632d862f87f6?s=96&d=mm&r=g","contentUrl":"https:\/\/secure.gravatar.com\/avatar\/fdb243a028df450397b3632d862f87f6?s=96&d=mm&r=g","caption":"lesadmin"},"url":"https:\/\/www.leselfes.com\/pt-pt\/author\/lesadmin\/"}]}},"_links":{"self":[{"href":"https:\/\/www.leselfes.com\/pt-pt\/wp-json\/wp\/v2\/posts\/86751"}],"collection":[{"href":"https:\/\/www.leselfes.com\/pt-pt\/wp-json\/wp\/v2\/posts"}],"about":[{"href":"https:\/\/www.leselfes.com\/pt-pt\/wp-json\/wp\/v2\/types\/post"}],"author":[{"embeddable":true,"href":"https:\/\/www.leselfes.com\/pt-pt\/wp-json\/wp\/v2\/users\/1"}],"replies":[{"embeddable":true,"href":"https:\/\/www.leselfes.com\/pt-pt\/wp-json\/wp\/v2\/comments?post=86751"}],"version-history":[{"count":0,"href":"https:\/\/www.leselfes.com\/pt-pt\/wp-json\/wp\/v2\/posts\/86751\/revisions"}],"wp:attachment":[{"href":"https:\/\/www.leselfes.com\/pt-pt\/wp-json\/wp\/v2\/media?parent=86751"}],"wp:term":[{"taxonomy":"category","embeddable":true,"href":"https:\/\/www.leselfes.com\/pt-pt\/wp-json\/wp\/v2\/categories?post=86751"},{"taxonomy":"post_tag","embeddable":true,"href":"https:\/\/www.leselfes.com\/pt-pt\/wp-json\/wp\/v2\/tags?post=86751"}],"curies":[{"name":"wp","href":"https:\/\/api.w.org\/{rel}","templated":true}]}}