{"id":86779,"date":"2019-11-22T21:43:38","date_gmt":"2019-11-22T20:43:38","guid":{"rendered":"https:\/\/www.leselfes.com\/como-viajar-pela-suica-utilizando-os-transportes-publicos\/"},"modified":"2024-10-03T18:18:59","modified_gmt":"2024-10-03T16:18:59","slug":"como-viajar-pela-suica-utilizando-os-transportes-publicos","status":"publish","type":"post","link":"https:\/\/www.leselfes.com\/pt-pt\/como-viajar-pela-suica-utilizando-os-transportes-publicos\/","title":{"rendered":"Como viajar pela Su\u00ed\u00e7a utilizando os transportes p\u00fablicos"},"content":{"rendered":"\n<p>A rede de transportes p\u00fablicos na Su\u00ed\u00e7a n\u00e3o s\u00f3 \u00e9 eficiente, como tamb\u00e9m \u00e9 segura.\nAlgumas das op\u00e7\u00f5es que podes utilizar s\u00e3o os autocarros, os el\u00e9ctricos, os t\u00e1xis e os comboios.\nExistem tamb\u00e9m numerosos percursos de bicicleta.\nVamos discutir algumas das op\u00e7\u00f5es de transporte que podes utilizar para te deslocares pelas diferentes cidades.     <\/p>\n\n<h2 class=\"wp-block-heading\">Transportes p\u00fablicos su\u00ed\u00e7os<\/h2>\n\n<p>A Su\u00ed\u00e7a tem um dos sistemas de transportes p\u00fablicos mais organizados, com hor\u00e1rios e informa\u00e7\u00f5es dispon\u00edveis online.\nSe est\u00e1s a planear visitar a Su\u00ed\u00e7a por via ferrovi\u00e1ria, rodovi\u00e1ria ou a\u00e9rea, podes ter a garantia de chegar ao teu destino com o m\u00ednimo de dificuldades.   <\/p>\n\n<h2 class=\"wp-block-heading\">A rede ferrovi\u00e1ria su\u00ed\u00e7a<\/h2>\n\n<p>A rede ferrovi\u00e1ria su\u00ed\u00e7a \u00e9 c\u00f3moda e bem organizada; poder\u00e1s aceder a qualquer destino no pa\u00eds atrav\u00e9s dos caminhos-de-ferro.\nOs Caminhos-de-Ferro Federais Su\u00ed\u00e7os s\u00e3o tamb\u00e9m conhecidos em franc\u00eas como CFF, em italiano como FFS e em alem\u00e3o como <a href=\"https:\/\/www.sbb.ch\/en\/home.html\">SBB<\/a>.\nOferece aos viajantes m\u00faltiplas op\u00e7\u00f5es de escolha.\nPodes optar por viajar com bilhetes de 1\u00aa classe ou de 2\u00aa classe.\nA validade dos teus bilhetes depende muitas vezes da dist\u00e2ncia que vais percorrer e do meio de transporte que preferes utilizar.\nOs bilhetes de cidade dos Caminhos-de-Ferro Federais Su\u00ed\u00e7os d\u00e3o-te um passe de viagem de um dia para el\u00e9ctricos ou autocarros at\u00e9 ao teu destino.       <\/p>\n\n<h2 class=\"wp-block-heading\">O Swiss Pass<\/h2>\n\n<p>O Swiss Pass foi lan\u00e7ado no ver\u00e3o de 2015.\nIncorpora os anteriores cart\u00f5es de viagem, que vinham como um \u00fanico cart\u00e3o, num cart\u00e3o de pl\u00e1stico com chip.\nQuando foi lan\u00e7ado, apenas substituiu o cart\u00e3o GA e o cart\u00e3o Meia Tarifa.\nHoje, por\u00e9m, o Swiss Pass incorpora v\u00e1rios outros servi\u00e7os.\nAtualmente, o passe pode ser utilizado para cobrir os bilhetes para as est\u00e2ncias de esqui e o aluguer de bicicletas PubliBike.      <\/p>\n\n<h2 class=\"wp-block-heading\">Compreender a SBB (Schweizerische Bundesbahnen)<\/h2>\n\n<p>A aplica\u00e7\u00e3o SBB.ch ou a aplica\u00e7\u00e3o dos Caminhos-de-Ferro Federais Su\u00ed\u00e7os \u00e9 a melhor op\u00e7\u00e3o de aplica\u00e7\u00e3o de transportes que podes utilizar enquanto estiveres na Su\u00ed\u00e7a.\n\u00c9 a aplica\u00e7\u00e3o oficial do pa\u00eds que abrange barcos, comboios, el\u00e9ctricos, telef\u00e9ricos e metropolitanos.\n\u00c9 tamb\u00e9m a aplica\u00e7\u00e3o mais eficaz que podes utilizar para navegar pelo pa\u00eds.\nJ\u00e1 dispon\u00edvel numa vers\u00e3o actualizada, apresenta agora op\u00e7\u00f5es avan\u00e7adas para melhorar a tua comodidade de viagem.     <\/p>\n\n<h2 class=\"wp-block-heading\">Carater\u00edsticas da aplica\u00e7\u00e3o SBB<\/h2>\n\n<figure class=\"wp-block-image size-large\"><img loading=\"lazy\" decoding=\"async\" width=\"640\" height=\"640\" src=\"https:\/\/www.leselfes.com\/wp-content\/uploads\/2019\/11\/Characteristics-Of-The-Sbb-App.jpg\" alt=\"Carater&#xED;sticas-da-aplica&#xE7;&#xE3;o-Sbb\" class=\"wp-image-42304\" srcset=\"https:\/\/www.leselfes.com\/wp-content\/uploads\/2019\/11\/Characteristics-Of-The-Sbb-App.jpg 640w, https:\/\/www.leselfes.com\/wp-content\/uploads\/2019\/11\/Characteristics-Of-The-Sbb-App-300x300.jpg 300w, https:\/\/www.leselfes.com\/wp-content\/uploads\/2019\/11\/Characteristics-Of-The-Sbb-App-150x150.jpg 150w, https:\/\/www.leselfes.com\/wp-content\/uploads\/2019\/11\/Characteristics-Of-The-Sbb-App-320x320.jpg 320w, https:\/\/www.leselfes.com\/wp-content\/uploads\/2019\/11\/Characteristics-Of-The-Sbb-App-360x360.jpg 360w\" sizes=\"(max-width: 640px) 100vw, 640px\" \/><\/figure>\n\n<p>As carater\u00edsticas desta aplica\u00e7\u00e3o incluem;<\/p>\n\n<h3 class=\"wp-block-heading\">&#8211; Um hor\u00e1rio b\u00e1sico e t\u00e1til<\/h3>\n\n<p>A funcionalidade de hor\u00e1rio t\u00e1til \u00e9 uma das mais populares entre os viajantes na Su\u00ed\u00e7a.\nCom esta funcionalidade, podes utilizar a interface personalizada para alternar entre duas localiza\u00e7\u00f5es.\nIsto ir\u00e1 revelar os pr\u00f3ximos comboios dispon\u00edveis entre as localiza\u00e7\u00f5es.  <\/p>\n\n<p>Esta op\u00e7\u00e3o funciona perfeitamente e de forma r\u00e1pida. Podes escolher o \u00edcone de l\u00e1pis situado no canto inferior direito do ecr\u00e3 para personalizar os teus locais e incorporar os destinos que mais frequentas.\nEmbora muitos destinos venham com imagens predefinidas, podes escolher e carregar a tua imagem preferida a partir da tua biblioteca de fotografias.\nTamb\u00e9m podes alterar a localiza\u00e7\u00e3o e o tamanho de cada destino, de acordo com as tuas prefer\u00eancias.  <\/p>\n\n<p>O hor\u00e1rio normal foi especialmente concebido para funcionar em conformidade.\nPermite tamb\u00e9m que os utilizadores escolham a data da sua viagem preferida, para onde se dirigem e de onde v\u00eam.\nOs utilizadores poder\u00e3o tamb\u00e9m selecionar o seu modo de transporte.    <\/p>\n\n<h3 class=\"wp-block-heading\">&#8211; Experi\u00eancia do utilizador<\/h3>\n\n<p>Esta aplica\u00e7\u00e3o utiliza o teu GPS para determinar a tua localiza\u00e7\u00e3o.\nDepois de iniciares a tua conta Swiss Pass, esta \u00e9 personalizada para facilitar a sua utiliza\u00e7\u00e3o.\nVai \u00e0s defini\u00e7\u00f5es e clica em editar p\u00e1gina inicial.\nIsto permite-te personalizar o que os teus clientes v\u00e3o ver na aplica\u00e7\u00e3o ou na p\u00e1gina inicial.\nIsto aumenta a conveni\u00eancia desta aplica\u00e7\u00e3o.\nEmbora o SBB seja um sistema de transporte padr\u00e3o, \u00e9 f\u00e1cil de utilizar, elegante em termos de design e presta muita aten\u00e7\u00e3o aos detalhes, o que se espalha por toda a aplica\u00e7\u00e3o.       <\/p>\n\n<h3 class=\"wp-block-heading\">&#8211; Liga\u00e7\u00f5es<\/h3>\n\n<p>Ao preparares a tua viagem, o volume de informa\u00e7\u00e3o assegurado em cada sess\u00e3o \u00e9 essencial, tendo em conta o tamanho do ecr\u00e3 atribu\u00eddo a cada liga\u00e7\u00e3o.\nCada liga\u00e7\u00e3o nesta aplica\u00e7\u00e3o apresenta o n\u00famero de liga\u00e7\u00f5es, a dura\u00e7\u00e3o, a partida e a chegada, a disponibilidade aproximada em 1\u00aa e 2\u00aa classe, a plataforma de sa\u00edda, bem como a dist\u00e2ncia a p\u00e9, se for caso disso, tanto no in\u00edcio como no fim da tua viagem. <\/p>\n\n<p>A escolha de uma liga\u00e7\u00e3o individual leva-te a outro ecr\u00e3 com mais detalhes.\nAl\u00e9m disso, inclui mapas que podes ajustar para apresentar os percursos pedestres entre as liga\u00e7\u00f5es.\nAo selecionar os \u00edcones de tr\u00eas pontos localizados na \u00e1rea superior direita, podes incluir a liga\u00e7\u00e3o nas tuas viagens, partilhar a informa\u00e7\u00e3o atrav\u00e9s da tua aplica\u00e7\u00e3o de mensagens preferida e exportar o itiner\u00e1rio para o calend\u00e1rio predefinido do teu telem\u00f3vel.  <\/p>\n\n<p>Por fim, podes comprar os teus bilhetes de forma f\u00e1cil e r\u00e1pida a partir do teu ecr\u00e3.\nNo entanto, primeiro tens de configurar o teu perfil, iniciando sess\u00e3o na tua conta Swiss Pass.\nAl\u00e9m disso, podes escolher os tipos de bilhetes de que necessitas e pag\u00e1-los utilizando o teu m\u00e9todo de pagamento preferido.    <\/p>\n\n<h2 class=\"wp-block-heading\">Pagamento de bilhetes e embarque<\/h2>\n\n<p>Os ve\u00edculos <a href=\"https:\/\/lostinswitzerland.com\/public-transport-101\/\">de transporte p\u00fablico<\/a> na Su\u00ed\u00e7a est\u00e3o equipados com portas de gest\u00e3o de passageiros avan\u00e7adas e autom\u00e1ticas.\nOs bot\u00f5es est\u00e3o situados ao longo do pilar na porta interior e na porta exterior.\n\u00c9 de salientar que as portas s\u00f3 permanecem abertas durante 3 segundos, a n\u00e3o ser que carregues no bot\u00e3o ou que estejas junto ao estribo.  <\/p>\n\n<p>Al\u00e9m disso, deves <a href=\"https:\/\/www.leselfes.com\/pt-pt\/swiss-luxury-marcas-de-luxo-populares-da-suica\/\">saber<\/a> que muitos autocarros, comboios e el\u00e9ctricos n\u00e3o t\u00eam m\u00e1quinas de venda autom\u00e1tica incorporadas.\nPor isso, \u00e9 necess\u00e1rio comprares um bilhete com anteced\u00eancia para evitares multas pesadas.\nSe viajares nos autocarros amarelos, podes comprar os bilhetes ao motorista.  <\/p>\n\n<h2 class=\"wp-block-heading\">  Viajar de comboio na Su\u00ed\u00e7a<\/h2>\n\n<figure class=\"wp-block-image size-large\"><img loading=\"lazy\" decoding=\"async\" width=\"768\" height=\"768\" src=\"https:\/\/www.leselfes.com\/wp-content\/uploads\/2019\/11\/Traveling-In-Switzerland-By-Rail.jpg\" alt=\"Viajar na Su&#xED;&#xE7;a de comboio\" class=\"wp-image-42306\" srcset=\"https:\/\/www.leselfes.com\/wp-content\/uploads\/2019\/11\/Traveling-In-Switzerland-By-Rail.jpg 768w, https:\/\/www.leselfes.com\/wp-content\/uploads\/2019\/11\/Traveling-In-Switzerland-By-Rail-300x300.jpg 300w, https:\/\/www.leselfes.com\/wp-content\/uploads\/2019\/11\/Traveling-In-Switzerland-By-Rail-150x150.jpg 150w, https:\/\/www.leselfes.com\/wp-content\/uploads\/2019\/11\/Traveling-In-Switzerland-By-Rail-320x320.jpg 320w, https:\/\/www.leselfes.com\/wp-content\/uploads\/2019\/11\/Traveling-In-Switzerland-By-Rail-640x640.jpg 640w, https:\/\/www.leselfes.com\/wp-content\/uploads\/2019\/11\/Traveling-In-Switzerland-By-Rail-360x360.jpg 360w, https:\/\/www.leselfes.com\/wp-content\/uploads\/2019\/11\/Traveling-In-Switzerland-By-Rail-720x720.jpg 720w\" sizes=\"(max-width: 768px) 100vw, 768px\" \/><\/figure>\n\n<p>Para obteres o melhor da Su\u00ed\u00e7a, talvez queiras viajar de comboio.\nO comboio n\u00e3o s\u00f3 \u00e9 seguro e confort\u00e1vel, como tamb\u00e9m \u00e9 amigo do ambiente.\nCom o Swiss Travel Pass, podes embarcar em autocarros e comboios sem teres de comprar mais bilhetes.    <\/p>\n\n<h2 class=\"wp-block-heading\">Viajar para a Su\u00ed\u00e7a de autocarro postal<\/h2>\n\n<p>O servi\u00e7o de autocarros postais tamb\u00e9m \u00e9 perfeito quando se trata de explorar a Su\u00ed\u00e7a.\nO sistema \u00e9 composto pelos populares autocarros amarelos, utilizados h\u00e1 mais de 100 anos, que ajudam os passageiros a percorrer 848 rotas atrav\u00e9s de montanhas e lagos. <\/p>\n\n<p>Uma coisa que tu e toda a fam\u00edlia v\u00e3o gostar no servi\u00e7o de autocarro postal \u00e9 o conforto e a modernidade dos autocarros.\nAl\u00e9m disso, ter\u00e1s a oportunidade de viajar nos autocarros especialmente concebidos para atravessar os desfiladeiros alpinos.\nViajar de autocarro postal \u00e9 uma forma econ\u00f3mica de explorar o pa\u00eds.  <\/p>\n\n<h2 class=\"wp-block-heading\">Assegurar que as crian\u00e7as cheguem em seguran\u00e7a ao acampamento  <\/h2>\n\n<p>Muitas crian\u00e7as v\u00e3o acampar anualmente sem a companhia dos pais ou tutores.\nNo entanto, muitos pais t\u00eam receio de enviar os seus filhos sozinhos para <a href=\"https:\/\/www.leselfes.com\/pt-pt\/?page_id=85718\">um acampamento de ver\u00e3o<\/a>.\nSe o teu filho frequentar a est\u00e2ncia de campismo Les Elfes, podes ter a certeza de que o teu filho estar\u00e1 em seguran\u00e7a.  <\/p>\n\n<p>Em Les Elfes, existe um servi\u00e7o de recolha bem gerido que garante que os teus filhos chegam ao acampamento em seguran\u00e7a.\nAs crian\u00e7as s\u00e3o recolhidas no aeroporto por motoristas experientes e qualificados que as levam para o acampamento.\nEste sistema foi concebido para dar aos pais paz de esp\u00edrito, sabendo que os seus filhos est\u00e3o seguros e bem tratados.    <\/p>\n\n<h2 class=\"wp-block-heading\">Para onde v\u00e3o as crian\u00e7as n\u00e3o acompanhadas depois de descerem do avi\u00e3o?<\/h2>\n\n<p>Em Les Elfes, h\u00e1 uma gest\u00e3o adequada para garantir que cada campista receba o melhor tratamento.\nOs campistas desacompanhados ser\u00e3o recebidos no sagu\u00e3o de desembarque do Aeroporto de Genebra, onde Les Elfes tem um escrit\u00f3rio.\nAqui, eles ser\u00e3o recebidos por funcion\u00e1rios prestativos e simp\u00e1ticos que os transportar\u00e3o para um moderno \u00f4nibus particular para o acampamento.\nO tempo de chegada do aeroporto \u00e9 de aproximadamente uma hora e meia.     <\/p>\n\n<h2 class=\"wp-block-heading\">Isto significa que os pais n\u00e3o podem acompanhar os seus filhos ao acampamento?<\/h2>\n\n<p>Muitos pais t\u00eam o prazer de acompanhar os seus filhos ao acampamento, pelo menos para terem uma vis\u00e3o geral das actividades em que v\u00e3o participar.\nA dire\u00e7\u00e3o de Les Elfes est\u00e1 sempre pronta a receber os pais e encarregados de educa\u00e7\u00e3o.\nSe vierem de carro, os pais podem deixar os filhos no acampamento.  <\/p>\n\n<p>Podem at\u00e9 optar por passar a noite inteira com as crian\u00e7as.\nN\u00e3o h\u00e1 restri\u00e7\u00f5es quanto \u00e0 hora de chegada e de partida.\nIsto porque o campo recebe crian\u00e7as de diversos lugares do mundo.\nA hora de chegada depende, portanto, do fuso hor\u00e1rio de cada um.   <\/p>\n\n<p>Quer os campistas se <a href=\"https:\/\/www.leselfes.com\/pt-pt\/?p=86210\">desloquem<\/a> de ou para o parque de campismo, podes ter a garantia de que estar\u00e3o em seguran\u00e7a.\nEm Les Elfes, a seguran\u00e7a das crian\u00e7as est\u00e1 em primeiro lugar e isso \u00e9 suficiente para permitir que os pais enviem os seus filhos para o acampamento com o m\u00ednimo de preocupa\u00e7\u00f5es.   <\/p>\n\n<h2 class=\"wp-block-heading\">Quando \u00e9 que as crian\u00e7as devem viajar sozinhas?<\/h2>\n\n<p>As crian\u00e7as podem ser autorizadas a voar desacompanhadas a partir dos cinco anos de idade.\nNo entanto, vale a pena referir que cada companhia a\u00e9rea tem pol\u00edticas, requisitos e restri\u00e7\u00f5es diferentes.\nMuitas vezes, as companhias a\u00e9reas exigem o n\u00famero de telefone e o nome da pessoa que vai buscar a crian\u00e7a.\nO teu filho ficar\u00e1 sob os cuidados de um assistente a partir do momento em que entrar no avi\u00e3o.   <\/p>\n\n<p>O acompanhante entregar\u00e1 o teu filho \u00e0 pessoa que o vai buscar \u00e0 chegada ao destino.\nSe a viagem implicar o embarque num voo de liga\u00e7\u00e3o, o teu filho ser\u00e1 entregue a um funcion\u00e1rio do aeroporto ou ao agente da porta de embarque, que o encaminhar\u00e1 para a porta de embarque correta.\nO teu filho estar\u00e1 sempre sob a guarda de um adulto e n\u00e3o precisas de te preocupar com a sua seguran\u00e7a.\nMuitos aeroportos disp\u00f5em de salas de espera para crian\u00e7as, para as manter ocupadas e ocupadas.     <\/p>\n\n<h2 class=\"wp-block-heading\">Finalmente<\/h2>\n\n<p>Durante as f\u00e9rias escolares, muitas crian\u00e7as de v\u00e1rias partes do mundo v\u00e3o acampar na Su\u00ed\u00e7a.\nPermitir que o teu filho viaje para o estrangeiro permite-lhe explorar o pa\u00eds, tornar-se independente e ver a vida de uma perspetiva diferente.   <\/p>\n","protected":false},"excerpt":{"rendered":"<p>Continua a ler e familiariza-te com o sistema de transportes p\u00fablicos da Su\u00ed\u00e7a<\/p>\n","protected":false},"author":1,"featured_media":74695,"comment_status":"open","ping_status":"open","sticky":false,"template":"","format":"standard","meta":{"_acf_changed":false,"inline_featured_image":false,"footnotes":""},"categories":[1103],"tags":[],"class_list":{"0":"post-86779","1":"post","2":"type-post","3":"status-publish","4":"format-standard","5":"has-post-thumbnail","7":"category-artigos"},"acf":[],"yoast_head":"<!-- This site is optimized with the Yoast SEO Premium plugin v24.2 (Yoast SEO v24.7) - https:\/\/yoast.com\/wordpress\/plugins\/seo\/ -->\n<title>Como viajar pela Su\u00ed\u00e7a utilizando os transportes p\u00fablicos - Les Elfes International Camps Switzerland<\/title>\n<meta name=\"robots\" content=\"index, follow, max-snippet:-1, max-image-preview:large, max-video-preview:-1\" \/>\n<link rel=\"canonical\" href=\"https:\/\/www.leselfes.com\/pt-pt\/como-viajar-pela-suica-utilizando-os-transportes-publicos\/\" \/>\n<meta property=\"og:locale\" content=\"pt_PT\" \/>\n<meta property=\"og:type\" content=\"article\" \/>\n<meta property=\"og:title\" content=\"Como viajar pela Su\u00ed\u00e7a utilizando os transportes p\u00fablicos\" \/>\n<meta property=\"og:description\" content=\"Continua a ler e familiariza-te com o sistema de transportes p\u00fablicos da Su\u00ed\u00e7a\" \/>\n<meta property=\"og:url\" content=\"https:\/\/www.leselfes.com\/pt-pt\/como-viajar-pela-suica-utilizando-os-transportes-publicos\/\" \/>\n<meta property=\"og:site_name\" content=\"Les Elfes International Camps Switzerland\" \/>\n<meta property=\"article:publisher\" content=\"https:\/\/www.facebook.com\/LesElfesVerbier\" \/>\n<meta property=\"article:published_time\" content=\"2019-11-22T20:43:38+00:00\" \/>\n<meta property=\"article:modified_time\" content=\"2024-10-03T16:18:59+00:00\" \/>\n<meta property=\"og:image\" content=\"https:\/\/dev.leselfes.com\/wp-content\/uploads\/2019\/11\/Public-Transportation.jpg\" \/>\n\t<meta property=\"og:image:width\" content=\"800\" \/>\n\t<meta property=\"og:image:height\" content=\"600\" \/>\n\t<meta property=\"og:image:type\" content=\"image\/jpeg\" \/>\n<meta name=\"author\" content=\"lesadmin\" \/>\n<meta name=\"twitter:card\" content=\"summary_large_image\" \/>\n<meta name=\"twitter:creator\" content=\"@LesElfesCamps\" \/>\n<meta name=\"twitter:site\" content=\"@LesElfesCamps\" \/>\n<meta name=\"twitter:label1\" content=\"Escrito por\" \/>\n\t<meta name=\"twitter:data1\" content=\"lesadmin\" \/>\n\t<meta name=\"twitter:label2\" content=\"Tempo estimado de leitura\" \/>\n\t<meta name=\"twitter:data2\" content=\"9 minutos\" \/>\n<script type=\"application\/ld+json\" class=\"yoast-schema-graph\">{\"@context\":\"https:\/\/schema.org\",\"@graph\":[{\"@type\":\"Article\",\"@id\":\"https:\/\/www.leselfes.com\/pt-pt\/como-viajar-pela-suica-utilizando-os-transportes-publicos\/#article\",\"isPartOf\":{\"@id\":\"https:\/\/www.leselfes.com\/pt-pt\/como-viajar-pela-suica-utilizando-os-transportes-publicos\/\"},\"author\":{\"name\":\"lesadmin\",\"@id\":\"https:\/\/dev.leselfes.com\/#\/schema\/person\/407a229698868b8c603874b19f37f289\"},\"headline\":\"Como viajar pela Su\u00ed\u00e7a utilizando os transportes p\u00fablicos\",\"datePublished\":\"2019-11-22T20:43:38+00:00\",\"dateModified\":\"2024-10-03T16:18:59+00:00\",\"mainEntityOfPage\":{\"@id\":\"https:\/\/www.leselfes.com\/pt-pt\/como-viajar-pela-suica-utilizando-os-transportes-publicos\/\"},\"wordCount\":1850,\"commentCount\":0,\"publisher\":{\"@id\":\"https:\/\/dev.leselfes.com\/#organization\"},\"image\":{\"@id\":\"https:\/\/www.leselfes.com\/pt-pt\/como-viajar-pela-suica-utilizando-os-transportes-publicos\/#primaryimage\"},\"thumbnailUrl\":\"https:\/\/www.leselfes.com\/wp-content\/uploads\/2019\/11\/Public-Transportation.jpg\",\"articleSection\":[\"Artigos\"],\"inLanguage\":\"pt-PT\",\"potentialAction\":[{\"@type\":\"CommentAction\",\"name\":\"Comment\",\"target\":[\"https:\/\/www.leselfes.com\/pt-pt\/como-viajar-pela-suica-utilizando-os-transportes-publicos\/#respond\"]}]},{\"@type\":\"WebPage\",\"@id\":\"https:\/\/www.leselfes.com\/pt-pt\/como-viajar-pela-suica-utilizando-os-transportes-publicos\/\",\"url\":\"https:\/\/www.leselfes.com\/pt-pt\/como-viajar-pela-suica-utilizando-os-transportes-publicos\/\",\"name\":\"Como viajar pela Su\u00ed\u00e7a utilizando os transportes p\u00fablicos - Les Elfes International Camps Switzerland\",\"isPartOf\":{\"@id\":\"https:\/\/dev.leselfes.com\/#website\"},\"primaryImageOfPage\":{\"@id\":\"https:\/\/www.leselfes.com\/pt-pt\/como-viajar-pela-suica-utilizando-os-transportes-publicos\/#primaryimage\"},\"image\":{\"@id\":\"https:\/\/www.leselfes.com\/pt-pt\/como-viajar-pela-suica-utilizando-os-transportes-publicos\/#primaryimage\"},\"thumbnailUrl\":\"https:\/\/www.leselfes.com\/wp-content\/uploads\/2019\/11\/Public-Transportation.jpg\",\"datePublished\":\"2019-11-22T20:43:38+00:00\",\"dateModified\":\"2024-10-03T16:18:59+00:00\",\"breadcrumb\":{\"@id\":\"https:\/\/www.leselfes.com\/pt-pt\/como-viajar-pela-suica-utilizando-os-transportes-publicos\/#breadcrumb\"},\"inLanguage\":\"pt-PT\",\"potentialAction\":[{\"@type\":\"ReadAction\",\"target\":[\"https:\/\/www.leselfes.com\/pt-pt\/como-viajar-pela-suica-utilizando-os-transportes-publicos\/\"]}]},{\"@type\":\"ImageObject\",\"inLanguage\":\"pt-PT\",\"@id\":\"https:\/\/www.leselfes.com\/pt-pt\/como-viajar-pela-suica-utilizando-os-transportes-publicos\/#primaryimage\",\"url\":\"https:\/\/www.leselfes.com\/wp-content\/uploads\/2019\/11\/Public-Transportation.jpg\",\"contentUrl\":\"https:\/\/www.leselfes.com\/wp-content\/uploads\/2019\/11\/Public-Transportation.jpg\",\"width\":800,\"height\":600},{\"@type\":\"BreadcrumbList\",\"@id\":\"https:\/\/www.leselfes.com\/pt-pt\/como-viajar-pela-suica-utilizando-os-transportes-publicos\/#breadcrumb\",\"itemListElement\":[{\"@type\":\"ListItem\",\"position\":1,\"name\":\"Home\",\"item\":\"https:\/\/www.leselfes.com\/pt-pt\/\"},{\"@type\":\"ListItem\",\"position\":2,\"name\":\"Como viajar pela Su\u00ed\u00e7a utilizando os transportes p\u00fablicos\"}]},{\"@type\":\"WebSite\",\"@id\":\"https:\/\/dev.leselfes.com\/#website\",\"url\":\"https:\/\/dev.leselfes.com\/\",\"name\":\"Les Elfes International\",\"description\":\"Les Elfes International, Verbier Switzerland. Summer Camp, Winter Camp, Spring Camps.\",\"publisher\":{\"@id\":\"https:\/\/dev.leselfes.com\/#organization\"},\"alternateName\":\"Les Elfes International\",\"potentialAction\":[{\"@type\":\"SearchAction\",\"target\":{\"@type\":\"EntryPoint\",\"urlTemplate\":\"https:\/\/dev.leselfes.com\/?s={search_term_string}\"},\"query-input\":{\"@type\":\"PropertyValueSpecification\",\"valueRequired\":true,\"valueName\":\"search_term_string\"}}],\"inLanguage\":\"pt-PT\"},{\"@type\":\"Organization\",\"@id\":\"https:\/\/dev.leselfes.com\/#organization\",\"name\":\"Les Elfes International\",\"alternateName\":\"Les Elfes International\",\"url\":\"https:\/\/dev.leselfes.com\/\",\"logo\":{\"@type\":\"ImageObject\",\"inLanguage\":\"pt-PT\",\"@id\":\"https:\/\/dev.leselfes.com\/#\/schema\/logo\/image\/\",\"url\":\"https:\/\/www.leselfes.com\/wp-content\/uploads\/2022\/03\/leselfes-logo.png\",\"contentUrl\":\"https:\/\/www.leselfes.com\/wp-content\/uploads\/2022\/03\/leselfes-logo.png\",\"width\":233,\"height\":51,\"caption\":\"Les Elfes International\"},\"image\":{\"@id\":\"https:\/\/dev.leselfes.com\/#\/schema\/logo\/image\/\"},\"sameAs\":[\"https:\/\/www.facebook.com\/LesElfesVerbier\",\"https:\/\/x.com\/LesElfesCamps\",\"https:\/\/www.instagram.com\/leselfes\",\"https:\/\/www.linkedin.com\/company\/les-elfes-international\",\"https:\/\/www.youtube.com\/user\/LesElfesVerbier\"]},{\"@type\":\"Person\",\"@id\":\"https:\/\/dev.leselfes.com\/#\/schema\/person\/407a229698868b8c603874b19f37f289\",\"name\":\"lesadmin\",\"image\":{\"@type\":\"ImageObject\",\"inLanguage\":\"pt-PT\",\"@id\":\"https:\/\/dev.leselfes.com\/#\/schema\/person\/image\/\",\"url\":\"https:\/\/secure.gravatar.com\/avatar\/fdb243a028df450397b3632d862f87f6?s=96&d=mm&r=g\",\"contentUrl\":\"https:\/\/secure.gravatar.com\/avatar\/fdb243a028df450397b3632d862f87f6?s=96&d=mm&r=g\",\"caption\":\"lesadmin\"},\"url\":\"https:\/\/www.leselfes.com\/pt-pt\/author\/lesadmin\/\"}]}<\/script>\n<!-- \/ Yoast SEO Premium plugin. -->","yoast_head_json":{"title":"Como viajar pela Su\u00ed\u00e7a utilizando os transportes p\u00fablicos - Les Elfes International Camps Switzerland","robots":{"index":"index","follow":"follow","max-snippet":"max-snippet:-1","max-image-preview":"max-image-preview:large","max-video-preview":"max-video-preview:-1"},"canonical":"https:\/\/www.leselfes.com\/pt-pt\/como-viajar-pela-suica-utilizando-os-transportes-publicos\/","og_locale":"pt_PT","og_type":"article","og_title":"Como viajar pela Su\u00ed\u00e7a utilizando os transportes p\u00fablicos","og_description":"Continua a ler e familiariza-te com o sistema de transportes p\u00fablicos da Su\u00ed\u00e7a","og_url":"https:\/\/www.leselfes.com\/pt-pt\/como-viajar-pela-suica-utilizando-os-transportes-publicos\/","og_site_name":"Les Elfes International Camps Switzerland","article_publisher":"https:\/\/www.facebook.com\/LesElfesVerbier","article_published_time":"2019-11-22T20:43:38+00:00","article_modified_time":"2024-10-03T16:18:59+00:00","og_image":[{"width":800,"height":600,"url":"https:\/\/dev.leselfes.com\/wp-content\/uploads\/2019\/11\/Public-Transportation.jpg","type":"image\/jpeg"}],"author":"lesadmin","twitter_card":"summary_large_image","twitter_creator":"@LesElfesCamps","twitter_site":"@LesElfesCamps","twitter_misc":{"Escrito por":"lesadmin","Tempo estimado de leitura":"9 minutos"},"schema":{"@context":"https:\/\/schema.org","@graph":[{"@type":"Article","@id":"https:\/\/www.leselfes.com\/pt-pt\/como-viajar-pela-suica-utilizando-os-transportes-publicos\/#article","isPartOf":{"@id":"https:\/\/www.leselfes.com\/pt-pt\/como-viajar-pela-suica-utilizando-os-transportes-publicos\/"},"author":{"name":"lesadmin","@id":"https:\/\/dev.leselfes.com\/#\/schema\/person\/407a229698868b8c603874b19f37f289"},"headline":"Como viajar pela Su\u00ed\u00e7a utilizando os transportes p\u00fablicos","datePublished":"2019-11-22T20:43:38+00:00","dateModified":"2024-10-03T16:18:59+00:00","mainEntityOfPage":{"@id":"https:\/\/www.leselfes.com\/pt-pt\/como-viajar-pela-suica-utilizando-os-transportes-publicos\/"},"wordCount":1850,"commentCount":0,"publisher":{"@id":"https:\/\/dev.leselfes.com\/#organization"},"image":{"@id":"https:\/\/www.leselfes.com\/pt-pt\/como-viajar-pela-suica-utilizando-os-transportes-publicos\/#primaryimage"},"thumbnailUrl":"https:\/\/www.leselfes.com\/wp-content\/uploads\/2019\/11\/Public-Transportation.jpg","articleSection":["Artigos"],"inLanguage":"pt-PT","potentialAction":[{"@type":"CommentAction","name":"Comment","target":["https:\/\/www.leselfes.com\/pt-pt\/como-viajar-pela-suica-utilizando-os-transportes-publicos\/#respond"]}]},{"@type":"WebPage","@id":"https:\/\/www.leselfes.com\/pt-pt\/como-viajar-pela-suica-utilizando-os-transportes-publicos\/","url":"https:\/\/www.leselfes.com\/pt-pt\/como-viajar-pela-suica-utilizando-os-transportes-publicos\/","name":"Como viajar pela Su\u00ed\u00e7a utilizando os transportes p\u00fablicos - Les Elfes International Camps Switzerland","isPartOf":{"@id":"https:\/\/dev.leselfes.com\/#website"},"primaryImageOfPage":{"@id":"https:\/\/www.leselfes.com\/pt-pt\/como-viajar-pela-suica-utilizando-os-transportes-publicos\/#primaryimage"},"image":{"@id":"https:\/\/www.leselfes.com\/pt-pt\/como-viajar-pela-suica-utilizando-os-transportes-publicos\/#primaryimage"},"thumbnailUrl":"https:\/\/www.leselfes.com\/wp-content\/uploads\/2019\/11\/Public-Transportation.jpg","datePublished":"2019-11-22T20:43:38+00:00","dateModified":"2024-10-03T16:18:59+00:00","breadcrumb":{"@id":"https:\/\/www.leselfes.com\/pt-pt\/como-viajar-pela-suica-utilizando-os-transportes-publicos\/#breadcrumb"},"inLanguage":"pt-PT","potentialAction":[{"@type":"ReadAction","target":["https:\/\/www.leselfes.com\/pt-pt\/como-viajar-pela-suica-utilizando-os-transportes-publicos\/"]}]},{"@type":"ImageObject","inLanguage":"pt-PT","@id":"https:\/\/www.leselfes.com\/pt-pt\/como-viajar-pela-suica-utilizando-os-transportes-publicos\/#primaryimage","url":"https:\/\/www.leselfes.com\/wp-content\/uploads\/2019\/11\/Public-Transportation.jpg","contentUrl":"https:\/\/www.leselfes.com\/wp-content\/uploads\/2019\/11\/Public-Transportation.jpg","width":800,"height":600},{"@type":"BreadcrumbList","@id":"https:\/\/www.leselfes.com\/pt-pt\/como-viajar-pela-suica-utilizando-os-transportes-publicos\/#breadcrumb","itemListElement":[{"@type":"ListItem","position":1,"name":"Home","item":"https:\/\/www.leselfes.com\/pt-pt\/"},{"@type":"ListItem","position":2,"name":"Como viajar pela Su\u00ed\u00e7a utilizando os transportes p\u00fablicos"}]},{"@type":"WebSite","@id":"https:\/\/dev.leselfes.com\/#website","url":"https:\/\/dev.leselfes.com\/","name":"Les Elfes International","description":"Les Elfes International, Verbier Switzerland. Summer Camp, Winter Camp, Spring Camps.","publisher":{"@id":"https:\/\/dev.leselfes.com\/#organization"},"alternateName":"Les Elfes International","potentialAction":[{"@type":"SearchAction","target":{"@type":"EntryPoint","urlTemplate":"https:\/\/dev.leselfes.com\/?s={search_term_string}"},"query-input":{"@type":"PropertyValueSpecification","valueRequired":true,"valueName":"search_term_string"}}],"inLanguage":"pt-PT"},{"@type":"Organization","@id":"https:\/\/dev.leselfes.com\/#organization","name":"Les Elfes International","alternateName":"Les Elfes International","url":"https:\/\/dev.leselfes.com\/","logo":{"@type":"ImageObject","inLanguage":"pt-PT","@id":"https:\/\/dev.leselfes.com\/#\/schema\/logo\/image\/","url":"https:\/\/www.leselfes.com\/wp-content\/uploads\/2022\/03\/leselfes-logo.png","contentUrl":"https:\/\/www.leselfes.com\/wp-content\/uploads\/2022\/03\/leselfes-logo.png","width":233,"height":51,"caption":"Les Elfes International"},"image":{"@id":"https:\/\/dev.leselfes.com\/#\/schema\/logo\/image\/"},"sameAs":["https:\/\/www.facebook.com\/LesElfesVerbier","https:\/\/x.com\/LesElfesCamps","https:\/\/www.instagram.com\/leselfes","https:\/\/www.linkedin.com\/company\/les-elfes-international","https:\/\/www.youtube.com\/user\/LesElfesVerbier"]},{"@type":"Person","@id":"https:\/\/dev.leselfes.com\/#\/schema\/person\/407a229698868b8c603874b19f37f289","name":"lesadmin","image":{"@type":"ImageObject","inLanguage":"pt-PT","@id":"https:\/\/dev.leselfes.com\/#\/schema\/person\/image\/","url":"https:\/\/secure.gravatar.com\/avatar\/fdb243a028df450397b3632d862f87f6?s=96&d=mm&r=g","contentUrl":"https:\/\/secure.gravatar.com\/avatar\/fdb243a028df450397b3632d862f87f6?s=96&d=mm&r=g","caption":"lesadmin"},"url":"https:\/\/www.leselfes.com\/pt-pt\/author\/lesadmin\/"}]}},"_links":{"self":[{"href":"https:\/\/www.leselfes.com\/pt-pt\/wp-json\/wp\/v2\/posts\/86779"}],"collection":[{"href":"https:\/\/www.leselfes.com\/pt-pt\/wp-json\/wp\/v2\/posts"}],"about":[{"href":"https:\/\/www.leselfes.com\/pt-pt\/wp-json\/wp\/v2\/types\/post"}],"author":[{"embeddable":true,"href":"https:\/\/www.leselfes.com\/pt-pt\/wp-json\/wp\/v2\/users\/1"}],"replies":[{"embeddable":true,"href":"https:\/\/www.leselfes.com\/pt-pt\/wp-json\/wp\/v2\/comments?post=86779"}],"version-history":[{"count":0,"href":"https:\/\/www.leselfes.com\/pt-pt\/wp-json\/wp\/v2\/posts\/86779\/revisions"}],"wp:featuredmedia":[{"embeddable":true,"href":"https:\/\/www.leselfes.com\/pt-pt\/wp-json\/wp\/v2\/media\/74695"}],"wp:attachment":[{"href":"https:\/\/www.leselfes.com\/pt-pt\/wp-json\/wp\/v2\/media?parent=86779"}],"wp:term":[{"taxonomy":"category","embeddable":true,"href":"https:\/\/www.leselfes.com\/pt-pt\/wp-json\/wp\/v2\/categories?post=86779"},{"taxonomy":"post_tag","embeddable":true,"href":"https:\/\/www.leselfes.com\/pt-pt\/wp-json\/wp\/v2\/tags?post=86779"}],"curies":[{"name":"wp","href":"https:\/\/api.w.org\/{rel}","templated":true}]}}