{"id":86816,"date":"2019-09-24T18:50:48","date_gmt":"2019-09-24T16:50:48","guid":{"rendered":"https:\/\/www.leselfes.com\/jogos-olimpicos-da-juventude-em-lausanne-suica\/"},"modified":"2024-10-03T18:19:45","modified_gmt":"2024-10-03T16:19:45","slug":"jogos-olimpicos-da-juventude-em-lausanne-suica","status":"publish","type":"post","link":"https:\/\/www.leselfes.com\/pt-pt\/jogos-olimpicos-da-juventude-em-lausanne-suica\/","title":{"rendered":"Jogos Ol\u00edmpicos da Juventude em Lausanne, Su\u00ed\u00e7a"},"content":{"rendered":"\n<p>Os Jogos Ol\u00edmpicos da Juventude de inverno, popularmente designados por Lausanne 2020, ter\u00e3o in\u00edcio de 9 a 22 de janeiro de 2020.\nEsta ser\u00e1 a terceira edi\u00e7\u00e3o dos Jogos Ol\u00edmpicos da Juventude de inverno, um evento internacional dominante de m\u00faltiplos desportos e um festival cultural para adolescentes.\nTer\u00e1 lugar em Lausanne, na Su\u00ed\u00e7a, o centro do Comit\u00e9 Ol\u00edmpico Internacional.    <\/p>\n\n<h2 class=\"wp-block-heading\">Sobre Lausanne, a capital ol\u00edmpica<\/h2>\n\n<p>Lausanne \u00e9, desde h\u00e1 muitos anos, o centro do Movimento Ol\u00edmpico contempor\u00e2neo.\nAtualmente, a regi\u00e3o \u00e9 a sede de mais de 50 organiza\u00e7\u00f5es desportivas internacionais.\nIsto explica porque \u00e9 que o desporto e os seus princ\u00edpios positivos continuaram a fazer parte da Su\u00ed\u00e7a como um todo.\nA vis\u00e3o do YOG \u00e9 motivar os jovens a abra\u00e7ar e viver de acordo com os princ\u00edpios ol\u00edmpicos.   <\/p>\n\n<p>S\u00e3o a amizade, o respeito e a excel\u00eancia de Lausanne, uma grande ideia com a qual muitas pessoas em toda a cidade se identificaram.\nIsto tem sido fundamental para os jovens na Su\u00ed\u00e7a e em todo o mundo.\nEm 2020, tanto a Su\u00ed\u00e7a como Lausanne est\u00e3o concentradas em destacar a heran\u00e7a ol\u00edmpica exclusiva.  <\/p>\n\n<h2 class=\"wp-block-heading\">Onde se realizar\u00e1 o evento?<\/h2>\n\n<p>Os Jogos Ol\u00edmpicos da Juventude realizar-se-\u00e3o em Lausanne, perto dos Alpes de Vaud e ao longo das margens do Lago de Genebra.\nA aldeia ol\u00edmpica situar-se-\u00e1 na zona central da cidade.\n\u00c9 aqui que se encontra o campus universit\u00e1rio com capacidade para 35.000 estudantes. <a href=\"https:\/\/www.olympic.org\/lausanne-2020-mascot\">A mascote<\/a> \u00e9 conhecida como Yodli.  <\/p>\n\n<p>\u00c9 um animal h\u00edbrido composto por v\u00e1rios animais su\u00ed\u00e7os simb\u00f3licos que habitam as montanhas su\u00ed\u00e7as.\nEntre eles est\u00e3o um c\u00e3o S\u00e3o Bernardo, uma cabra e uma vaca.\nAs carater\u00edsticas destes animais e a sua liga\u00e7\u00e3o com o ambiente s\u00e3o sintetizadas em Yodli.\nEstes animais mostram a diversidade das pessoas que participam nos Jogos Ol\u00edmpicos da Juventude de inverno em Lausanne 2020.     <\/p>\n\n<h2 class=\"wp-block-heading\">O que ser\u00e1 apresentado em Lausanne 2020<\/h2>\n\n<p>Pela primeira vez na hist\u00f3ria dos Jogos Ol\u00edmpicos de inverno, o programa dos Jogos Ol\u00edmpicos da Juventude incluir\u00e1 o alpinismo de esqui.\nTrata-se de escalar montanhas em esquis.\nDependendo da dificuldade da subida, os participantes poder\u00e3o ter de transportar os esquis.\nEventualmente, ter\u00e3o de esquiar de volta ao ponto de partida.\nO objetivo de abra\u00e7ar a igualdade de g\u00e9nero e mostrar a inova\u00e7\u00e3o resultou na introdu\u00e7\u00e3o de novas especialidades.\nPyeongChang, que fez a sua estreia nos Jogos Ol\u00edmpicos <a href=\"https:\/\/www.leselfes.com\/pt-pt\/?page_id=85750\">de inverno <\/a>em 2018, est\u00e1 finalmente a estrear-se nos Jogos Ol\u00edmpicos da Juventude.     <\/p>\n\n<p>V\u00e1rios desportos de curta dura\u00e7\u00e3o nos Jogos Ol\u00edmpicos da Juventude, como o h\u00f3quei 5s e o basquetebol 3 x 3, foram bem sucedidos.\nIsto levou \u00e0 inclus\u00e3o da vers\u00e3o inventiva do h\u00f3quei no gelo 3 x 3.\nDois novos eventos femininos, uma combina\u00e7\u00e3o de luge n\u00f3rdico e duplo, ser\u00e3o acrescentados aos Jogos Ol\u00edmpicos da Juventude de 2020.\nEstas provas foram concebidas para ajudar a criar um equil\u00edbrio entre os g\u00e9neros nos Jogos Ol\u00edmpicos da Juventude de inverno de 2020.     <\/p>\n\n<h2 class=\"wp-block-heading\">Acendimento da Chama dos Jogos Ol\u00edmpicos da Juventude<\/h2>\n\n<p>A chama dos Jogos Ol\u00edmpicos da Juventude de inverno foi acesa a 17 de setembro, numa cerim\u00f3nia convencional no Est\u00e1dio Panatenaico de Atenas.\nMais tarde, a chama regressou \u00e0 Su\u00ed\u00e7a para dar in\u00edcio a uma digress\u00e3o que incluiria uma paragem em cada distrito do pa\u00eds. <\/p>\n\n<p>No final da digress\u00e3o, a chama regressar\u00e1 \u00e0 capital ol\u00edmpica para o evento convencional de revezamento da tocha.\nA cerim\u00f3nia de abertura dos Jogos Ol\u00edmpicos da Juventude de inverno ter\u00e1 lugar a 9 de janeiro de 2020.   <\/p>\n\n<h2 class=\"wp-block-heading\">A Chama dos Jogos Ol\u00edmpicos da Juventude Lausanne 2020 acesa em Atenas<\/h2>\n\n<p>A cerim\u00f3nia de acendimento da tocha que precede qualquer estafeta da tocha ol\u00edmpica \u00e9 um dos eventos ol\u00edmpicos mais simb\u00f3licos.\nNo dia 17 de setembro, foi a vez de Lausanne 2020 ser o centro das aten\u00e7\u00f5es quando a chama ol\u00edmpica foi acesa, marcando o in\u00edcio da sua viagem de Atenas, na Gr\u00e9cia, para Lausanne, na Su\u00ed\u00e7a. <\/p>\n\n<p>Durante a cerim\u00f3nia, uma multid\u00e3o de 1400 crian\u00e7as de escolas locais, bem como representantes do Comit\u00e9 Ol\u00edmpico Hel\u00e9nico, assistiram ao acender da chama com os raios de sol, tal como se fazia nos antigos Jogos Ol\u00edmpicos.<\/p>\n\n<h2 class=\"wp-block-heading\">Em que consiste a cerim\u00f3nia de acendimento da tocha?<\/h2>\n\n<p>A cerim\u00f3nia de acendimento da tocha, que antecede a estafeta da tocha ol\u00edmpica, \u00e9 uma cerim\u00f3nia simb\u00f3lica.\nA chama \u00e9 acesa com os raios de sol, como acontecia durante os Jogos Ol\u00edmpicos arcaicos.\nAssim, acende a tocha ol\u00edmpica que continua a arder at\u00e9 \u00e0 cerim\u00f3nia de abertura dos Jogos Ol\u00edmpicos.  <\/p>\n\n<p>Durante a cerim\u00f3nia de acendimento da chama de Lausanne 2020 em Atenas, cerca de 1.400 crian\u00e7as de escolas assistiram ao evento.\nNa cerim\u00f3nia especial de acendimento da chama, juntaram-se a elas agentes do comit\u00e9 organizador local, o Comit\u00e9 Ol\u00edmpico Hel\u00e9nico e outros convidados. <\/p>\n\n<h2 class=\"wp-block-heading\">Para onde foi a Tocha a seguir?<\/h2>\n\n<p>A chama seguiu para Lausanne para o lan\u00e7amento oficial da digress\u00e3o da tocha, que come\u00e7ou a 21 de setembro.\nPrev\u00ea-se que a tocha percorra um percurso de 110 dias, numa clara demonstra\u00e7\u00e3o do esp\u00edrito dos Jogos Ol\u00edmpicos da Juventude aos habitantes locais.\nO percurso da tocha incluir\u00e1 actividades colectivas relacionadas com a juventude.  <\/p>\n\n<p>Al\u00e9m disso, haver\u00e1 um programa exclusivo sobre os Jogos de Lausanne 2020.\nA cereja no topo do bolo ser\u00e1 a cerim\u00f3nia de acendimento da tocha por convidados populares, como os atletas ol\u00edmpicos.   <\/p>\n\n<h2 class=\"wp-block-heading\">O que os assistentes da cerim\u00f3nia de acendimento da tocha t\u00eam a dizer<\/h2>\n\n<p>A cerim\u00f3nia contou com a presen\u00e7a de Danka Bartekova, presidente da Comiss\u00e3o de Coordena\u00e7\u00e3o do COI.\nAfirmou: &#8220;Esta chama dos Jogos Ol\u00edmpicos da Juventude ir\u00e1 inspirar os fant\u00e1sticos atletas que treinam arduamente para Lausanne 2020, bem como os jovens adeptos de todo o mundo. A sua viagem pela Su\u00ed\u00e7a tamb\u00e9m ajudar\u00e1 a destacar e a celebrar tudo o que a Su\u00ed\u00e7a tem para oferecer, bem como os jovens talentosos envolvidos nos preparativos. \u00c9 uma honra fazer parte desta viagem e trazer a chama de volta \u00e0 Capital Ol\u00edmpica&#8221;. <\/p>\n\n<p>Por seu lado, a Presidente de Lausanne 2020, Virginie Faivre, disse o seguinte.\n&#8220;Este \u00e9 um momento importante para Lausanne 2020, a cidade de Lausanne, o cant\u00e3o de Vaud e todo o nosso pa\u00eds. Esta foi uma viagem que durou quatro anos. Desde 2015, quando Lausanne foi selecionada como anfitri\u00e3 dos Jogos Ol\u00edmpicos da Juventude de inverno, temos trabalhado arduamente para criar Jogos \u00fanicos. Jogos para os jovens, pelos jovens e com os jovens. Hoje, n\u00e3o estamos apenas a acender a chama ol\u00edmpica; estamos tamb\u00e9m a acender o esp\u00edrito ol\u00edmpico de toda uma nova gera\u00e7\u00e3o de jovens na Su\u00ed\u00e7a e em todo o mundo&#8221;. <\/p>\n\n<h2 class=\"wp-block-heading\">A chegada da chama YOG \u00e0 Su\u00ed\u00e7a<\/h2>\n\n<p>No dia 18 de setembro de 2019, a chama dos Jogos Ol\u00edmpicos de inverno da Juventude aterrou no Aeroporto Internacional de Genebra.\nV\u00e1rias pessoas estiveram no terreno para receber a chama.\nEntre elas, representantes do Cant\u00e3o de Genebra, do Cant\u00e3o de Vaud, da cidade de Lausanne e de Lausanne 2020.\nOutros agentes presentes foram: o Comit\u00e9 Ol\u00edmpico Internacional (COI), a SWISS Romande e o Aeroporto de Genebra.   <\/p>\n\n<p>Um avi\u00e3o su\u00ed\u00e7o foi especialmente contratado para transportar a chama.\nAl\u00e9m disso, realizou-se uma confer\u00eancia de imprensa no interior do terminal.\nA confer\u00eancia centrou-se nos princ\u00edpios ol\u00edmpicos e na paz que a chama iria espalhar pela Su\u00ed\u00e7a e parte de Fran\u00e7a.\nA chama seguiu rapidamente para a pr\u00f3xima paragem, o que foi facilitado pela rede ferrovi\u00e1ria su\u00ed\u00e7a.   <\/p>\n\n<p>Vale a pena mencionar que podes fazer a liga\u00e7\u00e3o entre Lausanne e o aeroporto de Genebra de forma r\u00e1pida e f\u00e1cil.\nEst\u00e1s a planear assistir a algum dos passeios da tocha?\nOu desejas assistir \u00e0 cerim\u00f3nia de abertura dos Jogos Ol\u00edmpicos da Juventude?\nSe for esse o caso, ter\u00e1s acesso f\u00e1cil entre o Aeroporto de Genebra e Lausanne e vice-versa.     <\/p>\n\n<h2 class=\"wp-block-heading\">Cerca de 3.000 estudantes reunidos na celebra\u00e7\u00e3o de Lausanne 2020<\/h2>\n\n<p>No dia 19 de setembro, mais de 400 convidados e 3.000 estudantes reuniram-se no Stade Pierre-de-Coubertin, em Lausanne.\nO encontro foi organizado sob o tema: &#8220;Uma bandeira Lausanne 2020 em cada munic\u00edpio de Vaud&#8221;.\nAqui, eles comemoraram o Cant\u00e3o de Vaud.  <\/p>\n\n<p>O evento contou com a presen\u00e7a de um representante de cada munic\u00edpio acompanhado por dois estudantes que transportaram a bandeira municipal.\nEstes trocavam a bandeira do seu munic\u00edpio pela bandeira de Lausanne 2020.\nO evento simb\u00f3lico contou com a participa\u00e7\u00e3o de 612 alunos.  <\/p>\n\n<p>Num fen\u00f3meno surpreendente, a chama dos Jogos Ol\u00edmpicos da Juventude de Lausanne 2020 esteve presente no evento.\nQuatro jovens atletas trouxeram a chama para o est\u00e1dio, dias antes de ela embarcar numa digress\u00e3o pela Su\u00ed\u00e7a. <\/p>\n\n<p>A Chama Ol\u00edmpica da Juventude Lausanne 2020 tamb\u00e9m fez uma apari\u00e7\u00e3o surpresa, trazida ao est\u00e1dio por quatro jovens atletas, apenas alguns dias antes de a tocha partir para a sua viagem pela Su\u00ed\u00e7a.<\/p>\n\n<h2 class=\"wp-block-heading\">O que disseram os l\u00edderes presentes?<\/h2>\n\n<p>O Presidente da C\u00e2mara Municipal de Lausana, Gr\u00e9goire Junod, declarou &#8220;Reunir todos os munic\u00edpios de Vaud e os seus alunos em Lausana, cidade anfitri\u00e3 destes jogos, \u00e9 um momento altamente simb\u00f3lico.\nReflecte tamb\u00e9m o desejo da cidade de que este evento \u00fanico deixe um legado em termos de desporto e cultura.&#8221; <\/p>\n\n<p>O chefe do Departamento de Educa\u00e7\u00e3o, Juventude e Cultura do Cant\u00e3o de Vaud, Cesla Amarelle, tamb\u00e9m esteve presente.\nDiz ele: &#8220;Estou orgulhoso da forma como as escolas, os professores e os alunos se apropriaram de Lausanne 2020. Os jovens de Vaud poder\u00e3o viver os jogos n\u00e3o s\u00f3 nos recintos de competi\u00e7\u00e3o, mas tamb\u00e9m em salas de aula, workshops, exposi\u00e7\u00f5es ou iniciativas desportivas &#8211; e sempre com um conte\u00fado educativo produzido especificamente para a ocasi\u00e3o. Ser\u00e3o verdadeiras experi\u00eancias de vida para os estudantes&#8221;. <\/p>\n\n<h2 class=\"wp-block-heading\">Finalmente<\/h2>\n\n<p>Os Jogos Ol\u00edmpicos da Juventude t\u00eam por objetivo inspirar os jovens de todo o mundo a abra\u00e7ar as actividades desportivas.\nPara al\u00e9m da sensibiliza\u00e7\u00e3o, estes jogos persuadem os jovens a difundir as mensagens do movimento ol\u00edmpico junto dos seus companheiros.\nPelo menos 1.880 atletas de mais de 80 pa\u00edses, com igualdade de g\u00e9nero, participar\u00e3o nos JO de Lausanne 2020.    <\/p>\n","protected":false},"excerpt":{"rendered":"<p>Os Jogos Ol\u00edmpicos da Juventude de inverno, popularmente designados por Lausanne 2020, ter\u00e3o in\u00edcio de 9 a 22 de janeiro de 2020.<br \/>\nEsta ser\u00e1 a terceira edi\u00e7\u00e3o dos Jogos Ol\u00edmpicos da Juventude de inverno, um evento internacional multidesportivo dominante e um festival cultural para adolescentes.   <\/p>\n","protected":false},"author":6,"featured_media":0,"comment_status":"closed","ping_status":"open","sticky":false,"template":"","format":"standard","meta":{"_acf_changed":false,"inline_featured_image":false,"footnotes":""},"categories":[1103],"tags":[],"class_list":{"0":"post-86816","1":"post","2":"type-post","3":"status-publish","4":"format-standard","6":"category-artigos"},"acf":[],"yoast_head":"<!-- This site is optimized with the Yoast SEO Premium plugin v24.2 (Yoast SEO v24.7) - https:\/\/yoast.com\/wordpress\/plugins\/seo\/ -->\n<title>Jogos Ol\u00edmpicos da Juventude em Lausanne, Su\u00ed\u00e7a - Les Elfes International Camps Switzerland<\/title>\n<meta name=\"robots\" content=\"index, follow, max-snippet:-1, max-image-preview:large, max-video-preview:-1\" \/>\n<link rel=\"canonical\" href=\"https:\/\/www.leselfes.com\/pt-pt\/jogos-olimpicos-da-juventude-em-lausanne-suica\/\" \/>\n<meta property=\"og:locale\" content=\"pt_PT\" \/>\n<meta property=\"og:type\" content=\"article\" \/>\n<meta property=\"og:title\" content=\"Jogos Ol\u00edmpicos da Juventude em Lausanne, Su\u00ed\u00e7a\" \/>\n<meta property=\"og:description\" content=\"Os Jogos Ol\u00edmpicos da Juventude de inverno, popularmente designados por Lausanne 2020, ter\u00e3o in\u00edcio de 9 a 22 de janeiro de 2020. Esta ser\u00e1 a terceira edi\u00e7\u00e3o dos Jogos Ol\u00edmpicos da Juventude de inverno, um evento internacional multidesportivo dominante e um festival cultural para adolescentes.\" \/>\n<meta property=\"og:url\" content=\"https:\/\/www.leselfes.com\/pt-pt\/jogos-olimpicos-da-juventude-em-lausanne-suica\/\" \/>\n<meta property=\"og:site_name\" content=\"Les Elfes International Camps Switzerland\" \/>\n<meta property=\"article:publisher\" content=\"https:\/\/www.facebook.com\/LesElfesVerbier\" \/>\n<meta property=\"article:published_time\" content=\"2019-09-24T16:50:48+00:00\" \/>\n<meta property=\"article:modified_time\" content=\"2024-10-03T16:19:45+00:00\" \/>\n<meta property=\"og:image\" content=\"https:\/\/www.leselfes.com\/wp-content\/uploads\/2022\/02\/Les-Elfes-International-summer-camp-Switzerland-Staff-Mobile-591x555-1.jpg\" \/>\n\t<meta property=\"og:image:width\" content=\"591\" \/>\n\t<meta property=\"og:image:height\" content=\"555\" \/>\n\t<meta property=\"og:image:type\" content=\"image\/jpeg\" \/>\n<meta name=\"author\" content=\"carlotta\" \/>\n<meta name=\"twitter:card\" content=\"summary_large_image\" \/>\n<meta name=\"twitter:creator\" content=\"@LesElfesCamps\" \/>\n<meta name=\"twitter:site\" content=\"@LesElfesCamps\" \/>\n<meta name=\"twitter:label1\" content=\"Escrito por\" \/>\n\t<meta name=\"twitter:data1\" content=\"carlotta\" \/>\n\t<meta name=\"twitter:label2\" content=\"Tempo estimado de leitura\" \/>\n\t<meta name=\"twitter:data2\" content=\"9 minutos\" \/>\n<script type=\"application\/ld+json\" class=\"yoast-schema-graph\">{\"@context\":\"https:\/\/schema.org\",\"@graph\":[{\"@type\":\"Article\",\"@id\":\"https:\/\/www.leselfes.com\/pt-pt\/jogos-olimpicos-da-juventude-em-lausanne-suica\/#article\",\"isPartOf\":{\"@id\":\"https:\/\/www.leselfes.com\/pt-pt\/jogos-olimpicos-da-juventude-em-lausanne-suica\/\"},\"author\":{\"name\":\"carlotta\",\"@id\":\"https:\/\/dev.leselfes.com\/#\/schema\/person\/9e8c1c68ef43ed5c58fa46ac5d8ee338\"},\"headline\":\"Jogos Ol\u00edmpicos da Juventude em Lausanne, Su\u00ed\u00e7a\",\"datePublished\":\"2019-09-24T16:50:48+00:00\",\"dateModified\":\"2024-10-03T16:19:45+00:00\",\"mainEntityOfPage\":{\"@id\":\"https:\/\/www.leselfes.com\/pt-pt\/jogos-olimpicos-da-juventude-em-lausanne-suica\/\"},\"wordCount\":1771,\"publisher\":{\"@id\":\"https:\/\/dev.leselfes.com\/#organization\"},\"articleSection\":[\"Artigos\"],\"inLanguage\":\"pt-PT\"},{\"@type\":\"WebPage\",\"@id\":\"https:\/\/www.leselfes.com\/pt-pt\/jogos-olimpicos-da-juventude-em-lausanne-suica\/\",\"url\":\"https:\/\/www.leselfes.com\/pt-pt\/jogos-olimpicos-da-juventude-em-lausanne-suica\/\",\"name\":\"Jogos Ol\u00edmpicos da Juventude em Lausanne, Su\u00ed\u00e7a - Les Elfes International Camps Switzerland\",\"isPartOf\":{\"@id\":\"https:\/\/dev.leselfes.com\/#website\"},\"datePublished\":\"2019-09-24T16:50:48+00:00\",\"dateModified\":\"2024-10-03T16:19:45+00:00\",\"breadcrumb\":{\"@id\":\"https:\/\/www.leselfes.com\/pt-pt\/jogos-olimpicos-da-juventude-em-lausanne-suica\/#breadcrumb\"},\"inLanguage\":\"pt-PT\",\"potentialAction\":[{\"@type\":\"ReadAction\",\"target\":[\"https:\/\/www.leselfes.com\/pt-pt\/jogos-olimpicos-da-juventude-em-lausanne-suica\/\"]}]},{\"@type\":\"BreadcrumbList\",\"@id\":\"https:\/\/www.leselfes.com\/pt-pt\/jogos-olimpicos-da-juventude-em-lausanne-suica\/#breadcrumb\",\"itemListElement\":[{\"@type\":\"ListItem\",\"position\":1,\"name\":\"Home\",\"item\":\"https:\/\/www.leselfes.com\/pt-pt\/\"},{\"@type\":\"ListItem\",\"position\":2,\"name\":\"Jogos Ol\u00edmpicos da Juventude em Lausanne, Su\u00ed\u00e7a\"}]},{\"@type\":\"WebSite\",\"@id\":\"https:\/\/dev.leselfes.com\/#website\",\"url\":\"https:\/\/dev.leselfes.com\/\",\"name\":\"Les Elfes International\",\"description\":\"Les Elfes International, Verbier Switzerland. Summer Camp, Winter Camp, Spring Camps.\",\"publisher\":{\"@id\":\"https:\/\/dev.leselfes.com\/#organization\"},\"alternateName\":\"Les Elfes International\",\"potentialAction\":[{\"@type\":\"SearchAction\",\"target\":{\"@type\":\"EntryPoint\",\"urlTemplate\":\"https:\/\/dev.leselfes.com\/?s={search_term_string}\"},\"query-input\":{\"@type\":\"PropertyValueSpecification\",\"valueRequired\":true,\"valueName\":\"search_term_string\"}}],\"inLanguage\":\"pt-PT\"},{\"@type\":\"Organization\",\"@id\":\"https:\/\/dev.leselfes.com\/#organization\",\"name\":\"Les Elfes International\",\"alternateName\":\"Les Elfes International\",\"url\":\"https:\/\/dev.leselfes.com\/\",\"logo\":{\"@type\":\"ImageObject\",\"inLanguage\":\"pt-PT\",\"@id\":\"https:\/\/dev.leselfes.com\/#\/schema\/logo\/image\/\",\"url\":\"https:\/\/www.leselfes.com\/wp-content\/uploads\/2022\/03\/leselfes-logo.png\",\"contentUrl\":\"https:\/\/www.leselfes.com\/wp-content\/uploads\/2022\/03\/leselfes-logo.png\",\"width\":233,\"height\":51,\"caption\":\"Les Elfes International\"},\"image\":{\"@id\":\"https:\/\/dev.leselfes.com\/#\/schema\/logo\/image\/\"},\"sameAs\":[\"https:\/\/www.facebook.com\/LesElfesVerbier\",\"https:\/\/x.com\/LesElfesCamps\",\"https:\/\/www.instagram.com\/leselfes\",\"https:\/\/www.linkedin.com\/company\/les-elfes-international\",\"https:\/\/www.youtube.com\/user\/LesElfesVerbier\"]},{\"@type\":\"Person\",\"@id\":\"https:\/\/dev.leselfes.com\/#\/schema\/person\/9e8c1c68ef43ed5c58fa46ac5d8ee338\",\"name\":\"carlotta\",\"image\":{\"@type\":\"ImageObject\",\"inLanguage\":\"pt-PT\",\"@id\":\"https:\/\/dev.leselfes.com\/#\/schema\/person\/image\/\",\"url\":\"https:\/\/secure.gravatar.com\/avatar\/fdb243a028df450397b3632d862f87f6?s=96&d=mm&r=g\",\"contentUrl\":\"https:\/\/secure.gravatar.com\/avatar\/fdb243a028df450397b3632d862f87f6?s=96&d=mm&r=g\",\"caption\":\"carlotta\"},\"description\":\"Since 1987, Les Elfes International organizes ski trips &amp; field trips for leading schools around the world as well as winter &amp; summer camps for individual students aged between 6 y.o. and 17 y.o. from more than 60 nationalities. Welcoming 5'000 children and more than 200 schools a year from December until the end of October, Les Elfes has become a leading provider in the individual and school\u2019s trip industry. Our Winter and Summer Camps, ski and field trips provide more than just great activities and experiences. We introduce lifelong skills such as communicating with others without phone or laptop and understanding the value of living in a community away from home. Moreover, campers will be able to build a strong friend network and fortify the relationship among future classmates.\",\"sameAs\":[\"https:\/\/www.linkedin.com\/company\/les-elfes-international\/\"],\"url\":\"https:\/\/www.leselfes.com\/pt-pt\/author\/carlotta\/\"}]}<\/script>\n<!-- \/ Yoast SEO Premium plugin. -->","yoast_head_json":{"title":"Jogos Ol\u00edmpicos da Juventude em Lausanne, Su\u00ed\u00e7a - Les Elfes International Camps Switzerland","robots":{"index":"index","follow":"follow","max-snippet":"max-snippet:-1","max-image-preview":"max-image-preview:large","max-video-preview":"max-video-preview:-1"},"canonical":"https:\/\/www.leselfes.com\/pt-pt\/jogos-olimpicos-da-juventude-em-lausanne-suica\/","og_locale":"pt_PT","og_type":"article","og_title":"Jogos Ol\u00edmpicos da Juventude em Lausanne, Su\u00ed\u00e7a","og_description":"Os Jogos Ol\u00edmpicos da Juventude de inverno, popularmente designados por Lausanne 2020, ter\u00e3o in\u00edcio de 9 a 22 de janeiro de 2020. Esta ser\u00e1 a terceira edi\u00e7\u00e3o dos Jogos Ol\u00edmpicos da Juventude de inverno, um evento internacional multidesportivo dominante e um festival cultural para adolescentes.","og_url":"https:\/\/www.leselfes.com\/pt-pt\/jogos-olimpicos-da-juventude-em-lausanne-suica\/","og_site_name":"Les Elfes International Camps Switzerland","article_publisher":"https:\/\/www.facebook.com\/LesElfesVerbier","article_published_time":"2019-09-24T16:50:48+00:00","article_modified_time":"2024-10-03T16:19:45+00:00","og_image":[{"width":591,"height":555,"url":"https:\/\/www.leselfes.com\/wp-content\/uploads\/2022\/02\/Les-Elfes-International-summer-camp-Switzerland-Staff-Mobile-591x555-1.jpg","type":"image\/jpeg"}],"author":"carlotta","twitter_card":"summary_large_image","twitter_creator":"@LesElfesCamps","twitter_site":"@LesElfesCamps","twitter_misc":{"Escrito por":"carlotta","Tempo estimado de leitura":"9 minutos"},"schema":{"@context":"https:\/\/schema.org","@graph":[{"@type":"Article","@id":"https:\/\/www.leselfes.com\/pt-pt\/jogos-olimpicos-da-juventude-em-lausanne-suica\/#article","isPartOf":{"@id":"https:\/\/www.leselfes.com\/pt-pt\/jogos-olimpicos-da-juventude-em-lausanne-suica\/"},"author":{"name":"carlotta","@id":"https:\/\/dev.leselfes.com\/#\/schema\/person\/9e8c1c68ef43ed5c58fa46ac5d8ee338"},"headline":"Jogos Ol\u00edmpicos da Juventude em Lausanne, Su\u00ed\u00e7a","datePublished":"2019-09-24T16:50:48+00:00","dateModified":"2024-10-03T16:19:45+00:00","mainEntityOfPage":{"@id":"https:\/\/www.leselfes.com\/pt-pt\/jogos-olimpicos-da-juventude-em-lausanne-suica\/"},"wordCount":1771,"publisher":{"@id":"https:\/\/dev.leselfes.com\/#organization"},"articleSection":["Artigos"],"inLanguage":"pt-PT"},{"@type":"WebPage","@id":"https:\/\/www.leselfes.com\/pt-pt\/jogos-olimpicos-da-juventude-em-lausanne-suica\/","url":"https:\/\/www.leselfes.com\/pt-pt\/jogos-olimpicos-da-juventude-em-lausanne-suica\/","name":"Jogos Ol\u00edmpicos da Juventude em Lausanne, Su\u00ed\u00e7a - Les Elfes International Camps Switzerland","isPartOf":{"@id":"https:\/\/dev.leselfes.com\/#website"},"datePublished":"2019-09-24T16:50:48+00:00","dateModified":"2024-10-03T16:19:45+00:00","breadcrumb":{"@id":"https:\/\/www.leselfes.com\/pt-pt\/jogos-olimpicos-da-juventude-em-lausanne-suica\/#breadcrumb"},"inLanguage":"pt-PT","potentialAction":[{"@type":"ReadAction","target":["https:\/\/www.leselfes.com\/pt-pt\/jogos-olimpicos-da-juventude-em-lausanne-suica\/"]}]},{"@type":"BreadcrumbList","@id":"https:\/\/www.leselfes.com\/pt-pt\/jogos-olimpicos-da-juventude-em-lausanne-suica\/#breadcrumb","itemListElement":[{"@type":"ListItem","position":1,"name":"Home","item":"https:\/\/www.leselfes.com\/pt-pt\/"},{"@type":"ListItem","position":2,"name":"Jogos Ol\u00edmpicos da Juventude em Lausanne, Su\u00ed\u00e7a"}]},{"@type":"WebSite","@id":"https:\/\/dev.leselfes.com\/#website","url":"https:\/\/dev.leselfes.com\/","name":"Les Elfes International","description":"Les Elfes International, Verbier Switzerland. Summer Camp, Winter Camp, Spring Camps.","publisher":{"@id":"https:\/\/dev.leselfes.com\/#organization"},"alternateName":"Les Elfes International","potentialAction":[{"@type":"SearchAction","target":{"@type":"EntryPoint","urlTemplate":"https:\/\/dev.leselfes.com\/?s={search_term_string}"},"query-input":{"@type":"PropertyValueSpecification","valueRequired":true,"valueName":"search_term_string"}}],"inLanguage":"pt-PT"},{"@type":"Organization","@id":"https:\/\/dev.leselfes.com\/#organization","name":"Les Elfes International","alternateName":"Les Elfes International","url":"https:\/\/dev.leselfes.com\/","logo":{"@type":"ImageObject","inLanguage":"pt-PT","@id":"https:\/\/dev.leselfes.com\/#\/schema\/logo\/image\/","url":"https:\/\/www.leselfes.com\/wp-content\/uploads\/2022\/03\/leselfes-logo.png","contentUrl":"https:\/\/www.leselfes.com\/wp-content\/uploads\/2022\/03\/leselfes-logo.png","width":233,"height":51,"caption":"Les Elfes International"},"image":{"@id":"https:\/\/dev.leselfes.com\/#\/schema\/logo\/image\/"},"sameAs":["https:\/\/www.facebook.com\/LesElfesVerbier","https:\/\/x.com\/LesElfesCamps","https:\/\/www.instagram.com\/leselfes","https:\/\/www.linkedin.com\/company\/les-elfes-international","https:\/\/www.youtube.com\/user\/LesElfesVerbier"]},{"@type":"Person","@id":"https:\/\/dev.leselfes.com\/#\/schema\/person\/9e8c1c68ef43ed5c58fa46ac5d8ee338","name":"carlotta","image":{"@type":"ImageObject","inLanguage":"pt-PT","@id":"https:\/\/dev.leselfes.com\/#\/schema\/person\/image\/","url":"https:\/\/secure.gravatar.com\/avatar\/fdb243a028df450397b3632d862f87f6?s=96&d=mm&r=g","contentUrl":"https:\/\/secure.gravatar.com\/avatar\/fdb243a028df450397b3632d862f87f6?s=96&d=mm&r=g","caption":"carlotta"},"description":"Since 1987, Les Elfes International organizes ski trips &amp; field trips for leading schools around the world as well as winter &amp; summer camps for individual students aged between 6 y.o. and 17 y.o. from more than 60 nationalities. Welcoming 5'000 children and more than 200 schools a year from December until the end of October, Les Elfes has become a leading provider in the individual and school\u2019s trip industry. Our Winter and Summer Camps, ski and field trips provide more than just great activities and experiences. We introduce lifelong skills such as communicating with others without phone or laptop and understanding the value of living in a community away from home. Moreover, campers will be able to build a strong friend network and fortify the relationship among future classmates.","sameAs":["https:\/\/www.linkedin.com\/company\/les-elfes-international\/"],"url":"https:\/\/www.leselfes.com\/pt-pt\/author\/carlotta\/"}]}},"_links":{"self":[{"href":"https:\/\/www.leselfes.com\/pt-pt\/wp-json\/wp\/v2\/posts\/86816"}],"collection":[{"href":"https:\/\/www.leselfes.com\/pt-pt\/wp-json\/wp\/v2\/posts"}],"about":[{"href":"https:\/\/www.leselfes.com\/pt-pt\/wp-json\/wp\/v2\/types\/post"}],"author":[{"embeddable":true,"href":"https:\/\/www.leselfes.com\/pt-pt\/wp-json\/wp\/v2\/users\/6"}],"replies":[{"embeddable":true,"href":"https:\/\/www.leselfes.com\/pt-pt\/wp-json\/wp\/v2\/comments?post=86816"}],"version-history":[{"count":0,"href":"https:\/\/www.leselfes.com\/pt-pt\/wp-json\/wp\/v2\/posts\/86816\/revisions"}],"wp:attachment":[{"href":"https:\/\/www.leselfes.com\/pt-pt\/wp-json\/wp\/v2\/media?parent=86816"}],"wp:term":[{"taxonomy":"category","embeddable":true,"href":"https:\/\/www.leselfes.com\/pt-pt\/wp-json\/wp\/v2\/categories?post=86816"},{"taxonomy":"post_tag","embeddable":true,"href":"https:\/\/www.leselfes.com\/pt-pt\/wp-json\/wp\/v2\/tags?post=86816"}],"curies":[{"name":"wp","href":"https:\/\/api.w.org\/{rel}","templated":true}]}}