{"id":86865,"date":"2019-06-12T19:27:44","date_gmt":"2019-06-12T17:27:44","guid":{"rendered":"https:\/\/www.leselfes.com\/os-lugares-mais-decadentes-para-ficares-na-suica-com-os-teus-filhos\/"},"modified":"2024-10-03T18:21:52","modified_gmt":"2024-10-03T16:21:52","slug":"os-lugares-mais-decadentes-para-ficares-na-suica-com-os-teus-filhos","status":"publish","type":"post","link":"https:\/\/www.leselfes.com\/pt-pt\/os-lugares-mais-decadentes-para-ficares-na-suica-com-os-teus-filhos\/","title":{"rendered":"Os lugares mais decadentes para ficares na Su\u00ed\u00e7a com os teus filhos"},"content":{"rendered":"<p>\n\n<p>O que imaginas quando se fala da Su\u00ed\u00e7a?\nUma paisagem montanhosa de cortar a respira\u00e7\u00e3o, talvez?\nChocolate?\nComboios pontuais?\nOu os espectaculares Alpes su\u00ed\u00e7os?\nA Su\u00ed\u00e7a \u00e9 o lar da extravag\u00e2ncia, do glamour e de um servi\u00e7o excecional.     <\/p>\n<p><\/p><\/p>\n<p>\n\n<p>O pa\u00eds recebe anualmente as celebridades ricas e populares de v\u00e1rias partes do mundo.\nSe est\u00e1s a planear levar toda a tua fam\u00edlia para umas f\u00e9rias em breve, talvez queiras acrescentar a Su\u00ed\u00e7a \u00e0 tua lista de desejos.\nAqui est\u00e3o alguns dos lugares mais luxuosos para visitares e coisas para fazeres na Su\u00ed\u00e7a.  <\/p>\n<p><\/p><\/p>\n<p>\n\n<h2 class=\"wp-block-heading\">St Moritz<\/h2>\n<p><\/p><\/p>\n<p>\n\n<p>Diz-se que St Moritz \u00e9 a cidade natal do turismo de inverno alpino.\nA esplendorosa St Moritz, localizada no Vale Engadin da Su\u00ed\u00e7a, \u00e9 popular pelo seu magn\u00edfico esqui na Corviglia.\nSt Moritz \u00e9 um local familiar com muitos lugares que podes visitar com os teus filhos.\nInclui:   <\/p>\n<p><\/p><\/p>\n<p>\n\n<h3 class=\"wp-block-heading\">&#8211; Muottas Muragl<\/h3>\n<p><\/p><\/p>\n<p>\n\n<p>Maravilha-te com o panorama espetacular e de cortar a respira\u00e7\u00e3o proporcionado pelo Muottas Muragl e ficar\u00e1s certamente espantado.\nO Muottas Muragl \u00e9 popularmente conhecido pelas suas vistas fascinantes e est\u00e1 situado a uma altitude de 2456 metros, com vista para a Alta Engadina.\nO Muottas oferece-te vistas excepcionais de quase todos os vales, lagos e picos da regi\u00e3o.  <\/p>\n<p><\/p><\/p>\n<p>\n\n<p>Gostas de aventura?\nSe gostas, ent\u00e3o Muottas oferece alguns dos trilhos perfeitos para caminhadas na regi\u00e3o.\nO melhor de tudo \u00e9 que os teus filhos tamb\u00e9m podem participar na caminhada, dependendo das suas idades.\nSe os teus filhos s\u00e3o mais novos, Muottas tamb\u00e9m pode ser excelente, especialmente no ver\u00e3o.   <\/p>\n<p><\/p><\/p>\n<p>\n\n<p>Os teus filhos v\u00e3o gostar de andar no funicular e toda a fam\u00edlia pode praticar desportos de inverno emocionantes se estiveres de visita durante a \u00e9poca de inverno.\nH\u00e1 dois restaurantes de montanha onde podes desfrutar de uma ch\u00e1vena de chocolate quente. <\/p>\n<p><\/p><\/p>\n<p>\n\n<h3 class=\"wp-block-heading\">&#8211; Onde ficar em St. Moritz<\/h3>\n<p><\/p><\/p>\n<p>\n\n<p>Em St. Moritz, h\u00e1 muitos locais para ficar com crian\u00e7as. <a href=\"https:\/\/www.kulm.com\/en\/hotel\/kids-family\/\">O hotel Kulm<\/a>, por exemplo, oferece-te ofertas excepcionais para os teus filhos, tais como: cuidados infantis profissionais, um clube infantil, um menu adequado para crian\u00e7as e actividades divertidas para crian\u00e7as de v\u00e1rias idades.<\/p>\n<p><\/p><\/p>\n<p>\n\n<h2 class=\"wp-block-heading\">Verbier<\/h2>\n<p><\/p><\/p>\n<p>\n\n<p>Verbier \u00e9 o centro da enorme regi\u00e3o dos quatro vales da Su\u00ed\u00e7a.\nUm facto surpreendente sobre esta \u00e1rea \u00e9 que, independentemente do tempo, o Glaciar Mont-Fort estar\u00e1 sempre a nevar.\nSe gostas de explorar e de actividades de aventura, podes atravessar Veysonnaz, Nendaz e Thyon para completar mais de 410 quil\u00f3metros de pistas de esqui.\nEsta atividade pode ser vi\u00e1vel para os teus filhos adolescentes e eles v\u00e3o adorar ver novos lugares, maravilhar-se com a natureza e fazer exerc\u00edcio ao longo do caminho.   <\/p>\n<p><\/p><\/p>\n<p>\n\n<p>Se n\u00e3o gostas de esquiar ou se tens filhos pequenos, h\u00e1 in\u00fameras actividades para te aventurares, como campeonatos de equita\u00e7\u00e3o livre, bandas ao vivo, pinturas faciais e o festival de comida de rua, onde podes provar v\u00e1rios pratos ex\u00f3ticos.<\/p>\n<p><\/p><\/p>\n<p>\n\n<h3 class=\"wp-block-heading\">&#8211; Navega por Verbier<\/h3>\n<p><\/p><\/p>\n<p>\n\n<p>Se adoras caminhar, Verbier \u00e9 o lugar ideal.\nA cidade \u00e9 pequena e, muitas vezes, tudo o que precisas para te deslocares de um ponto para o outro \u00e9 simplesmente caminhar.\nSe estiveres de visita durante o inverno, ter\u00e1s de percorrer a cidade a p\u00e9, porque muitas estradas est\u00e3o fechadas devido \u00e0 neve extrema.  <\/p>\n<p><\/p><\/p>\n<p>\n\n<p>No entanto, existem servi\u00e7os de transporte gratuitos que te levam a diferentes pontos de esqui da cidade.\nPodes at\u00e9 optar pelo <a href=\"https:\/\/www.leselfes.com\/ski-trips\/\">telef\u00e9rico<\/a>, embora possa n\u00e3o ser ideal para beb\u00e9s muito pequenos.\nOs teus filhos mais velhos ir\u00e3o certamente apreciar a experi\u00eancia deslumbrante e as vistas fascinantes do telef\u00e9rico.  <\/p>\n<p><\/p><\/p>\n<p>\n\n<h3 class=\"wp-block-heading\">&#8211; Onde ficar em Verbier com crian\u00e7as<\/h3>\n<p><\/p><\/p>\n<p>\n\n<p>Em Verbier, podes ficar alojado em numerosos locais adequados para crian\u00e7as.\nEstes v\u00e3o desde belos hot\u00e9is a chal\u00e9s privados e luxuosos.\nNo entanto, se est\u00e1s a planear visitar Verbier, talvez queiras fazer a tua reserva de alojamento com anteced\u00eancia.\nIsto porque Verbier \u00e9 um destino <a href=\"https:\/\/www.leselfes.com\/school-trips\/ski-trips\/\">de viagem de esqui<\/a> muito popular entre as fam\u00edlias e, muitas vezes, est\u00e1 completamente reservado e \u00e9 caro.     <\/p>\n<p><\/p><\/p>\n<p>\n\n<h3 class=\"wp-block-heading\">&#8211; Coisas para fazer<\/h3>\n<p><\/p><\/p>\n<p>\n\n<p>Uma das actividades mais emocionantes que se espalham pelo mundo \u00e9 a sala de fuga.\nAqui, os jogadores juntam-se como uma equipa e enfrentam desafios de puzzles na sala.\nCada puzzle \u00e9 \u00fanico e requer uma habilidade espec\u00edfica para o resolver.\nA parte mais divertida desta atividade \u00e9 que \u00e9 familiar e podes desfrutar dela com os teus filhos mais velhos.   <\/p>\n<p><\/p><\/p>\n<p>\n\n<h3 class=\"wp-block-heading\">Canyoning<\/h3>\n<p><\/p><\/p>\n<p>\n\n<p>O canyoning \u00e9 uma atividade de ver\u00e3o vigorosa mas refrescante.\nSe tiveres filhos adolescentes, eles v\u00e3o gostar de gastar a sua energia nesta atividade.\nAs crian\u00e7as com menos de 8 anos n\u00e3o est\u00e3o autorizadas a praticar canyoning.  <\/p>\n<p><\/p><\/p>\n<p>\n\n<p>H\u00e1 um guia e os participantes ter\u00e3o a liberdade de descer as cascatas, mergulhar nas piscinas de \u00e1gua e atravessar os r\u00e1pidos do rio.\nOs principiantes podem optar por percursos curtos, enquanto os especialistas e os mais aventureiros podem optar por percursos mais longos. <\/p>\n<p><\/p><\/p>\n<p>\n\n<h3 class=\"wp-block-heading\">&#8211; Servi\u00e7os de acolhimento de crian\u00e7as<\/h3>\n<p><\/p><\/p>\n<p>\n\n<p>Ter\u00e1s \u00e0 tua disposi\u00e7\u00e3o alguns dos melhores servi\u00e7os de babysitting e de cuidados infantis em Verbier, dispon\u00edveis tanto no inverno como no ver\u00e3o.\nSe tiveres filhos muito pequenos, esta \u00e9 a tua oportunidade de desfrutar de v\u00e1rias actividades enquanto tens a certeza de que os teus beb\u00e9s est\u00e3o bem tratados. <\/p>\n<p><\/p><\/p>\n<p>\n\n<h3 class=\"wp-block-heading\">Ciclismo<\/h3>\n<p><\/p><\/p>\n<p>\n\n<p>Tu e os teus filhos gostam de andar de bicicleta?\nFaz uma corrida ao longo das provas de ciclismo em Verbier.\nPodes percorrer o Tour du Catogne e passar pelo Col du Lin, Verbier a Mauvoisin, ou as pistas de Alberto Contador  <\/p>\n<p><\/p><\/p>\n<p>\n\n<h2 class=\"wp-block-heading\">Gstaad<\/h2>\n<p><\/p><\/p>\n<p>\n\n<p>Os ricos e os famosos afluem a Gstaad at\u00e9 \u00e0 data e muitos deles gostam de organizar festas privadas em vez de ficarem alojados nos hot\u00e9is e alojamentos familiares da localidade.\nGstaad \u00e9 o local perfeito para levares a tua fam\u00edlia de f\u00e9rias, com uma grande variedade de actividades ao ar livre e a brisa fresca das montanhas. <\/p>\n<p><\/p><\/p>\n<p>\n\n<h3 class=\"wp-block-heading\">&#8211; Onde ficar<\/h3>\n<p><\/p><\/p>\n<p>\n\n<p>Existem in\u00fameros locais para ficar em fam\u00edlia, tais como;<\/p>\n<p><\/p><\/p>\n<p>\n\n<h3 class=\"wp-block-heading\">&#8211; Alpenland<\/h3>\n<p><\/p><\/p>\n<p>\n\n<p>O Alpenland \u00e9 um pitoresco alojamento de madeira situado na calma aldeia de Lauenen.\nOferece vistas inigual\u00e1veis dos Alpes su\u00ed\u00e7os e um restaurante familiar acolhedor e af\u00e1vel.\nA tua fam\u00edlia desfrutar\u00e1 de deliciosos e irresist\u00edveis pequenos-almo\u00e7os enquanto ouve as baladas relaxantes antes de embarcar num passeio de lazer em dire\u00e7\u00e3o \u00e0s colinas.  <\/p>\n<p><\/p><\/p>\n<p>\n\n<p>H\u00e1 uma sala de jogos e um parque infantil ao ar livre para os teus filhos, onde n\u00e3o s\u00f3 brincar\u00e3o, como ter\u00e3o a oportunidade de interagir, criar la\u00e7os e at\u00e9 fazer amigos com outras crian\u00e7as de v\u00e1rias partes do mundo.\nSe tens um c\u00e3o de estima\u00e7\u00e3o, talvez queiras traz\u00ea-lo contigo, uma vez que o Alpenland \u00e9 um hotel amigo dos c\u00e3es. <\/p>\n<p><\/p><\/p>\n<p>\n\n<h3 class=\"wp-block-heading\">&#8211; O que fazer<\/h3>\n<p><\/p><\/p>\n<p>\n\n<p>Nunca te faltar\u00e3o coisas para fazer enquanto estiveres em Gstaad.\nEntre elas, podes contar com; <\/p>\n<p><\/p><\/p>\n<p>\n\n<h3 class=\"wp-block-heading\">&#8211; Visita uma explora\u00e7\u00e3o leiteira convencional<\/h3>\n<p><\/p><\/p>\n<p>\n\n<p>Quando foi a \u00faltima vez que tu e as crian\u00e7as visitaram uma quinta?\nGstaad proporcionar-te-\u00e1 a experi\u00eancia de uma vida com as numerosas quintas leiteiras tradicionais dispon\u00edveis.\nGstaad tem uma popula\u00e7\u00e3o indefinida de uma vaca para cada pessoa e o leite \u00e9 o alimento b\u00e1sico da regi\u00e3o.  <\/p>\n<p><\/p><\/p>\n<p>\n\n<p>Uma visita a uma das quintas ser\u00e1 emocionante para toda a fam\u00edlia e uma oportunidade para aprender como o iogurte e o queijo s\u00e3o produzidos sem maquinaria industrial.\nAs crian\u00e7as v\u00e3o adorar ver e at\u00e9 tocar nas vacas enquanto elas relaxam com os seus jovens vitelos.\nNo final da tua visita, vais sentar-te para uma refei\u00e7\u00e3o saud\u00e1vel na quinta.  <\/p>\n<p><\/p><\/p>\n<p>\n\n<h3 class=\"wp-block-heading\">Faz uma viagem no Alpine Coaster<\/h3>\n<p><\/p><\/p>\n<p>\n\n<p>Desce as montanhas a uma velocidade de 40 km\/h no Alpine Coaster.\nTer\u00e1s a oportunidade de desfrutar de vistas panor\u00e2micas sobre as quintas e as colinas.\nSe \u00e9s um fan\u00e1tico da aventura, podes tentar saltos e curvas acentuadas at\u00e9 cerca de 6 metros do ch\u00e3o.\nAs crian\u00e7as a partir dos tr\u00eas anos podem deslizar pela pista, embora com a ajuda de um adulto, enquanto as crian\u00e7as mais velhas podem correr sozinhas.   <\/p>\n<p><\/p><\/p>\n<p>\n\n<h2 class=\"wp-block-heading\">Lugano<\/h2>\n<p><\/p><\/p>\n<p>\n\n<p>Lugano \u00e9 uma cidade compacta e sedutora, com montanhas panor\u00e2micas, lagos panor\u00e2micos e belas palmeiras.\nEmbora esta cidade ofere\u00e7a poucas actividades para crian\u00e7as, a tua fam\u00edlia vai gostar de ficar nos poucos locais dispon\u00edveis.\nOs museus, por exemplo, s\u00e3o locais interessantes para visitar e aprender com os artefactos expostos e os jogos interactivos.  <\/p>\n<p><\/p><\/p>\n<p>\n\n<p>Algumas das actividades divertidas que os teus filhos podem praticar enquanto estiverem em Lugano incluem andar de bicicleta e de barco a pedal no lago.\nAs crian\u00e7as podem at\u00e9 nadar no lago ou participar em actividades divertidas e emocionantes no parque infantil do Parco Ciani. <\/p>\n<p><\/p><\/p>\n<p>\n\n<h3 class=\"wp-block-heading\">Onde visitar<\/h3>\n<p><\/p><\/p>\n<p>\n\n<p>Alguns dos locais de visita obrigat\u00f3ria em Lugano incluem:<\/p>\n<p><\/p><\/p>\n<p>\n\n<h3 class=\"wp-block-heading\">Melide<\/h3>\n<p><\/p><\/p>\n<p>\n\n<p>Melide \u00e9 uma pequena aldeia \u00e0 qual podes aceder de comboio a partir de Lugano.\nEsta aldeia alberga o parque Swissminiatur, com mais de 120 modelos de todos os edif\u00edcios, meios de transporte e monumentos su\u00ed\u00e7os essenciais.\nOs teus filhos ficar\u00e3o encantados com os pequenos comboios que percorrem os carris, os telef\u00e9ricos que sobem e descem pequenas montanhas e os barcos que navegam em pequenos lagos.  <\/p>\n<p><\/p><\/p>\n<p>\n\n<p>Quando acabares de explorar o parque, podes levar os teus filhos para a piscina para uma sess\u00e3o de nata\u00e7\u00e3o refrescante.\nOs mais pequenos v\u00e3o gostar do belo escorrega, enquanto os mais velhos podem nadar na piscina flutuante do lago. <\/p>\n<p><\/p><\/p>\n<p>\n\n<h3 class=\"wp-block-heading\">Delicia-te com o chocolate na Caslano<\/h3>\n<p><\/p><\/p>\n<p>\n\n<p>Caslano \u00e9 o lar de tudo o que \u00e9 chocolate e podes visitar a f\u00e1brica de chocolate Alprose a qualquer momento sem fazer reservas.\nO museu do chocolate est\u00e1 localizado no interior e oferece uma \u00e1rea de degusta\u00e7\u00e3o gratuita.\nDepois de te deliciares com o chocolate, podes querer queimar as calorias extra fazendo uma caminhada no Monte Caslano.\nUma vez que \u00e9 plano e dura cerca de 90 minutos, podes at\u00e9 levar os teus filhos adolescentes.   <\/p>\n<p><\/p><\/p>\n<p>\n\n<h2 class=\"wp-block-heading\">Finalmente<\/h2>\n<p><\/p><\/p>\n<p>\n\n<p>A Su\u00ed\u00e7a oferece-te lugares excitantes para ficares e visitares em algum momento da tua vida.\nA boa not\u00edcia \u00e9 que existem in\u00fameros lugares para visitar e coisas para fazer para crian\u00e7as de v\u00e1rias idades.\nDa pr\u00f3xima vez que estiveres a planear umas f\u00e9rias em fam\u00edlia, considera a Su\u00ed\u00e7a e n\u00e3o ficar\u00e1s desapontado.  <\/p>\n<p><\/p><\/p>\n","protected":false},"excerpt":{"rendered":"<p>O que imaginas quando se fala da Su\u00ed\u00e7a? Uma paisagem montanhosa de cortar a respira\u00e7\u00e3o, talvez? Chocolate? Comboios pontuais? Ou os espectaculares Alpes su\u00ed\u00e7os? A Su\u00ed\u00e7a \u00e9 o lar da&#8230;<\/p>\n","protected":false},"author":6,"featured_media":0,"comment_status":"closed","ping_status":"open","sticky":false,"template":"","format":"standard","meta":{"_acf_changed":false,"inline_featured_image":false,"footnotes":""},"categories":[1103],"tags":[],"class_list":{"0":"post-86865","1":"post","2":"type-post","3":"status-publish","4":"format-standard","6":"category-artigos"},"acf":[],"yoast_head":"<!-- This site is optimized with the Yoast SEO Premium plugin v24.2 (Yoast SEO v24.7) - https:\/\/yoast.com\/wordpress\/plugins\/seo\/ -->\n<title>Os lugares mais decadentes para ficares na Su\u00ed\u00e7a com os teus filhos - Les Elfes International Camps Switzerland<\/title>\n<meta name=\"robots\" content=\"index, follow, max-snippet:-1, max-image-preview:large, max-video-preview:-1\" \/>\n<link rel=\"canonical\" href=\"https:\/\/www.leselfes.com\/pt-pt\/os-lugares-mais-decadentes-para-ficares-na-suica-com-os-teus-filhos\/\" \/>\n<meta property=\"og:locale\" content=\"pt_PT\" \/>\n<meta property=\"og:type\" content=\"article\" \/>\n<meta property=\"og:title\" content=\"Os lugares mais decadentes para ficares na Su\u00ed\u00e7a com os teus filhos\" \/>\n<meta property=\"og:description\" content=\"O que imaginas quando se fala da Su\u00ed\u00e7a? Uma paisagem montanhosa de cortar a respira\u00e7\u00e3o, talvez? Chocolate? Comboios pontuais? Ou os espectaculares Alpes su\u00ed\u00e7os? A Su\u00ed\u00e7a \u00e9 o lar da...\" \/>\n<meta property=\"og:url\" content=\"https:\/\/www.leselfes.com\/pt-pt\/os-lugares-mais-decadentes-para-ficares-na-suica-com-os-teus-filhos\/\" \/>\n<meta property=\"og:site_name\" content=\"Les Elfes International Camps Switzerland\" \/>\n<meta property=\"article:publisher\" content=\"https:\/\/www.facebook.com\/LesElfesVerbier\" \/>\n<meta property=\"article:published_time\" content=\"2019-06-12T17:27:44+00:00\" \/>\n<meta property=\"article:modified_time\" content=\"2024-10-03T16:21:52+00:00\" \/>\n<meta property=\"og:image\" content=\"https:\/\/www.leselfes.com\/wp-content\/uploads\/2022\/02\/Les-Elfes-International-summer-camp-Switzerland-Staff-Mobile-591x555-1.jpg\" \/>\n\t<meta property=\"og:image:width\" content=\"591\" \/>\n\t<meta property=\"og:image:height\" content=\"555\" \/>\n\t<meta property=\"og:image:type\" content=\"image\/jpeg\" \/>\n<meta name=\"author\" content=\"carlotta\" \/>\n<meta name=\"twitter:card\" content=\"summary_large_image\" \/>\n<meta name=\"twitter:creator\" content=\"@LesElfesCamps\" \/>\n<meta name=\"twitter:site\" content=\"@LesElfesCamps\" \/>\n<meta name=\"twitter:label1\" content=\"Escrito por\" \/>\n\t<meta name=\"twitter:data1\" content=\"carlotta\" \/>\n\t<meta name=\"twitter:label2\" content=\"Tempo estimado de leitura\" \/>\n\t<meta name=\"twitter:data2\" content=\"9 minutos\" \/>\n<script type=\"application\/ld+json\" class=\"yoast-schema-graph\">{\"@context\":\"https:\/\/schema.org\",\"@graph\":[{\"@type\":\"Article\",\"@id\":\"https:\/\/www.leselfes.com\/pt-pt\/os-lugares-mais-decadentes-para-ficares-na-suica-com-os-teus-filhos\/#article\",\"isPartOf\":{\"@id\":\"https:\/\/www.leselfes.com\/pt-pt\/os-lugares-mais-decadentes-para-ficares-na-suica-com-os-teus-filhos\/\"},\"author\":{\"name\":\"carlotta\",\"@id\":\"https:\/\/dev.leselfes.com\/#\/schema\/person\/9e8c1c68ef43ed5c58fa46ac5d8ee338\"},\"headline\":\"Os lugares mais decadentes para ficares na Su\u00ed\u00e7a com os teus filhos\",\"datePublished\":\"2019-06-12T17:27:44+00:00\",\"dateModified\":\"2024-10-03T16:21:52+00:00\",\"mainEntityOfPage\":{\"@id\":\"https:\/\/www.leselfes.com\/pt-pt\/os-lugares-mais-decadentes-para-ficares-na-suica-com-os-teus-filhos\/\"},\"wordCount\":1755,\"publisher\":{\"@id\":\"https:\/\/dev.leselfes.com\/#organization\"},\"articleSection\":[\"Artigos\"],\"inLanguage\":\"pt-PT\"},{\"@type\":\"WebPage\",\"@id\":\"https:\/\/www.leselfes.com\/pt-pt\/os-lugares-mais-decadentes-para-ficares-na-suica-com-os-teus-filhos\/\",\"url\":\"https:\/\/www.leselfes.com\/pt-pt\/os-lugares-mais-decadentes-para-ficares-na-suica-com-os-teus-filhos\/\",\"name\":\"Os lugares mais decadentes para ficares na Su\u00ed\u00e7a com os teus filhos - Les Elfes International Camps Switzerland\",\"isPartOf\":{\"@id\":\"https:\/\/dev.leselfes.com\/#website\"},\"datePublished\":\"2019-06-12T17:27:44+00:00\",\"dateModified\":\"2024-10-03T16:21:52+00:00\",\"breadcrumb\":{\"@id\":\"https:\/\/www.leselfes.com\/pt-pt\/os-lugares-mais-decadentes-para-ficares-na-suica-com-os-teus-filhos\/#breadcrumb\"},\"inLanguage\":\"pt-PT\",\"potentialAction\":[{\"@type\":\"ReadAction\",\"target\":[\"https:\/\/www.leselfes.com\/pt-pt\/os-lugares-mais-decadentes-para-ficares-na-suica-com-os-teus-filhos\/\"]}]},{\"@type\":\"BreadcrumbList\",\"@id\":\"https:\/\/www.leselfes.com\/pt-pt\/os-lugares-mais-decadentes-para-ficares-na-suica-com-os-teus-filhos\/#breadcrumb\",\"itemListElement\":[{\"@type\":\"ListItem\",\"position\":1,\"name\":\"Home\",\"item\":\"https:\/\/www.leselfes.com\/pt-pt\/\"},{\"@type\":\"ListItem\",\"position\":2,\"name\":\"Os lugares mais decadentes para ficares na Su\u00ed\u00e7a com os teus filhos\"}]},{\"@type\":\"WebSite\",\"@id\":\"https:\/\/dev.leselfes.com\/#website\",\"url\":\"https:\/\/dev.leselfes.com\/\",\"name\":\"Les Elfes International\",\"description\":\"Les Elfes International, Verbier Switzerland. Summer Camp, Winter Camp, Spring Camps.\",\"publisher\":{\"@id\":\"https:\/\/dev.leselfes.com\/#organization\"},\"alternateName\":\"Les Elfes International\",\"potentialAction\":[{\"@type\":\"SearchAction\",\"target\":{\"@type\":\"EntryPoint\",\"urlTemplate\":\"https:\/\/dev.leselfes.com\/?s={search_term_string}\"},\"query-input\":{\"@type\":\"PropertyValueSpecification\",\"valueRequired\":true,\"valueName\":\"search_term_string\"}}],\"inLanguage\":\"pt-PT\"},{\"@type\":\"Organization\",\"@id\":\"https:\/\/dev.leselfes.com\/#organization\",\"name\":\"Les Elfes International\",\"alternateName\":\"Les Elfes International\",\"url\":\"https:\/\/dev.leselfes.com\/\",\"logo\":{\"@type\":\"ImageObject\",\"inLanguage\":\"pt-PT\",\"@id\":\"https:\/\/dev.leselfes.com\/#\/schema\/logo\/image\/\",\"url\":\"https:\/\/www.leselfes.com\/wp-content\/uploads\/2022\/03\/leselfes-logo.png\",\"contentUrl\":\"https:\/\/www.leselfes.com\/wp-content\/uploads\/2022\/03\/leselfes-logo.png\",\"width\":233,\"height\":51,\"caption\":\"Les Elfes International\"},\"image\":{\"@id\":\"https:\/\/dev.leselfes.com\/#\/schema\/logo\/image\/\"},\"sameAs\":[\"https:\/\/www.facebook.com\/LesElfesVerbier\",\"https:\/\/x.com\/LesElfesCamps\",\"https:\/\/www.instagram.com\/leselfes\",\"https:\/\/www.linkedin.com\/company\/les-elfes-international\",\"https:\/\/www.youtube.com\/user\/LesElfesVerbier\"]},{\"@type\":\"Person\",\"@id\":\"https:\/\/dev.leselfes.com\/#\/schema\/person\/9e8c1c68ef43ed5c58fa46ac5d8ee338\",\"name\":\"carlotta\",\"image\":{\"@type\":\"ImageObject\",\"inLanguage\":\"pt-PT\",\"@id\":\"https:\/\/dev.leselfes.com\/#\/schema\/person\/image\/\",\"url\":\"https:\/\/secure.gravatar.com\/avatar\/fdb243a028df450397b3632d862f87f6?s=96&d=mm&r=g\",\"contentUrl\":\"https:\/\/secure.gravatar.com\/avatar\/fdb243a028df450397b3632d862f87f6?s=96&d=mm&r=g\",\"caption\":\"carlotta\"},\"description\":\"Since 1987, Les Elfes International organizes ski trips &amp; field trips for leading schools around the world as well as winter &amp; summer camps for individual students aged between 6 y.o. and 17 y.o. from more than 60 nationalities. Welcoming 5'000 children and more than 200 schools a year from December until the end of October, Les Elfes has become a leading provider in the individual and school\u2019s trip industry. Our Winter and Summer Camps, ski and field trips provide more than just great activities and experiences. We introduce lifelong skills such as communicating with others without phone or laptop and understanding the value of living in a community away from home. Moreover, campers will be able to build a strong friend network and fortify the relationship among future classmates.\",\"sameAs\":[\"https:\/\/www.linkedin.com\/company\/les-elfes-international\/\"],\"url\":\"https:\/\/www.leselfes.com\/pt-pt\/author\/carlotta\/\"}]}<\/script>\n<!-- \/ Yoast SEO Premium plugin. -->","yoast_head_json":{"title":"Os lugares mais decadentes para ficares na Su\u00ed\u00e7a com os teus filhos - Les Elfes International Camps Switzerland","robots":{"index":"index","follow":"follow","max-snippet":"max-snippet:-1","max-image-preview":"max-image-preview:large","max-video-preview":"max-video-preview:-1"},"canonical":"https:\/\/www.leselfes.com\/pt-pt\/os-lugares-mais-decadentes-para-ficares-na-suica-com-os-teus-filhos\/","og_locale":"pt_PT","og_type":"article","og_title":"Os lugares mais decadentes para ficares na Su\u00ed\u00e7a com os teus filhos","og_description":"O que imaginas quando se fala da Su\u00ed\u00e7a? Uma paisagem montanhosa de cortar a respira\u00e7\u00e3o, talvez? Chocolate? Comboios pontuais? Ou os espectaculares Alpes su\u00ed\u00e7os? A Su\u00ed\u00e7a \u00e9 o lar da...","og_url":"https:\/\/www.leselfes.com\/pt-pt\/os-lugares-mais-decadentes-para-ficares-na-suica-com-os-teus-filhos\/","og_site_name":"Les Elfes International Camps Switzerland","article_publisher":"https:\/\/www.facebook.com\/LesElfesVerbier","article_published_time":"2019-06-12T17:27:44+00:00","article_modified_time":"2024-10-03T16:21:52+00:00","og_image":[{"width":591,"height":555,"url":"https:\/\/www.leselfes.com\/wp-content\/uploads\/2022\/02\/Les-Elfes-International-summer-camp-Switzerland-Staff-Mobile-591x555-1.jpg","type":"image\/jpeg"}],"author":"carlotta","twitter_card":"summary_large_image","twitter_creator":"@LesElfesCamps","twitter_site":"@LesElfesCamps","twitter_misc":{"Escrito por":"carlotta","Tempo estimado de leitura":"9 minutos"},"schema":{"@context":"https:\/\/schema.org","@graph":[{"@type":"Article","@id":"https:\/\/www.leselfes.com\/pt-pt\/os-lugares-mais-decadentes-para-ficares-na-suica-com-os-teus-filhos\/#article","isPartOf":{"@id":"https:\/\/www.leselfes.com\/pt-pt\/os-lugares-mais-decadentes-para-ficares-na-suica-com-os-teus-filhos\/"},"author":{"name":"carlotta","@id":"https:\/\/dev.leselfes.com\/#\/schema\/person\/9e8c1c68ef43ed5c58fa46ac5d8ee338"},"headline":"Os lugares mais decadentes para ficares na Su\u00ed\u00e7a com os teus filhos","datePublished":"2019-06-12T17:27:44+00:00","dateModified":"2024-10-03T16:21:52+00:00","mainEntityOfPage":{"@id":"https:\/\/www.leselfes.com\/pt-pt\/os-lugares-mais-decadentes-para-ficares-na-suica-com-os-teus-filhos\/"},"wordCount":1755,"publisher":{"@id":"https:\/\/dev.leselfes.com\/#organization"},"articleSection":["Artigos"],"inLanguage":"pt-PT"},{"@type":"WebPage","@id":"https:\/\/www.leselfes.com\/pt-pt\/os-lugares-mais-decadentes-para-ficares-na-suica-com-os-teus-filhos\/","url":"https:\/\/www.leselfes.com\/pt-pt\/os-lugares-mais-decadentes-para-ficares-na-suica-com-os-teus-filhos\/","name":"Os lugares mais decadentes para ficares na Su\u00ed\u00e7a com os teus filhos - Les Elfes International Camps Switzerland","isPartOf":{"@id":"https:\/\/dev.leselfes.com\/#website"},"datePublished":"2019-06-12T17:27:44+00:00","dateModified":"2024-10-03T16:21:52+00:00","breadcrumb":{"@id":"https:\/\/www.leselfes.com\/pt-pt\/os-lugares-mais-decadentes-para-ficares-na-suica-com-os-teus-filhos\/#breadcrumb"},"inLanguage":"pt-PT","potentialAction":[{"@type":"ReadAction","target":["https:\/\/www.leselfes.com\/pt-pt\/os-lugares-mais-decadentes-para-ficares-na-suica-com-os-teus-filhos\/"]}]},{"@type":"BreadcrumbList","@id":"https:\/\/www.leselfes.com\/pt-pt\/os-lugares-mais-decadentes-para-ficares-na-suica-com-os-teus-filhos\/#breadcrumb","itemListElement":[{"@type":"ListItem","position":1,"name":"Home","item":"https:\/\/www.leselfes.com\/pt-pt\/"},{"@type":"ListItem","position":2,"name":"Os lugares mais decadentes para ficares na Su\u00ed\u00e7a com os teus filhos"}]},{"@type":"WebSite","@id":"https:\/\/dev.leselfes.com\/#website","url":"https:\/\/dev.leselfes.com\/","name":"Les Elfes International","description":"Les Elfes International, Verbier Switzerland. Summer Camp, Winter Camp, Spring Camps.","publisher":{"@id":"https:\/\/dev.leselfes.com\/#organization"},"alternateName":"Les Elfes International","potentialAction":[{"@type":"SearchAction","target":{"@type":"EntryPoint","urlTemplate":"https:\/\/dev.leselfes.com\/?s={search_term_string}"},"query-input":{"@type":"PropertyValueSpecification","valueRequired":true,"valueName":"search_term_string"}}],"inLanguage":"pt-PT"},{"@type":"Organization","@id":"https:\/\/dev.leselfes.com\/#organization","name":"Les Elfes International","alternateName":"Les Elfes International","url":"https:\/\/dev.leselfes.com\/","logo":{"@type":"ImageObject","inLanguage":"pt-PT","@id":"https:\/\/dev.leselfes.com\/#\/schema\/logo\/image\/","url":"https:\/\/www.leselfes.com\/wp-content\/uploads\/2022\/03\/leselfes-logo.png","contentUrl":"https:\/\/www.leselfes.com\/wp-content\/uploads\/2022\/03\/leselfes-logo.png","width":233,"height":51,"caption":"Les Elfes International"},"image":{"@id":"https:\/\/dev.leselfes.com\/#\/schema\/logo\/image\/"},"sameAs":["https:\/\/www.facebook.com\/LesElfesVerbier","https:\/\/x.com\/LesElfesCamps","https:\/\/www.instagram.com\/leselfes","https:\/\/www.linkedin.com\/company\/les-elfes-international","https:\/\/www.youtube.com\/user\/LesElfesVerbier"]},{"@type":"Person","@id":"https:\/\/dev.leselfes.com\/#\/schema\/person\/9e8c1c68ef43ed5c58fa46ac5d8ee338","name":"carlotta","image":{"@type":"ImageObject","inLanguage":"pt-PT","@id":"https:\/\/dev.leselfes.com\/#\/schema\/person\/image\/","url":"https:\/\/secure.gravatar.com\/avatar\/fdb243a028df450397b3632d862f87f6?s=96&d=mm&r=g","contentUrl":"https:\/\/secure.gravatar.com\/avatar\/fdb243a028df450397b3632d862f87f6?s=96&d=mm&r=g","caption":"carlotta"},"description":"Since 1987, Les Elfes International organizes ski trips &amp; field trips for leading schools around the world as well as winter &amp; summer camps for individual students aged between 6 y.o. and 17 y.o. from more than 60 nationalities. Welcoming 5'000 children and more than 200 schools a year from December until the end of October, Les Elfes has become a leading provider in the individual and school\u2019s trip industry. Our Winter and Summer Camps, ski and field trips provide more than just great activities and experiences. We introduce lifelong skills such as communicating with others without phone or laptop and understanding the value of living in a community away from home. Moreover, campers will be able to build a strong friend network and fortify the relationship among future classmates.","sameAs":["https:\/\/www.linkedin.com\/company\/les-elfes-international\/"],"url":"https:\/\/www.leselfes.com\/pt-pt\/author\/carlotta\/"}]}},"_links":{"self":[{"href":"https:\/\/www.leselfes.com\/pt-pt\/wp-json\/wp\/v2\/posts\/86865"}],"collection":[{"href":"https:\/\/www.leselfes.com\/pt-pt\/wp-json\/wp\/v2\/posts"}],"about":[{"href":"https:\/\/www.leselfes.com\/pt-pt\/wp-json\/wp\/v2\/types\/post"}],"author":[{"embeddable":true,"href":"https:\/\/www.leselfes.com\/pt-pt\/wp-json\/wp\/v2\/users\/6"}],"replies":[{"embeddable":true,"href":"https:\/\/www.leselfes.com\/pt-pt\/wp-json\/wp\/v2\/comments?post=86865"}],"version-history":[{"count":0,"href":"https:\/\/www.leselfes.com\/pt-pt\/wp-json\/wp\/v2\/posts\/86865\/revisions"}],"wp:attachment":[{"href":"https:\/\/www.leselfes.com\/pt-pt\/wp-json\/wp\/v2\/media?parent=86865"}],"wp:term":[{"taxonomy":"category","embeddable":true,"href":"https:\/\/www.leselfes.com\/pt-pt\/wp-json\/wp\/v2\/categories?post=86865"},{"taxonomy":"post_tag","embeddable":true,"href":"https:\/\/www.leselfes.com\/pt-pt\/wp-json\/wp\/v2\/tags?post=86865"}],"curies":[{"name":"wp","href":"https:\/\/api.w.org\/{rel}","templated":true}]}}