{"id":86870,"date":"2019-06-27T20:11:30","date_gmt":"2019-06-27T18:11:30","guid":{"rendered":"https:\/\/www.leselfes.com\/as-vantagens-de-um-campo-de-ferias-europeu-para-o-teu-filho\/"},"modified":"2024-10-03T18:22:13","modified_gmt":"2024-10-03T16:22:13","slug":"as-vantagens-de-um-campo-de-ferias-europeu-para-o-teu-filho","status":"publish","type":"post","link":"https:\/\/www.leselfes.com\/pt-pt\/as-vantagens-de-um-campo-de-ferias-europeu-para-o-teu-filho\/","title":{"rendered":"As vantagens de um campo de f\u00e9rias europeu para o teu filho"},"content":{"rendered":"\n<figure><img loading=\"lazy\" decoding=\"async\" src=\"https:\/\/www.leselfes.com\/wp-content\/uploads\/2021\/06\/Summer-Camp-For-Child.jpg\" alt=\"Campo de f&#xE9;rias para crian&#xE7;as\" width=\"1024\" height=\"768\"\/><\/figure>\n\n<p>De acordo com <a href=\"https:\/\/www.search-institute.org\/about-us\/staff\/peter-scales\/\">Peter Scales<\/a>, um autor, educador e psic\u00f3logo de renome, os campos de f\u00e9rias proporcionam o ambiente perfeito para os teus filhos encontrarem e satisfazerem o seu desejo de express\u00e3o criativa, atividade f\u00edsica e envolvimento num ambiente comunit\u00e1rio; algo que, segundo Peter, muitas escolas n\u00e3o t\u00eam conseguido alcan\u00e7ar.  <\/p>\n\n<p>Se \u00e9s pai ou m\u00e3e, o teu desejo \u00e9 que o teu filho prospere nas coisas que o apaixonam.\nNo mundo acelerado de hoje, os teus filhos t\u00eam de aprender e dominar v\u00e1rias compet\u00eancias para serem bem sucedidos.\nEstas incluem: compet\u00eancias de autoestima e de resili\u00eancia, compet\u00eancias de autossufici\u00eancia e de resolu\u00e7\u00e3o de problemas, e compet\u00eancias de lideran\u00e7a.\nOs campos de f\u00e9rias proporcionam o ambiente ideal e sereno para cultivar estas compet\u00eancias, longe dos aborrecimentos e da az\u00e1fama da cidade.   <\/p>\n\n<h2 class=\"wp-block-heading\">O que \u00e9 que os organizadores de acampamentos est\u00e3o a fazer para maximizar a experi\u00eancia do acampamento?<\/h2>\n\n<p>Com a recente popularidade dos campos de f\u00e9rias para crian\u00e7as pequenas, os organizadores ouviram o que os respons\u00e1veis pelo desenvolvimento das crian\u00e7as t\u00eam dito sobre as suas necessidades.\n\u00c9 por isso que est\u00e3o empenhados em adotar as melhores medidas para garantir que as crian\u00e7as tirem o melhor partido do seu <a href=\"https:\/\/www.leselfes.com\/pt-pt\/?page_id=85718\">campo de f\u00e9rias europeu<\/a>.   <\/p>\n\n<p>Um grupo de crian\u00e7as campistas a residir num ambiente natural e a participar em actividades relacionadas com o acampamento s\u00e3o alguns dos melhores instrumentos que os organizadores utilizam para tornar os acampamentos saud\u00e1veis, pr\u00f3speros e o ambiente ideal para se divertir e relaxar.  <\/p>\n\n<p>Num ambiente t\u00e3o bem organizado, as crian\u00e7as estabelecem contacto com modelos importantes, prontos a falar e a ouvir, e com profissionais que as ajudam a refletir e a relaxar.\nSe tens dificuldade em deixar os teus filhos irem para os campos de f\u00e9rias na Su\u00ed\u00e7a, talvez as seguintes vantagens te conven\u00e7am a deix\u00e1-los ir. <\/p>\n\n<h2 class=\"wp-block-heading\">A separa\u00e7\u00e3o dos pais influencia o crescimento<\/h2>\n\n<p>Os campos de f\u00e9rias europeus podem ser curtos, mas podem ter um grande impacto no crescimento da crian\u00e7a.\nMuitas vezes, marcam o in\u00edcio das viagens do teu filho sem ti e, ao mesmo tempo que permitem que a crian\u00e7a evolua a v\u00e1rios n\u00edveis, tamb\u00e9m te d\u00e3o a oportunidade de te aperceberes do seu crescimento.\nLembra-te, as crian\u00e7as est\u00e3o sempre a desenvolver-se e dificilmente te aperceber\u00e1s disso, especialmente quando est\u00e1s com elas diariamente.  <\/p>\n\n<p>D\u00e1-lhes algum tempo para frequentarem alguns dos melhores campos de f\u00e9rias da Europa e vais notar uma mudan\u00e7a significativa.\nOs campistas regulares n\u00e3o s\u00f3 estar\u00e3o em forma, como tamb\u00e9m ser\u00e3o mais felizes e exuberantes, gra\u00e7as \u00e0 exposi\u00e7\u00e3o ao sol e \u00e0 inala\u00e7\u00e3o de ar fresco.\nAo frequentar um acampamento para dormir, o teu filho ir\u00e1 experimentar um crescimento f\u00edsico, emocional e social.    <\/p>\n\n<h2 class=\"wp-block-heading\">Domina a independ\u00eancia<\/h2>\n\n<p>Se quiseres ensinar os teus filhos a executarem tarefas sozinhos, o acampamento \u00e9 a oportunidade perfeita para o fazeres.\nLembra-te que n\u00e3o vais com eles para o acampamento.\nIsto n\u00e3o s\u00f3 elimina a necessidade de fazeres as coisas por eles, como tamb\u00e9m significa que eles n\u00e3o t\u00eam outra op\u00e7\u00e3o sen\u00e3o fazer o que tem de ser feito.  <\/p>\n\n<p>Al\u00e9m disso, ter\u00e3o de se lembrar de tudo o que, de outra forma, lhes lembrarias, como lavar os dentes, fazer a cama, tomar banho e at\u00e9 tomar decis\u00f5es alimentares saud\u00e1veis, sem o que correm o risco de serem castigados pelos l\u00edderes do grupo.<\/p>\n\n<p>O bom dos campos de f\u00e9rias europeus \u00e9 que s\u00e3o uma oportunidade ideal para que as crian\u00e7as, mesmo vulner\u00e1veis, possam dominar a arte de depender de si pr\u00f3prias enquanto est\u00e3o longe dos seus entes queridos.\nUma vez terminado o acampamento, ver\u00e1s que os teus filhos s\u00e3o capazes de executar tarefas sem serem lembrados.   <\/p>\n\n<h2 class=\"wp-block-heading\">Os campos de f\u00e9rias aumentam a determina\u00e7\u00e3o<\/h2>\n\n<p>As crian\u00e7as s\u00e3o incentivadas a dar o seu melhor nas actividades de desenvolvimento de compet\u00eancias durante o campo de f\u00e9rias.\nAl\u00e9m disso, sentem a necessidade de brilhar mais do que os seus colegas, o que aumenta a sua determina\u00e7\u00e3o em alcan\u00e7ar o sucesso. <\/p>\n\n<p>O ambiente do acampamento \u00e9 prop\u00edcio \u00e0s actividades de aprendizagem e, com modelos robustos, os teus filhos ser\u00e3o inspirados a continuar a aprender e a melhorar as suas capacidades.\n\u00c9 de salientar que n\u00e3o existe uma curva final no que diz respeito \u00e0 aprendizagem nos campos de f\u00e9rias.\nOs chefes de equipa ter\u00e3o todo o prazer em animar as crian\u00e7as \u00e0 medida que aprendem e desenvolvem v\u00e1rias compet\u00eancias.    <\/p>\n\n<h2 class=\"wp-block-heading\">Obt\u00e9m espa\u00e7o e tempo suficientes para executar novas compet\u00eancias<\/h2>\n\n<p>Em casa, os teus filhos t\u00eam de lidar com muitas coisas, como as tarefas dom\u00e9sticas e os trabalhos de casa.\nIsto pode negar-lhes o tempo de que necessitam para experimentar coisas novas.\nQuando os teus filhos frequentam campos de f\u00e9rias internacionais na Europa, n\u00e3o s\u00f3 estar\u00e3o expostos a desafios, como tamb\u00e9m ser\u00e3o apresentados a uma cultura segura onde podem correr riscos.  <\/p>\n\n<p>O facto de os l\u00edderes do campo estarem presentes para dar o apoio de que necessitam \u00e9 suficiente para motivar as crian\u00e7as a correr riscos.\nAt\u00e9 a crian\u00e7a mais reservada se sentir\u00e1 inspirada a experimentar actividades novas e aventureiras, como o ziplining ou mesmo falar em p\u00fablico.\nA participa\u00e7\u00e3o no campo de f\u00e9rias desafia a crian\u00e7a mais reservada a levantar-se e a defender-se quando surgem conflitos.    <\/p>\n\n<h2 class=\"wp-block-heading\">Aprende compet\u00eancias sociais<\/h2>\n\n<p><a href=\"https:\/\/www.skillsyouneed.com\/ips\/social-skills.html\">As compet\u00eancias sociais<\/a> n\u00e3o s\u00e3o apenas essenciais para os teus filhos, mas s\u00e3o essenciais para todos.\nCom excelentes compet\u00eancias sociais, os teus filhos ser\u00e3o capazes de comunicar, interagir e trabalhar em conjunto com os outros com o m\u00ednimo de dificuldade. <\/p>\n\n<p>Embora alguns dos melhores campos de f\u00e9rias do mundo ofere\u00e7am uma grande variedade de actividades aos teus filhos, tamb\u00e9m oferecem uma comunidade onde os teus filhos se podem juntar e mostrar os seus talentos.\nA comunidade \u00e9 composta por instrutores, conselheiros, colegas campistas e at\u00e9 mesmo os organizadores do campo.\nEstes possuem os conhecimentos necess\u00e1rios para incutir no teu filho as compet\u00eancias sociais de que ele necessita; convive com os outros campistas e domina a arte de colaborar na realiza\u00e7\u00e3o de tarefas com crian\u00e7as de origens diferentes.  <\/p>\n\n<p>Por exemplo, os teus filhos participar\u00e3o em tarefas partilhadas em que ter\u00e3o de se coordenar uns com os outros para ganhar uma competi\u00e7\u00e3o, manter o ambiente limpo ou ajudarem-se mutuamente a dominar novas compet\u00eancias.\nUm campo de f\u00e9rias europeu perfeito ir\u00e1 refor\u00e7ar <a href=\"https:\/\/www.leselfes.com\/pt-pt\/?attachment_id=70002\">as capacidades de<\/a> coopera\u00e7\u00e3o e <a href=\"https:\/\/www.leselfes.com\/pt-pt\/?attachment_id=70002\">de lideran\u00e7a<\/a> dos teus filhos.   <\/p>\n\n<h2 class=\"wp-block-heading\">Faz uma pausa na tecnologia<\/h2>\n\n<p>No mundo digital de hoje, em que quase toda a gente, incluindo as crian\u00e7as, tem conhecimentos tecnol\u00f3gicos, muitos pais lutam para manter os seus filhos longe da televis\u00e3o, dos seus tablets ou telem\u00f3veis.\nMuitos pais concordam que manter as crian\u00e7as afastadas destes dispositivos electr\u00f3nicos e da Internet \u00e9 um grande desafio. <\/p>\n\n<p>Muitos campos de f\u00e9rias europeus s\u00e3o contra a utiliza\u00e7\u00e3o de aparelhos electr\u00f3nicos e, mesmo que as crian\u00e7as tenham de levar os seus iPods ou tablets, os organizadores guardam-nos em seguran\u00e7a at\u00e9 ao fim do campo.\nIsto d\u00e1-lhes tempo suficiente para se dedicarem a actividades que valham a pena.\nFazer uma pausa na tecnologia e na eletr\u00f3nica permite que os teus filhos fa\u00e7am novas descobertas, se concentrem nos seus passatempos e apreciem mais o que os rodeia.  <\/p>\n\n<h2 class=\"wp-block-heading\">Descobrem-se a si pr\u00f3prios<\/h2>\n\n<p>Os campos de f\u00e9rias exp\u00f5em as crian\u00e7as a experi\u00eancias de grupo, atrav\u00e9s das quais aprendem informa\u00e7\u00f5es essenciais sobre si pr\u00f3prias.\nA participa\u00e7\u00e3o em actividades de grupo durante os campos de f\u00e9rias desenvolve a autoestima, melhora a auto-advocacia, promove a auto-disciplina e ajuda as crian\u00e7as a tornarem-se mais produtivas.\nEstas compet\u00eancias desempenham um papel importante na prepara\u00e7\u00e3o das crian\u00e7as para uma vida adulta pr\u00f3spera.    <\/p>\n\n<h2 class=\"wp-block-heading\">O teu filho tornar-se-\u00e1 mais grato<\/h2>\n\n<p>Quando est\u00e3o em casa, as crian\u00e7as t\u00eam tudo \u00e0 sua disposi\u00e7\u00e3o, de tal forma que podem tom\u00e1-lo como garantido.\nS\u00f3 quando v\u00e3o para os campos de f\u00e9rias europeus \u00e9 que aprendem a estar gratas: casas de banho grandes, uma cama quente, aparelhos, lanches e comida suficiente. <\/p>\n\n<p>Passar alguns dias num campo de f\u00e9rias pode ser tudo o que o teu filho precisa para se sentir grato pelas pequenas coisas que a vida tem para oferecer.\nAl\u00e9m disso, o teu filho aprender\u00e1 a dar-te valor.\nMuitas vezes, as crian\u00e7as tomam os pais por garantidos.\nNo entanto, as crian\u00e7as que participam num campo de f\u00e9rias aprendem a estar gratas pelo esfor\u00e7o que os pais fazem para as satisfazer.     <\/p>\n\n<h2 class=\"wp-block-heading\">Faz novas amizades<\/h2>\n\n<p>O teu filho \u00e9 demasiado reservado?\nPreocupa-te constantemente com a sua incapacidade de fazer novos amigos?\nSe a resposta a estas perguntas for afirmativa, talvez precises de o expor a uma atividade que o fa\u00e7a sair da sua zona de conforto.\nMand\u00e1-los para campos de f\u00e9rias europeus \u00e9 uma das formas mais adequadas de ajudar os teus filhos a fazer novos amigos.   <\/p>\n\n<p>\u00c9 claro que n\u00e3o ser\u00e1 f\u00e1cil para eles aceitarem frequentar um campo de f\u00e9rias onde n\u00e3o t\u00eam amigos.\nNo entanto, ter\u00e1s a oportunidade de <a href=\"https:\/\/www.studyinternational.com\/news\/what-do-kids-really-learn-at-summer-camps\/\">interagir com outras crian\u00e7as<\/a> e de fazer amigos com facilidade.\nQuer as amizades no campo de f\u00e9rias sejam de curta dura\u00e7\u00e3o ou durem uma vida inteira, a experi\u00eancia ajuda o teu filho a diversificar e a dominar a arte de se relacionar com pessoas de uma ra\u00e7a e cultura diferentes.    <\/p>\n\n<h2 class=\"wp-block-heading\">O teu filho vai aprender a tomar decis\u00f5es<\/h2>\n\n<p>Durante os campos de f\u00e9rias europeus, n\u00e3o estar\u00e1s perto do teu filho e ele n\u00e3o ter\u00e1 outra op\u00e7\u00e3o sen\u00e3o tomar as suas pr\u00f3prias decis\u00f5es.\nTer\u00e1 de escolher as suas refei\u00e7\u00f5es, ponderar se quer dormir no beliche de baixo ou no de cima, escolher entre jogar futebol, nadar ou fazer caminhadas, e at\u00e9 decidir como gastar o seu dinheiro de bolso.\n\u00c9 claro que os l\u00edderes e conselheiros do campo n\u00e3o s\u00e3o t\u00e3o controladores como os pais, as crian\u00e7as ser\u00e3o respons\u00e1veis pelas suas pr\u00f3prias escolhas.\nIsto prepara-as para a adolesc\u00eancia e para a idade adulta, onde ter\u00e3o de fazer escolhas informadas.     <\/p>\n\n<h2 class=\"wp-block-heading\">Finalmente<\/h2>\n\n<p>Os campos de f\u00e9rias na Europa oferecem ao teu filho a oportunidade perfeita para interagir com outras crian\u00e7as, fazer novos amigos e ficar exposto a v\u00e1rias oportunidades de aprendizagem.\nPara al\u00e9m disso, o teu filho vai sentir-se motivado ao ver os outros campistas a fazer coisas diferentes.\nN\u00e3o s\u00f3 o teu filho se tornar\u00e1 mais respons\u00e1vel, como tamb\u00e9m aprender\u00e1 a apreciar as coisas que fazes por ele.    <\/p>\n","protected":false},"excerpt":{"rendered":"<p>De acordo com Peter Scales, um autor, educador e psic\u00f3logo de renome, os campos de f\u00e9rias proporcionam o ambiente perfeito para os teus filhos encontrarem e satisfazerem o seu desejo&#8230;<\/p>\n","protected":false},"author":6,"featured_media":0,"comment_status":"closed","ping_status":"open","sticky":false,"template":"","format":"standard","meta":{"_acf_changed":false,"inline_featured_image":false,"footnotes":""},"categories":[1103],"tags":[1105],"class_list":{"0":"post-86870","1":"post","2":"type-post","3":"status-publish","4":"format-standard","6":"category-artigos","7":"tag-acampamento-de-verao"},"acf":[],"yoast_head":"<!-- This site is optimized with the Yoast SEO Premium plugin v24.2 (Yoast SEO v24.7) - https:\/\/yoast.com\/wordpress\/plugins\/seo\/ -->\n<title>As vantagens de um campo de f\u00e9rias europeu para o teu filho - Les Elfes International Camps Switzerland<\/title>\n<meta name=\"robots\" content=\"index, follow, max-snippet:-1, max-image-preview:large, max-video-preview:-1\" \/>\n<link rel=\"canonical\" href=\"https:\/\/www.leselfes.com\/pt-pt\/as-vantagens-de-um-campo-de-ferias-europeu-para-o-teu-filho\/\" \/>\n<meta property=\"og:locale\" content=\"pt_PT\" \/>\n<meta property=\"og:type\" content=\"article\" \/>\n<meta property=\"og:title\" content=\"As vantagens de um campo de f\u00e9rias europeu para o teu filho\" \/>\n<meta property=\"og:description\" content=\"De acordo com Peter Scales, um autor, educador e psic\u00f3logo de renome, os campos de f\u00e9rias proporcionam o ambiente perfeito para os teus filhos encontrarem e satisfazerem o seu desejo...\" \/>\n<meta property=\"og:url\" content=\"https:\/\/www.leselfes.com\/pt-pt\/as-vantagens-de-um-campo-de-ferias-europeu-para-o-teu-filho\/\" \/>\n<meta property=\"og:site_name\" content=\"Les Elfes International Camps Switzerland\" \/>\n<meta property=\"article:publisher\" content=\"https:\/\/www.facebook.com\/LesElfesVerbier\" \/>\n<meta property=\"article:published_time\" content=\"2019-06-27T18:11:30+00:00\" \/>\n<meta property=\"article:modified_time\" content=\"2024-10-03T16:22:13+00:00\" \/>\n<meta property=\"og:image\" content=\"https:\/\/dev.leselfes.com\/wp-content\/uploads\/2021\/06\/Summer-Camp-For-Child.jpg\" \/>\n<meta name=\"author\" content=\"carlotta\" \/>\n<meta name=\"twitter:card\" content=\"summary_large_image\" \/>\n<meta name=\"twitter:creator\" content=\"@LesElfesCamps\" \/>\n<meta name=\"twitter:site\" content=\"@LesElfesCamps\" \/>\n<meta name=\"twitter:label1\" content=\"Escrito por\" \/>\n\t<meta name=\"twitter:data1\" content=\"carlotta\" \/>\n\t<meta name=\"twitter:label2\" content=\"Tempo estimado de leitura\" \/>\n\t<meta name=\"twitter:data2\" content=\"9 minutos\" \/>\n<script type=\"application\/ld+json\" class=\"yoast-schema-graph\">{\"@context\":\"https:\/\/schema.org\",\"@graph\":[{\"@type\":\"Article\",\"@id\":\"https:\/\/www.leselfes.com\/pt-pt\/as-vantagens-de-um-campo-de-ferias-europeu-para-o-teu-filho\/#article\",\"isPartOf\":{\"@id\":\"https:\/\/www.leselfes.com\/pt-pt\/as-vantagens-de-um-campo-de-ferias-europeu-para-o-teu-filho\/\"},\"author\":{\"name\":\"carlotta\",\"@id\":\"https:\/\/dev.leselfes.com\/#\/schema\/person\/9e8c1c68ef43ed5c58fa46ac5d8ee338\"},\"headline\":\"As vantagens de um campo de f\u00e9rias europeu para o teu filho\",\"datePublished\":\"2019-06-27T18:11:30+00:00\",\"dateModified\":\"2024-10-03T16:22:13+00:00\",\"mainEntityOfPage\":{\"@id\":\"https:\/\/www.leselfes.com\/pt-pt\/as-vantagens-de-um-campo-de-ferias-europeu-para-o-teu-filho\/\"},\"wordCount\":1888,\"publisher\":{\"@id\":\"https:\/\/dev.leselfes.com\/#organization\"},\"image\":{\"@id\":\"https:\/\/www.leselfes.com\/pt-pt\/as-vantagens-de-um-campo-de-ferias-europeu-para-o-teu-filho\/#primaryimage\"},\"thumbnailUrl\":\"https:\/\/www.leselfes.com\/wp-content\/uploads\/2021\/06\/Summer-Camp-For-Child.jpg\",\"keywords\":[\"acampamento de ver\u00e3o\"],\"articleSection\":[\"Artigos\"],\"inLanguage\":\"pt-PT\"},{\"@type\":\"WebPage\",\"@id\":\"https:\/\/www.leselfes.com\/pt-pt\/as-vantagens-de-um-campo-de-ferias-europeu-para-o-teu-filho\/\",\"url\":\"https:\/\/www.leselfes.com\/pt-pt\/as-vantagens-de-um-campo-de-ferias-europeu-para-o-teu-filho\/\",\"name\":\"As vantagens de um campo de f\u00e9rias europeu para o teu filho - Les Elfes International Camps Switzerland\",\"isPartOf\":{\"@id\":\"https:\/\/dev.leselfes.com\/#website\"},\"primaryImageOfPage\":{\"@id\":\"https:\/\/www.leselfes.com\/pt-pt\/as-vantagens-de-um-campo-de-ferias-europeu-para-o-teu-filho\/#primaryimage\"},\"image\":{\"@id\":\"https:\/\/www.leselfes.com\/pt-pt\/as-vantagens-de-um-campo-de-ferias-europeu-para-o-teu-filho\/#primaryimage\"},\"thumbnailUrl\":\"https:\/\/www.leselfes.com\/wp-content\/uploads\/2021\/06\/Summer-Camp-For-Child.jpg\",\"datePublished\":\"2019-06-27T18:11:30+00:00\",\"dateModified\":\"2024-10-03T16:22:13+00:00\",\"breadcrumb\":{\"@id\":\"https:\/\/www.leselfes.com\/pt-pt\/as-vantagens-de-um-campo-de-ferias-europeu-para-o-teu-filho\/#breadcrumb\"},\"inLanguage\":\"pt-PT\",\"potentialAction\":[{\"@type\":\"ReadAction\",\"target\":[\"https:\/\/www.leselfes.com\/pt-pt\/as-vantagens-de-um-campo-de-ferias-europeu-para-o-teu-filho\/\"]}]},{\"@type\":\"ImageObject\",\"inLanguage\":\"pt-PT\",\"@id\":\"https:\/\/www.leselfes.com\/pt-pt\/as-vantagens-de-um-campo-de-ferias-europeu-para-o-teu-filho\/#primaryimage\",\"url\":\"https:\/\/www.leselfes.com\/wp-content\/uploads\/2021\/06\/Summer-Camp-For-Child.jpg\",\"contentUrl\":\"https:\/\/www.leselfes.com\/wp-content\/uploads\/2021\/06\/Summer-Camp-For-Child.jpg\"},{\"@type\":\"BreadcrumbList\",\"@id\":\"https:\/\/www.leselfes.com\/pt-pt\/as-vantagens-de-um-campo-de-ferias-europeu-para-o-teu-filho\/#breadcrumb\",\"itemListElement\":[{\"@type\":\"ListItem\",\"position\":1,\"name\":\"Home\",\"item\":\"https:\/\/www.leselfes.com\/pt-pt\/\"},{\"@type\":\"ListItem\",\"position\":2,\"name\":\"As vantagens de um campo de f\u00e9rias europeu para o teu filho\"}]},{\"@type\":\"WebSite\",\"@id\":\"https:\/\/dev.leselfes.com\/#website\",\"url\":\"https:\/\/dev.leselfes.com\/\",\"name\":\"Les Elfes International\",\"description\":\"Les Elfes International, Verbier Switzerland. Summer Camp, Winter Camp, Spring Camps.\",\"publisher\":{\"@id\":\"https:\/\/dev.leselfes.com\/#organization\"},\"alternateName\":\"Les Elfes International\",\"potentialAction\":[{\"@type\":\"SearchAction\",\"target\":{\"@type\":\"EntryPoint\",\"urlTemplate\":\"https:\/\/dev.leselfes.com\/?s={search_term_string}\"},\"query-input\":{\"@type\":\"PropertyValueSpecification\",\"valueRequired\":true,\"valueName\":\"search_term_string\"}}],\"inLanguage\":\"pt-PT\"},{\"@type\":\"Organization\",\"@id\":\"https:\/\/dev.leselfes.com\/#organization\",\"name\":\"Les Elfes International\",\"alternateName\":\"Les Elfes International\",\"url\":\"https:\/\/dev.leselfes.com\/\",\"logo\":{\"@type\":\"ImageObject\",\"inLanguage\":\"pt-PT\",\"@id\":\"https:\/\/dev.leselfes.com\/#\/schema\/logo\/image\/\",\"url\":\"https:\/\/www.leselfes.com\/wp-content\/uploads\/2022\/03\/leselfes-logo.png\",\"contentUrl\":\"https:\/\/www.leselfes.com\/wp-content\/uploads\/2022\/03\/leselfes-logo.png\",\"width\":233,\"height\":51,\"caption\":\"Les Elfes International\"},\"image\":{\"@id\":\"https:\/\/dev.leselfes.com\/#\/schema\/logo\/image\/\"},\"sameAs\":[\"https:\/\/www.facebook.com\/LesElfesVerbier\",\"https:\/\/x.com\/LesElfesCamps\",\"https:\/\/www.instagram.com\/leselfes\",\"https:\/\/www.linkedin.com\/company\/les-elfes-international\",\"https:\/\/www.youtube.com\/user\/LesElfesVerbier\"]},{\"@type\":\"Person\",\"@id\":\"https:\/\/dev.leselfes.com\/#\/schema\/person\/9e8c1c68ef43ed5c58fa46ac5d8ee338\",\"name\":\"carlotta\",\"image\":{\"@type\":\"ImageObject\",\"inLanguage\":\"pt-PT\",\"@id\":\"https:\/\/dev.leselfes.com\/#\/schema\/person\/image\/\",\"url\":\"https:\/\/secure.gravatar.com\/avatar\/fdb243a028df450397b3632d862f87f6?s=96&d=mm&r=g\",\"contentUrl\":\"https:\/\/secure.gravatar.com\/avatar\/fdb243a028df450397b3632d862f87f6?s=96&d=mm&r=g\",\"caption\":\"carlotta\"},\"description\":\"Since 1987, Les Elfes International organizes ski trips &amp; field trips for leading schools around the world as well as winter &amp; summer camps for individual students aged between 6 y.o. and 17 y.o. from more than 60 nationalities. Welcoming 5'000 children and more than 200 schools a year from December until the end of October, Les Elfes has become a leading provider in the individual and school\u2019s trip industry. Our Winter and Summer Camps, ski and field trips provide more than just great activities and experiences. We introduce lifelong skills such as communicating with others without phone or laptop and understanding the value of living in a community away from home. Moreover, campers will be able to build a strong friend network and fortify the relationship among future classmates.\",\"sameAs\":[\"https:\/\/www.linkedin.com\/company\/les-elfes-international\/\"],\"url\":\"https:\/\/www.leselfes.com\/pt-pt\/author\/carlotta\/\"}]}<\/script>\n<!-- \/ Yoast SEO Premium plugin. -->","yoast_head_json":{"title":"As vantagens de um campo de f\u00e9rias europeu para o teu filho - Les Elfes International Camps Switzerland","robots":{"index":"index","follow":"follow","max-snippet":"max-snippet:-1","max-image-preview":"max-image-preview:large","max-video-preview":"max-video-preview:-1"},"canonical":"https:\/\/www.leselfes.com\/pt-pt\/as-vantagens-de-um-campo-de-ferias-europeu-para-o-teu-filho\/","og_locale":"pt_PT","og_type":"article","og_title":"As vantagens de um campo de f\u00e9rias europeu para o teu filho","og_description":"De acordo com Peter Scales, um autor, educador e psic\u00f3logo de renome, os campos de f\u00e9rias proporcionam o ambiente perfeito para os teus filhos encontrarem e satisfazerem o seu desejo...","og_url":"https:\/\/www.leselfes.com\/pt-pt\/as-vantagens-de-um-campo-de-ferias-europeu-para-o-teu-filho\/","og_site_name":"Les Elfes International Camps Switzerland","article_publisher":"https:\/\/www.facebook.com\/LesElfesVerbier","article_published_time":"2019-06-27T18:11:30+00:00","article_modified_time":"2024-10-03T16:22:13+00:00","og_image":[{"url":"https:\/\/dev.leselfes.com\/wp-content\/uploads\/2021\/06\/Summer-Camp-For-Child.jpg","type":"","width":"","height":""}],"author":"carlotta","twitter_card":"summary_large_image","twitter_creator":"@LesElfesCamps","twitter_site":"@LesElfesCamps","twitter_misc":{"Escrito por":"carlotta","Tempo estimado de leitura":"9 minutos"},"schema":{"@context":"https:\/\/schema.org","@graph":[{"@type":"Article","@id":"https:\/\/www.leselfes.com\/pt-pt\/as-vantagens-de-um-campo-de-ferias-europeu-para-o-teu-filho\/#article","isPartOf":{"@id":"https:\/\/www.leselfes.com\/pt-pt\/as-vantagens-de-um-campo-de-ferias-europeu-para-o-teu-filho\/"},"author":{"name":"carlotta","@id":"https:\/\/dev.leselfes.com\/#\/schema\/person\/9e8c1c68ef43ed5c58fa46ac5d8ee338"},"headline":"As vantagens de um campo de f\u00e9rias europeu para o teu filho","datePublished":"2019-06-27T18:11:30+00:00","dateModified":"2024-10-03T16:22:13+00:00","mainEntityOfPage":{"@id":"https:\/\/www.leselfes.com\/pt-pt\/as-vantagens-de-um-campo-de-ferias-europeu-para-o-teu-filho\/"},"wordCount":1888,"publisher":{"@id":"https:\/\/dev.leselfes.com\/#organization"},"image":{"@id":"https:\/\/www.leselfes.com\/pt-pt\/as-vantagens-de-um-campo-de-ferias-europeu-para-o-teu-filho\/#primaryimage"},"thumbnailUrl":"https:\/\/www.leselfes.com\/wp-content\/uploads\/2021\/06\/Summer-Camp-For-Child.jpg","keywords":["acampamento de ver\u00e3o"],"articleSection":["Artigos"],"inLanguage":"pt-PT"},{"@type":"WebPage","@id":"https:\/\/www.leselfes.com\/pt-pt\/as-vantagens-de-um-campo-de-ferias-europeu-para-o-teu-filho\/","url":"https:\/\/www.leselfes.com\/pt-pt\/as-vantagens-de-um-campo-de-ferias-europeu-para-o-teu-filho\/","name":"As vantagens de um campo de f\u00e9rias europeu para o teu filho - Les Elfes International Camps Switzerland","isPartOf":{"@id":"https:\/\/dev.leselfes.com\/#website"},"primaryImageOfPage":{"@id":"https:\/\/www.leselfes.com\/pt-pt\/as-vantagens-de-um-campo-de-ferias-europeu-para-o-teu-filho\/#primaryimage"},"image":{"@id":"https:\/\/www.leselfes.com\/pt-pt\/as-vantagens-de-um-campo-de-ferias-europeu-para-o-teu-filho\/#primaryimage"},"thumbnailUrl":"https:\/\/www.leselfes.com\/wp-content\/uploads\/2021\/06\/Summer-Camp-For-Child.jpg","datePublished":"2019-06-27T18:11:30+00:00","dateModified":"2024-10-03T16:22:13+00:00","breadcrumb":{"@id":"https:\/\/www.leselfes.com\/pt-pt\/as-vantagens-de-um-campo-de-ferias-europeu-para-o-teu-filho\/#breadcrumb"},"inLanguage":"pt-PT","potentialAction":[{"@type":"ReadAction","target":["https:\/\/www.leselfes.com\/pt-pt\/as-vantagens-de-um-campo-de-ferias-europeu-para-o-teu-filho\/"]}]},{"@type":"ImageObject","inLanguage":"pt-PT","@id":"https:\/\/www.leselfes.com\/pt-pt\/as-vantagens-de-um-campo-de-ferias-europeu-para-o-teu-filho\/#primaryimage","url":"https:\/\/www.leselfes.com\/wp-content\/uploads\/2021\/06\/Summer-Camp-For-Child.jpg","contentUrl":"https:\/\/www.leselfes.com\/wp-content\/uploads\/2021\/06\/Summer-Camp-For-Child.jpg"},{"@type":"BreadcrumbList","@id":"https:\/\/www.leselfes.com\/pt-pt\/as-vantagens-de-um-campo-de-ferias-europeu-para-o-teu-filho\/#breadcrumb","itemListElement":[{"@type":"ListItem","position":1,"name":"Home","item":"https:\/\/www.leselfes.com\/pt-pt\/"},{"@type":"ListItem","position":2,"name":"As vantagens de um campo de f\u00e9rias europeu para o teu filho"}]},{"@type":"WebSite","@id":"https:\/\/dev.leselfes.com\/#website","url":"https:\/\/dev.leselfes.com\/","name":"Les Elfes International","description":"Les Elfes International, Verbier Switzerland. Summer Camp, Winter Camp, Spring Camps.","publisher":{"@id":"https:\/\/dev.leselfes.com\/#organization"},"alternateName":"Les Elfes International","potentialAction":[{"@type":"SearchAction","target":{"@type":"EntryPoint","urlTemplate":"https:\/\/dev.leselfes.com\/?s={search_term_string}"},"query-input":{"@type":"PropertyValueSpecification","valueRequired":true,"valueName":"search_term_string"}}],"inLanguage":"pt-PT"},{"@type":"Organization","@id":"https:\/\/dev.leselfes.com\/#organization","name":"Les Elfes International","alternateName":"Les Elfes International","url":"https:\/\/dev.leselfes.com\/","logo":{"@type":"ImageObject","inLanguage":"pt-PT","@id":"https:\/\/dev.leselfes.com\/#\/schema\/logo\/image\/","url":"https:\/\/www.leselfes.com\/wp-content\/uploads\/2022\/03\/leselfes-logo.png","contentUrl":"https:\/\/www.leselfes.com\/wp-content\/uploads\/2022\/03\/leselfes-logo.png","width":233,"height":51,"caption":"Les Elfes International"},"image":{"@id":"https:\/\/dev.leselfes.com\/#\/schema\/logo\/image\/"},"sameAs":["https:\/\/www.facebook.com\/LesElfesVerbier","https:\/\/x.com\/LesElfesCamps","https:\/\/www.instagram.com\/leselfes","https:\/\/www.linkedin.com\/company\/les-elfes-international","https:\/\/www.youtube.com\/user\/LesElfesVerbier"]},{"@type":"Person","@id":"https:\/\/dev.leselfes.com\/#\/schema\/person\/9e8c1c68ef43ed5c58fa46ac5d8ee338","name":"carlotta","image":{"@type":"ImageObject","inLanguage":"pt-PT","@id":"https:\/\/dev.leselfes.com\/#\/schema\/person\/image\/","url":"https:\/\/secure.gravatar.com\/avatar\/fdb243a028df450397b3632d862f87f6?s=96&d=mm&r=g","contentUrl":"https:\/\/secure.gravatar.com\/avatar\/fdb243a028df450397b3632d862f87f6?s=96&d=mm&r=g","caption":"carlotta"},"description":"Since 1987, Les Elfes International organizes ski trips &amp; field trips for leading schools around the world as well as winter &amp; summer camps for individual students aged between 6 y.o. and 17 y.o. from more than 60 nationalities. Welcoming 5'000 children and more than 200 schools a year from December until the end of October, Les Elfes has become a leading provider in the individual and school\u2019s trip industry. Our Winter and Summer Camps, ski and field trips provide more than just great activities and experiences. We introduce lifelong skills such as communicating with others without phone or laptop and understanding the value of living in a community away from home. Moreover, campers will be able to build a strong friend network and fortify the relationship among future classmates.","sameAs":["https:\/\/www.linkedin.com\/company\/les-elfes-international\/"],"url":"https:\/\/www.leselfes.com\/pt-pt\/author\/carlotta\/"}]}},"_links":{"self":[{"href":"https:\/\/www.leselfes.com\/pt-pt\/wp-json\/wp\/v2\/posts\/86870"}],"collection":[{"href":"https:\/\/www.leselfes.com\/pt-pt\/wp-json\/wp\/v2\/posts"}],"about":[{"href":"https:\/\/www.leselfes.com\/pt-pt\/wp-json\/wp\/v2\/types\/post"}],"author":[{"embeddable":true,"href":"https:\/\/www.leselfes.com\/pt-pt\/wp-json\/wp\/v2\/users\/6"}],"replies":[{"embeddable":true,"href":"https:\/\/www.leselfes.com\/pt-pt\/wp-json\/wp\/v2\/comments?post=86870"}],"version-history":[{"count":0,"href":"https:\/\/www.leselfes.com\/pt-pt\/wp-json\/wp\/v2\/posts\/86870\/revisions"}],"wp:attachment":[{"href":"https:\/\/www.leselfes.com\/pt-pt\/wp-json\/wp\/v2\/media?parent=86870"}],"wp:term":[{"taxonomy":"category","embeddable":true,"href":"https:\/\/www.leselfes.com\/pt-pt\/wp-json\/wp\/v2\/categories?post=86870"},{"taxonomy":"post_tag","embeddable":true,"href":"https:\/\/www.leselfes.com\/pt-pt\/wp-json\/wp\/v2\/tags?post=86870"}],"curies":[{"name":"wp","href":"https:\/\/api.w.org\/{rel}","templated":true}]}}