{"id":86879,"date":"2025-02-24T16:07:10","date_gmt":"2025-02-24T15:07:10","guid":{"rendered":"https:\/\/www.leselfes.com\/as-10-principais-razoes-para-mandares-os-teus-filhos-para-um-campo-de-ferias-na-suica\/"},"modified":"2024-10-03T18:22:13","modified_gmt":"2024-10-03T16:22:13","slug":"as-10-principais-razoes-para-mandares-os-teus-filhos-para-um-campo-de-ferias-na-suica","status":"publish","type":"post","link":"https:\/\/www.leselfes.com\/pt-pt\/as-10-principais-razoes-para-mandares-os-teus-filhos-para-um-campo-de-ferias-na-suica\/","title":{"rendered":"As 10 principais raz\u00f5es para mandares os teus filhos para um campo de f\u00e9rias na Su\u00ed\u00e7a"},"content":{"rendered":"\n<p>Estudos realizados pela American Camp Association sugerem que mais de 11 milh\u00f5es de adultos e crian\u00e7as frequentam<a href=\"https:\/\/www.leselfes.com\/pt-pt\/?page_id=85718\"> campos de f\u00e9rias<\/a> s\u00f3 nos EUA.\nAtualmente, o campismo est\u00e1 a tornar-se popular, com muitos pais a enviarem os seus filhos para campos de f\u00e9rias internacionais na Su\u00ed\u00e7a.\nNo entanto, alguns pais ainda n\u00e3o compreenderam a raz\u00e3o de ser dos acampamentos.\nEis as 10 principais raz\u00f5es para mandares os teus filhos para um campo de f\u00e9rias na Su\u00ed\u00e7a.   <\/p>\n\n<h2 class=\"wp-block-heading\">1. Faz amigos de v\u00e1rias partes do mundo<\/h2>\n\n<p>Os campos de f\u00e9rias bem organizados exp\u00f5em os teus filhos a diversas pessoas de v\u00e1rias partes do mundo.\nLembra-te de que muitas outras crian\u00e7as estar\u00e3o presentes nestes eventos e \u00e9 prov\u00e1vel que as crian\u00e7as interajam umas com as outras enquanto se dedicam a uma vasta gama de actividades.\nIsto cria uma oportunidade perfeita para criar la\u00e7os sem a supervis\u00e3o dos pais ou mesmo sem distrac\u00e7\u00f5es.  <\/p>\n\n<p>Este tipo de amizade n\u00e3o pode ser comparado com as amizades que t\u00eam com os seus colegas na escola.\nEmbora os campistas se conhe\u00e7am apenas por um curto per\u00edodo de tempo, isso pode marcar o culminar de amizades que duram para sempre.\nDesenvolver e cultivar estas amizades nos campos de f\u00e9rias ajuda as crian\u00e7as a desenvolver novas compet\u00eancias sociais.  <\/p>\n\n<p>Os teus filhos regressam a casa mais confiantes, uma compet\u00eancia adquirida que, naturalmente, lhes ser\u00e1 ben\u00e9fica para toda a vida.\nOs campos de f\u00e9rias internacionais na Su\u00ed\u00e7a exp\u00f5em os teus filhos a pessoas que n\u00e3o conhecem frequentemente e ajudam-nos a aprender a diversidade e a inclus\u00e3o de uma forma mais org\u00e2nica e natural. <\/p>\n\n<h2 class=\"wp-block-heading\">2. Explora a Su\u00ed\u00e7a e as regi\u00f5es vizinhas<\/h2>\n\n<p>Ao contr\u00e1rio das gera\u00e7\u00f5es anteriores que adoravam o ar livre, as crian\u00e7as na Su\u00ed\u00e7a passam mais tempo ao ar livre.\nOs melhores campos de f\u00e9rias da Su\u00ed\u00e7a ajudam-nas a reencontrar a natureza.\nN\u00e3o podes ignorar a import\u00e2ncia de um <a href=\"https:\/\/www.leselfes.com\/pt-pt\/como-proteger-o-teu-filho-da-perda-de-aprendizagem-no-verao\/\">campo de f\u00e9rias que ajude o teu filho<\/a> a experimentar e a descobrir o mundo dentro dos limites seguros de um ambiente de grupo gerido.  <\/p>\n\n<p>Os teus filhos far\u00e3o caminhadas pelas florestas ou at\u00e9 mesmo pelos Alpes e, finalmente, nadar\u00e3o nos lagos e lagoas de cortar a respira\u00e7\u00e3o da Su\u00ed\u00e7a.\nOs teus filhos v\u00e3o divertir-se a observar as montanhas cobertas de neve e ficar maravilhados com a fauna e a flora excepcionais da Su\u00ed\u00e7a.\nSe j\u00e1 levaste os teus filhos numa viagem de aventura, ent\u00e3o compreendes como eles ficam maravilhados com coisas aparentemente simples, como lebres, esquilos e at\u00e9 r\u00e3s.  <\/p>\n\n<p>Agora imagina como ser\u00e1 cativante a experi\u00eancia de ver camur\u00e7as, raposas, veados e marmotas?\nImagina que ser\u00e1 uma experi\u00eancia sem igual.\nN\u00e3o h\u00e1 nada mais emocionante do que ouvir o teu filho narrar com entusiasmo as aventuras que viveu durante os campos internacionais.  <\/p>\n\n<h2 class=\"wp-block-heading\">3. Mant\u00e9m a forma f\u00edsica<\/h2>\n\n<p>Quando as crian\u00e7as est\u00e3o no meio da natureza, t\u00eam mais oportunidades de se manterem fisicamente activas.\nA Su\u00ed\u00e7a tem alguns dos cen\u00e1rios naturais e paisagens mais deslumbrantes que manter\u00e3o os teus filhos ocupados.\nH\u00e1 v\u00e1rias actividades divertidas e emocionantes em que os teus filhos podem participar enquanto estiverem na Su\u00ed\u00e7a, como esqui, caiaque, canoagem e at\u00e9 canyoning.  <\/p>\n\n<p>Os teus filhos v\u00e3o divertir-se mais a escalar montanhas ou mesmo a fazer caminhadas com os amigos rec\u00e9m-adquiridos.\nTer\u00e3o muito que aprender, como recolher lenha, aprender a acender uma fogueira e a construir tendas.\nEstas actividades rejuvenescer\u00e3o a energia dos teus filhos e eles regressar\u00e3o a casa completamente renovados e com mem\u00f3rias para toda a vida.  <\/p>\n\n<h2 class=\"wp-block-heading\">4. Experimenta novos desafios e torna-se mais independente<\/h2>\n\n<p>Quando forem para os campos de f\u00e9rias, n\u00e3o estar\u00e1s l\u00e1 para os supervisionar nem para fazer as coisas por eles.\nEnquanto estiverem sob a orienta\u00e7\u00e3o dos seus supervisores, ter\u00e3o de ser mais aut\u00f3nomos e adotar uma nova abordagem \u00e0 vida.\nTer\u00e3o de aprender a lavar a roupa, a fazer a cama, a levantar-se sozinhos e a manter a limpeza.  <\/p>\n\n<p>\u00c9 claro que ter\u00e3o de cumprir o hor\u00e1rio estabelecido, mas isso n\u00e3o invalida o facto de terem de tomar conta de si pr\u00f3prios.\nAssim, as crian\u00e7as que s\u00e3o demasiado apegadas aos pais desenvolvem um sentido de crescimento e independ\u00eancia que as ajudar\u00e1 no futuro.\nA Su\u00ed\u00e7a oferece uma grande variedade de eventos para crian\u00e7as de todas as idades e a exposi\u00e7\u00e3o a novos desafios ajudar\u00e1 as crian\u00e7as a adotar uma nova perspetiva de vida.  <\/p>\n\n<h2 class=\"wp-block-heading\">5. Consolida o que aprendeste na escola<\/h2>\n\n<p>Durante as longas f\u00e9rias de ver\u00e3o, \u00e9 prov\u00e1vel que as crian\u00e7as esque\u00e7am uma grande percentagem do que aprendem na escola.\nNo entanto, os estudos sugerem que<a href=\"https:\/\/www.leselfes.com\/pt-pt\/?page_id=85718\"> as actividades de aprendizagem de ver\u00e3o <\/a>podem ser ben\u00e9ficas para os alunos e que \u00e9 mais prov\u00e1vel que estes se lembrem do que aprenderam durante os emocionantes campos de f\u00e9rias. <\/p>\n\n<p>Muitos dos <a href=\"https:\/\/www.leselfes.com\/pt-pt\/campo-de-ferias-para-adolescentes\/\">campos de f\u00e9rias<\/a> na Su\u00ed\u00e7a est\u00e3o ligados a programas escolares de ver\u00e3o dos quais os educadores fazem parte.\nPor exemplo, as crian\u00e7as podem ser submetidas a uma s\u00e9rie de actividades relacionadas com a sala de aula durante as manh\u00e3s, quando as suas mentes est\u00e3o frescas.\nIsto d\u00e1-lhes a oportunidade de participarem em actividades da sala de aula, realizadas de forma divertida e empolgante.  <\/p>\n\n<p>As crian\u00e7as ser\u00e3o expostas a v\u00e1rias actividades de aprendizagem, como a arquitetura, a culin\u00e1ria, o design, a aprendizagem de novas l\u00ednguas, o teatro musical, a fotografia e at\u00e9 a compreens\u00e3o da rob\u00f3tica.\nA combina\u00e7\u00e3o de aprendizagem e divers\u00e3o aumenta a motiva\u00e7\u00e3o, a mem\u00f3ria e a coopera\u00e7\u00e3o com os outros alunos.\nAl\u00e9m disso, os teus filhos ser\u00e3o capazes de estabelecer uma correla\u00e7\u00e3o entre as aplica\u00e7\u00f5es do mundo real e os conhecimentos que adquirem nas salas de aula.  <\/p>\n\n<h2 class=\"wp-block-heading\">6. Desliga-te da tecnologia<\/h2>\n\n<p>Vivemos num mundo avan\u00e7ado em que at\u00e9 as crian\u00e7as t\u00eam conhecimentos tecnol\u00f3gicos.\nHoje em dia, muitas crian\u00e7as dependem da tecnologia tanto para as actividades escolares como para o entretenimento.\nDe facto, muitas das crian\u00e7as que participam no acampamento t\u00eam um iPad, um tablet, um computador port\u00e1til ou at\u00e9 um smartphone.\nN\u00e3o h\u00e1 d\u00favida de que muitas crian\u00e7as de hoje passam a maior parte do tempo a jogar videojogos ou a ver televis\u00e3o durante o seu tempo livre.   <\/p>\n\n<p>\u00c9 claro que a tecnologia \u00e9 essencial, mas passar algum tempo sem ela n\u00e3o faz mal nenhum.\nConvencer os teus filhos a ficarem longe da televis\u00e3o ou dos jogos de v\u00eddeo em casa pode ser uma tarefa \u00e1rdua.\nQuando v\u00e3o para os campos de f\u00e9rias, ter\u00e3o pouco ou nenhum acesso a aparelhos electr\u00f3nicos, o que os manter\u00e1 totalmente ocupados com outras actividades, desligando-se assim do mundo digital para experimentarem os benef\u00edcios do mundo real.  <\/p>\n\n<p>Ao experimentar um mundo longe dos seus gadgets, os teus filhos habituam-se ao facto de que a vida \u00e9 mais do que a televis\u00e3o e os jogos de v\u00eddeo.\nIsto encoraj\u00e1-los-\u00e1 a perseguir passatempos mais tang\u00edveis em vez de passarem o tempo todo a ver filmes ou a jogar jogos. <\/p>\n\n<h2 class=\"wp-block-heading\">7. Aumenta a confian\u00e7a e a autoestima<\/h2>\n\n<p>Os campos de f\u00e9rias apresentam aos seus filhos novas actividades e tarefas com as quais n\u00e3o est\u00e3o familiarizados.\nOs campistas s\u00e3o encorajados a executar tarefas fora da sua zona de conforto e espera-se que cada indiv\u00edduo participe em actividades cativantes e aventureiras, tais como apresenta\u00e7\u00f5es de talentos.\nQuando as crian\u00e7as est\u00e3o num ambiente de apoio dos seus supervisores e colegas, compreendem que o fracasso n\u00e3o \u00e9 um crime.  <\/p>\n\n<p>Cada sucesso que alcan\u00e7am desenvolve a sua autoestima e confian\u00e7a.\nDesenvolvem tamb\u00e9m uma nova forma de resili\u00eancia, independ\u00eancia e autoestima que \u00e9 exemplificada durante o campo, nas intera\u00e7\u00f5es com os irm\u00e3os em casa e na escola.\nEventualmente, os teus filhos tornam-se mais felizes e mais interessados em aceitar novos desafios e actividades que antes teriam medo de realizar.  <\/p>\n\n<h2 class=\"wp-block-heading\">8. Desenvolver compet\u00eancias de lideran\u00e7a<\/h2>\n\n<p>Os campos de f\u00e9rias oferecem v\u00e1rias oportunidades para as crian\u00e7as aprenderem compet\u00eancias de lideran\u00e7a.\nDurante os campos de f\u00e9rias, as crian\u00e7as s\u00e3o classificadas em grupos sociais e cada crian\u00e7a tem de realizar tarefas espec\u00edficas.\nT\u00eam de criar tempo para concluir as suas tarefas a tempo da inspe\u00e7\u00e3o, independentemente da forma como o fazem.\n\u00c9 por esta raz\u00e3o que os campistas dependem da coopera\u00e7\u00e3o uns dos outros para concluir as actividades.   <\/p>\n\n<p>Desta forma, conseguem desenvolver uma s\u00e9rie de qualidades e compet\u00eancias que os tornam excelentes l\u00edderes.\nDurante os campos de f\u00e9rias na Su\u00ed\u00e7a, os teus filhos ter\u00e3o imensas oportunidades de tomar iniciativas.\nPor exemplo, podem ser encarregados de tomar conta de jovens campistas e ajud\u00e1-los a completar tarefas dif\u00edceis, tais como: compreender uma nova l\u00edngua, fazer as suas camas, ou mesmo limpar o seu quarto.  <\/p>\n\n<h2 class=\"wp-block-heading\">9. Melhorar a tua perspetiva do mundo<\/h2>\n\n<p>Os campos de f\u00e9rias na Su\u00ed\u00e7a d\u00e3o \u00e0s crian\u00e7as a oportunidade de conhecer e interagir com outras crian\u00e7as de diferentes c\u00edrculos sociais.\nConhece crian\u00e7as que falam l\u00ednguas diferentes e outras de ra\u00e7as e culturas diferentes. <\/p>\n\n<p>Isto muda a forma como v\u00eaem o mundo e a vida em geral.\nEstas intera\u00e7\u00f5es tornam os teus filhos mais abertos e fazem com que tenham mais interesse em <a href=\"https:\/\/www.sittercity.com\/parents\/parenting-tips\/teach-kids-cultures-religions\">aprender sobre outras culturas <\/a>e em compreender melhor o mundo. <\/p>\n\n<h2 class=\"wp-block-heading\">10. O acampamento promove a criatividade<\/h2>\n\n<p>Hoje em dia, o mundo est\u00e1 a mudar.\nAs crian\u00e7as est\u00e3o a realizar mais actividades que, no passado, eram exclusivas dos seres humanos.\nCada vez mais crian\u00e7as est\u00e3o a tornar-se mais criativas e a envolver-se em actividades relacionadas com a criatividade, como o desenvolvimento de jogos para telem\u00f3vel.  <\/p>\n\n<p>Durante os campos de f\u00e9rias na Su\u00ed\u00e7a, os teus filhos ter\u00e3o imensas oportunidades de exercitar a sua criatividade sem medo de chumbar ou mesmo de obter notas abaixo da m\u00e9dia.\nQuando os teus filhos acampam durante o ver\u00e3o, as suas capacidades n\u00e3o s\u00e3o limitadas.\nPodem participar no maior n\u00famero poss\u00edvel de actividades criativas, em compara\u00e7\u00e3o com o que podem fazer na escola.  <\/p>\n\n<h2 class=\"wp-block-heading\">Finalmente<\/h2>\n\n<p>Como pai, deixar o teu filho ir para um campo de f\u00e9rias na Su\u00ed\u00e7a pode ser uma tarefa \u00e1rdua.\nNo entanto, \u00e9 bom deix\u00e1-los ir durante uma ou duas semanas para que possam participar noutras actividades longe do conforto dos seus aparelhos electr\u00f3nicos.\nOs campos de f\u00e9rias oferecem \u00e0s crian\u00e7as uma grande variedade de oportunidades para descobrirem novas actividades, tornarem-se mais criativas e sa\u00edrem da sua zona de conforto para exercitarem as suas capacidades sem receio de falhar.\nAl\u00e9m disso, deixar os teus filhos irem para os campos de f\u00e9rias na Su\u00ed\u00e7a permite-lhes apreciar os seus pais, os seus irm\u00e3os, a sua casa e as coisas que muitas vezes tomam por garantidas.   <\/p>\n","protected":false},"excerpt":{"rendered":"<p>Estudos realizados pela American Camp Association sugerem que mais de 11 milh\u00f5es de adultos e crian\u00e7as frequentam campos de f\u00e9rias s\u00f3 nos EUA. Atualmente, o campismo est\u00e1 a tornar-se popular,&#8230;<\/p>\n","protected":false},"author":6,"featured_media":109322,"comment_status":"closed","ping_status":"open","sticky":false,"template":"","format":"standard","meta":{"_acf_changed":false,"inline_featured_image":false,"footnotes":""},"categories":[1102,1103],"tags":[],"class_list":{"0":"post-86879","1":"post","2":"type-post","3":"status-publish","4":"format-standard","5":"has-post-thumbnail","7":"category-acampamento-de-verao","8":"category-artigos"},"acf":[],"yoast_head":"<!-- This site is optimized with the Yoast SEO Premium plugin v24.2 (Yoast SEO v24.7) - https:\/\/yoast.com\/wordpress\/plugins\/seo\/ -->\n<title>As 10 principais raz\u00f5es para mandares os teus filhos para um campo de f\u00e9rias na Su\u00ed\u00e7a - Les Elfes International Camps Switzerland<\/title>\n<meta name=\"robots\" content=\"index, follow, max-snippet:-1, max-image-preview:large, max-video-preview:-1\" \/>\n<link rel=\"canonical\" href=\"https:\/\/www.leselfes.com\/pt-pt\/as-10-principais-razoes-para-mandares-os-teus-filhos-para-um-campo-de-ferias-na-suica\/\" \/>\n<meta property=\"og:locale\" content=\"pt_PT\" \/>\n<meta property=\"og:type\" content=\"article\" \/>\n<meta property=\"og:title\" content=\"As 10 principais raz\u00f5es para mandares os teus filhos para um campo de f\u00e9rias na Su\u00ed\u00e7a\" \/>\n<meta property=\"og:description\" content=\"Estudos realizados pela American Camp Association sugerem que mais de 11 milh\u00f5es de adultos e crian\u00e7as frequentam campos de f\u00e9rias s\u00f3 nos EUA. Atualmente, o campismo est\u00e1 a tornar-se popular,...\" \/>\n<meta property=\"og:url\" content=\"https:\/\/www.leselfes.com\/pt-pt\/as-10-principais-razoes-para-mandares-os-teus-filhos-para-um-campo-de-ferias-na-suica\/\" \/>\n<meta property=\"og:site_name\" content=\"Les Elfes International Camps Switzerland\" \/>\n<meta property=\"article:publisher\" content=\"https:\/\/www.facebook.com\/LesElfesVerbier\" \/>\n<meta property=\"article:published_time\" content=\"2025-02-24T15:07:10+00:00\" \/>\n<meta property=\"og:image\" content=\"https:\/\/www.leselfes.com\/wp-content\/uploads\/2025\/02\/468A7567-min-scaled.jpg\" \/>\n\t<meta property=\"og:image:width\" content=\"2560\" \/>\n\t<meta property=\"og:image:height\" content=\"1707\" \/>\n\t<meta property=\"og:image:type\" content=\"image\/jpeg\" \/>\n<meta name=\"author\" content=\"carlotta\" \/>\n<meta name=\"twitter:card\" content=\"summary_large_image\" \/>\n<meta name=\"twitter:creator\" content=\"@LesElfesCamps\" \/>\n<meta name=\"twitter:site\" content=\"@LesElfesCamps\" \/>\n<meta name=\"twitter:label1\" content=\"Escrito por\" \/>\n\t<meta name=\"twitter:data1\" content=\"carlotta\" \/>\n\t<meta name=\"twitter:label2\" content=\"Tempo estimado de leitura\" \/>\n\t<meta name=\"twitter:data2\" content=\"10 minutos\" \/>\n<script type=\"application\/ld+json\" class=\"yoast-schema-graph\">{\"@context\":\"https:\/\/schema.org\",\"@graph\":[{\"@type\":\"Article\",\"@id\":\"https:\/\/www.leselfes.com\/pt-pt\/as-10-principais-razoes-para-mandares-os-teus-filhos-para-um-campo-de-ferias-na-suica\/#article\",\"isPartOf\":{\"@id\":\"https:\/\/www.leselfes.com\/pt-pt\/as-10-principais-razoes-para-mandares-os-teus-filhos-para-um-campo-de-ferias-na-suica\/\"},\"author\":{\"name\":\"carlotta\",\"@id\":\"https:\/\/dev.leselfes.com\/#\/schema\/person\/9e8c1c68ef43ed5c58fa46ac5d8ee338\"},\"headline\":\"As 10 principais raz\u00f5es para mandares os teus filhos para um campo de f\u00e9rias na Su\u00ed\u00e7a\",\"datePublished\":\"2025-02-24T15:07:10+00:00\",\"mainEntityOfPage\":{\"@id\":\"https:\/\/www.leselfes.com\/pt-pt\/as-10-principais-razoes-para-mandares-os-teus-filhos-para-um-campo-de-ferias-na-suica\/\"},\"wordCount\":1924,\"publisher\":{\"@id\":\"https:\/\/dev.leselfes.com\/#organization\"},\"image\":{\"@id\":\"https:\/\/www.leselfes.com\/pt-pt\/as-10-principais-razoes-para-mandares-os-teus-filhos-para-um-campo-de-ferias-na-suica\/#primaryimage\"},\"thumbnailUrl\":\"https:\/\/www.leselfes.com\/wp-content\/uploads\/2025\/02\/468A7567-min-scaled.jpg\",\"articleSection\":[\"Acampamento de ver\u00e3o\",\"Artigos\"],\"inLanguage\":\"pt-PT\"},{\"@type\":\"WebPage\",\"@id\":\"https:\/\/www.leselfes.com\/pt-pt\/as-10-principais-razoes-para-mandares-os-teus-filhos-para-um-campo-de-ferias-na-suica\/\",\"url\":\"https:\/\/www.leselfes.com\/pt-pt\/as-10-principais-razoes-para-mandares-os-teus-filhos-para-um-campo-de-ferias-na-suica\/\",\"name\":\"As 10 principais raz\u00f5es para mandares os teus filhos para um campo de f\u00e9rias na Su\u00ed\u00e7a - Les Elfes International Camps Switzerland\",\"isPartOf\":{\"@id\":\"https:\/\/dev.leselfes.com\/#website\"},\"primaryImageOfPage\":{\"@id\":\"https:\/\/www.leselfes.com\/pt-pt\/as-10-principais-razoes-para-mandares-os-teus-filhos-para-um-campo-de-ferias-na-suica\/#primaryimage\"},\"image\":{\"@id\":\"https:\/\/www.leselfes.com\/pt-pt\/as-10-principais-razoes-para-mandares-os-teus-filhos-para-um-campo-de-ferias-na-suica\/#primaryimage\"},\"thumbnailUrl\":\"https:\/\/www.leselfes.com\/wp-content\/uploads\/2025\/02\/468A7567-min-scaled.jpg\",\"datePublished\":\"2025-02-24T15:07:10+00:00\",\"breadcrumb\":{\"@id\":\"https:\/\/www.leselfes.com\/pt-pt\/as-10-principais-razoes-para-mandares-os-teus-filhos-para-um-campo-de-ferias-na-suica\/#breadcrumb\"},\"inLanguage\":\"pt-PT\",\"potentialAction\":[{\"@type\":\"ReadAction\",\"target\":[\"https:\/\/www.leselfes.com\/pt-pt\/as-10-principais-razoes-para-mandares-os-teus-filhos-para-um-campo-de-ferias-na-suica\/\"]}]},{\"@type\":\"ImageObject\",\"inLanguage\":\"pt-PT\",\"@id\":\"https:\/\/www.leselfes.com\/pt-pt\/as-10-principais-razoes-para-mandares-os-teus-filhos-para-um-campo-de-ferias-na-suica\/#primaryimage\",\"url\":\"https:\/\/www.leselfes.com\/wp-content\/uploads\/2025\/02\/468A7567-min-scaled.jpg\",\"contentUrl\":\"https:\/\/www.leselfes.com\/wp-content\/uploads\/2025\/02\/468A7567-min-scaled.jpg\",\"width\":2560,\"height\":1707},{\"@type\":\"BreadcrumbList\",\"@id\":\"https:\/\/www.leselfes.com\/pt-pt\/as-10-principais-razoes-para-mandares-os-teus-filhos-para-um-campo-de-ferias-na-suica\/#breadcrumb\",\"itemListElement\":[{\"@type\":\"ListItem\",\"position\":1,\"name\":\"Home\",\"item\":\"https:\/\/www.leselfes.com\/pt-pt\/\"},{\"@type\":\"ListItem\",\"position\":2,\"name\":\"As 10 principais raz\u00f5es para mandares os teus filhos para um campo de f\u00e9rias na Su\u00ed\u00e7a\"}]},{\"@type\":\"WebSite\",\"@id\":\"https:\/\/dev.leselfes.com\/#website\",\"url\":\"https:\/\/dev.leselfes.com\/\",\"name\":\"Les Elfes International\",\"description\":\"Les Elfes International, Verbier Switzerland. Summer Camp, Winter Camp, Spring Camps.\",\"publisher\":{\"@id\":\"https:\/\/dev.leselfes.com\/#organization\"},\"alternateName\":\"Les Elfes International\",\"potentialAction\":[{\"@type\":\"SearchAction\",\"target\":{\"@type\":\"EntryPoint\",\"urlTemplate\":\"https:\/\/dev.leselfes.com\/?s={search_term_string}\"},\"query-input\":{\"@type\":\"PropertyValueSpecification\",\"valueRequired\":true,\"valueName\":\"search_term_string\"}}],\"inLanguage\":\"pt-PT\"},{\"@type\":\"Organization\",\"@id\":\"https:\/\/dev.leselfes.com\/#organization\",\"name\":\"Les Elfes International\",\"alternateName\":\"Les Elfes International\",\"url\":\"https:\/\/dev.leselfes.com\/\",\"logo\":{\"@type\":\"ImageObject\",\"inLanguage\":\"pt-PT\",\"@id\":\"https:\/\/dev.leselfes.com\/#\/schema\/logo\/image\/\",\"url\":\"https:\/\/www.leselfes.com\/wp-content\/uploads\/2022\/03\/leselfes-logo.png\",\"contentUrl\":\"https:\/\/www.leselfes.com\/wp-content\/uploads\/2022\/03\/leselfes-logo.png\",\"width\":233,\"height\":51,\"caption\":\"Les Elfes International\"},\"image\":{\"@id\":\"https:\/\/dev.leselfes.com\/#\/schema\/logo\/image\/\"},\"sameAs\":[\"https:\/\/www.facebook.com\/LesElfesVerbier\",\"https:\/\/x.com\/LesElfesCamps\",\"https:\/\/www.instagram.com\/leselfes\",\"https:\/\/www.linkedin.com\/company\/les-elfes-international\",\"https:\/\/www.youtube.com\/user\/LesElfesVerbier\"]},{\"@type\":\"Person\",\"@id\":\"https:\/\/dev.leselfes.com\/#\/schema\/person\/9e8c1c68ef43ed5c58fa46ac5d8ee338\",\"name\":\"carlotta\",\"image\":{\"@type\":\"ImageObject\",\"inLanguage\":\"pt-PT\",\"@id\":\"https:\/\/dev.leselfes.com\/#\/schema\/person\/image\/\",\"url\":\"https:\/\/secure.gravatar.com\/avatar\/fdb243a028df450397b3632d862f87f6?s=96&d=mm&r=g\",\"contentUrl\":\"https:\/\/secure.gravatar.com\/avatar\/fdb243a028df450397b3632d862f87f6?s=96&d=mm&r=g\",\"caption\":\"carlotta\"},\"description\":\"Since 1987, Les Elfes International organizes ski trips &amp; field trips for leading schools around the world as well as winter &amp; summer camps for individual students aged between 6 y.o. and 17 y.o. from more than 60 nationalities. Welcoming 5'000 children and more than 200 schools a year from December until the end of October, Les Elfes has become a leading provider in the individual and school\u2019s trip industry. Our Winter and Summer Camps, ski and field trips provide more than just great activities and experiences. We introduce lifelong skills such as communicating with others without phone or laptop and understanding the value of living in a community away from home. Moreover, campers will be able to build a strong friend network and fortify the relationship among future classmates.\",\"sameAs\":[\"https:\/\/www.linkedin.com\/company\/les-elfes-international\/\"],\"url\":\"https:\/\/www.leselfes.com\/pt-pt\/author\/carlotta\/\"}]}<\/script>\n<!-- \/ Yoast SEO Premium plugin. -->","yoast_head_json":{"title":"As 10 principais raz\u00f5es para mandares os teus filhos para um campo de f\u00e9rias na Su\u00ed\u00e7a - Les Elfes International Camps Switzerland","robots":{"index":"index","follow":"follow","max-snippet":"max-snippet:-1","max-image-preview":"max-image-preview:large","max-video-preview":"max-video-preview:-1"},"canonical":"https:\/\/www.leselfes.com\/pt-pt\/as-10-principais-razoes-para-mandares-os-teus-filhos-para-um-campo-de-ferias-na-suica\/","og_locale":"pt_PT","og_type":"article","og_title":"As 10 principais raz\u00f5es para mandares os teus filhos para um campo de f\u00e9rias na Su\u00ed\u00e7a","og_description":"Estudos realizados pela American Camp Association sugerem que mais de 11 milh\u00f5es de adultos e crian\u00e7as frequentam campos de f\u00e9rias s\u00f3 nos EUA. Atualmente, o campismo est\u00e1 a tornar-se popular,...","og_url":"https:\/\/www.leselfes.com\/pt-pt\/as-10-principais-razoes-para-mandares-os-teus-filhos-para-um-campo-de-ferias-na-suica\/","og_site_name":"Les Elfes International Camps Switzerland","article_publisher":"https:\/\/www.facebook.com\/LesElfesVerbier","article_published_time":"2025-02-24T15:07:10+00:00","og_image":[{"width":2560,"height":1707,"url":"https:\/\/www.leselfes.com\/wp-content\/uploads\/2025\/02\/468A7567-min-scaled.jpg","type":"image\/jpeg"}],"author":"carlotta","twitter_card":"summary_large_image","twitter_creator":"@LesElfesCamps","twitter_site":"@LesElfesCamps","twitter_misc":{"Escrito por":"carlotta","Tempo estimado de leitura":"10 minutos"},"schema":{"@context":"https:\/\/schema.org","@graph":[{"@type":"Article","@id":"https:\/\/www.leselfes.com\/pt-pt\/as-10-principais-razoes-para-mandares-os-teus-filhos-para-um-campo-de-ferias-na-suica\/#article","isPartOf":{"@id":"https:\/\/www.leselfes.com\/pt-pt\/as-10-principais-razoes-para-mandares-os-teus-filhos-para-um-campo-de-ferias-na-suica\/"},"author":{"name":"carlotta","@id":"https:\/\/dev.leselfes.com\/#\/schema\/person\/9e8c1c68ef43ed5c58fa46ac5d8ee338"},"headline":"As 10 principais raz\u00f5es para mandares os teus filhos para um campo de f\u00e9rias na Su\u00ed\u00e7a","datePublished":"2025-02-24T15:07:10+00:00","mainEntityOfPage":{"@id":"https:\/\/www.leselfes.com\/pt-pt\/as-10-principais-razoes-para-mandares-os-teus-filhos-para-um-campo-de-ferias-na-suica\/"},"wordCount":1924,"publisher":{"@id":"https:\/\/dev.leselfes.com\/#organization"},"image":{"@id":"https:\/\/www.leselfes.com\/pt-pt\/as-10-principais-razoes-para-mandares-os-teus-filhos-para-um-campo-de-ferias-na-suica\/#primaryimage"},"thumbnailUrl":"https:\/\/www.leselfes.com\/wp-content\/uploads\/2025\/02\/468A7567-min-scaled.jpg","articleSection":["Acampamento de ver\u00e3o","Artigos"],"inLanguage":"pt-PT"},{"@type":"WebPage","@id":"https:\/\/www.leselfes.com\/pt-pt\/as-10-principais-razoes-para-mandares-os-teus-filhos-para-um-campo-de-ferias-na-suica\/","url":"https:\/\/www.leselfes.com\/pt-pt\/as-10-principais-razoes-para-mandares-os-teus-filhos-para-um-campo-de-ferias-na-suica\/","name":"As 10 principais raz\u00f5es para mandares os teus filhos para um campo de f\u00e9rias na Su\u00ed\u00e7a - Les Elfes International Camps Switzerland","isPartOf":{"@id":"https:\/\/dev.leselfes.com\/#website"},"primaryImageOfPage":{"@id":"https:\/\/www.leselfes.com\/pt-pt\/as-10-principais-razoes-para-mandares-os-teus-filhos-para-um-campo-de-ferias-na-suica\/#primaryimage"},"image":{"@id":"https:\/\/www.leselfes.com\/pt-pt\/as-10-principais-razoes-para-mandares-os-teus-filhos-para-um-campo-de-ferias-na-suica\/#primaryimage"},"thumbnailUrl":"https:\/\/www.leselfes.com\/wp-content\/uploads\/2025\/02\/468A7567-min-scaled.jpg","datePublished":"2025-02-24T15:07:10+00:00","breadcrumb":{"@id":"https:\/\/www.leselfes.com\/pt-pt\/as-10-principais-razoes-para-mandares-os-teus-filhos-para-um-campo-de-ferias-na-suica\/#breadcrumb"},"inLanguage":"pt-PT","potentialAction":[{"@type":"ReadAction","target":["https:\/\/www.leselfes.com\/pt-pt\/as-10-principais-razoes-para-mandares-os-teus-filhos-para-um-campo-de-ferias-na-suica\/"]}]},{"@type":"ImageObject","inLanguage":"pt-PT","@id":"https:\/\/www.leselfes.com\/pt-pt\/as-10-principais-razoes-para-mandares-os-teus-filhos-para-um-campo-de-ferias-na-suica\/#primaryimage","url":"https:\/\/www.leselfes.com\/wp-content\/uploads\/2025\/02\/468A7567-min-scaled.jpg","contentUrl":"https:\/\/www.leselfes.com\/wp-content\/uploads\/2025\/02\/468A7567-min-scaled.jpg","width":2560,"height":1707},{"@type":"BreadcrumbList","@id":"https:\/\/www.leselfes.com\/pt-pt\/as-10-principais-razoes-para-mandares-os-teus-filhos-para-um-campo-de-ferias-na-suica\/#breadcrumb","itemListElement":[{"@type":"ListItem","position":1,"name":"Home","item":"https:\/\/www.leselfes.com\/pt-pt\/"},{"@type":"ListItem","position":2,"name":"As 10 principais raz\u00f5es para mandares os teus filhos para um campo de f\u00e9rias na Su\u00ed\u00e7a"}]},{"@type":"WebSite","@id":"https:\/\/dev.leselfes.com\/#website","url":"https:\/\/dev.leselfes.com\/","name":"Les Elfes International","description":"Les Elfes International, Verbier Switzerland. Summer Camp, Winter Camp, Spring Camps.","publisher":{"@id":"https:\/\/dev.leselfes.com\/#organization"},"alternateName":"Les Elfes International","potentialAction":[{"@type":"SearchAction","target":{"@type":"EntryPoint","urlTemplate":"https:\/\/dev.leselfes.com\/?s={search_term_string}"},"query-input":{"@type":"PropertyValueSpecification","valueRequired":true,"valueName":"search_term_string"}}],"inLanguage":"pt-PT"},{"@type":"Organization","@id":"https:\/\/dev.leselfes.com\/#organization","name":"Les Elfes International","alternateName":"Les Elfes International","url":"https:\/\/dev.leselfes.com\/","logo":{"@type":"ImageObject","inLanguage":"pt-PT","@id":"https:\/\/dev.leselfes.com\/#\/schema\/logo\/image\/","url":"https:\/\/www.leselfes.com\/wp-content\/uploads\/2022\/03\/leselfes-logo.png","contentUrl":"https:\/\/www.leselfes.com\/wp-content\/uploads\/2022\/03\/leselfes-logo.png","width":233,"height":51,"caption":"Les Elfes International"},"image":{"@id":"https:\/\/dev.leselfes.com\/#\/schema\/logo\/image\/"},"sameAs":["https:\/\/www.facebook.com\/LesElfesVerbier","https:\/\/x.com\/LesElfesCamps","https:\/\/www.instagram.com\/leselfes","https:\/\/www.linkedin.com\/company\/les-elfes-international","https:\/\/www.youtube.com\/user\/LesElfesVerbier"]},{"@type":"Person","@id":"https:\/\/dev.leselfes.com\/#\/schema\/person\/9e8c1c68ef43ed5c58fa46ac5d8ee338","name":"carlotta","image":{"@type":"ImageObject","inLanguage":"pt-PT","@id":"https:\/\/dev.leselfes.com\/#\/schema\/person\/image\/","url":"https:\/\/secure.gravatar.com\/avatar\/fdb243a028df450397b3632d862f87f6?s=96&d=mm&r=g","contentUrl":"https:\/\/secure.gravatar.com\/avatar\/fdb243a028df450397b3632d862f87f6?s=96&d=mm&r=g","caption":"carlotta"},"description":"Since 1987, Les Elfes International organizes ski trips &amp; field trips for leading schools around the world as well as winter &amp; summer camps for individual students aged between 6 y.o. and 17 y.o. from more than 60 nationalities. Welcoming 5'000 children and more than 200 schools a year from December until the end of October, Les Elfes has become a leading provider in the individual and school\u2019s trip industry. Our Winter and Summer Camps, ski and field trips provide more than just great activities and experiences. We introduce lifelong skills such as communicating with others without phone or laptop and understanding the value of living in a community away from home. Moreover, campers will be able to build a strong friend network and fortify the relationship among future classmates.","sameAs":["https:\/\/www.linkedin.com\/company\/les-elfes-international\/"],"url":"https:\/\/www.leselfes.com\/pt-pt\/author\/carlotta\/"}]}},"_links":{"self":[{"href":"https:\/\/www.leselfes.com\/pt-pt\/wp-json\/wp\/v2\/posts\/86879"}],"collection":[{"href":"https:\/\/www.leselfes.com\/pt-pt\/wp-json\/wp\/v2\/posts"}],"about":[{"href":"https:\/\/www.leselfes.com\/pt-pt\/wp-json\/wp\/v2\/types\/post"}],"author":[{"embeddable":true,"href":"https:\/\/www.leselfes.com\/pt-pt\/wp-json\/wp\/v2\/users\/6"}],"replies":[{"embeddable":true,"href":"https:\/\/www.leselfes.com\/pt-pt\/wp-json\/wp\/v2\/comments?post=86879"}],"version-history":[{"count":1,"href":"https:\/\/www.leselfes.com\/pt-pt\/wp-json\/wp\/v2\/posts\/86879\/revisions"}],"predecessor-version":[{"id":109496,"href":"https:\/\/www.leselfes.com\/pt-pt\/wp-json\/wp\/v2\/posts\/86879\/revisions\/109496"}],"wp:featuredmedia":[{"embeddable":true,"href":"https:\/\/www.leselfes.com\/pt-pt\/wp-json\/wp\/v2\/media\/109322"}],"wp:attachment":[{"href":"https:\/\/www.leselfes.com\/pt-pt\/wp-json\/wp\/v2\/media?parent=86879"}],"wp:term":[{"taxonomy":"category","embeddable":true,"href":"https:\/\/www.leselfes.com\/pt-pt\/wp-json\/wp\/v2\/categories?post=86879"},{"taxonomy":"post_tag","embeddable":true,"href":"https:\/\/www.leselfes.com\/pt-pt\/wp-json\/wp\/v2\/tags?post=86879"}],"curies":[{"name":"wp","href":"https:\/\/api.w.org\/{rel}","templated":true}]}}