{"id":86890,"date":"2019-04-09T20:39:25","date_gmt":"2019-04-09T18:39:25","guid":{"rendered":"https:\/\/www.leselfes.com\/actividades-do-campo-de-ferias\/"},"modified":"2024-10-03T18:22:17","modified_gmt":"2024-10-03T16:22:17","slug":"actividades-do-campo-de-ferias","status":"publish","type":"post","link":"https:\/\/www.leselfes.com\/pt-pt\/actividades-do-campo-de-ferias\/","title":{"rendered":"Actividades do campo de f\u00e9rias"},"content":{"rendered":"<p>&nbsp;<\/p>\n&#13;\n<p>O que farias se conseguisses fazer uma lista de <strong>actividades<\/strong> para um <strong><a href=\"https:\/\/www.leselfes.com\/pt-pt\/?page_id=85718\">campo de f\u00e9rias<\/a><\/strong> que deixasse qualquer diretor de um campo a desmaiar?<\/p>&#13;\n&#13;\n<p>N\u00e3o sei quanto a ti, mas tenho ouvido cada vez mais pais que contactam o nosso acampamento a pensar e a dizer a mesma coisa.  <\/p>&#13;\n&#13;\n<p><em>Oh n\u00e3o, nada de outro ver\u00e3o como o do ano passado, em que o teu filho passou o dia todo dentro de casa a queixar-se de que n\u00e3o havia nada para fazer, enquanto tu lutavas o mais que podias para o tirar do iPad.<\/em><\/p>&#13;\n&#13;\n<p>N\u00e3o, este ano n\u00e3o.\nVamos dar-te uma lista de actividades de campo de f\u00e9rias t\u00e3o interessantes que o teu filho vai sair da cama todas as manh\u00e3s, ansioso por saber o que vai acontecer durante o dia.   <\/p>&#13;\n&#13;\n<p>Bem, pelo menos \u00e9 essa a tua esperan\u00e7a&#8230;<\/p>&#13;\n&#13;\n<h4 class=\"wp-block-heading\"><strong>Andar de bicicleta (com a fam\u00edlia):  <\/strong><\/h4>&#13;\n&#13;\n<p>Sei que isto parece \u00f3bvio, e talvez j\u00e1 o tenhas tentado antes, mas que tal tentar associar algo mais relaxante \u00e0 atividade para a tornar mais atractiva.\nPor exemplo, em vez de dizeres vamos dar um passeio de bicicleta em fam\u00edlia, que tal enterrares o aspeto da bicicleta com &#8220;<em>Que tal fazermos um piquenique em fam\u00edlia, em que eu fa\u00e7o o teu prato preferido para o almo\u00e7o e vamos dar um mergulho no lago fresco?<\/em>\nQuando te perguntarem como \u00e9 que v\u00e3o l\u00e1 chegar, ent\u00e3o desliza para: &#8221; <em>Bem, de bicicleta, claro.<\/em>   <\/p>&#13;\n&#13;\n<figure class=\"wp-block-image\"><img decoding=\"async\" src=\"https:\/\/lh3.googleusercontent.com\/r84s9QWZt5_DZ-j7sFIYdEEjEAo5EPUu7lbJgTE9-rFibu4QqFFyg1W-oWhOWgEKCIs_vwZqBWCcJTuS2wwYtIFcR9ZYMf8yhX42K5qJcwR8JLaPE6JDQg-ciznyqc2ZZXFWbR01\" alt=\"googleusercontent\"\/><\/figure>&#13;\n&#13;\n<p>\u00c9 sabido que as crian\u00e7as e os adolescentes de hoje em dia n\u00e3o fazem exerc\u00edcio suficiente durante o ver\u00e3o.\nComo nem todas as crian\u00e7as t\u00eam a op\u00e7\u00e3o de praticar actividades desportivas durante os meses de ver\u00e3o, ter\u00e1s de arranjar formas criativas de tirar as crian\u00e7as do sof\u00e1 de casa e lev\u00e1-las para o glorioso sol de ver\u00e3o.\nQue melhor forma de o fazer do que a boa e velha bicicleta?    <\/p>&#13;\n&#13;\n<h4 class=\"wp-block-heading\"><strong>Parede de escalada no gin\u00e1sio local<\/strong><\/h4>&#13;\n&#13;\n<p>Hoje em dia, muitos gin\u00e1sios t\u00eam uma parede de escalada mesmo dentro do gin\u00e1sio.\nQue tal levares o teu filho ao gin\u00e1sio local?\nPrimeiro, tens de telefonar para saber se t\u00eam uma parede de escalada, mas aposto que ficar\u00e1s surpreendido se tiverem.\nDepois, o passeio pode ser at\u00e9 ao gin\u00e1sio local, onde muitas vezes te d\u00e3o um passe livre para veres e experimentares a parede de escalada.\n\u00c9 uma \u00f3ptima atividade e podes surpreender-te ao descobrir que o teu filho tem um talento para a escalada que nunca conheceu.\nFoi o que aconteceu com um amigo do meu filho no ver\u00e3o passado, e agora ele est\u00e1 viciado.     <\/p>&#13;\n&#13;\n<figure class=\"wp-block-image\"><img decoding=\"async\" src=\"https:\/\/lh6.googleusercontent.com\/ucFglQzdlRYal279wOJNr3vKDIWeRy1SNWWFkiebl3oqKf7W4slWGiv4MUrwUSf6Ttz1-ERB-E6Qs9F4G5v6ll9EKb7JhaomJeYfQ4kot1ErZa6vpiwixhPDldfqIVC3-F2xoCEw\" alt=\"googleusercontent\"\/><\/figure>&#13;\n&#13;\n<p>Muitas das paredes rochosas t\u00eam uma sess\u00e3o gratuita para crian\u00e7as, onde as crian\u00e7as podem treinar com um treinador ou especialista treinado, e eles emprestam-te os sapatos, o arn\u00eas e as cordas que j\u00e1 l\u00e1 est\u00e3o.\nN\u00e3o te esque\u00e7as de trazer as tuas pr\u00f3prias meias! <\/p>&#13;\n&#13;\n<h4 class=\"wp-block-heading\"><strong>Pulseiras de amizade<\/strong><\/h4>&#13;\n&#13;\n<p>As pulseiras da amizade s\u00e3o muito f\u00e1ceis e divertidas de fazer.\nTudo o que precisas \u00e9 de fio ou fio dental colorido para entrela\u00e7ar, fita-cola e alguns enfeites divertidos para pendurar nas pulseiras.\nJ\u00e1 vi crian\u00e7as usarem missangas e outras bugigangas para as tornar mais divertidas ou pessoais.\nAt\u00e9 contas com letras, para poderem p\u00f4r o nome dos amigos na pulseira.     <\/p>&#13;\n&#13;\n<figure class=\"wp-block-image\"><img decoding=\"async\" src=\"https:\/\/lh6.googleusercontent.com\/NGfaLJyYaCsrrtpT6Orq6x-0I-mu7Mx3i8I-q98RtCps3IoRO8PmS_GlhG-nIGR3TzE_Ncj3QqKphC08vUQLaBijHhoVW6uNrAF2t7EpyZRXK4G0UpDmGQI_FGoLmR5Fs29HEh3B\" alt=\"googleusercontent\"\/><\/figure>&#13;\n&#13;\n<p>Se quiseres ver uma descri\u00e7\u00e3o mais detalhada de como os fazer, consulta este site.  <\/p>&#13;\n&#13;\n<h4 class=\"wp-block-heading\"><strong>Gelado caseiro<\/strong><\/h4>&#13;\n&#13;\n<p>Que outra coisa nos faz lembrar mais o ver\u00e3o do que o gelado?\nE fazer o teu pr\u00f3prio gelado, ou melhor ainda, pedir ao teu filho ou adolescente para fazer gelado \u00e9 uma atividade de ver\u00e3o antiga que ir\u00e1 certamente trazer um sorriso \u00e0 cara de qualquer pessoa.\nFicarias surpreendido com a facilidade com que \u00e9 feito, e mesmo com apenas alguns ingredientes dom\u00e9sticos comuns que provavelmente j\u00e1 tens \u00e0 m\u00e3o.    <\/p>&#13;\n&#13;\n<p>Ingredientes<\/p>&#13;\n&#13;\n<p>2 -3 ch\u00e1venas (16oz\/450ml ) de natas batidas, frias<\/p>&#13;\n&#13;\n<p>14 on\u00e7as (1 lata\/ 400ml) de leite condensado (sem gordura ou normal), frio<\/p>&#13;\n&#13;\n<p>1 colher de ch\u00e1 de extrato de baunilha (opcional)<\/p>&#13;\n&#13;\n<p>Para os sabores adicionais, podes fazer a loucura que quiseres.\nPensa em pur\u00e9 de manga, morangos, caramelo salgado, kiwi, a lista \u00e9 intermin\u00e1vel, e quem pode esquecer o molho de chocolate. <\/p>&#13;\n&#13;\n<p>Instru\u00e7\u00f5es<\/p>&#13;\n&#13;\n<ol class=\"wp-block-list\">&#13;\n<li>Coloca o leite condensado no frigor\u00edfico para se manter frio.<\/li>&#13;\n<li>Com uma batedeira ou um batedor de arame com acess\u00f3rio batedor, bate as natas frias em velocidade m\u00e9dia\/alta at\u00e9 formarem picos moles.<\/li>&#13;\n<li>Deita o leite condensado frio nas natas batidas.<\/li>&#13;\n<li>Bate at\u00e9 a mistura ficar espessa e formar picos firmes.\nDepois mistura a baunilha ou outros sabores de que gostes.\nE que tal uns mirtilos frescos que podes ter apanhado numa caminhada pela natureza nessa manh\u00e3?  <\/li>&#13;\n<\/ol>&#13;\n&#13;\n<p>Caso n\u00e3o saibas, este \u00e9 o aspeto dos picos firmes.\nEu pr\u00f3prio sempre me confundi com este termo at\u00e9 tentar fazer gelado e, mais tarde, um tiramisu.\nTens de bater a mistura de gelado at\u00e9 esta atingir a consist\u00eancia da imagem abaixo.    <\/p>&#13;\n&#13;\n<div class=\"wp-block-image\">&#13;\n<figure class=\"aligncenter\"><img decoding=\"async\" src=\"https:\/\/lh4.googleusercontent.com\/gmF2Uti8Kif2XVTGE8GyVZWuB8QdMkJttnZQHxZ5c9GORTuJ9a57idmr0rhi0faMecONqDg9jHnrkjHmLUwH88t526QteuvaKO_iHAmkWjQ6tROBtmVrNEJefgXOuvILs7LzUFob\" alt=\"googleusercontent\"\/><\/figure>&#13;\n<\/div>&#13;\n&#13;\n<p>Depois, \u00e9 s\u00f3 colocar no congelador, esperar algumas horas e desfrutar!<\/p>&#13;\n&#13;\n<h4 class=\"wp-block-heading\"><strong>Arremesso de an\u00e9is  <\/strong><\/h4>&#13;\n&#13;\n<p>H\u00e1 alguns anos, fomos de f\u00e9rias \u00e0 Jamaica com algumas outras fam\u00edlias.\nHavia um jogo simples que consistia numa argola, atada a um velho peda\u00e7o de linha de pesca, da qual tinhas de te afastar alguns metros e balan\u00e7\u00e1-la para um espig\u00e3o preso numa \u00e1rvore.\nAcredites ou n\u00e3o, este jogo simples proporcionava horas de entretenimento para crian\u00e7as e adultos.\nN\u00e3o importa que os adultos tenham transformado a atividade num jogo de beber numa festa de fraternidade, n\u00e3o deixa de ser divertido.\nS\u00ea criativo e acrescenta alguns truques ou pr\u00e9mios \u00e0 mistura, e ter\u00e1s uma atividade instant\u00e2nea e quase gratuita que pode entreter as crian\u00e7as durante algumas horas durante o resto do ver\u00e3o.      <\/p>&#13;\n&#13;\n<h4 class=\"wp-block-heading\"><strong>Bolhas gigantes<\/strong><\/h4>&#13;\n&#13;\n<p>OK, isto pode ser para os mais novos, mas at\u00e9 j\u00e1 vi os artistas de rua parados nos sem\u00e1foros a tentar ganhar uns trocos com isto.\n\u00c9 muito divertido de ver.\nA receita de que vais precisar \u00e9: 6 ch\u00e1venas de \u00e1gua, 1 ch\u00e1vena de xarope de milho e 2 ch\u00e1venas de detergente da loi\u00e7a normal.\nO xarope de milho, como deves ter adivinhado, \u00e9 a chave para permitir que as bolhas fiquem realmente grandes.   <\/p>&#13;\n&#13;\n<figure class=\"wp-block-image\"><img decoding=\"async\" src=\"https:\/\/lh6.googleusercontent.com\/1Xc8mJcvWLsHqJHruhBNIEdi7IffPUdMy9dgphdIsQlfM8JvcALuGtO5NjUpWmongz3BKGtDJBCtExoSdY5Sj7Rfr2gl5pVulqQ5TT7bvR2I9AGO4mOO_9zG1SQh2yS3bmRemUzH\" alt=\"googleusercontent\"\/><\/figure>&#13;\n&#13;\n<p>Agita a mistura numa cuba pouco funda.\nMergulha o soprador na solu\u00e7\u00e3o, levanta-o e sopra.\nOu at\u00e9 mesmo corre com a mistura de sab\u00e3o para a brisa e deixa voar uma enorme bolha.\nComo podes ver nesta imagem, podes arranjar uns paus e um cordel para criar uma \u00e1rea onde a mistura se agarre.\nDepois, basta juntares a brisa, correndo, e deixares voar essas bolhas gigantes.    <\/p>&#13;\n&#13;\n<h4 class=\"wp-block-heading\"><strong>Um espet\u00e1culo de marionetas improvisado  <\/strong><\/h4>&#13;\n&#13;\n<p>Esta atividade \u00e9 t\u00e3o f\u00e1cil como parece.\nPega em algumas meias velhas, pinta-lhes algumas caras e d\u00e1 largas \u00e0 tua criatividade.\nPodes at\u00e9 cortar um pouco de fio e colar uma peruca, ou fazer as loucuras que quiseres para os fantoches.\nFaz como nos filmes e faz com que o teu filho se esconda atr\u00e1s de uma caixa ou de uma mesa virada de lado e reencene Shakespeare ou seja ele pr\u00f3prio um tolo.\nPode parecer piroso, mas este fantoche j\u00e1 levou a nossa fam\u00edlia e amigos \u00e0s l\u00e1grimas quando as crian\u00e7as inventam hist\u00f3rias engra\u00e7adas e gostam de fazer aparecer o ator escondido.    <\/p>&#13;\n&#13;\n<h4 class=\"wp-block-heading\"><strong>Uma visita em fam\u00edlia a um local hist\u00f3rico ou museu pr\u00f3ximo<\/strong><\/h4>&#13;\n&#13;\n<p>Oh, que horror, um museu e aprendizagem no ver\u00e3o?\nMas espera, n\u00e3o \u00e9 t\u00e3o mau como parece.\nH\u00e1 muitos museus ou locais hist\u00f3ricos que s\u00e3o muito divertidos para visitar no ver\u00e3o.\nHoje em dia, muitos museus t\u00eam experi\u00eancias cient\u00edficas divertidas ou instru\u00e7\u00f5es educativas para ilustrar actividades e li\u00e7\u00f5es divertidas para crian\u00e7as e adolescentes.   <\/p>&#13;\n&#13;\n<h4 class=\"wp-block-heading\"><strong>O teu pr\u00f3prio parque de aventura com labirinto de cordas<\/strong><\/h4>&#13;\n&#13;\n<p>Tu ou a tua crian\u00e7a\/adolescente podem fazer um parque labir\u00edntico.<\/p>&#13;\n&#13;\n<p>O que \u00e9 um parque labirinto, perguntas tu?<\/p>&#13;\n&#13;\n<p>Bem, \u00e9 como um labirinto, mas os labirintos s\u00e3o concebidos de forma a que n\u00e3o possas dar uma volta errada para sair.\nCaminhas atrav\u00e9s do labirinto e, claro, constru\u00ed-lo \u00e9 a parte mais divertida.\nA parte ainda melhor \u00e9 que este \u00e9 provavelmente um projeto de v\u00e1rios dias e que podes transformar numa pe\u00e7a de centro de jardim, se quiseres.  <\/p>&#13;\n&#13;\n<p>O primeiro passo \u00e9 desenhar o teu projeto.\nPara te dar uma ideia, eis como pode ser um labirinto.\nQuando tiveres um desenho de que gostes, ter\u00e1s de comprar corda e a\u00e7o para construir o labirinto.\nEu disse-te que este era um projeto de v\u00e1rios dias, mas isso n\u00e3o significa que tenhas de o construir em dias consecutivos, pode ser feito durante todo o ver\u00e3o, se quiseres.\nQuando tiveres as cordas e as estacas, mede-as de acordo com o teu esquema e crava as estacas no ch\u00e3o para fixar as cordas.\nPodes encontrar uma explica\u00e7\u00e3o mais detalhada com todos os passos neste excelente post sobre a constru\u00e7\u00e3o de labirintos.     <\/p>&#13;\n&#13;\n<figure class=\"wp-block-image\"><img decoding=\"async\" src=\"https:\/\/lh3.googleusercontent.com\/076V7YuDo6fQ5irwO4CQglo8nfpH_KKKLECUN44FnT8q95zQ-goDsaT-ftg8ZY3PfeKnF-pE-Mh3_lieP3ZEn8wYKMRuTVT9O_GIsklRSN4UP8HrZ9u0Bmp0PMg30DlDDVqfe-l5\" alt=\"googleusercontent\"\/><\/figure>&#13;\n&#13;\n<p>V\u00ea como poderia ser no final da cria\u00e7\u00e3o.<\/p>&#13;\n&#13;\n<div class=\"wp-block-image\">&#13;\n<figure class=\"aligncenter\"><img decoding=\"async\" src=\"https:\/\/lh6.googleusercontent.com\/Mc8fHmcbitQ-C4X6ZM4_nwDOZhTdcgpyVXHpFT7gN422cuIqsuvVDWqM58W8QczJMj2la4gOfXH1l-MxsPq_jb1QhfpboN7hMaXBTFL_M25ynFjC4l0qlCC2skxgnZgoVRqwyfjg\" alt=\"googleusercontent\"\/><\/figure>&#13;\n<\/div>&#13;\n&#13;\n<h4 class=\"wp-block-heading\"><strong>Jogo de futebol de bairro ou jogo de captura da bandeira<\/strong><\/h4>&#13;\n&#13;\n<p>Quando \u00e9ramos pequenos, costum\u00e1vamos organizar jogos de futebol no campo da escola local ou num parque que pudesse acomodar o tamanho necess\u00e1rio.\nDe facto, tenho feito isto quase toda a minha vida.\nMesmo durante as f\u00e9rias na praia.\nPeg\u00e1vamos em qualquer coisa que pudesse servir de baliza (um sapato, um coco, um pau espetado no ch\u00e3o), o que quer que encontr\u00e1ssemos.\nE voil\u00e1, tens um campo de futebol instant\u00e2neo e improvisado.\nAgora, come\u00e7a a convidar os vizinhos ou os teus amigos para virem jogar.\nPodes organiz\u00e1-lo de forma mais organizada e criar panfletos, at\u00e9 mesmo camisolas de jogo para as equipas e com as m\u00e3es a trazerem um lanche diferente para as crian\u00e7as comerem durante o jogo.      <\/p>&#13;\n&#13;\n<p>Outra coisa muito divertida para fazeres, para todas as idades, \u00e9 <em>capturar a bandeira.<\/em> Com a captura da bandeira nem sequer precisas de um campo, na verdade, \u00e9 melhor sem um campo.\nPodes designar uma \u00e1rea livre na floresta local ou numa zona arborizada perto de tua casa.\nOrganiza-te em duas equipas, separadas por diferen\u00e7as de idade, rapazes, raparigas e cria os limites e as regras gerais.  <\/p>&#13;\n&#13;\n<p>Caso n\u00e3o conhe\u00e7as as regras, elas s\u00e3o bastante simples.\nExiste uma bandeira que, normalmente, \u00e9 guardada por uma ou mais pessoas.\nNormalmente, esta fica longe da \u00e1rea neutra, em dire\u00e7\u00e3o \u00e0 parte da frente da \u00e1rea de jogo.\nDepois, h\u00e1 um aspeto ofensivo da equipa que tenta entrar sorrateiramente na \u00e1rea da outra equipa para tentar capturar a bandeira sem ser apanhado.\nPara sa\u00edres ou seres apanhado, s\u00f3 tens de ser marcado por um membro da equipa advers\u00e1ria, enquanto est\u00e1s em &#8220;territ\u00f3rio inimigo&#8221;.    <\/p>&#13;\n&#13;\n<p>Se um membro da equipa advers\u00e1ria te marcar enquanto tentas apanhar a bandeira, \u00e9s colocado na &#8220;pris\u00e3o&#8221;.\nNormalmente, uma equipa de defesa tem de guardar os prisioneiros, porque se um membro da equipa ofensiva marcar um prisioneiro, todos os prisioneiros s\u00e3o libertados. <\/p>&#13;\n&#13;\n<figure class=\"wp-block-image\"><img decoding=\"async\" src=\"https:\/\/lh4.googleusercontent.com\/IqdjhttItt9fOcpaR8AuYYZ_3Z5PW6-JGJtxjkRxdjJH5qt_5uzw1Rt2NbRg5XTAhjwBKl9PG87o7anKsN2aUyA8H6T4WOtj-Z7rYYRP8-X7hK8CQg4Y5AdA5vLJUUuXrjhzxjGw\" alt=\"googleusercontent\"\/><\/figure>&#13;\n&#13;\n<p>Ach\u00e1mos que tanto os jogos de futebol como a captura da bandeira s\u00e3o igualmente divertidos, com adultos e crian\u00e7as de todas as idades a jogarem juntos.<\/p>&#13;\n&#13;\n<h4 class=\"wp-block-heading\"><strong>Uma ca\u00e7a ao tesouro na natureza<\/strong><\/h4>&#13;\n&#13;\n<p>\u00c9 prov\u00e1vel que muitas crian\u00e7as e adolescentes j\u00e1 tenham feito ca\u00e7as ao tesouro, mas uma ca\u00e7a ao tesouro natural \u00e9 feita com um toque natural.\nAbaixo est\u00e3o exemplos de dicas ou pistas, mas podes torn\u00e1-la mais natural fazendo com que a ca\u00e7a seja feita com artigos da natureza.\nPor exemplo, podes procurar pinhas, musgo de \u00e1rvores, tipos de rochas ou diferentes tipos de folhas.  <\/p>&#13;\n&#13;\n<figure class=\"wp-block-image\"><img decoding=\"async\" src=\"https:\/\/lh4.googleusercontent.com\/mu-J4HACrCOsVYwEAGETo0ZIm0GW3OWxYe6TP0yRBv7LThL5TX8kYRlRgfvcVpw6wyRLDpVB0PXwooekjHlg6CdAGkXwdtDbR6hvzAipjCCnlrQ00dueHR5u7AWxN7oY3kgHBACJ\" alt=\"googleusercontent\"\/><\/figure>&#13;\n&#13;\n<p>\u00c9 prov\u00e1vel que o teu filho adolescente fa\u00e7a cara feia a esta pergunta, mas podes torn\u00e1-la mais divertida se tiveres um pr\u00e9mio que sabes que ele vai gostar.<\/p>&#13;\n&#13;\n<h4 class=\"wp-block-heading\"><strong>Uma caminhada em fam\u00edlia<\/strong><\/h4>&#13;\n&#13;\n<p>Sendo dos Alpes su\u00ed\u00e7os, esta \u00e9 uma atividade familiar extremamente importante.\nAjuda quando tens algumas das mais deslumbrantes paisagens alpinas e montanhosas do mundo, mas as caminhadas s\u00e3o uma excelente forma de sair e desfrutar de qualquer tipo de ambiente.\nN\u00e3o importa onde vives.\nH\u00e1 muitas aplica\u00e7\u00f5es na Apple App Store ou na Google Play Store que te d\u00e3o informa\u00e7\u00f5es excelentes sobre as melhores zonas para caminhadas na tua \u00e1rea.\nA aplica\u00e7\u00e3o dir-te-\u00e1, com base na tua capacidade f\u00edsica, o que \u00e9 mais adequado, a dura\u00e7\u00e3o da caminhada, as carater\u00edsticas que podes querer visitar (pescar, nadar num lago, chegar ao pico de uma montanha).    <\/p>&#13;\n&#13;\n<p>Aqui tens uma fotografia dos meus filhos e do c\u00e3o numa caminhada perto de onde vivemos.\nNada mau, pois n\u00e3o? <\/p>&#13;\n&#13;\n<figure class=\"wp-block-image\"><img decoding=\"async\" src=\"https:\/\/lh4.googleusercontent.com\/9TRm3eZ_5PcVMjALcXCdBFSK6Yx5N6X4LRSe53ClFdPkoaoJsQqOOs3gGMv4PkCrGTX1VjpWLam8TXHgAVxW_Lj82QhCXJV03E27VLfg67q9FD37OKXYxrGTrAI89s7zPzsUDTs5\" alt=\"googleusercontent\"\/><\/figure>&#13;\n&#13;\n<p>Al\u00e9m disso, diz-te onde estacionar para encontrares o in\u00edcio do trilho.\nN\u00e3o precisas de viver na Su\u00ed\u00e7a para desfrutar de uma caminhada em fam\u00edlia, por isso sai e faz uma caminhada ou um passeio hoje. <\/p>&#13;\n&#13;\n<h4 class=\"wp-block-heading\"><strong>Espet\u00e1culo de talentos<\/strong><\/h4>&#13;\n&#13;\n<p>Os espect\u00e1culos de talentos s\u00e3o muito divertidos para a fam\u00edlia.\nPodem ser t\u00e3o elaborados quanto quiseres, convidando os teus amigos a participar e at\u00e9 outras fam\u00edlias a organizar concursos.\nAs crian\u00e7as e os adolescentes adoram a oportunidade de mostrar os seus talentos escondidos, seja a cantar, a contar hist\u00f3rias, a tocar instrumentos ou a representar uma pe\u00e7a que escreveram.\nTalvez tenhas um comediante na tua fam\u00edlia, e isto d\u00e1-lhe uma oportunidade de brilhar.\nJim Carrey costumava fazer stand-up todos os dias depois da escola, nunca saber\u00e1s o que podes descobrir sobre os talentos do teu filho at\u00e9 o deixares mostr\u00e1-los.    <\/p>&#13;\n&#13;\n<figure class=\"wp-block-image\"><img decoding=\"async\" src=\"https:\/\/lh4.googleusercontent.com\/Vi1XPnXLl5Taw6ZZ1_qVFMw-lxiUyGYJbvZ1Wqx5lPwG6cvmmBzr_lG9Xenzfde0fHaz5rlLT8_g9-BjDXr72Xwap4jMVswVo5ps6BL4F7EiTMeo1Y_evLS9fYb9POolD2-6fLAl\" alt=\"googleusercontent\"\/><\/figure>&#13;\n&#13;\n<h4 class=\"wp-block-heading\"><strong>Prepara tapas<\/strong><\/h4>&#13;\n&#13;\n<p>As tapas, caso n\u00e3o estejas familiarizado com elas, s\u00e3o pequenos petiscos, por vezes do tamanho de uma dentada, origin\u00e1rios de Espanha.\nNo Pa\u00eds Basco, a \u00e1rea em redor da fronteira entre Espanha e Fran\u00e7a, as tapas s\u00e3o um modo de vida e quase todos os restaurantes locais as servem desde o almo\u00e7o at\u00e9 ao jantar.\nA ideia de comer uma s\u00e9rie de pequenos pratos com uma grande variedade de escolhas tornou-se t\u00e3o popular que est\u00e3o a abrir restaurantes de tapas em todo o mundo.\n\u00c9 prov\u00e1vel que at\u00e9 j\u00e1 as tenhas comido, mesmo que nunca tenhas visitado Espanha.   <\/p>&#13;\n&#13;\n<p>No nosso acampamento, fazemos tapas e os campistas adoram a ideia de ter muitas op\u00e7\u00f5es para escolher para comer.  <br\/><br\/>Aqui tens uma lista de alguns dos nossos favoritos.\nE a boa not\u00edcia \u00e9 que a maioria deles \u00e9 bastante f\u00e1cil de fazer. <\/p>&#13;\n&#13;\n<p>Omeleta espanhola &#8211; Este \u00e9 um prato de ovos com batatas, azeite e outras especiarias.\nSe quiseres a receita exacta para fazer esta omelete, podes consultar este guia completo de receitas de tapas. <\/p>&#13;\n&#13;\n<p>Calamares &#8211; Seja como for, as pessoas adoram calamares, ou lulas fritas.\nPode ser um pouco dif\u00edcil de conseguir se estiveres numa zona sem litoral, mas a ideia \u00e9 um tipo de carne branca mastig\u00e1vel, cozinhada numa tempura leve ou numa massa, e depois complementada com um pouco de raspa de lim\u00e3o.\nTem cuidado para fazeres uma quantidade suficiente deste prato, porque \u00e9 muito popular.  <\/p>&#13;\n&#13;\n<p>Uma mistura de queijos e presuntos locais &#8211; Independentemente do local onde vives, \u00e9 prov\u00e1vel que tenhas acesso a queijo. Tenta ir ao talho local ou a uma loja gourmet para obteres alguns bons.\nTradicionalmente, os queijos utilizados para este efeito s\u00e3o o Manchego ou o Mahon, mas podes utiliz\u00e1-los com outros tipos que gostes.\nPodes usar Stiltons, queijo de cabra, queijo cheddar forte.\nDepois complementa com um bom p\u00e3o e um pouco de presunto (o presunto ib\u00e9rico \u00e9 \u00f3timo se o encontrares).\nAcrescenta algumas nozes e algumas uvas, e ter\u00e1s um verdadeiro prato de tapas.    <\/p>&#13;\n&#13;\n<p>Azeitonas &#8211; Isso mesmo, azeitonas simples e normalmente acho que as que ainda t\u00eam o caro\u00e7o s\u00e3o as que t\u00eam o melhor sabor.\nSe tirares o caro\u00e7o, por alguma raz\u00e3o, perde-se um pouco do forte sabor salgado.\nNormalmente, o melhor \u00e9 escolheres uma mistura de azeitonas, pretas e verdes e de diferentes tamanhos.  <\/p>&#13;\n&#13;\n<p>Patatas Bravas &#8211; S\u00e3o apenas batatas cozidas com um pouco de paprika e especiarias polvilhadas antes de as colocares no forno.\nPara as fazeres \u00e0 maneira tradicional basca, usa um pouco de molho aioli, que \u00e9 feito principalmente de alho e azeite.\nQuem \u00e9 que n\u00e3o gosta disso?  <\/p>&#13;\n&#13;\n<p>Para dar asas \u00e0 tua criatividade, aqui est\u00e1 uma fotografia de um prato que te pode inspirar.<\/p>&#13;\n&#13;\n<figure class=\"wp-block-image\"><img decoding=\"async\" src=\"https:\/\/lh4.googleusercontent.com\/zHkwXzDH8Tn2inrvExErn-oY_CPtBrYNu_eFAp1_0QqrtK8y-gZg1ZJEfQqWgXY72_pH1yRLiVGtLF4hsxUfRh_HFVJNBB8f_Qbb_t_IC--CX2-Fi5lKox3Sh7CTMh6GHl_8bK0E\" alt=\"googleusercontent\"\/><\/figure>&#13;\n&#13;\n<p>Bem, estas s\u00e3o apenas algumas ideias que pensamos serem suficientes para motivar o teu filho ou adolescente a sair do sof\u00e1, do seu iPad e a ir para o belo e brilhante sol de ver\u00e3o.\nEsperamos que encontres alguma inspira\u00e7\u00e3o nestas ideias. <\/p>&#13;\n&#13;\n<p>Caso te estejas a perguntar de onde vieram estas ideias, muitas delas s\u00e3o ideias que encorajamos ou utilizamos com os nossos pr\u00f3prios campistas.\nSomos um campo de f\u00e9rias internacional situado no cora\u00e7\u00e3o dos Alpes su\u00ed\u00e7os.\nCom crian\u00e7as e comunidades de todo o mundo, temos vindo a entreter as crian\u00e7as h\u00e1 mais de 30 anos.\nPor isso, sabemos como manter as crian\u00e7as ocupadas.\nO nosso campo de f\u00e9rias tamb\u00e9m funciona de dezembro a agosto.\nSe quiseres saber mais sobre o que fazemos, ou mais sobre as ideias que escrevemos, carrega no bot\u00e3o abaixo para obteres mais informa\u00e7\u00f5es.\nGostar\u00edamos muito de conversar contigo sobre estas ideias, ou mesmo de ouvir algumas das tuas pr\u00f3prias ideias.      <\/p>&#13;\n&#13;\n<p>Agora sai e aproveita o sol de ver\u00e3o!<\/p>&#13;\n<p>&nbsp;<\/p>\n","protected":false},"excerpt":{"rendered":"<p>&nbsp; &#13; O que farias se conseguisses fazer uma lista de actividades para um campo de f\u00e9rias que deixasse qualquer diretor de um campo a desmaiar? &#13; &#13; N\u00e3o sei&#8230;<\/p>\n","protected":false},"author":6,"featured_media":0,"comment_status":"closed","ping_status":"open","sticky":false,"template":"","format":"standard","meta":{"_acf_changed":false,"inline_featured_image":false,"footnotes":""},"categories":[1102,1103],"tags":[1217,1158,1218],"class_list":{"0":"post-86890","1":"post","2":"type-post","3":"status-publish","4":"format-standard","6":"category-acampamento-de-verao","7":"category-artigos","8":"tag-actividades-de-campo-de-ferias-para-alunos-do-ensino-secundario","9":"tag-actividades-do-campo-de-ferias","10":"tag-campo-de-ferias-para-adolescentes"},"acf":[],"yoast_head":"<!-- This site is optimized with the Yoast SEO Premium plugin v24.2 (Yoast SEO v24.7) - https:\/\/yoast.com\/wordpress\/plugins\/seo\/ -->\n<title>Actividades do campo de f\u00e9rias - Les Elfes International Camps Switzerland<\/title>\n<meta name=\"robots\" content=\"index, follow, max-snippet:-1, max-image-preview:large, max-video-preview:-1\" \/>\n<link rel=\"canonical\" href=\"https:\/\/www.leselfes.com\/pt-pt\/actividades-do-campo-de-ferias\/\" \/>\n<meta property=\"og:locale\" content=\"pt_PT\" \/>\n<meta property=\"og:type\" content=\"article\" \/>\n<meta property=\"og:title\" content=\"Actividades do campo de f\u00e9rias\" \/>\n<meta property=\"og:description\" content=\"&nbsp; &#013; O que farias se conseguisses fazer uma lista de actividades para um campo de f\u00e9rias que deixasse qualquer diretor de um campo a desmaiar? &#013; &#013; N\u00e3o sei...\" \/>\n<meta property=\"og:url\" content=\"https:\/\/www.leselfes.com\/pt-pt\/actividades-do-campo-de-ferias\/\" \/>\n<meta property=\"og:site_name\" content=\"Les Elfes International Camps Switzerland\" \/>\n<meta property=\"article:publisher\" content=\"https:\/\/www.facebook.com\/LesElfesVerbier\" \/>\n<meta property=\"article:published_time\" content=\"2019-04-09T18:39:25+00:00\" \/>\n<meta property=\"article:modified_time\" content=\"2024-10-03T16:22:17+00:00\" \/>\n<meta property=\"og:image\" content=\"https:\/\/lh3.googleusercontent.com\/r84s9QWZt5_DZ-j7sFIYdEEjEAo5EPUu7lbJgTE9-rFibu4QqFFyg1W-oWhOWgEKCIs_vwZqBWCcJTuS2wwYtIFcR9ZYMf8yhX42K5qJcwR8JLaPE6JDQg-ciznyqc2ZZXFWbR01\" \/>\n<meta name=\"author\" content=\"carlotta\" \/>\n<meta name=\"twitter:card\" content=\"summary_large_image\" \/>\n<meta name=\"twitter:creator\" content=\"@LesElfesCamps\" \/>\n<meta name=\"twitter:site\" content=\"@LesElfesCamps\" \/>\n<meta name=\"twitter:label1\" content=\"Escrito por\" \/>\n\t<meta name=\"twitter:data1\" content=\"carlotta\" \/>\n\t<meta name=\"twitter:label2\" content=\"Tempo estimado de leitura\" \/>\n\t<meta name=\"twitter:data2\" content=\"15 minutos\" \/>\n<script type=\"application\/ld+json\" class=\"yoast-schema-graph\">{\"@context\":\"https:\/\/schema.org\",\"@graph\":[{\"@type\":\"Article\",\"@id\":\"https:\/\/www.leselfes.com\/pt-pt\/actividades-do-campo-de-ferias\/#article\",\"isPartOf\":{\"@id\":\"https:\/\/www.leselfes.com\/pt-pt\/actividades-do-campo-de-ferias\/\"},\"author\":{\"name\":\"carlotta\",\"@id\":\"https:\/\/dev.leselfes.com\/#\/schema\/person\/9e8c1c68ef43ed5c58fa46ac5d8ee338\"},\"headline\":\"Actividades do campo de f\u00e9rias\",\"datePublished\":\"2019-04-09T18:39:25+00:00\",\"dateModified\":\"2024-10-03T16:22:17+00:00\",\"mainEntityOfPage\":{\"@id\":\"https:\/\/www.leselfes.com\/pt-pt\/actividades-do-campo-de-ferias\/\"},\"wordCount\":2974,\"publisher\":{\"@id\":\"https:\/\/dev.leselfes.com\/#organization\"},\"image\":{\"@id\":\"https:\/\/www.leselfes.com\/pt-pt\/actividades-do-campo-de-ferias\/#primaryimage\"},\"thumbnailUrl\":\"https:\/\/lh3.googleusercontent.com\/r84s9QWZt5_DZ-j7sFIYdEEjEAo5EPUu7lbJgTE9-rFibu4QqFFyg1W-oWhOWgEKCIs_vwZqBWCcJTuS2wwYtIFcR9ZYMf8yhX42K5qJcwR8JLaPE6JDQg-ciznyqc2ZZXFWbR01\",\"keywords\":[\"actividades de campo de f\u00e9rias para alunos do ensino secund\u00e1rio\",\"actividades do campo de f\u00e9rias\",\"campo de f\u00e9rias para adolescentes\"],\"articleSection\":[\"Acampamento de ver\u00e3o\",\"Artigos\"],\"inLanguage\":\"pt-PT\"},{\"@type\":\"WebPage\",\"@id\":\"https:\/\/www.leselfes.com\/pt-pt\/actividades-do-campo-de-ferias\/\",\"url\":\"https:\/\/www.leselfes.com\/pt-pt\/actividades-do-campo-de-ferias\/\",\"name\":\"Actividades do campo de f\u00e9rias - Les Elfes International Camps Switzerland\",\"isPartOf\":{\"@id\":\"https:\/\/dev.leselfes.com\/#website\"},\"primaryImageOfPage\":{\"@id\":\"https:\/\/www.leselfes.com\/pt-pt\/actividades-do-campo-de-ferias\/#primaryimage\"},\"image\":{\"@id\":\"https:\/\/www.leselfes.com\/pt-pt\/actividades-do-campo-de-ferias\/#primaryimage\"},\"thumbnailUrl\":\"https:\/\/lh3.googleusercontent.com\/r84s9QWZt5_DZ-j7sFIYdEEjEAo5EPUu7lbJgTE9-rFibu4QqFFyg1W-oWhOWgEKCIs_vwZqBWCcJTuS2wwYtIFcR9ZYMf8yhX42K5qJcwR8JLaPE6JDQg-ciznyqc2ZZXFWbR01\",\"datePublished\":\"2019-04-09T18:39:25+00:00\",\"dateModified\":\"2024-10-03T16:22:17+00:00\",\"breadcrumb\":{\"@id\":\"https:\/\/www.leselfes.com\/pt-pt\/actividades-do-campo-de-ferias\/#breadcrumb\"},\"inLanguage\":\"pt-PT\",\"potentialAction\":[{\"@type\":\"ReadAction\",\"target\":[\"https:\/\/www.leselfes.com\/pt-pt\/actividades-do-campo-de-ferias\/\"]}]},{\"@type\":\"ImageObject\",\"inLanguage\":\"pt-PT\",\"@id\":\"https:\/\/www.leselfes.com\/pt-pt\/actividades-do-campo-de-ferias\/#primaryimage\",\"url\":\"https:\/\/lh3.googleusercontent.com\/r84s9QWZt5_DZ-j7sFIYdEEjEAo5EPUu7lbJgTE9-rFibu4QqFFyg1W-oWhOWgEKCIs_vwZqBWCcJTuS2wwYtIFcR9ZYMf8yhX42K5qJcwR8JLaPE6JDQg-ciznyqc2ZZXFWbR01\",\"contentUrl\":\"https:\/\/lh3.googleusercontent.com\/r84s9QWZt5_DZ-j7sFIYdEEjEAo5EPUu7lbJgTE9-rFibu4QqFFyg1W-oWhOWgEKCIs_vwZqBWCcJTuS2wwYtIFcR9ZYMf8yhX42K5qJcwR8JLaPE6JDQg-ciznyqc2ZZXFWbR01\"},{\"@type\":\"BreadcrumbList\",\"@id\":\"https:\/\/www.leselfes.com\/pt-pt\/actividades-do-campo-de-ferias\/#breadcrumb\",\"itemListElement\":[{\"@type\":\"ListItem\",\"position\":1,\"name\":\"Home\",\"item\":\"https:\/\/www.leselfes.com\/pt-pt\/\"},{\"@type\":\"ListItem\",\"position\":2,\"name\":\"Actividades do campo de f\u00e9rias\"}]},{\"@type\":\"WebSite\",\"@id\":\"https:\/\/dev.leselfes.com\/#website\",\"url\":\"https:\/\/dev.leselfes.com\/\",\"name\":\"Les Elfes International\",\"description\":\"Les Elfes International, Verbier Switzerland. Summer Camp, Winter Camp, Spring Camps.\",\"publisher\":{\"@id\":\"https:\/\/dev.leselfes.com\/#organization\"},\"alternateName\":\"Les Elfes International\",\"potentialAction\":[{\"@type\":\"SearchAction\",\"target\":{\"@type\":\"EntryPoint\",\"urlTemplate\":\"https:\/\/dev.leselfes.com\/?s={search_term_string}\"},\"query-input\":{\"@type\":\"PropertyValueSpecification\",\"valueRequired\":true,\"valueName\":\"search_term_string\"}}],\"inLanguage\":\"pt-PT\"},{\"@type\":\"Organization\",\"@id\":\"https:\/\/dev.leselfes.com\/#organization\",\"name\":\"Les Elfes International\",\"alternateName\":\"Les Elfes International\",\"url\":\"https:\/\/dev.leselfes.com\/\",\"logo\":{\"@type\":\"ImageObject\",\"inLanguage\":\"pt-PT\",\"@id\":\"https:\/\/dev.leselfes.com\/#\/schema\/logo\/image\/\",\"url\":\"https:\/\/www.leselfes.com\/wp-content\/uploads\/2022\/03\/leselfes-logo.png\",\"contentUrl\":\"https:\/\/www.leselfes.com\/wp-content\/uploads\/2022\/03\/leselfes-logo.png\",\"width\":233,\"height\":51,\"caption\":\"Les Elfes International\"},\"image\":{\"@id\":\"https:\/\/dev.leselfes.com\/#\/schema\/logo\/image\/\"},\"sameAs\":[\"https:\/\/www.facebook.com\/LesElfesVerbier\",\"https:\/\/x.com\/LesElfesCamps\",\"https:\/\/www.instagram.com\/leselfes\",\"https:\/\/www.linkedin.com\/company\/les-elfes-international\",\"https:\/\/www.youtube.com\/user\/LesElfesVerbier\"]},{\"@type\":\"Person\",\"@id\":\"https:\/\/dev.leselfes.com\/#\/schema\/person\/9e8c1c68ef43ed5c58fa46ac5d8ee338\",\"name\":\"carlotta\",\"image\":{\"@type\":\"ImageObject\",\"inLanguage\":\"pt-PT\",\"@id\":\"https:\/\/dev.leselfes.com\/#\/schema\/person\/image\/\",\"url\":\"https:\/\/secure.gravatar.com\/avatar\/fdb243a028df450397b3632d862f87f6?s=96&d=mm&r=g\",\"contentUrl\":\"https:\/\/secure.gravatar.com\/avatar\/fdb243a028df450397b3632d862f87f6?s=96&d=mm&r=g\",\"caption\":\"carlotta\"},\"description\":\"Since 1987, Les Elfes International organizes ski trips &amp; field trips for leading schools around the world as well as winter &amp; summer camps for individual students aged between 6 y.o. and 17 y.o. from more than 60 nationalities. Welcoming 5'000 children and more than 200 schools a year from December until the end of October, Les Elfes has become a leading provider in the individual and school\u2019s trip industry. Our Winter and Summer Camps, ski and field trips provide more than just great activities and experiences. We introduce lifelong skills such as communicating with others without phone or laptop and understanding the value of living in a community away from home. Moreover, campers will be able to build a strong friend network and fortify the relationship among future classmates.\",\"sameAs\":[\"https:\/\/www.linkedin.com\/company\/les-elfes-international\/\"],\"url\":\"https:\/\/www.leselfes.com\/pt-pt\/author\/carlotta\/\"}]}<\/script>\n<!-- \/ Yoast SEO Premium plugin. -->","yoast_head_json":{"title":"Actividades do campo de f\u00e9rias - Les Elfes International Camps Switzerland","robots":{"index":"index","follow":"follow","max-snippet":"max-snippet:-1","max-image-preview":"max-image-preview:large","max-video-preview":"max-video-preview:-1"},"canonical":"https:\/\/www.leselfes.com\/pt-pt\/actividades-do-campo-de-ferias\/","og_locale":"pt_PT","og_type":"article","og_title":"Actividades do campo de f\u00e9rias","og_description":"&nbsp; &#13; O que farias se conseguisses fazer uma lista de actividades para um campo de f\u00e9rias que deixasse qualquer diretor de um campo a desmaiar? &#13; &#13; N\u00e3o sei...","og_url":"https:\/\/www.leselfes.com\/pt-pt\/actividades-do-campo-de-ferias\/","og_site_name":"Les Elfes International Camps Switzerland","article_publisher":"https:\/\/www.facebook.com\/LesElfesVerbier","article_published_time":"2019-04-09T18:39:25+00:00","article_modified_time":"2024-10-03T16:22:17+00:00","og_image":[{"url":"https:\/\/lh3.googleusercontent.com\/r84s9QWZt5_DZ-j7sFIYdEEjEAo5EPUu7lbJgTE9-rFibu4QqFFyg1W-oWhOWgEKCIs_vwZqBWCcJTuS2wwYtIFcR9ZYMf8yhX42K5qJcwR8JLaPE6JDQg-ciznyqc2ZZXFWbR01","type":"","width":"","height":""}],"author":"carlotta","twitter_card":"summary_large_image","twitter_creator":"@LesElfesCamps","twitter_site":"@LesElfesCamps","twitter_misc":{"Escrito por":"carlotta","Tempo estimado de leitura":"15 minutos"},"schema":{"@context":"https:\/\/schema.org","@graph":[{"@type":"Article","@id":"https:\/\/www.leselfes.com\/pt-pt\/actividades-do-campo-de-ferias\/#article","isPartOf":{"@id":"https:\/\/www.leselfes.com\/pt-pt\/actividades-do-campo-de-ferias\/"},"author":{"name":"carlotta","@id":"https:\/\/dev.leselfes.com\/#\/schema\/person\/9e8c1c68ef43ed5c58fa46ac5d8ee338"},"headline":"Actividades do campo de f\u00e9rias","datePublished":"2019-04-09T18:39:25+00:00","dateModified":"2024-10-03T16:22:17+00:00","mainEntityOfPage":{"@id":"https:\/\/www.leselfes.com\/pt-pt\/actividades-do-campo-de-ferias\/"},"wordCount":2974,"publisher":{"@id":"https:\/\/dev.leselfes.com\/#organization"},"image":{"@id":"https:\/\/www.leselfes.com\/pt-pt\/actividades-do-campo-de-ferias\/#primaryimage"},"thumbnailUrl":"https:\/\/lh3.googleusercontent.com\/r84s9QWZt5_DZ-j7sFIYdEEjEAo5EPUu7lbJgTE9-rFibu4QqFFyg1W-oWhOWgEKCIs_vwZqBWCcJTuS2wwYtIFcR9ZYMf8yhX42K5qJcwR8JLaPE6JDQg-ciznyqc2ZZXFWbR01","keywords":["actividades de campo de f\u00e9rias para alunos do ensino secund\u00e1rio","actividades do campo de f\u00e9rias","campo de f\u00e9rias para adolescentes"],"articleSection":["Acampamento de ver\u00e3o","Artigos"],"inLanguage":"pt-PT"},{"@type":"WebPage","@id":"https:\/\/www.leselfes.com\/pt-pt\/actividades-do-campo-de-ferias\/","url":"https:\/\/www.leselfes.com\/pt-pt\/actividades-do-campo-de-ferias\/","name":"Actividades do campo de f\u00e9rias - Les Elfes International Camps Switzerland","isPartOf":{"@id":"https:\/\/dev.leselfes.com\/#website"},"primaryImageOfPage":{"@id":"https:\/\/www.leselfes.com\/pt-pt\/actividades-do-campo-de-ferias\/#primaryimage"},"image":{"@id":"https:\/\/www.leselfes.com\/pt-pt\/actividades-do-campo-de-ferias\/#primaryimage"},"thumbnailUrl":"https:\/\/lh3.googleusercontent.com\/r84s9QWZt5_DZ-j7sFIYdEEjEAo5EPUu7lbJgTE9-rFibu4QqFFyg1W-oWhOWgEKCIs_vwZqBWCcJTuS2wwYtIFcR9ZYMf8yhX42K5qJcwR8JLaPE6JDQg-ciznyqc2ZZXFWbR01","datePublished":"2019-04-09T18:39:25+00:00","dateModified":"2024-10-03T16:22:17+00:00","breadcrumb":{"@id":"https:\/\/www.leselfes.com\/pt-pt\/actividades-do-campo-de-ferias\/#breadcrumb"},"inLanguage":"pt-PT","potentialAction":[{"@type":"ReadAction","target":["https:\/\/www.leselfes.com\/pt-pt\/actividades-do-campo-de-ferias\/"]}]},{"@type":"ImageObject","inLanguage":"pt-PT","@id":"https:\/\/www.leselfes.com\/pt-pt\/actividades-do-campo-de-ferias\/#primaryimage","url":"https:\/\/lh3.googleusercontent.com\/r84s9QWZt5_DZ-j7sFIYdEEjEAo5EPUu7lbJgTE9-rFibu4QqFFyg1W-oWhOWgEKCIs_vwZqBWCcJTuS2wwYtIFcR9ZYMf8yhX42K5qJcwR8JLaPE6JDQg-ciznyqc2ZZXFWbR01","contentUrl":"https:\/\/lh3.googleusercontent.com\/r84s9QWZt5_DZ-j7sFIYdEEjEAo5EPUu7lbJgTE9-rFibu4QqFFyg1W-oWhOWgEKCIs_vwZqBWCcJTuS2wwYtIFcR9ZYMf8yhX42K5qJcwR8JLaPE6JDQg-ciznyqc2ZZXFWbR01"},{"@type":"BreadcrumbList","@id":"https:\/\/www.leselfes.com\/pt-pt\/actividades-do-campo-de-ferias\/#breadcrumb","itemListElement":[{"@type":"ListItem","position":1,"name":"Home","item":"https:\/\/www.leselfes.com\/pt-pt\/"},{"@type":"ListItem","position":2,"name":"Actividades do campo de f\u00e9rias"}]},{"@type":"WebSite","@id":"https:\/\/dev.leselfes.com\/#website","url":"https:\/\/dev.leselfes.com\/","name":"Les Elfes International","description":"Les Elfes International, Verbier Switzerland. Summer Camp, Winter Camp, Spring Camps.","publisher":{"@id":"https:\/\/dev.leselfes.com\/#organization"},"alternateName":"Les Elfes International","potentialAction":[{"@type":"SearchAction","target":{"@type":"EntryPoint","urlTemplate":"https:\/\/dev.leselfes.com\/?s={search_term_string}"},"query-input":{"@type":"PropertyValueSpecification","valueRequired":true,"valueName":"search_term_string"}}],"inLanguage":"pt-PT"},{"@type":"Organization","@id":"https:\/\/dev.leselfes.com\/#organization","name":"Les Elfes International","alternateName":"Les Elfes International","url":"https:\/\/dev.leselfes.com\/","logo":{"@type":"ImageObject","inLanguage":"pt-PT","@id":"https:\/\/dev.leselfes.com\/#\/schema\/logo\/image\/","url":"https:\/\/www.leselfes.com\/wp-content\/uploads\/2022\/03\/leselfes-logo.png","contentUrl":"https:\/\/www.leselfes.com\/wp-content\/uploads\/2022\/03\/leselfes-logo.png","width":233,"height":51,"caption":"Les Elfes International"},"image":{"@id":"https:\/\/dev.leselfes.com\/#\/schema\/logo\/image\/"},"sameAs":["https:\/\/www.facebook.com\/LesElfesVerbier","https:\/\/x.com\/LesElfesCamps","https:\/\/www.instagram.com\/leselfes","https:\/\/www.linkedin.com\/company\/les-elfes-international","https:\/\/www.youtube.com\/user\/LesElfesVerbier"]},{"@type":"Person","@id":"https:\/\/dev.leselfes.com\/#\/schema\/person\/9e8c1c68ef43ed5c58fa46ac5d8ee338","name":"carlotta","image":{"@type":"ImageObject","inLanguage":"pt-PT","@id":"https:\/\/dev.leselfes.com\/#\/schema\/person\/image\/","url":"https:\/\/secure.gravatar.com\/avatar\/fdb243a028df450397b3632d862f87f6?s=96&d=mm&r=g","contentUrl":"https:\/\/secure.gravatar.com\/avatar\/fdb243a028df450397b3632d862f87f6?s=96&d=mm&r=g","caption":"carlotta"},"description":"Since 1987, Les Elfes International organizes ski trips &amp; field trips for leading schools around the world as well as winter &amp; summer camps for individual students aged between 6 y.o. and 17 y.o. from more than 60 nationalities. Welcoming 5'000 children and more than 200 schools a year from December until the end of October, Les Elfes has become a leading provider in the individual and school\u2019s trip industry. Our Winter and Summer Camps, ski and field trips provide more than just great activities and experiences. We introduce lifelong skills such as communicating with others without phone or laptop and understanding the value of living in a community away from home. Moreover, campers will be able to build a strong friend network and fortify the relationship among future classmates.","sameAs":["https:\/\/www.linkedin.com\/company\/les-elfes-international\/"],"url":"https:\/\/www.leselfes.com\/pt-pt\/author\/carlotta\/"}]}},"_links":{"self":[{"href":"https:\/\/www.leselfes.com\/pt-pt\/wp-json\/wp\/v2\/posts\/86890"}],"collection":[{"href":"https:\/\/www.leselfes.com\/pt-pt\/wp-json\/wp\/v2\/posts"}],"about":[{"href":"https:\/\/www.leselfes.com\/pt-pt\/wp-json\/wp\/v2\/types\/post"}],"author":[{"embeddable":true,"href":"https:\/\/www.leselfes.com\/pt-pt\/wp-json\/wp\/v2\/users\/6"}],"replies":[{"embeddable":true,"href":"https:\/\/www.leselfes.com\/pt-pt\/wp-json\/wp\/v2\/comments?post=86890"}],"version-history":[{"count":0,"href":"https:\/\/www.leselfes.com\/pt-pt\/wp-json\/wp\/v2\/posts\/86890\/revisions"}],"wp:attachment":[{"href":"https:\/\/www.leselfes.com\/pt-pt\/wp-json\/wp\/v2\/media?parent=86890"}],"wp:term":[{"taxonomy":"category","embeddable":true,"href":"https:\/\/www.leselfes.com\/pt-pt\/wp-json\/wp\/v2\/categories?post=86890"},{"taxonomy":"post_tag","embeddable":true,"href":"https:\/\/www.leselfes.com\/pt-pt\/wp-json\/wp\/v2\/tags?post=86890"}],"curies":[{"name":"wp","href":"https:\/\/api.w.org\/{rel}","templated":true}]}}