{"id":87008,"date":"2024-07-05T13:13:47","date_gmt":"2024-07-05T11:13:47","guid":{"rendered":"https:\/\/www.leselfes.com\/como-preparar-o-teu-filho-para-um-campo-de-ferias-na-suica-um-guia-completo\/"},"modified":"2024-10-03T18:23:58","modified_gmt":"2024-10-03T16:23:58","slug":"como-preparar-o-teu-filho-para-um-campo-de-ferias-na-suica-um-guia-completo","status":"publish","type":"post","link":"https:\/\/www.leselfes.com\/pt-pt\/como-preparar-o-teu-filho-para-um-campo-de-ferias-na-suica-um-guia-completo\/","title":{"rendered":"Como preparar o teu filho para um campo de f\u00e9rias na Su\u00ed\u00e7a: um guia completo"},"content":{"rendered":"[vc_row type=&#8221;in_container&#8221; full_screen_row_position=&#8221;middle&#8221; column_margin=&#8221;default&#8221; column_direction=&#8221;default&#8221; column_direction_tablet=&#8221;default&#8221; column_direction_phone=&#8221;default&#8221; scene_position=&#8221;center&#8221; text_color=&#8221;dark&#8221; text_align=&#8221;left&#8221; row_border_radius=&#8221;none&#8221; row_border_radius_applies=&#8221;bg&#8221; overflow=&#8221;visible&#8221; overlay_strength=&#8221;0.3&#8243; gradient_direction=&#8221;left_to_right&#8221; shape_divider_position=&#8221;bottom&#8221; bg_image_animation=&#8221;none&#8221;][vc_column column_padding=&#8221;no-extra-padding&#8221; column_padding_tablet=&#8221;inherit&#8221; column_padding_phone=&#8221;inherit&#8221; column_padding_position=&#8221;all&#8221; column_element_direction_desktop=&#8221;default&#8221; column_element_spacing=&#8221;default&#8221; desktop_text_alignment=&#8221;default&#8221; tablet_text_alignment=&#8221;default&#8221; phone_text_alignment=&#8221;default&#8221; background_color_opacity=&#8221;1&#8243; background_hover_color_opacity=&#8221;1&#8243; column_backdrop_filter=&#8221;none&#8221; column_shadow=&#8221;none&#8221; column_border_radius=&#8221;none&#8221; column_link_target=&#8221;_self&#8221; column_position=&#8221;default&#8221; gradient_direction=&#8221;left_to_right&#8221; overlay_strength=&#8221;0.3&#8243; width=&#8221;1\/1&#8243; tablet_width_inherit=&#8221;default&#8221; animation_type=&#8221;default&#8221; bg_image_animation=&#8221;none&#8221; border_type=&#8221;simple&#8221; column_border_width=&#8221;none&#8221; column_border_style=&#8221;solid&#8221;][vc_column_text css=&#8221;&#8221; text_direction=&#8221;default&#8221;]Mandar o teu filho para um campo de f\u00e9rias \u00e9 uma aventura emocionante tanto para os pais como para os filhos.<br \/>\nUm campo de f\u00e9rias na Su\u00ed\u00e7a oferece uma oportunidade \u00fanica para as crian\u00e7as experimentarem a beleza dos Alpes su\u00ed\u00e7os, participarem em actividades divertidas e educativas e fazerem novos amigos de todo o mundo.<br \/>\nPreparar o teu filho para um campo de f\u00e9rias para crian\u00e7as na Su\u00ed\u00e7a implica um planeamento cuidadoso e uma prepara\u00e7\u00e3o atenta.<br \/>\nAqui tens um guia completo para garantir que o teu filho est\u00e1 pronto para uma experi\u00eancia inesquec\u00edvel num campo de f\u00e9rias.[\/vc_column_text][vc_row_inner equal_height=&#8221;yes&#8221; content_placement=&#8221;middle&#8221; column_margin=&#8221;100px&#8221; column_direction=&#8221;default&#8221; column_direction_tablet=&#8221;default&#8221; column_direction_phone=&#8221;default&#8221; text_align=&#8221;left&#8221; row_position=&#8221;default&#8221; row_position_tablet=&#8221;inherit&#8221; row_position_phone=&#8221;inherit&#8221; overflow=&#8221;visible&#8221; pointer_events=&#8221;all&#8221; class=&#8221;flexGoBottom&#8221;][vc_column_inner column_padding=&#8221;no-extra-padding&#8221; column_padding_tablet=&#8221;inherit&#8221; column_padding_phone=&#8221;inherit&#8221; column_padding_position=&#8221;all&#8221; column_element_direction_desktop=&#8221;default&#8221; column_element_spacing=&#8221;default&#8221; desktop_text_alignment=&#8221;default&#8221; tablet_text_alignment=&#8221;default&#8221; phone_text_alignment=&#8221;default&#8221; background_color_opacity=&#8221;1&#8243; background_hover_color_opacity=&#8221;1&#8243; column_backdrop_filter=&#8221;none&#8221; column_shadow=&#8221;none&#8221; column_border_radius=&#8221;none&#8221; column_link_target=&#8221;_self&#8221; overflow=&#8221;visible&#8221; gradient_direction=&#8221;left_to_right&#8221; overlay_strength=&#8221;0.3&#8243; width=&#8221;1\/4&#8243; tablet_width_inherit=&#8221;default&#8221; animation_type=&#8221;default&#8221; bg_image_animation=&#8221;none&#8221; border_type=&#8221;simple&#8221; column_border_width=&#8221;none&#8221; column_border_style=&#8221;solid&#8221; column_padding_type=&#8221;default&#8221; gradient_type=&#8221;default&#8221; offset=&#8221;vc_hidden-md vc_hidden-sm vc_hidden-xs&#8221;][\/vc_column_inner][vc_column_inner column_padding=&#8221;no-extra-padding&#8221; column_padding_tablet=&#8221;inherit&#8221; column_padding_phone=&#8221;inherit&#8221; column_padding_position=&#8221;all&#8221; column_element_direction_desktop=&#8221;default&#8221; column_element_spacing=&#8221;default&#8221; desktop_text_alignment=&#8221;default&#8221; tablet_text_alignment=&#8221;default&#8221; phone_text_alignment=&#8221;default&#8221; background_color=&#8221;#e2836a&#8221; background_color_opacity=&#8221;1&#8243; background_hover_color_opacity=&#8221;1&#8243; column_backdrop_filter=&#8221;none&#8221; font_color=&#8221;#ffffff&#8221; column_shadow=&#8221;none&#8221; column_border_radius=&#8221;custom&#8221; top_left_border_radius=&#8221;30&#8243; top_right_border_radius=&#8221;30&#8243; bottom_right_border_radius=&#8221;30&#8243; column_link_target=&#8221;_self&#8221; overflow=&#8221;visible&#8221; el_class=&#8221;rowCampHeader&#8221; gradient_direction=&#8221;left_to_right&#8221; overlay_strength=&#8221;0.3&#8243; width=&#8221;1\/4&#8243; tablet_width_inherit=&#8221;default&#8221; animation_type=&#8221;default&#8221; bg_image_animation=&#8221;none&#8221; border_type=&#8221;simple&#8221; column_border_width=&#8221;none&#8221; column_border_style=&#8221;solid&#8221; column_padding_type=&#8221;default&#8221; gradient_type=&#8221;default&#8221; offset=&#8221;vc_col-lg-3 vc_col-md-6 vc_col-xs-12&#8243; column_link=&#8221;\/summer-camp\/&#8221;][vc_column_text css=&#8221;&#8221; text_direction=&#8221;default&#8221;]<strong>Descobre<\/strong> os nossos campos de f\u00e9rias[\/vc_column_text][\/vc_column_inner][vc_column_inner column_padding=&#8221;no-extra-padding&#8221; column_padding_tablet=&#8221;inherit&#8221; column_padding_phone=&#8221;inherit&#8221; column_padding_position=&#8221;all&#8221; column_element_direction_desktop=&#8221;default&#8221; column_element_spacing=&#8221;default&#8221; desktop_text_alignment=&#8221;default&#8221; tablet_text_alignment=&#8221;default&#8221; phone_text_alignment=&#8221;default&#8221; background_color=&#8221;#e3c215&#8243; background_color_opacity=&#8221;1&#8243; background_hover_color_opacity=&#8221;1&#8243; column_backdrop_filter=&#8221;none&#8221; font_color=&#8221;#ffffff&#8221; column_shadow=&#8221;none&#8221; column_border_radius=&#8221;custom&#8221; top_left_border_radius=&#8221;30&#8243; top_right_border_radius=&#8221;30&#8243; bottom_right_border_radius=&#8221;30&#8243; column_link_target=&#8221;_self&#8221; overflow=&#8221;visible&#8221; el_class=&#8221;rowCampHeader&#8221; gradient_direction=&#8221;left_to_right&#8221; overlay_strength=&#8221;0.3&#8243; width=&#8221;1\/4&#8243; tablet_width_inherit=&#8221;default&#8221; animation_type=&#8221;default&#8221; bg_image_animation=&#8221;none&#8221; border_type=&#8221;simple&#8221; column_border_width=&#8221;none&#8221; column_border_style=&#8221;solid&#8221; column_padding_type=&#8221;default&#8221; gradient_type=&#8221;default&#8221; offset=&#8221;vc_col-lg-3 vc_col-md-6 vc_col-xs-12&#8243; column_link=&#8221;\/summer-camp\/check-availability\/&#8221;][vc_column_text text_direction=&#8221;default&#8221;]<strong>Verifica a<\/strong> disponibilidade[\/vc_column_text][\/vc_column_inner][vc_column_inner column_padding=&#8221;no-extra-padding&#8221; column_padding_tablet=&#8221;inherit&#8221; column_padding_phone=&#8221;inherit&#8221; column_padding_position=&#8221;all&#8221; column_element_direction_desktop=&#8221;default&#8221; column_element_spacing=&#8221;default&#8221; desktop_text_alignment=&#8221;default&#8221; tablet_text_alignment=&#8221;default&#8221; phone_text_alignment=&#8221;default&#8221; background_color_opacity=&#8221;1&#8243; background_hover_color_opacity=&#8221;1&#8243; column_backdrop_filter=&#8221;none&#8221; column_shadow=&#8221;none&#8221; column_border_radius=&#8221;none&#8221; column_link_target=&#8221;_self&#8221; overflow=&#8221;visible&#8221; gradient_direction=&#8221;left_to_right&#8221; overlay_strength=&#8221;0.3&#8243; width=&#8221;1\/4&#8243; tablet_width_inherit=&#8221;default&#8221; animation_type=&#8221;default&#8221; bg_image_animation=&#8221;none&#8221; border_type=&#8221;simple&#8221; column_border_width=&#8221;none&#8221; column_border_style=&#8221;solid&#8221; column_padding_type=&#8221;default&#8221; gradient_type=&#8221;default&#8221; offset=&#8221;vc_hidden-md vc_hidden-sm vc_hidden-xs&#8221;][\/vc_column_inner][\/vc_row_inner][vc_column_text css=&#8221;&#8221; text_direction=&#8221;default&#8221;]\n<h2>Compreender as vantagens de um campo de f\u00e9rias na Su\u00ed\u00e7a<\/h2>\n<p>  Antes de mergulhar nos detalhes da prepara\u00e7\u00e3o, \u00e9 importante compreender os in\u00fameros benef\u00edcios de enviar o teu filho para um campo de f\u00e9rias na Su\u00ed\u00e7a.<br \/>\nEstes campos s\u00e3o conhecidos pelos seus programas excepcionais que combinam aventuras ao ar livre, aprendizagem de l\u00ednguas, interc\u00e2mbios culturais e desenvolvimento pessoal.   <\/p>\n<h3>Aventura e actividades ao ar livre<\/h3>\n<p>  A Su\u00ed\u00e7a \u00e9 famosa pelas suas paisagens de cortar a respira\u00e7\u00e3o e pelas actividades ao ar livre.<br \/>\nOs campos de f\u00e9rias oferecem actividades como caminhadas, ciclismo de montanha, escalada e desportos aqu\u00e1ticos.<br \/>\nEstas aventuras ajudam as crian\u00e7as a desenvolver a for\u00e7a f\u00edsica, a resili\u00eancia e o amor pela natureza.    <\/p>\n<h3>Oportunidades de aprendizagem de l\u00ednguas<\/h3>\n<p>  Muitos campos de f\u00e9rias na Su\u00ed\u00e7a oferecem aulas de l\u00ednguas em ingl\u00eas, franc\u00eas, alem\u00e3o, espanhol e at\u00e9 mandarim.<br \/>\nEste ambiente imersivo ajuda as crian\u00e7as a melhorar as suas compet\u00eancias lingu\u00edsticas atrav\u00e9s da pr\u00e1tica di\u00e1ria e da intera\u00e7\u00e3o.   <\/p>\n<h3>Interc\u00e2mbio cultural<\/h3>\n<p>  As crian\u00e7as dos campos de f\u00e9rias na Su\u00ed\u00e7a conhecem colegas de diferentes pa\u00edses, promovendo a compreens\u00e3o cultural e as amizades globais.<br \/>\nEsta exposi\u00e7\u00e3o ajuda as crian\u00e7as a desenvolver uma perspetiva mais alargada e a apreciar a diversidade.   <\/p>\n<h2>Passos para preparar o teu filho para um campo de f\u00e9rias na Su\u00ed\u00e7a<\/h2>\n<h3>1. Pesquisa e escolhe o acampamento certo<\/h3>\n<p>  O primeiro passo \u00e9 pesquisar e selecionar o melhor campo de f\u00e9rias para crian\u00e7as na Su\u00ed\u00e7a que corresponda aos interesses e necessidades do teu filho.<br \/>\nConsidera factores como a reputa\u00e7\u00e3o do acampamento, as actividades oferecidas, os grupos et\u00e1rios a que se destina e as qualifica\u00e7\u00f5es do pessoal.   <\/p>\n<h3>2. Envolve o teu filho na decis\u00e3o<\/h3>\n<p>  Envolver o teu filho no processo de decis\u00e3o pode deix\u00e1-lo mais entusiasmado e confort\u00e1vel com o campo de f\u00e9rias.<br \/>\nDiscute as actividades que lhe interessam e analisa em conjunto as op\u00e7\u00f5es do campo de f\u00e9rias.   <\/p>\n<h3>3. Participa numa sess\u00e3o de orienta\u00e7\u00e3o<\/h3>\n<p>  Muitos campos de f\u00e9rias oferecem sess\u00f5es de orienta\u00e7\u00e3o ou reuni\u00f5es informativas para pais e filhos.<br \/>\nA participa\u00e7\u00e3o nestas sess\u00f5es pode dar-te informa\u00e7\u00f5es valiosas sobre as rotinas di\u00e1rias do acampamento, as medidas de seguran\u00e7a e a experi\u00eancia geral.   <\/p>\n<h3>4. Faz uma mala inteligente e prepara os documentos necess\u00e1rios<\/h3>\n<p>  Fazer as malas de forma adequada \u00e9 crucial para uma experi\u00eancia de acampamento tranquila.<br \/>\nAqui est\u00e1 uma lista de verifica\u00e7\u00e3o para te ajudar a come\u00e7ar:   <\/p>\n<ul>\n<li>Roupa: Leva roupa confort\u00e1vel adequada para actividades ao ar livre, incluindo botas de caminhada resistentes, roupa desportiva, fatos de banho e camadas quentes para as noites mais frias.<\/li>\n<li>Artigos pessoais: Inclui artigos de higiene pessoal, uma garrafa de \u00e1gua reutiliz\u00e1vel, protetor solar, um chap\u00e9u e repelente de insectos.<\/li>\n<li>Medicamentos: Se o teu filho toma algum medicamento, certifica-te de que tem o suficiente para toda a dura\u00e7\u00e3o do acampamento, juntamente com instru\u00e7\u00f5es claras para o pessoal do acampamento.<\/li>\n<li>Documentos: Prepara os documentos necess\u00e1rios, tais como identifica\u00e7\u00e3o, formul\u00e1rios m\u00e9dicos e quaisquer formul\u00e1rios de consentimento exigidos.<br \/>\nFaz c\u00f3pias destes documentos em caso de perda. <\/li>\n<\/ul>\n<h2>Ajudar o teu filho a sentir-se confort\u00e1vel e confiante<\/h2>\n<h3>1. Discute as expectativas e aborda as preocupa\u00e7\u00f5es<\/h3>\n<p>  Fala com o teu filho sobre o que esperar do acampamento, desde os hor\u00e1rios di\u00e1rios \u00e0s actividades e regras do acampamento.<br \/>\nResponde a quaisquer preocupa\u00e7\u00f5es ou ansiedades que ele possa ter e assegura-lhe que \u00e9 normal sentir-se nervoso.   <\/p>\n<h3>2. Pratica compet\u00eancias de independ\u00eancia<\/h3>\n<p>  Um campo de f\u00e9rias \u00e9 uma \u00f3ptima oportunidade para as crian\u00e7as desenvolverem a sua independ\u00eancia.<br \/>\nIncentiva-as a praticar compet\u00eancias como fazer as suas pr\u00f3prias malas, gerir a higiene pessoal e organizar os seus pertences.   <\/p>\n<h3>3. Mant\u00e9m-te em contacto<\/h3>\n<p>  Embora seja importante para as crian\u00e7as mergulharem na experi\u00eancia do campo de f\u00e9rias, manter algum n\u00edvel de contacto pode ser reconfortante.<br \/>\nDiscutam com que frequ\u00eancia e atrav\u00e9s de que meios (cartas, telefonemas, e-mails) se manter\u00e3o em contacto.   <\/p>\n<h3>4. Incentiva uma atitude positiva<\/h3>\n<p>  Ajuda o teu filho a encarar o campo de f\u00e9rias com uma atitude positiva.<br \/>\nIncentiva-o a estar aberto a novas experi\u00eancias, a fazer novos amigos e a participar ativamente em todas as actividades.   <\/p>\n<h2>Assegurar a sa\u00fade e a seguran\u00e7a<\/h2>\n<h3>1. Prepara\u00e7\u00f5es m\u00e9dicas<\/h3>\n<p>  Assegura-te de que o teu filho tem as vacinas em dia e faz um check-up m\u00e9dico completo antes do acampamento.<br \/>\nInforma o acampamento de quaisquer problemas de sa\u00fade ou alergias e fornece os medicamentos necess\u00e1rios com instru\u00e7\u00f5es claras.   <\/p>\n<h3>2. Medidas de seguran\u00e7a<\/h3>\n<p>  Os campos de f\u00e9rias na Su\u00ed\u00e7a d\u00e3o prioridade \u00e0 seguran\u00e7a, mas \u00e9 importante educar o teu filho sobre as medidas b\u00e1sicas de seguran\u00e7a.<br \/>\nEnsina-o a ficar com o grupo, a seguir as instru\u00e7\u00f5es e a comunicar qualquer desconforto ou problema ao pessoal do campo.   <\/p>\n<h3>3. Contactos de emerg\u00eancia<\/h3>\n<p>  Fornece ao acampamento os dados de contacto para emerg\u00eancias e certifica-te de que o teu filho sabe como contactar-te a ti ou a outro contacto designado em caso de emerg\u00eancia.  <\/p>\n<h2>Prepara-te para os aspectos culturais e sociais<\/h2>\n<h3>1. Aprende sobre a Su\u00ed\u00e7a<\/h3>\n<p>  Ajuda o teu filho a conhecer a cultura, a l\u00edngua e os costumes da Su\u00ed\u00e7a.<br \/>\nEste conhecimento pode tornar a tua estadia mais enriquecedora e agrad\u00e1vel.   <\/p>\n<h3>2. Incentiva as compet\u00eancias sociais<\/h3>\n<p>  Encoraja o teu filho a ser simp\u00e1tico e aberto a conhecer novas pessoas.<br \/>\nDramatiza cen\u00e1rios sociais para o ajudar a praticar a apresenta\u00e7\u00e3o e a conversa\u00e7\u00e3o.   <\/p>\n<h3>3. Lidar com as saudades de casa<\/h3>\n<p>  As saudades de casa s\u00e3o comuns, especialmente para quem vai acampar pela primeira vez.<br \/>\nEnsina ao teu filho estrat\u00e9gias para lidar com a situa\u00e7\u00e3o, como escrever num di\u00e1rio, guardar uma fotografia da fam\u00edlia ou falar com os conselheiros do campo se sentir saudades de casa.   <\/p>\n<h2>Conclui: Uma experi\u00eancia de acampamento de ver\u00e3o memor\u00e1vel<\/h2>\n<p>  Preparar o teu filho para um campo de f\u00e9rias na Su\u00ed\u00e7a implica um planeamento cuidadoso e um incentivo positivo.<br \/>\nEscolhendo o campo de f\u00e9rias certo, fazendo as malas de forma adequada e respondendo a quaisquer preocupa\u00e7\u00f5es, podes garantir que o teu filho est\u00e1 pronto para uma aventura inesquec\u00edvel.<br \/>\nAs experi\u00eancias e amizades que o teu filho fizer no campo de f\u00e9rias contribuir\u00e3o para o seu crescimento pessoal e para a cria\u00e7\u00e3o de mem\u00f3rias que perdurar\u00e3o para toda a vida.  [\/vc_column_text][\/vc_column][\/vc_row]\n","protected":false},"excerpt":{"rendered":"<p>[vc_row type=&#8221;in_container&#8221; full_screen_row_position=&#8221;middle&#8221; column_margin=&#8221;default&#8221; column_direction=&#8221;default&#8221; column_direction_tablet=&#8221;default&#8221; column_direction_phone=&#8221;default&#8221; scene_position=&#8221;center&#8221; text_color=&#8221;dark&#8221; text_align=&#8221;left&#8221; row_border_radius=&#8221;none&#8221; row_border_radius_applies=&#8221;bg&#8221; overflow=&#8221;visible&#8221; overlay_strength=&#8221;0.3&#8243; gradient_direction=&#8221;left_to_right&#8221; shape_divider_position=&#8221;bottom&#8221; bg_image_animation=&#8221;none&#8221;][vc_column column_padding=&#8221;no-extra-padding&#8221; column_padding_tablet=&#8221;inherit&#8221; column_padding_phone=&#8221;inherit&#8221; column_padding_position=&#8221;all&#8221; column_element_direction_desktop=&#8221;default&#8221; column_element_spacing=&#8221;default&#8221; desktop_text_alignment=&#8221;default&#8221; tablet_text_alignment=&#8221;default&#8221; phone_text_alignment=&#8221;default&#8221; background_color_opacity=&#8221;1&#8243; background_hover_color_opacity=&#8221;1&#8243; column_backdrop_filter=&#8221;none&#8221; column_shadow=&#8221;none&#8221;&#8230;<\/p>\n","protected":false},"author":16,"featured_media":82511,"comment_status":"closed","ping_status":"open","sticky":false,"template":"","format":"standard","meta":{"_acf_changed":false,"inline_featured_image":false,"footnotes":""},"categories":[1102],"tags":[],"class_list":{"0":"post-87008","1":"post","2":"type-post","3":"status-publish","4":"format-standard","5":"has-post-thumbnail","7":"category-acampamento-de-verao"},"acf":[],"yoast_head":"<!-- This site is optimized with the Yoast SEO Premium plugin v24.2 (Yoast SEO v24.7) - https:\/\/yoast.com\/wordpress\/plugins\/seo\/ -->\n<title>Como preparar o teu filho para um campo de f\u00e9rias na Su\u00ed\u00e7a - Les Elfes International Camps Switzerland<\/title>\n<meta name=\"description\" content=\"Prepara o teu filho para um campo de f\u00e9rias na Su\u00ed\u00e7a com o nosso guia completo. Aprende sobre como fazer as malas, sa\u00fade e seguran\u00e7a.\" \/>\n<meta name=\"robots\" content=\"index, follow, max-snippet:-1, max-image-preview:large, max-video-preview:-1\" \/>\n<link rel=\"canonical\" href=\"https:\/\/www.leselfes.com\/pt-pt\/como-preparar-o-teu-filho-para-um-campo-de-ferias-na-suica-um-guia-completo\/\" \/>\n<meta property=\"og:locale\" content=\"pt_PT\" \/>\n<meta property=\"og:type\" content=\"article\" \/>\n<meta property=\"og:title\" content=\"Como preparar o teu filho para um campo de f\u00e9rias na Su\u00ed\u00e7a: um guia completo\" \/>\n<meta property=\"og:description\" content=\"Prepara o teu filho para um campo de f\u00e9rias na Su\u00ed\u00e7a com o nosso guia completo. Aprende sobre como fazer as malas, sa\u00fade e seguran\u00e7a.\" \/>\n<meta property=\"og:url\" content=\"https:\/\/www.leselfes.com\/pt-pt\/como-preparar-o-teu-filho-para-um-campo-de-ferias-na-suica-um-guia-completo\/\" \/>\n<meta property=\"og:site_name\" content=\"Les Elfes International Camps Switzerland\" \/>\n<meta property=\"article:publisher\" content=\"https:\/\/www.facebook.com\/LesElfesVerbier\" \/>\n<meta property=\"article:published_time\" content=\"2024-07-05T11:13:47+00:00\" \/>\n<meta property=\"article:modified_time\" content=\"2024-10-03T16:23:58+00:00\" \/>\n<meta property=\"og:image\" content=\"https:\/\/dev.leselfes.com\/wp-content\/uploads\/2024\/03\/aboutus.jpg\" \/>\n\t<meta property=\"og:image:width\" content=\"1920\" \/>\n\t<meta property=\"og:image:height\" content=\"1079\" \/>\n\t<meta property=\"og:image:type\" content=\"image\/jpeg\" \/>\n<meta name=\"author\" content=\"Matthieu Perard\" \/>\n<meta name=\"twitter:card\" content=\"summary_large_image\" \/>\n<meta name=\"twitter:creator\" content=\"@LesElfesCamps\" \/>\n<meta name=\"twitter:site\" content=\"@LesElfesCamps\" \/>\n<meta name=\"twitter:label1\" content=\"Escrito por\" \/>\n\t<meta name=\"twitter:data1\" content=\"Matthieu Perard\" \/>\n\t<meta name=\"twitter:label2\" content=\"Tempo estimado de leitura\" \/>\n\t<meta name=\"twitter:data2\" content=\"10 minutos\" \/>\n<script type=\"application\/ld+json\" class=\"yoast-schema-graph\">{\"@context\":\"https:\/\/schema.org\",\"@graph\":[{\"@type\":\"Article\",\"@id\":\"https:\/\/www.leselfes.com\/pt-pt\/como-preparar-o-teu-filho-para-um-campo-de-ferias-na-suica-um-guia-completo\/#article\",\"isPartOf\":{\"@id\":\"https:\/\/www.leselfes.com\/pt-pt\/como-preparar-o-teu-filho-para-um-campo-de-ferias-na-suica-um-guia-completo\/\"},\"author\":{\"name\":\"Matthieu Perard\",\"@id\":\"https:\/\/dev.leselfes.com\/#\/schema\/person\/7ac5f99a7f3c597105fe663a00bdf6d6\"},\"headline\":\"Como preparar o teu filho para um campo de f\u00e9rias na Su\u00ed\u00e7a: um guia completo\",\"datePublished\":\"2024-07-05T11:13:47+00:00\",\"dateModified\":\"2024-10-03T16:23:58+00:00\",\"mainEntityOfPage\":{\"@id\":\"https:\/\/www.leselfes.com\/pt-pt\/como-preparar-o-teu-filho-para-um-campo-de-ferias-na-suica-um-guia-completo\/\"},\"wordCount\":1987,\"publisher\":{\"@id\":\"https:\/\/dev.leselfes.com\/#organization\"},\"image\":{\"@id\":\"https:\/\/www.leselfes.com\/pt-pt\/como-preparar-o-teu-filho-para-um-campo-de-ferias-na-suica-um-guia-completo\/#primaryimage\"},\"thumbnailUrl\":\"https:\/\/www.leselfes.com\/wp-content\/uploads\/2024\/03\/aboutus.jpg\",\"articleSection\":[\"Acampamento de ver\u00e3o\"],\"inLanguage\":\"pt-PT\"},{\"@type\":\"WebPage\",\"@id\":\"https:\/\/www.leselfes.com\/pt-pt\/como-preparar-o-teu-filho-para-um-campo-de-ferias-na-suica-um-guia-completo\/\",\"url\":\"https:\/\/www.leselfes.com\/pt-pt\/como-preparar-o-teu-filho-para-um-campo-de-ferias-na-suica-um-guia-completo\/\",\"name\":\"Como preparar o teu filho para um campo de f\u00e9rias na Su\u00ed\u00e7a - Les Elfes International Camps Switzerland\",\"isPartOf\":{\"@id\":\"https:\/\/dev.leselfes.com\/#website\"},\"primaryImageOfPage\":{\"@id\":\"https:\/\/www.leselfes.com\/pt-pt\/como-preparar-o-teu-filho-para-um-campo-de-ferias-na-suica-um-guia-completo\/#primaryimage\"},\"image\":{\"@id\":\"https:\/\/www.leselfes.com\/pt-pt\/como-preparar-o-teu-filho-para-um-campo-de-ferias-na-suica-um-guia-completo\/#primaryimage\"},\"thumbnailUrl\":\"https:\/\/www.leselfes.com\/wp-content\/uploads\/2024\/03\/aboutus.jpg\",\"datePublished\":\"2024-07-05T11:13:47+00:00\",\"dateModified\":\"2024-10-03T16:23:58+00:00\",\"description\":\"Prepara o teu filho para um campo de f\u00e9rias na Su\u00ed\u00e7a com o nosso guia completo. Aprende sobre como fazer as malas, sa\u00fade e seguran\u00e7a.\",\"breadcrumb\":{\"@id\":\"https:\/\/www.leselfes.com\/pt-pt\/como-preparar-o-teu-filho-para-um-campo-de-ferias-na-suica-um-guia-completo\/#breadcrumb\"},\"inLanguage\":\"pt-PT\",\"potentialAction\":[{\"@type\":\"ReadAction\",\"target\":[\"https:\/\/www.leselfes.com\/pt-pt\/como-preparar-o-teu-filho-para-um-campo-de-ferias-na-suica-um-guia-completo\/\"]}]},{\"@type\":\"ImageObject\",\"inLanguage\":\"pt-PT\",\"@id\":\"https:\/\/www.leselfes.com\/pt-pt\/como-preparar-o-teu-filho-para-um-campo-de-ferias-na-suica-um-guia-completo\/#primaryimage\",\"url\":\"https:\/\/www.leselfes.com\/wp-content\/uploads\/2024\/03\/aboutus.jpg\",\"contentUrl\":\"https:\/\/www.leselfes.com\/wp-content\/uploads\/2024\/03\/aboutus.jpg\",\"width\":1920,\"height\":1079},{\"@type\":\"BreadcrumbList\",\"@id\":\"https:\/\/www.leselfes.com\/pt-pt\/como-preparar-o-teu-filho-para-um-campo-de-ferias-na-suica-um-guia-completo\/#breadcrumb\",\"itemListElement\":[{\"@type\":\"ListItem\",\"position\":1,\"name\":\"Home\",\"item\":\"https:\/\/www.leselfes.com\/pt-pt\/\"},{\"@type\":\"ListItem\",\"position\":2,\"name\":\"Como preparar o teu filho para um campo de f\u00e9rias na Su\u00ed\u00e7a: um guia completo\"}]},{\"@type\":\"WebSite\",\"@id\":\"https:\/\/dev.leselfes.com\/#website\",\"url\":\"https:\/\/dev.leselfes.com\/\",\"name\":\"Les Elfes International\",\"description\":\"Les Elfes International, Verbier Switzerland. Summer Camp, Winter Camp, Spring Camps.\",\"publisher\":{\"@id\":\"https:\/\/dev.leselfes.com\/#organization\"},\"alternateName\":\"Les Elfes International\",\"potentialAction\":[{\"@type\":\"SearchAction\",\"target\":{\"@type\":\"EntryPoint\",\"urlTemplate\":\"https:\/\/dev.leselfes.com\/?s={search_term_string}\"},\"query-input\":{\"@type\":\"PropertyValueSpecification\",\"valueRequired\":true,\"valueName\":\"search_term_string\"}}],\"inLanguage\":\"pt-PT\"},{\"@type\":\"Organization\",\"@id\":\"https:\/\/dev.leselfes.com\/#organization\",\"name\":\"Les Elfes International\",\"alternateName\":\"Les Elfes International\",\"url\":\"https:\/\/dev.leselfes.com\/\",\"logo\":{\"@type\":\"ImageObject\",\"inLanguage\":\"pt-PT\",\"@id\":\"https:\/\/dev.leselfes.com\/#\/schema\/logo\/image\/\",\"url\":\"https:\/\/www.leselfes.com\/wp-content\/uploads\/2022\/03\/leselfes-logo.png\",\"contentUrl\":\"https:\/\/www.leselfes.com\/wp-content\/uploads\/2022\/03\/leselfes-logo.png\",\"width\":233,\"height\":51,\"caption\":\"Les Elfes International\"},\"image\":{\"@id\":\"https:\/\/dev.leselfes.com\/#\/schema\/logo\/image\/\"},\"sameAs\":[\"https:\/\/www.facebook.com\/LesElfesVerbier\",\"https:\/\/x.com\/LesElfesCamps\",\"https:\/\/www.instagram.com\/leselfes\",\"https:\/\/www.linkedin.com\/company\/les-elfes-international\",\"https:\/\/www.youtube.com\/user\/LesElfesVerbier\"]},{\"@type\":\"Person\",\"@id\":\"https:\/\/dev.leselfes.com\/#\/schema\/person\/7ac5f99a7f3c597105fe663a00bdf6d6\",\"name\":\"Matthieu Perard\",\"image\":{\"@type\":\"ImageObject\",\"inLanguage\":\"pt-PT\",\"@id\":\"https:\/\/dev.leselfes.com\/#\/schema\/person\/image\/\",\"url\":\"https:\/\/secure.gravatar.com\/avatar\/e368f5bd153d15a1ff42a4c64a46d1ef?s=96&d=mm&r=g\",\"contentUrl\":\"https:\/\/secure.gravatar.com\/avatar\/e368f5bd153d15a1ff42a4c64a46d1ef?s=96&d=mm&r=g\",\"caption\":\"Matthieu Perard\"},\"url\":\"https:\/\/www.leselfes.com\/pt-pt\/author\/m-pierardnotostudio-ch\/\"}]}<\/script>\n<!-- \/ Yoast SEO Premium plugin. -->","yoast_head_json":{"title":"Como preparar o teu filho para um campo de f\u00e9rias na Su\u00ed\u00e7a - Les Elfes International Camps Switzerland","description":"Prepara o teu filho para um campo de f\u00e9rias na Su\u00ed\u00e7a com o nosso guia completo. Aprende sobre como fazer as malas, sa\u00fade e seguran\u00e7a.","robots":{"index":"index","follow":"follow","max-snippet":"max-snippet:-1","max-image-preview":"max-image-preview:large","max-video-preview":"max-video-preview:-1"},"canonical":"https:\/\/www.leselfes.com\/pt-pt\/como-preparar-o-teu-filho-para-um-campo-de-ferias-na-suica-um-guia-completo\/","og_locale":"pt_PT","og_type":"article","og_title":"Como preparar o teu filho para um campo de f\u00e9rias na Su\u00ed\u00e7a: um guia completo","og_description":"Prepara o teu filho para um campo de f\u00e9rias na Su\u00ed\u00e7a com o nosso guia completo. Aprende sobre como fazer as malas, sa\u00fade e seguran\u00e7a.","og_url":"https:\/\/www.leselfes.com\/pt-pt\/como-preparar-o-teu-filho-para-um-campo-de-ferias-na-suica-um-guia-completo\/","og_site_name":"Les Elfes International Camps Switzerland","article_publisher":"https:\/\/www.facebook.com\/LesElfesVerbier","article_published_time":"2024-07-05T11:13:47+00:00","article_modified_time":"2024-10-03T16:23:58+00:00","og_image":[{"width":1920,"height":1079,"url":"https:\/\/dev.leselfes.com\/wp-content\/uploads\/2024\/03\/aboutus.jpg","type":"image\/jpeg"}],"author":"Matthieu Perard","twitter_card":"summary_large_image","twitter_creator":"@LesElfesCamps","twitter_site":"@LesElfesCamps","twitter_misc":{"Escrito por":"Matthieu Perard","Tempo estimado de leitura":"10 minutos"},"schema":{"@context":"https:\/\/schema.org","@graph":[{"@type":"Article","@id":"https:\/\/www.leselfes.com\/pt-pt\/como-preparar-o-teu-filho-para-um-campo-de-ferias-na-suica-um-guia-completo\/#article","isPartOf":{"@id":"https:\/\/www.leselfes.com\/pt-pt\/como-preparar-o-teu-filho-para-um-campo-de-ferias-na-suica-um-guia-completo\/"},"author":{"name":"Matthieu Perard","@id":"https:\/\/dev.leselfes.com\/#\/schema\/person\/7ac5f99a7f3c597105fe663a00bdf6d6"},"headline":"Como preparar o teu filho para um campo de f\u00e9rias na Su\u00ed\u00e7a: um guia completo","datePublished":"2024-07-05T11:13:47+00:00","dateModified":"2024-10-03T16:23:58+00:00","mainEntityOfPage":{"@id":"https:\/\/www.leselfes.com\/pt-pt\/como-preparar-o-teu-filho-para-um-campo-de-ferias-na-suica-um-guia-completo\/"},"wordCount":1987,"publisher":{"@id":"https:\/\/dev.leselfes.com\/#organization"},"image":{"@id":"https:\/\/www.leselfes.com\/pt-pt\/como-preparar-o-teu-filho-para-um-campo-de-ferias-na-suica-um-guia-completo\/#primaryimage"},"thumbnailUrl":"https:\/\/www.leselfes.com\/wp-content\/uploads\/2024\/03\/aboutus.jpg","articleSection":["Acampamento de ver\u00e3o"],"inLanguage":"pt-PT"},{"@type":"WebPage","@id":"https:\/\/www.leselfes.com\/pt-pt\/como-preparar-o-teu-filho-para-um-campo-de-ferias-na-suica-um-guia-completo\/","url":"https:\/\/www.leselfes.com\/pt-pt\/como-preparar-o-teu-filho-para-um-campo-de-ferias-na-suica-um-guia-completo\/","name":"Como preparar o teu filho para um campo de f\u00e9rias na Su\u00ed\u00e7a - Les Elfes International Camps Switzerland","isPartOf":{"@id":"https:\/\/dev.leselfes.com\/#website"},"primaryImageOfPage":{"@id":"https:\/\/www.leselfes.com\/pt-pt\/como-preparar-o-teu-filho-para-um-campo-de-ferias-na-suica-um-guia-completo\/#primaryimage"},"image":{"@id":"https:\/\/www.leselfes.com\/pt-pt\/como-preparar-o-teu-filho-para-um-campo-de-ferias-na-suica-um-guia-completo\/#primaryimage"},"thumbnailUrl":"https:\/\/www.leselfes.com\/wp-content\/uploads\/2024\/03\/aboutus.jpg","datePublished":"2024-07-05T11:13:47+00:00","dateModified":"2024-10-03T16:23:58+00:00","description":"Prepara o teu filho para um campo de f\u00e9rias na Su\u00ed\u00e7a com o nosso guia completo. Aprende sobre como fazer as malas, sa\u00fade e seguran\u00e7a.","breadcrumb":{"@id":"https:\/\/www.leselfes.com\/pt-pt\/como-preparar-o-teu-filho-para-um-campo-de-ferias-na-suica-um-guia-completo\/#breadcrumb"},"inLanguage":"pt-PT","potentialAction":[{"@type":"ReadAction","target":["https:\/\/www.leselfes.com\/pt-pt\/como-preparar-o-teu-filho-para-um-campo-de-ferias-na-suica-um-guia-completo\/"]}]},{"@type":"ImageObject","inLanguage":"pt-PT","@id":"https:\/\/www.leselfes.com\/pt-pt\/como-preparar-o-teu-filho-para-um-campo-de-ferias-na-suica-um-guia-completo\/#primaryimage","url":"https:\/\/www.leselfes.com\/wp-content\/uploads\/2024\/03\/aboutus.jpg","contentUrl":"https:\/\/www.leselfes.com\/wp-content\/uploads\/2024\/03\/aboutus.jpg","width":1920,"height":1079},{"@type":"BreadcrumbList","@id":"https:\/\/www.leselfes.com\/pt-pt\/como-preparar-o-teu-filho-para-um-campo-de-ferias-na-suica-um-guia-completo\/#breadcrumb","itemListElement":[{"@type":"ListItem","position":1,"name":"Home","item":"https:\/\/www.leselfes.com\/pt-pt\/"},{"@type":"ListItem","position":2,"name":"Como preparar o teu filho para um campo de f\u00e9rias na Su\u00ed\u00e7a: um guia completo"}]},{"@type":"WebSite","@id":"https:\/\/dev.leselfes.com\/#website","url":"https:\/\/dev.leselfes.com\/","name":"Les Elfes International","description":"Les Elfes International, Verbier Switzerland. Summer Camp, Winter Camp, Spring Camps.","publisher":{"@id":"https:\/\/dev.leselfes.com\/#organization"},"alternateName":"Les Elfes International","potentialAction":[{"@type":"SearchAction","target":{"@type":"EntryPoint","urlTemplate":"https:\/\/dev.leselfes.com\/?s={search_term_string}"},"query-input":{"@type":"PropertyValueSpecification","valueRequired":true,"valueName":"search_term_string"}}],"inLanguage":"pt-PT"},{"@type":"Organization","@id":"https:\/\/dev.leselfes.com\/#organization","name":"Les Elfes International","alternateName":"Les Elfes International","url":"https:\/\/dev.leselfes.com\/","logo":{"@type":"ImageObject","inLanguage":"pt-PT","@id":"https:\/\/dev.leselfes.com\/#\/schema\/logo\/image\/","url":"https:\/\/www.leselfes.com\/wp-content\/uploads\/2022\/03\/leselfes-logo.png","contentUrl":"https:\/\/www.leselfes.com\/wp-content\/uploads\/2022\/03\/leselfes-logo.png","width":233,"height":51,"caption":"Les Elfes International"},"image":{"@id":"https:\/\/dev.leselfes.com\/#\/schema\/logo\/image\/"},"sameAs":["https:\/\/www.facebook.com\/LesElfesVerbier","https:\/\/x.com\/LesElfesCamps","https:\/\/www.instagram.com\/leselfes","https:\/\/www.linkedin.com\/company\/les-elfes-international","https:\/\/www.youtube.com\/user\/LesElfesVerbier"]},{"@type":"Person","@id":"https:\/\/dev.leselfes.com\/#\/schema\/person\/7ac5f99a7f3c597105fe663a00bdf6d6","name":"Matthieu Perard","image":{"@type":"ImageObject","inLanguage":"pt-PT","@id":"https:\/\/dev.leselfes.com\/#\/schema\/person\/image\/","url":"https:\/\/secure.gravatar.com\/avatar\/e368f5bd153d15a1ff42a4c64a46d1ef?s=96&d=mm&r=g","contentUrl":"https:\/\/secure.gravatar.com\/avatar\/e368f5bd153d15a1ff42a4c64a46d1ef?s=96&d=mm&r=g","caption":"Matthieu Perard"},"url":"https:\/\/www.leselfes.com\/pt-pt\/author\/m-pierardnotostudio-ch\/"}]}},"_links":{"self":[{"href":"https:\/\/www.leselfes.com\/pt-pt\/wp-json\/wp\/v2\/posts\/87008"}],"collection":[{"href":"https:\/\/www.leselfes.com\/pt-pt\/wp-json\/wp\/v2\/posts"}],"about":[{"href":"https:\/\/www.leselfes.com\/pt-pt\/wp-json\/wp\/v2\/types\/post"}],"author":[{"embeddable":true,"href":"https:\/\/www.leselfes.com\/pt-pt\/wp-json\/wp\/v2\/users\/16"}],"replies":[{"embeddable":true,"href":"https:\/\/www.leselfes.com\/pt-pt\/wp-json\/wp\/v2\/comments?post=87008"}],"version-history":[{"count":0,"href":"https:\/\/www.leselfes.com\/pt-pt\/wp-json\/wp\/v2\/posts\/87008\/revisions"}],"wp:featuredmedia":[{"embeddable":true,"href":"https:\/\/www.leselfes.com\/pt-pt\/wp-json\/wp\/v2\/media\/82511"}],"wp:attachment":[{"href":"https:\/\/www.leselfes.com\/pt-pt\/wp-json\/wp\/v2\/media?parent=87008"}],"wp:term":[{"taxonomy":"category","embeddable":true,"href":"https:\/\/www.leselfes.com\/pt-pt\/wp-json\/wp\/v2\/categories?post=87008"},{"taxonomy":"post_tag","embeddable":true,"href":"https:\/\/www.leselfes.com\/pt-pt\/wp-json\/wp\/v2\/tags?post=87008"}],"curies":[{"name":"wp","href":"https:\/\/api.w.org\/{rel}","templated":true}]}}