{"id":87018,"date":"2024-07-30T15:59:17","date_gmt":"2024-07-30T13:59:17","guid":{"rendered":"https:\/\/www.leselfes.com\/do-esqui-ao-snowboard-a-melhor-experiencia-de-acampamento-de-inverno-na-suica\/"},"modified":"2024-10-03T18:23:49","modified_gmt":"2024-10-03T16:23:49","slug":"do-esqui-ao-snowboard-a-melhor-experiencia-de-acampamento-de-inverno-na-suica","status":"publish","type":"post","link":"https:\/\/www.leselfes.com\/pt-pt\/do-esqui-ao-snowboard-a-melhor-experiencia-de-acampamento-de-inverno-na-suica\/","title":{"rendered":"Do esqui ao snowboard: a melhor experi\u00eancia de acampamento de inverno na Su\u00ed\u00e7a"},"content":{"rendered":"[vc_row type=&#8221;in_container&#8221; full_screen_row_position=&#8221;middle&#8221; column_margin=&#8221;default&#8221; column_direction=&#8221;default&#8221; column_direction_tablet=&#8221;default&#8221; column_direction_phone=&#8221;default&#8221; scene_position=&#8221;center&#8221; text_color=&#8221;dark&#8221; text_align=&#8221;left&#8221; row_border_radius=&#8221;none&#8221; row_border_radius_applies=&#8221;bg&#8221; overflow=&#8221;visible&#8221; overlay_strength=&#8221;0.3&#8243; gradient_direction=&#8221;left_to_right&#8221; shape_divider_position=&#8221;bottom&#8221; bg_image_animation=&#8221;none&#8221;][vc_column column_padding=&#8221;no-extra-padding&#8221; column_padding_tablet=&#8221;inherit&#8221; column_padding_phone=&#8221;inherit&#8221; column_padding_position=&#8221;all&#8221; column_element_direction_desktop=&#8221;default&#8221; column_element_spacing=&#8221;default&#8221; desktop_text_alignment=&#8221;default&#8221; tablet_text_alignment=&#8221;default&#8221; phone_text_alignment=&#8221;default&#8221; background_color_opacity=&#8221;1&#8243; background_hover_color_opacity=&#8221;1&#8243; column_backdrop_filter=&#8221;none&#8221; column_shadow=&#8221;none&#8221; column_border_radius=&#8221;none&#8221; column_link_target=&#8221;_self&#8221; column_position=&#8221;default&#8221; gradient_direction=&#8221;left_to_right&#8221; overlay_strength=&#8221;0.3&#8243; width=&#8221;1\/1&#8243; tablet_width_inherit=&#8221;default&#8221; animation_type=&#8221;default&#8221; bg_image_animation=&#8221;none&#8221; border_type=&#8221;simple&#8221; column_border_width=&#8221;none&#8221; column_border_style=&#8221;solid&#8221;][vc_column_text css=&#8221;&#8221; text_direction=&#8221;default&#8221;]A Su\u00ed\u00e7a \u00e9 conhecida pela sua deslumbrante paisagem alpina e pelas suas instala\u00e7\u00f5es de desportos de inverno de classe mundial, o que a torna um destino ideal para os campos de f\u00e9rias de inverno.<br \/>\nPara crian\u00e7as e adolescentes, a oportunidade de praticar esqui e snowboard proporciona uma experi\u00eancia de acampamento de inverno definitiva.<br \/>\nEste artigo explora o que torna estes campos de inverno na Su\u00ed\u00e7a t\u00e3o especiais, concentrando-se nos programas abrangentes oferecidos, nos benef\u00edcios para os jovens participantes e na raz\u00e3o pela qual a Su\u00ed\u00e7a se destaca como um local de primeira linha para os desportos de inverno.[\/vc_column_text][vc_row_inner equal_height=&#8221;yes&#8221; content_placement=&#8221;middle&#8221; column_margin=&#8221;100px&#8221; column_direction=&#8221;default&#8221; column_direction_tablet=&#8221;default&#8221; column_direction_phone=&#8221;default&#8221; text_align=&#8221;left&#8221; row_position=&#8221;default&#8221; row_position_tablet=&#8221;inherit&#8221; row_position_phone=&#8221;inherit&#8221; overflow=&#8221;visible&#8221; pointer_events=&#8221;all&#8221; class=&#8221;flexGoBottom&#8221;][vc_column_inner column_padding=&#8221;no-extra-padding&#8221; column_padding_tablet=&#8221;inherit&#8221; column_padding_phone=&#8221;inherit&#8221; column_padding_position=&#8221;all&#8221; column_element_direction_desktop=&#8221;default&#8221; column_element_spacing=&#8221;default&#8221; desktop_text_alignment=&#8221;default&#8221; tablet_text_alignment=&#8221;default&#8221; phone_text_alignment=&#8221;default&#8221; background_color_opacity=&#8221;1&#8243; background_hover_color_opacity=&#8221;1&#8243; column_backdrop_filter=&#8221;none&#8221; column_shadow=&#8221;none&#8221; column_border_radius=&#8221;none&#8221; column_link_target=&#8221;_self&#8221; overflow=&#8221;visible&#8221; gradient_direction=&#8221;left_to_right&#8221; overlay_strength=&#8221;0.3&#8243; width=&#8221;1\/4&#8243; tablet_width_inherit=&#8221;default&#8221; animation_type=&#8221;default&#8221; bg_image_animation=&#8221;none&#8221; border_type=&#8221;simple&#8221; column_border_width=&#8221;none&#8221; column_border_style=&#8221;solid&#8221; column_padding_type=&#8221;default&#8221; gradient_type=&#8221;default&#8221; offset=&#8221;vc_hidden-md vc_hidden-sm vc_hidden-xs&#8221;][\/vc_column_inner][vc_column_inner column_padding=&#8221;no-extra-padding&#8221; column_padding_tablet=&#8221;inherit&#8221; column_padding_phone=&#8221;inherit&#8221; column_padding_position=&#8221;all&#8221; column_element_direction_desktop=&#8221;default&#8221; column_element_spacing=&#8221;default&#8221; centered_text=&#8221;true&#8221; desktop_text_alignment=&#8221;default&#8221; tablet_text_alignment=&#8221;default&#8221; phone_text_alignment=&#8221;default&#8221; background_color=&#8221;#343b68&#8243; background_color_opacity=&#8221;1&#8243; background_hover_color_opacity=&#8221;1&#8243; column_backdrop_filter=&#8221;none&#8221; font_color=&#8221;#ffffff&#8221; column_shadow=&#8221;none&#8221; column_border_radius=&#8221;custom&#8221; top_left_border_radius=&#8221;30&#8243; top_right_border_radius=&#8221;30&#8243; bottom_right_border_radius=&#8221;30&#8243; column_link_target=&#8221;_self&#8221; overflow=&#8221;visible&#8221; el_class=&#8221;rowCampHeader&#8221; gradient_direction=&#8221;left_to_right&#8221; overlay_strength=&#8221;0.3&#8243; width=&#8221;1\/4&#8243; tablet_width_inherit=&#8221;default&#8221; animation_type=&#8221;default&#8221; bg_image_animation=&#8221;none&#8221; border_type=&#8221;simple&#8221; column_border_width=&#8221;none&#8221; column_border_style=&#8221;solid&#8221; column_padding_type=&#8221;default&#8221; gradient_type=&#8221;default&#8221; offset=&#8221;vc_col-lg-3 vc_col-md-6 vc_col-xs-12&#8243; column_link=&#8221;\/winter-camp\/&#8221;][vc_column_text css=&#8221;&#8221; text_direction=&#8221;default&#8221;]<strong>Descobre <\/strong>o nosso acampamento de inverno[\/vc_column_text][\/vc_column_inner][vc_column_inner column_padding=&#8221;no-extra-padding&#8221; column_padding_tablet=&#8221;inherit&#8221; column_padding_phone=&#8221;inherit&#8221; column_padding_position=&#8221;all&#8221; column_element_direction_desktop=&#8221;default&#8221; column_element_spacing=&#8221;default&#8221; centered_text=&#8221;true&#8221; desktop_text_alignment=&#8221;default&#8221; tablet_text_alignment=&#8221;default&#8221; phone_text_alignment=&#8221;default&#8221; background_color=&#8221;#4d8abf&#8221; background_color_opacity=&#8221;1&#8243; background_hover_color_opacity=&#8221;1&#8243; column_backdrop_filter=&#8221;none&#8221; font_color=&#8221;#ffffff&#8221; column_shadow=&#8221;none&#8221; column_border_radius=&#8221;custom&#8221; top_left_border_radius=&#8221;30&#8243; top_right_border_radius=&#8221;30&#8243; bottom_right_border_radius=&#8221;30&#8243; column_link_target=&#8221;_self&#8221; overflow=&#8221;visible&#8221; el_class=&#8221;rowCampHeader&#8221; gradient_direction=&#8221;left_to_right&#8221; overlay_strength=&#8221;0.3&#8243; width=&#8221;1\/4&#8243; tablet_width_inherit=&#8221;default&#8221; animation_type=&#8221;default&#8221; bg_image_animation=&#8221;none&#8221; border_type=&#8221;simple&#8221; column_border_width=&#8221;none&#8221; column_border_style=&#8221;solid&#8221; column_padding_type=&#8221;default&#8221; gradient_type=&#8221;default&#8221; offset=&#8221;vc_col-lg-3 vc_col-md-6 vc_col-xs-12&#8243; column_link=&#8221;\/check-availability\/&#8221;][vc_column_text text_direction=&#8221;default&#8221;]<strong>Verifica a<\/strong> disponibilidade[\/vc_column_text][\/vc_column_inner][vc_column_inner column_padding=&#8221;no-extra-padding&#8221; column_padding_tablet=&#8221;inherit&#8221; column_padding_phone=&#8221;inherit&#8221; column_padding_position=&#8221;all&#8221; column_element_direction_desktop=&#8221;default&#8221; column_element_spacing=&#8221;default&#8221; desktop_text_alignment=&#8221;default&#8221; tablet_text_alignment=&#8221;default&#8221; phone_text_alignment=&#8221;default&#8221; background_color_opacity=&#8221;1&#8243; background_hover_color_opacity=&#8221;1&#8243; column_backdrop_filter=&#8221;none&#8221; column_shadow=&#8221;none&#8221; column_border_radius=&#8221;none&#8221; column_link_target=&#8221;_self&#8221; overflow=&#8221;visible&#8221; gradient_direction=&#8221;left_to_right&#8221; overlay_strength=&#8221;0.3&#8243; width=&#8221;1\/4&#8243; tablet_width_inherit=&#8221;default&#8221; animation_type=&#8221;default&#8221; bg_image_animation=&#8221;none&#8221; border_type=&#8221;simple&#8221; column_border_width=&#8221;none&#8221; column_border_style=&#8221;solid&#8221; column_padding_type=&#8221;default&#8221; gradient_type=&#8221;default&#8221; offset=&#8221;vc_hidden-md vc_hidden-sm vc_hidden-xs&#8221;][\/vc_column_inner][\/vc_row_inner][vc_column_text css=&#8221;&#8221; text_direction=&#8221;default&#8221;]\n<h2>Programas de esqui no campo de inverno internacional Les Elfes<\/h2>\n<p>  Esquiar \u00e9 uma parte central da experi\u00eancia do acampamento de inverno na Su\u00ed\u00e7a.<br \/>\nAcampamentos como Les Elfes International oferecem programas estruturados que atendem a todos os n\u00edveis de habilidade, desde iniciantes at\u00e9 esquiadores avan\u00e7ados.<br \/>\nOs instrutores profissionais d\u00e3o aulas que se concentram na t\u00e9cnica, seguran\u00e7a e divers\u00e3o.<br \/>\nO terreno variado dos Alpes su\u00ed\u00e7os oferece um excelente campo de treino, permitindo aos participantes enfrentar gradualmente declives mais desafiantes \u00e0 medida que melhoram.     <\/p>\n<h2>Vantagens de esquiar para crian\u00e7as no melhor acampamento da Su\u00ed\u00e7a<\/h2>\n<p>  Praticar esqui proporciona in\u00fameros benef\u00edcios aos jovens participantes.<br \/>\nFisicamente, o esqui melhora o equil\u00edbrio, a coordena\u00e7\u00e3o e a for\u00e7a.<br \/>\nPromove tamb\u00e9m a sa\u00fade cardiovascular.<br \/>\nMentalmente, o esqui pode aumentar a confian\u00e7a e a resili\u00eancia \u00e0 medida que as crian\u00e7as e os adolescentes ultrapassam os desafios nas pistas.<br \/>\nA sensa\u00e7\u00e3o de realiza\u00e7\u00e3o que adv\u00e9m do dom\u00ednio de uma nova compet\u00eancia \u00e9 inestim\u00e1vel para o crescimento pessoal.      <\/p>\n<h2>Aventuras de snowboard nos campos de inverno su\u00ed\u00e7os<\/h2>\n<p>  Para al\u00e9m do esqui, o snowboard \u00e9 uma atividade popular nos campos de f\u00e9rias su\u00ed\u00e7os.<br \/>\nTal como o esqui, os programas de snowboarding s\u00e3o concebidos para se adaptarem a v\u00e1rios n\u00edveis de compet\u00eancias.<br \/>\nOs campos oferecem aulas para principiantes e avan\u00e7ados, assegurando que cada participante possa progredir ao seu pr\u00f3prio ritmo.<br \/>\nO snowboard apresenta um conjunto diferente de desafios e emo\u00e7\u00f5es, proporcionando uma experi\u00eancia completa de desportos de inverno.     <\/p>\n<h2>Porqu\u00ea escolher o campo de f\u00e9rias internacional Les Elfes na Su\u00ed\u00e7a?<\/h2>\n<p>  A reputa\u00e7\u00e3o da Su\u00ed\u00e7a como um dos principais destinos de desportos de inverno \u00e9 bem merecida.<br \/>\nAs est\u00e2ncias de esqui do pa\u00eds s\u00e3o conhecidas pelas suas excelentes instala\u00e7\u00f5es, normas de seguran\u00e7a e paisagens de cortar a respira\u00e7\u00e3o.<br \/>\nOs Alpes su\u00ed\u00e7os proporcionam um cen\u00e1rio perfeito para os campos de inverno, com queda de neve fi\u00e1vel e pistas bem conservadas.<br \/>\nAl\u00e9m disso, o ambiente multicultural de campos como Les Elfes International permite um interc\u00e2mbio cultural \u00fanico, alargando os horizontes dos jovens participantes.     <\/p>\n<h2>Interc\u00e2mbio cultural e aprendizagem de l\u00ednguas em Les Elfes International<\/h2>\n<p>  Um dos aspectos \u00fanicos dos campos de f\u00e9rias na Su\u00ed\u00e7a \u00e9 a \u00eanfase no interc\u00e2mbio cultural e na aprendizagem de l\u00ednguas.<br \/>\nOs campos de f\u00e9rias atraem participantes de todo o mundo, criando um ambiente rico e multicultural.<br \/>\nAs aulas de l\u00ednguas s\u00e3o frequentemente integradas no programa do campo, permitindo \u00e0s crian\u00e7as aprender novas l\u00ednguas de uma forma divertida e interactiva.<br \/>\nEsta exposi\u00e7\u00e3o cultural ajuda a desenvolver a consci\u00eancia global e melhora a experi\u00eancia geral do acampamento.     <\/p>\n<h2>Alojamento e instala\u00e7\u00f5es de alta qualidade no Les Elfes International<\/h2>\n<p>  O conforto e a seguran\u00e7a s\u00e3o fundamentais nos campos de inverno su\u00ed\u00e7os.<br \/>\nO alojamento de alta qualidade garante que as crian\u00e7as tenham um lugar confort\u00e1vel para descansar depois de um dia nas pistas.<br \/>\nAs instala\u00e7\u00f5es s\u00e3o modernas e bem conservadas e os campos fornecem refei\u00e7\u00f5es nutritivas para manter os n\u00edveis de energia elevados.<br \/>\nO r\u00e1cio pessoal\/acampamento \u00e9 cuidadosamente gerido para garantir que cada crian\u00e7a recebe a aten\u00e7\u00e3o e os cuidados de que necessita.     <\/p>\n<h2>Actividades nocturnas e eventos sociais no Campo de inverno Internacional Les Elfes<\/h2>\n<p>  A divers\u00e3o n\u00e3o acaba quando o sol se p\u00f5e.<br \/>\nOs campos de f\u00e9rias su\u00ed\u00e7os de inverno oferecem uma variedade de actividades nocturnas e eventos sociais, desde espect\u00e1culos de talentos e noites de cinema a festas tem\u00e1ticas e apresenta\u00e7\u00f5es culturais.<br \/>\nEstas actividades proporcionam entretenimento e uma oportunidade para os participantes se relacionarem com os seus pares, criando amizades duradouras.    <\/p>\n<h2>Seguran\u00e7a e supervis\u00e3o nos campos de inverno na Su\u00ed\u00e7a<\/h2>\n<p>  A seguran\u00e7a \u00e9 uma prioridade m\u00e1xima nos campos de f\u00e9rias na Su\u00ed\u00e7a.<br \/>\nInstrutores e pessoal certificado garantem que todas as actividades s\u00e3o realizadas em seguran\u00e7a.<br \/>\nOs campos est\u00e3o equipados com instala\u00e7\u00f5es m\u00e9dicas e disp\u00f5em de protocolos para situa\u00e7\u00f5es de emerg\u00eancia.<br \/>\nOs exerc\u00edcios de seguran\u00e7a regulares e os briefings ajudam a preparar os participantes para qualquer situa\u00e7\u00e3o, dando aos pais paz de esp\u00edrito.<br \/>\nAl\u00e9m disso, existe um guarda noturno e uma estrutura clara de avalia\u00e7\u00e3o de riscos.      <\/p>\n<h2>Construir mem\u00f3rias para toda a vida no campo de inverno Internacional Les Elfes<\/h2>\n<p>  Os campos de f\u00e9rias na Su\u00ed\u00e7a foram concebidos para criar mem\u00f3rias para toda a vida das crian\u00e7as e dos adolescentes.<br \/>\nA combina\u00e7\u00e3o de esqui, snowboard, interc\u00e2mbio cultural e actividades sociais proporciona uma experi\u00eancia rica e variada.<br \/>\nOs participantes partem com novas compet\u00eancias, maior confian\u00e7a e amizades que se estendem por todo o mundo.<br \/>\nAs recorda\u00e7\u00f5es criadas nestes campos de f\u00e9rias permanecem com eles durante anos, inspirando frequentemente um amor duradouro pelos desportos de inverno e pela aventura.[\/vc_column_text][\/vc_column][\/vc_row]\n","protected":false},"excerpt":{"rendered":"<p>[vc_row type=&#8221;in_container&#8221; full_screen_row_position=&#8221;middle&#8221; column_margin=&#8221;default&#8221; column_direction=&#8221;default&#8221; column_direction_tablet=&#8221;default&#8221; column_direction_phone=&#8221;default&#8221; scene_position=&#8221;center&#8221; text_color=&#8221;dark&#8221; text_align=&#8221;left&#8221; row_border_radius=&#8221;none&#8221; row_border_radius_applies=&#8221;bg&#8221; overflow=&#8221;visible&#8221; overlay_strength=&#8221;0.3&#8243; gradient_direction=&#8221;left_to_right&#8221; shape_divider_position=&#8221;bottom&#8221; bg_image_animation=&#8221;none&#8221;][vc_column column_padding=&#8221;no-extra-padding&#8221; column_padding_tablet=&#8221;inherit&#8221; column_padding_phone=&#8221;inherit&#8221; column_padding_position=&#8221;all&#8221; column_element_direction_desktop=&#8221;default&#8221; column_element_spacing=&#8221;default&#8221; desktop_text_alignment=&#8221;default&#8221; tablet_text_alignment=&#8221;default&#8221; phone_text_alignment=&#8221;default&#8221; background_color_opacity=&#8221;1&#8243; background_hover_color_opacity=&#8221;1&#8243; column_backdrop_filter=&#8221;none&#8221; column_shadow=&#8221;none&#8221;&#8230;<\/p>\n","protected":false},"author":16,"featured_media":85674,"comment_status":"closed","ping_status":"open","sticky":false,"template":"","format":"standard","meta":{"_acf_changed":false,"inline_featured_image":false,"footnotes":""},"categories":[1107],"tags":[],"class_list":{"0":"post-87018","1":"post","2":"type-post","3":"status-publish","4":"format-standard","5":"has-post-thumbnail","7":"category-acampamento-de-inverno"},"acf":[],"yoast_head":"<!-- This site is optimized with the Yoast SEO Premium plugin v24.2 (Yoast SEO v24.7) - https:\/\/yoast.com\/wordpress\/plugins\/seo\/ -->\n<title>Do esqui ao snowboard: a melhor experi\u00eancia de acampamento de inverno na Su\u00ed\u00e7a - Les Elfes International Camps Switzerland<\/title>\n<meta name=\"robots\" content=\"index, follow, max-snippet:-1, max-image-preview:large, max-video-preview:-1\" \/>\n<link rel=\"canonical\" href=\"https:\/\/www.leselfes.com\/pt-pt\/do-esqui-ao-snowboard-a-melhor-experiencia-de-acampamento-de-inverno-na-suica\/\" \/>\n<meta property=\"og:locale\" content=\"pt_PT\" \/>\n<meta property=\"og:type\" content=\"article\" \/>\n<meta property=\"og:title\" content=\"Do esqui ao snowboard: a melhor experi\u00eancia de acampamento de inverno na Su\u00ed\u00e7a\" \/>\n<meta property=\"og:description\" content=\"[vc_row type=&#8221;in_container&#8221; full_screen_row_position=&#8221;middle&#8221; column_margin=&#8221;default&#8221; column_direction=&#8221;default&#8221; column_direction_tablet=&#8221;default&#8221; column_direction_phone=&#8221;default&#8221; scene_position=&#8221;center&#8221; text_color=&#8221;dark&#8221; text_align=&#8221;left&#8221; row_border_radius=&#8221;none&#8221; row_border_radius_applies=&#8221;bg&#8221; overflow=&#8221;visible&#8221; overlay_strength=&#8221;0.3&#8243; gradient_direction=&#8221;left_to_right&#8221; shape_divider_position=&#8221;bottom&#8221; bg_image_animation=&#8221;none&#8221;][vc_column column_padding=&#8221;no-extra-padding&#8221; column_padding_tablet=&#8221;inherit&#8221; column_padding_phone=&#8221;inherit&#8221; column_padding_position=&#8221;all&#8221; column_element_direction_desktop=&#8221;default&#8221; column_element_spacing=&#8221;default&#8221; desktop_text_alignment=&#8221;default&#8221; tablet_text_alignment=&#8221;default&#8221; phone_text_alignment=&#8221;default&#8221; background_color_opacity=&#8221;1&#8243; background_hover_color_opacity=&#8221;1&#8243; column_backdrop_filter=&#8221;none&#8221; column_shadow=&#8221;none&#8221;...\" \/>\n<meta property=\"og:url\" content=\"https:\/\/www.leselfes.com\/pt-pt\/do-esqui-ao-snowboard-a-melhor-experiencia-de-acampamento-de-inverno-na-suica\/\" \/>\n<meta property=\"og:site_name\" content=\"Les Elfes International Camps Switzerland\" \/>\n<meta property=\"article:publisher\" content=\"https:\/\/www.facebook.com\/LesElfesVerbier\" \/>\n<meta property=\"article:published_time\" content=\"2024-07-30T13:59:17+00:00\" \/>\n<meta property=\"article:modified_time\" content=\"2024-10-03T16:23:49+00:00\" \/>\n<meta property=\"og:image\" content=\"https:\/\/dev.leselfes.com\/wp-content\/uploads\/2024\/07\/School-ski-trips-Japan-timeline-for-school-teacher2.jpg\" \/>\n\t<meta property=\"og:image:width\" content=\"1600\" \/>\n\t<meta property=\"og:image:height\" content=\"1200\" \/>\n\t<meta property=\"og:image:type\" content=\"image\/jpeg\" \/>\n<meta name=\"author\" content=\"Matthieu Perard\" \/>\n<meta name=\"twitter:card\" content=\"summary_large_image\" \/>\n<meta name=\"twitter:creator\" content=\"@LesElfesCamps\" \/>\n<meta name=\"twitter:site\" content=\"@LesElfesCamps\" \/>\n<meta name=\"twitter:label1\" content=\"Escrito por\" \/>\n\t<meta name=\"twitter:data1\" content=\"Matthieu Perard\" \/>\n\t<meta name=\"twitter:label2\" content=\"Tempo estimado de leitura\" \/>\n\t<meta name=\"twitter:data2\" content=\"9 minutos\" \/>\n<script type=\"application\/ld+json\" class=\"yoast-schema-graph\">{\"@context\":\"https:\/\/schema.org\",\"@graph\":[{\"@type\":\"Article\",\"@id\":\"https:\/\/www.leselfes.com\/pt-pt\/do-esqui-ao-snowboard-a-melhor-experiencia-de-acampamento-de-inverno-na-suica\/#article\",\"isPartOf\":{\"@id\":\"https:\/\/www.leselfes.com\/pt-pt\/do-esqui-ao-snowboard-a-melhor-experiencia-de-acampamento-de-inverno-na-suica\/\"},\"author\":{\"name\":\"Matthieu Perard\",\"@id\":\"https:\/\/dev.leselfes.com\/#\/schema\/person\/7ac5f99a7f3c597105fe663a00bdf6d6\"},\"headline\":\"Do esqui ao snowboard: a melhor experi\u00eancia de acampamento de inverno na Su\u00ed\u00e7a\",\"datePublished\":\"2024-07-30T13:59:17+00:00\",\"dateModified\":\"2024-10-03T16:23:49+00:00\",\"mainEntityOfPage\":{\"@id\":\"https:\/\/www.leselfes.com\/pt-pt\/do-esqui-ao-snowboard-a-melhor-experiencia-de-acampamento-de-inverno-na-suica\/\"},\"wordCount\":1720,\"publisher\":{\"@id\":\"https:\/\/dev.leselfes.com\/#organization\"},\"image\":{\"@id\":\"https:\/\/www.leselfes.com\/pt-pt\/do-esqui-ao-snowboard-a-melhor-experiencia-de-acampamento-de-inverno-na-suica\/#primaryimage\"},\"thumbnailUrl\":\"https:\/\/www.leselfes.com\/wp-content\/uploads\/2024\/07\/School-ski-trips-Japan-timeline-for-school-teacher2.jpg\",\"articleSection\":[\"Acampamento de inverno\"],\"inLanguage\":\"pt-PT\"},{\"@type\":\"WebPage\",\"@id\":\"https:\/\/www.leselfes.com\/pt-pt\/do-esqui-ao-snowboard-a-melhor-experiencia-de-acampamento-de-inverno-na-suica\/\",\"url\":\"https:\/\/www.leselfes.com\/pt-pt\/do-esqui-ao-snowboard-a-melhor-experiencia-de-acampamento-de-inverno-na-suica\/\",\"name\":\"Do esqui ao snowboard: a melhor experi\u00eancia de acampamento de inverno na Su\u00ed\u00e7a - Les Elfes International Camps Switzerland\",\"isPartOf\":{\"@id\":\"https:\/\/dev.leselfes.com\/#website\"},\"primaryImageOfPage\":{\"@id\":\"https:\/\/www.leselfes.com\/pt-pt\/do-esqui-ao-snowboard-a-melhor-experiencia-de-acampamento-de-inverno-na-suica\/#primaryimage\"},\"image\":{\"@id\":\"https:\/\/www.leselfes.com\/pt-pt\/do-esqui-ao-snowboard-a-melhor-experiencia-de-acampamento-de-inverno-na-suica\/#primaryimage\"},\"thumbnailUrl\":\"https:\/\/www.leselfes.com\/wp-content\/uploads\/2024\/07\/School-ski-trips-Japan-timeline-for-school-teacher2.jpg\",\"datePublished\":\"2024-07-30T13:59:17+00:00\",\"dateModified\":\"2024-10-03T16:23:49+00:00\",\"breadcrumb\":{\"@id\":\"https:\/\/www.leselfes.com\/pt-pt\/do-esqui-ao-snowboard-a-melhor-experiencia-de-acampamento-de-inverno-na-suica\/#breadcrumb\"},\"inLanguage\":\"pt-PT\",\"potentialAction\":[{\"@type\":\"ReadAction\",\"target\":[\"https:\/\/www.leselfes.com\/pt-pt\/do-esqui-ao-snowboard-a-melhor-experiencia-de-acampamento-de-inverno-na-suica\/\"]}]},{\"@type\":\"ImageObject\",\"inLanguage\":\"pt-PT\",\"@id\":\"https:\/\/www.leselfes.com\/pt-pt\/do-esqui-ao-snowboard-a-melhor-experiencia-de-acampamento-de-inverno-na-suica\/#primaryimage\",\"url\":\"https:\/\/www.leselfes.com\/wp-content\/uploads\/2024\/07\/School-ski-trips-Japan-timeline-for-school-teacher2.jpg\",\"contentUrl\":\"https:\/\/www.leselfes.com\/wp-content\/uploads\/2024\/07\/School-ski-trips-Japan-timeline-for-school-teacher2.jpg\",\"width\":1600,\"height\":1200},{\"@type\":\"BreadcrumbList\",\"@id\":\"https:\/\/www.leselfes.com\/pt-pt\/do-esqui-ao-snowboard-a-melhor-experiencia-de-acampamento-de-inverno-na-suica\/#breadcrumb\",\"itemListElement\":[{\"@type\":\"ListItem\",\"position\":1,\"name\":\"Home\",\"item\":\"https:\/\/www.leselfes.com\/pt-pt\/\"},{\"@type\":\"ListItem\",\"position\":2,\"name\":\"Do esqui ao snowboard: a melhor experi\u00eancia de acampamento de inverno na Su\u00ed\u00e7a\"}]},{\"@type\":\"WebSite\",\"@id\":\"https:\/\/dev.leselfes.com\/#website\",\"url\":\"https:\/\/dev.leselfes.com\/\",\"name\":\"Les Elfes International\",\"description\":\"Les Elfes International, Verbier Switzerland. Summer Camp, Winter Camp, Spring Camps.\",\"publisher\":{\"@id\":\"https:\/\/dev.leselfes.com\/#organization\"},\"alternateName\":\"Les Elfes International\",\"potentialAction\":[{\"@type\":\"SearchAction\",\"target\":{\"@type\":\"EntryPoint\",\"urlTemplate\":\"https:\/\/dev.leselfes.com\/?s={search_term_string}\"},\"query-input\":{\"@type\":\"PropertyValueSpecification\",\"valueRequired\":true,\"valueName\":\"search_term_string\"}}],\"inLanguage\":\"pt-PT\"},{\"@type\":\"Organization\",\"@id\":\"https:\/\/dev.leselfes.com\/#organization\",\"name\":\"Les Elfes International\",\"alternateName\":\"Les Elfes International\",\"url\":\"https:\/\/dev.leselfes.com\/\",\"logo\":{\"@type\":\"ImageObject\",\"inLanguage\":\"pt-PT\",\"@id\":\"https:\/\/dev.leselfes.com\/#\/schema\/logo\/image\/\",\"url\":\"https:\/\/www.leselfes.com\/wp-content\/uploads\/2022\/03\/leselfes-logo.png\",\"contentUrl\":\"https:\/\/www.leselfes.com\/wp-content\/uploads\/2022\/03\/leselfes-logo.png\",\"width\":233,\"height\":51,\"caption\":\"Les Elfes International\"},\"image\":{\"@id\":\"https:\/\/dev.leselfes.com\/#\/schema\/logo\/image\/\"},\"sameAs\":[\"https:\/\/www.facebook.com\/LesElfesVerbier\",\"https:\/\/x.com\/LesElfesCamps\",\"https:\/\/www.instagram.com\/leselfes\",\"https:\/\/www.linkedin.com\/company\/les-elfes-international\",\"https:\/\/www.youtube.com\/user\/LesElfesVerbier\"]},{\"@type\":\"Person\",\"@id\":\"https:\/\/dev.leselfes.com\/#\/schema\/person\/7ac5f99a7f3c597105fe663a00bdf6d6\",\"name\":\"Matthieu Perard\",\"image\":{\"@type\":\"ImageObject\",\"inLanguage\":\"pt-PT\",\"@id\":\"https:\/\/dev.leselfes.com\/#\/schema\/person\/image\/\",\"url\":\"https:\/\/secure.gravatar.com\/avatar\/e368f5bd153d15a1ff42a4c64a46d1ef?s=96&d=mm&r=g\",\"contentUrl\":\"https:\/\/secure.gravatar.com\/avatar\/e368f5bd153d15a1ff42a4c64a46d1ef?s=96&d=mm&r=g\",\"caption\":\"Matthieu Perard\"},\"url\":\"https:\/\/www.leselfes.com\/pt-pt\/author\/m-pierardnotostudio-ch\/\"}]}<\/script>\n<!-- \/ Yoast SEO Premium plugin. -->","yoast_head_json":{"title":"Do esqui ao snowboard: a melhor experi\u00eancia de acampamento de inverno na Su\u00ed\u00e7a - Les Elfes International Camps Switzerland","robots":{"index":"index","follow":"follow","max-snippet":"max-snippet:-1","max-image-preview":"max-image-preview:large","max-video-preview":"max-video-preview:-1"},"canonical":"https:\/\/www.leselfes.com\/pt-pt\/do-esqui-ao-snowboard-a-melhor-experiencia-de-acampamento-de-inverno-na-suica\/","og_locale":"pt_PT","og_type":"article","og_title":"Do esqui ao snowboard: a melhor experi\u00eancia de acampamento de inverno na Su\u00ed\u00e7a","og_description":"[vc_row type=&#8221;in_container&#8221; full_screen_row_position=&#8221;middle&#8221; column_margin=&#8221;default&#8221; column_direction=&#8221;default&#8221; column_direction_tablet=&#8221;default&#8221; column_direction_phone=&#8221;default&#8221; scene_position=&#8221;center&#8221; text_color=&#8221;dark&#8221; text_align=&#8221;left&#8221; row_border_radius=&#8221;none&#8221; row_border_radius_applies=&#8221;bg&#8221; overflow=&#8221;visible&#8221; overlay_strength=&#8221;0.3&#8243; gradient_direction=&#8221;left_to_right&#8221; shape_divider_position=&#8221;bottom&#8221; bg_image_animation=&#8221;none&#8221;][vc_column column_padding=&#8221;no-extra-padding&#8221; column_padding_tablet=&#8221;inherit&#8221; column_padding_phone=&#8221;inherit&#8221; column_padding_position=&#8221;all&#8221; column_element_direction_desktop=&#8221;default&#8221; column_element_spacing=&#8221;default&#8221; desktop_text_alignment=&#8221;default&#8221; tablet_text_alignment=&#8221;default&#8221; phone_text_alignment=&#8221;default&#8221; background_color_opacity=&#8221;1&#8243; background_hover_color_opacity=&#8221;1&#8243; column_backdrop_filter=&#8221;none&#8221; column_shadow=&#8221;none&#8221;...","og_url":"https:\/\/www.leselfes.com\/pt-pt\/do-esqui-ao-snowboard-a-melhor-experiencia-de-acampamento-de-inverno-na-suica\/","og_site_name":"Les Elfes International Camps Switzerland","article_publisher":"https:\/\/www.facebook.com\/LesElfesVerbier","article_published_time":"2024-07-30T13:59:17+00:00","article_modified_time":"2024-10-03T16:23:49+00:00","og_image":[{"width":1600,"height":1200,"url":"https:\/\/dev.leselfes.com\/wp-content\/uploads\/2024\/07\/School-ski-trips-Japan-timeline-for-school-teacher2.jpg","type":"image\/jpeg"}],"author":"Matthieu Perard","twitter_card":"summary_large_image","twitter_creator":"@LesElfesCamps","twitter_site":"@LesElfesCamps","twitter_misc":{"Escrito por":"Matthieu Perard","Tempo estimado de leitura":"9 minutos"},"schema":{"@context":"https:\/\/schema.org","@graph":[{"@type":"Article","@id":"https:\/\/www.leselfes.com\/pt-pt\/do-esqui-ao-snowboard-a-melhor-experiencia-de-acampamento-de-inverno-na-suica\/#article","isPartOf":{"@id":"https:\/\/www.leselfes.com\/pt-pt\/do-esqui-ao-snowboard-a-melhor-experiencia-de-acampamento-de-inverno-na-suica\/"},"author":{"name":"Matthieu Perard","@id":"https:\/\/dev.leselfes.com\/#\/schema\/person\/7ac5f99a7f3c597105fe663a00bdf6d6"},"headline":"Do esqui ao snowboard: a melhor experi\u00eancia de acampamento de inverno na Su\u00ed\u00e7a","datePublished":"2024-07-30T13:59:17+00:00","dateModified":"2024-10-03T16:23:49+00:00","mainEntityOfPage":{"@id":"https:\/\/www.leselfes.com\/pt-pt\/do-esqui-ao-snowboard-a-melhor-experiencia-de-acampamento-de-inverno-na-suica\/"},"wordCount":1720,"publisher":{"@id":"https:\/\/dev.leselfes.com\/#organization"},"image":{"@id":"https:\/\/www.leselfes.com\/pt-pt\/do-esqui-ao-snowboard-a-melhor-experiencia-de-acampamento-de-inverno-na-suica\/#primaryimage"},"thumbnailUrl":"https:\/\/www.leselfes.com\/wp-content\/uploads\/2024\/07\/School-ski-trips-Japan-timeline-for-school-teacher2.jpg","articleSection":["Acampamento de inverno"],"inLanguage":"pt-PT"},{"@type":"WebPage","@id":"https:\/\/www.leselfes.com\/pt-pt\/do-esqui-ao-snowboard-a-melhor-experiencia-de-acampamento-de-inverno-na-suica\/","url":"https:\/\/www.leselfes.com\/pt-pt\/do-esqui-ao-snowboard-a-melhor-experiencia-de-acampamento-de-inverno-na-suica\/","name":"Do esqui ao snowboard: a melhor experi\u00eancia de acampamento de inverno na Su\u00ed\u00e7a - Les Elfes International Camps Switzerland","isPartOf":{"@id":"https:\/\/dev.leselfes.com\/#website"},"primaryImageOfPage":{"@id":"https:\/\/www.leselfes.com\/pt-pt\/do-esqui-ao-snowboard-a-melhor-experiencia-de-acampamento-de-inverno-na-suica\/#primaryimage"},"image":{"@id":"https:\/\/www.leselfes.com\/pt-pt\/do-esqui-ao-snowboard-a-melhor-experiencia-de-acampamento-de-inverno-na-suica\/#primaryimage"},"thumbnailUrl":"https:\/\/www.leselfes.com\/wp-content\/uploads\/2024\/07\/School-ski-trips-Japan-timeline-for-school-teacher2.jpg","datePublished":"2024-07-30T13:59:17+00:00","dateModified":"2024-10-03T16:23:49+00:00","breadcrumb":{"@id":"https:\/\/www.leselfes.com\/pt-pt\/do-esqui-ao-snowboard-a-melhor-experiencia-de-acampamento-de-inverno-na-suica\/#breadcrumb"},"inLanguage":"pt-PT","potentialAction":[{"@type":"ReadAction","target":["https:\/\/www.leselfes.com\/pt-pt\/do-esqui-ao-snowboard-a-melhor-experiencia-de-acampamento-de-inverno-na-suica\/"]}]},{"@type":"ImageObject","inLanguage":"pt-PT","@id":"https:\/\/www.leselfes.com\/pt-pt\/do-esqui-ao-snowboard-a-melhor-experiencia-de-acampamento-de-inverno-na-suica\/#primaryimage","url":"https:\/\/www.leselfes.com\/wp-content\/uploads\/2024\/07\/School-ski-trips-Japan-timeline-for-school-teacher2.jpg","contentUrl":"https:\/\/www.leselfes.com\/wp-content\/uploads\/2024\/07\/School-ski-trips-Japan-timeline-for-school-teacher2.jpg","width":1600,"height":1200},{"@type":"BreadcrumbList","@id":"https:\/\/www.leselfes.com\/pt-pt\/do-esqui-ao-snowboard-a-melhor-experiencia-de-acampamento-de-inverno-na-suica\/#breadcrumb","itemListElement":[{"@type":"ListItem","position":1,"name":"Home","item":"https:\/\/www.leselfes.com\/pt-pt\/"},{"@type":"ListItem","position":2,"name":"Do esqui ao snowboard: a melhor experi\u00eancia de acampamento de inverno na Su\u00ed\u00e7a"}]},{"@type":"WebSite","@id":"https:\/\/dev.leselfes.com\/#website","url":"https:\/\/dev.leselfes.com\/","name":"Les Elfes International","description":"Les Elfes International, Verbier Switzerland. Summer Camp, Winter Camp, Spring Camps.","publisher":{"@id":"https:\/\/dev.leselfes.com\/#organization"},"alternateName":"Les Elfes International","potentialAction":[{"@type":"SearchAction","target":{"@type":"EntryPoint","urlTemplate":"https:\/\/dev.leselfes.com\/?s={search_term_string}"},"query-input":{"@type":"PropertyValueSpecification","valueRequired":true,"valueName":"search_term_string"}}],"inLanguage":"pt-PT"},{"@type":"Organization","@id":"https:\/\/dev.leselfes.com\/#organization","name":"Les Elfes International","alternateName":"Les Elfes International","url":"https:\/\/dev.leselfes.com\/","logo":{"@type":"ImageObject","inLanguage":"pt-PT","@id":"https:\/\/dev.leselfes.com\/#\/schema\/logo\/image\/","url":"https:\/\/www.leselfes.com\/wp-content\/uploads\/2022\/03\/leselfes-logo.png","contentUrl":"https:\/\/www.leselfes.com\/wp-content\/uploads\/2022\/03\/leselfes-logo.png","width":233,"height":51,"caption":"Les Elfes International"},"image":{"@id":"https:\/\/dev.leselfes.com\/#\/schema\/logo\/image\/"},"sameAs":["https:\/\/www.facebook.com\/LesElfesVerbier","https:\/\/x.com\/LesElfesCamps","https:\/\/www.instagram.com\/leselfes","https:\/\/www.linkedin.com\/company\/les-elfes-international","https:\/\/www.youtube.com\/user\/LesElfesVerbier"]},{"@type":"Person","@id":"https:\/\/dev.leselfes.com\/#\/schema\/person\/7ac5f99a7f3c597105fe663a00bdf6d6","name":"Matthieu Perard","image":{"@type":"ImageObject","inLanguage":"pt-PT","@id":"https:\/\/dev.leselfes.com\/#\/schema\/person\/image\/","url":"https:\/\/secure.gravatar.com\/avatar\/e368f5bd153d15a1ff42a4c64a46d1ef?s=96&d=mm&r=g","contentUrl":"https:\/\/secure.gravatar.com\/avatar\/e368f5bd153d15a1ff42a4c64a46d1ef?s=96&d=mm&r=g","caption":"Matthieu Perard"},"url":"https:\/\/www.leselfes.com\/pt-pt\/author\/m-pierardnotostudio-ch\/"}]}},"_links":{"self":[{"href":"https:\/\/www.leselfes.com\/pt-pt\/wp-json\/wp\/v2\/posts\/87018"}],"collection":[{"href":"https:\/\/www.leselfes.com\/pt-pt\/wp-json\/wp\/v2\/posts"}],"about":[{"href":"https:\/\/www.leselfes.com\/pt-pt\/wp-json\/wp\/v2\/types\/post"}],"author":[{"embeddable":true,"href":"https:\/\/www.leselfes.com\/pt-pt\/wp-json\/wp\/v2\/users\/16"}],"replies":[{"embeddable":true,"href":"https:\/\/www.leselfes.com\/pt-pt\/wp-json\/wp\/v2\/comments?post=87018"}],"version-history":[{"count":0,"href":"https:\/\/www.leselfes.com\/pt-pt\/wp-json\/wp\/v2\/posts\/87018\/revisions"}],"wp:featuredmedia":[{"embeddable":true,"href":"https:\/\/www.leselfes.com\/pt-pt\/wp-json\/wp\/v2\/media\/85674"}],"wp:attachment":[{"href":"https:\/\/www.leselfes.com\/pt-pt\/wp-json\/wp\/v2\/media?parent=87018"}],"wp:term":[{"taxonomy":"category","embeddable":true,"href":"https:\/\/www.leselfes.com\/pt-pt\/wp-json\/wp\/v2\/categories?post=87018"},{"taxonomy":"post_tag","embeddable":true,"href":"https:\/\/www.leselfes.com\/pt-pt\/wp-json\/wp\/v2\/tags?post=87018"}],"curies":[{"name":"wp","href":"https:\/\/api.w.org\/{rel}","templated":true}]}}