{"id":87040,"date":"2024-07-08T17:27:23","date_gmt":"2024-07-08T15:27:23","guid":{"rendered":"https:\/\/www.leselfes.com\/colonia-de-ferias-para-criancas-na-europa-uma-experiencia-inesquecivel\/"},"modified":"2024-10-03T18:23:51","modified_gmt":"2024-10-03T16:23:51","slug":"colonia-de-ferias-para-criancas-na-europa-uma-experiencia-inesquecivel","status":"publish","type":"post","link":"https:\/\/www.leselfes.com\/pt-pt\/colonia-de-ferias-para-criancas-na-europa-uma-experiencia-inesquecivel\/","title":{"rendered":"Col\u00f4nia de f\u00e9rias para crian\u00e7as na Europa: Uma experi\u00eancia inesquec\u00edvel"},"content":{"rendered":"[vc_row type=&#8221;in_container&#8221; full_screen_row_position=&#8221;middle&#8221; column_margin=&#8221;default&#8221; column_direction=&#8221;default&#8221; column_direction_tablet=&#8221;default&#8221; column_direction_phone=&#8221;default&#8221; scene_position=&#8221;center&#8221; text_color=&#8221;dark&#8221; text_align=&#8221;left&#8221; row_border_radius=&#8221;none&#8221; row_border_radius_applies=&#8221;bg&#8221; overflow=&#8221;visible&#8221; overlay_strength=&#8221;0.3&#8243; gradient_direction=&#8221;left_to_right&#8221; shape_divider_position=&#8221;bottom&#8221; bg_image_animation=&#8221;none&#8221;][vc_column column_padding=&#8221;no-extra-padding&#8221; column_padding_tablet=&#8221;inherit&#8221; column_padding_phone=&#8221;inherit&#8221; column_padding_position=&#8221;all&#8221; column_element_direction_desktop=&#8221;default&#8221; column_element_spacing=&#8221;default&#8221; desktop_text_alignment=&#8221;default&#8221; tablet_text_alignment=&#8221;default&#8221; phone_text_alignment=&#8221;default&#8221; background_color_opacity=&#8221;1&#8243; background_hover_color_opacity=&#8221;1&#8243; column_backdrop_filter=&#8221;none&#8221; column_shadow=&#8221;none&#8221; column_border_radius=&#8221;none&#8221; column_link_target=&#8221;_self&#8221; column_position=&#8221;default&#8221; gradient_direction=&#8221;left_to_right&#8221; overlay_strength=&#8221;0.3&#8243; width=&#8221;1\/1&#8243; tablet_width_inherit=&#8221;default&#8221; animation_type=&#8221;default&#8221; bg_image_animation=&#8221;none&#8221; border_type=&#8221;simple&#8221; column_border_width=&#8221;none&#8221; column_border_style=&#8221;solid&#8221;][vc_column_text css=&#8221;&#8221; text_direction=&#8221;default&#8221;]Mandar o teu filho para um campo de f\u00e9rias na Europa pode ser uma das experi\u00eancias mais enriquecedoras da sua inf\u00e2ncia.<br \/>\nDesde paisagens de cortar a respira\u00e7\u00e3o a encontros culturais diversos, um campo de f\u00e9rias para crian\u00e7as na Europa oferece uma s\u00e9rie de benef\u00edcios que contribuem para o crescimento pessoal e mem\u00f3rias inesquec\u00edveis.<br \/>\nQuer estejas a considerar um acampamento de ver\u00e3o na Su\u00ed\u00e7a em Les Elfes International, nas praias ensolaradas da Espanha, ou nos locais hist\u00f3ricos da It\u00e1lia, aqui est\u00e1 como se preparar e o que esperar de uma experi\u00eancia de acampamento de ver\u00e3o na Europa.[\/vc_column_text][vc_row_inner equal_height=&#8221;yes&#8221; content_placement=&#8221;middle&#8221; column_margin=&#8221;100px&#8221; column_direction=&#8221;default&#8221; column_direction_tablet=&#8221;default&#8221; column_direction_phone=&#8221;default&#8221; text_align=&#8221;left&#8221; row_position=&#8221;default&#8221; row_position_tablet=&#8221;inherit&#8221; row_position_phone=&#8221;inherit&#8221; overflow=&#8221;visible&#8221; pointer_events=&#8221;all&#8221; class=&#8221;flexGoBottom&#8221;][vc_column_inner column_padding=&#8221;no-extra-padding&#8221; column_padding_tablet=&#8221;inherit&#8221; column_padding_phone=&#8221;inherit&#8221; column_padding_position=&#8221;all&#8221; column_element_direction_desktop=&#8221;default&#8221; column_element_spacing=&#8221;default&#8221; desktop_text_alignment=&#8221;default&#8221; tablet_text_alignment=&#8221;default&#8221; phone_text_alignment=&#8221;default&#8221; background_color_opacity=&#8221;1&#8243; background_hover_color_opacity=&#8221;1&#8243; column_backdrop_filter=&#8221;none&#8221; column_shadow=&#8221;none&#8221; column_border_radius=&#8221;none&#8221; column_link_target=&#8221;_self&#8221; overflow=&#8221;visible&#8221; gradient_direction=&#8221;left_to_right&#8221; overlay_strength=&#8221;0.3&#8243; width=&#8221;1\/4&#8243; tablet_width_inherit=&#8221;default&#8221; animation_type=&#8221;default&#8221; bg_image_animation=&#8221;none&#8221; border_type=&#8221;simple&#8221; column_border_width=&#8221;none&#8221; column_border_style=&#8221;solid&#8221; column_padding_type=&#8221;default&#8221; gradient_type=&#8221;default&#8221; offset=&#8221;vc_hidden-md vc_hidden-sm vc_hidden-xs&#8221;][\/vc_column_inner][vc_column_inner column_padding=&#8221;no-extra-padding&#8221; column_padding_tablet=&#8221;inherit&#8221; column_padding_phone=&#8221;inherit&#8221; column_padding_position=&#8221;all&#8221; column_element_direction_desktop=&#8221;default&#8221; column_element_spacing=&#8221;default&#8221; desktop_text_alignment=&#8221;default&#8221; tablet_text_alignment=&#8221;default&#8221; phone_text_alignment=&#8221;default&#8221; background_color=&#8221;#e2836a&#8221; background_color_opacity=&#8221;1&#8243; background_hover_color_opacity=&#8221;1&#8243; column_backdrop_filter=&#8221;none&#8221; font_color=&#8221;#ffffff&#8221; column_shadow=&#8221;none&#8221; column_border_radius=&#8221;custom&#8221; top_left_border_radius=&#8221;30&#8243; top_right_border_radius=&#8221;30&#8243; bottom_right_border_radius=&#8221;30&#8243; column_link_target=&#8221;_self&#8221; overflow=&#8221;visible&#8221; el_class=&#8221;rowCampHeader&#8221; gradient_direction=&#8221;left_to_right&#8221; overlay_strength=&#8221;0.3&#8243; width=&#8221;1\/4&#8243; tablet_width_inherit=&#8221;default&#8221; animation_type=&#8221;default&#8221; bg_image_animation=&#8221;none&#8221; border_type=&#8221;simple&#8221; column_border_width=&#8221;none&#8221; column_border_style=&#8221;solid&#8221; column_padding_type=&#8221;default&#8221; gradient_type=&#8221;default&#8221; offset=&#8221;vc_col-lg-3 vc_col-md-6 vc_col-xs-12&#8243; column_link=&#8221;\/summer-camp\/&#8221;][vc_column_text css=&#8221;&#8221; text_direction=&#8221;default&#8221;]<strong>Descobre<\/strong> os nossos campos de f\u00e9rias[\/vc_column_text][\/vc_column_inner][vc_column_inner column_padding=&#8221;no-extra-padding&#8221; column_padding_tablet=&#8221;inherit&#8221; column_padding_phone=&#8221;inherit&#8221; column_padding_position=&#8221;all&#8221; column_element_direction_desktop=&#8221;default&#8221; column_element_spacing=&#8221;default&#8221; desktop_text_alignment=&#8221;default&#8221; tablet_text_alignment=&#8221;default&#8221; phone_text_alignment=&#8221;default&#8221; background_color=&#8221;#e3c215&#8243; background_color_opacity=&#8221;1&#8243; background_hover_color_opacity=&#8221;1&#8243; column_backdrop_filter=&#8221;none&#8221; font_color=&#8221;#ffffff&#8221; column_shadow=&#8221;none&#8221; column_border_radius=&#8221;custom&#8221; top_left_border_radius=&#8221;30&#8243; top_right_border_radius=&#8221;30&#8243; bottom_right_border_radius=&#8221;30&#8243; column_link_target=&#8221;_self&#8221; overflow=&#8221;visible&#8221; el_class=&#8221;rowCampHeader&#8221; gradient_direction=&#8221;left_to_right&#8221; overlay_strength=&#8221;0.3&#8243; width=&#8221;1\/4&#8243; tablet_width_inherit=&#8221;default&#8221; animation_type=&#8221;default&#8221; bg_image_animation=&#8221;none&#8221; border_type=&#8221;simple&#8221; column_border_width=&#8221;none&#8221; column_border_style=&#8221;solid&#8221; column_padding_type=&#8221;default&#8221; gradient_type=&#8221;default&#8221; offset=&#8221;vc_col-lg-3 vc_col-md-6 vc_col-xs-12&#8243; column_link=&#8221;\/summer-camp\/check-availability\/&#8221;][vc_column_text text_direction=&#8221;default&#8221;]<strong>Verifica a<\/strong> disponibilidade[\/vc_column_text][\/vc_column_inner][vc_column_inner column_padding=&#8221;no-extra-padding&#8221; column_padding_tablet=&#8221;inherit&#8221; column_padding_phone=&#8221;inherit&#8221; column_padding_position=&#8221;all&#8221; column_element_direction_desktop=&#8221;default&#8221; column_element_spacing=&#8221;default&#8221; desktop_text_alignment=&#8221;default&#8221; tablet_text_alignment=&#8221;default&#8221; phone_text_alignment=&#8221;default&#8221; background_color_opacity=&#8221;1&#8243; background_hover_color_opacity=&#8221;1&#8243; column_backdrop_filter=&#8221;none&#8221; column_shadow=&#8221;none&#8221; column_border_radius=&#8221;none&#8221; column_link_target=&#8221;_self&#8221; overflow=&#8221;visible&#8221; gradient_direction=&#8221;left_to_right&#8221; overlay_strength=&#8221;0.3&#8243; width=&#8221;1\/4&#8243; tablet_width_inherit=&#8221;default&#8221; animation_type=&#8221;default&#8221; bg_image_animation=&#8221;none&#8221; border_type=&#8221;simple&#8221; column_border_width=&#8221;none&#8221; column_border_style=&#8221;solid&#8221; column_padding_type=&#8221;default&#8221; gradient_type=&#8221;default&#8221; offset=&#8221;vc_hidden-md vc_hidden-sm vc_hidden-xs&#8221;][\/vc_column_inner][\/vc_row_inner][vc_column_text css=&#8221;&#8221; text_direction=&#8221;default&#8221;]\n<h2>Porqu\u00ea escolher um campo de f\u00e9rias para crian\u00e7as na Europa?<\/h2>\n<p>  A Europa \u00e9 um tesouro de beleza natural, hist\u00f3ria e diversidade cultural, tornando-a um destino ideal para campos de f\u00e9rias para crian\u00e7as.<br \/>\nAqui est\u00e3o algumas raz\u00f5es convincentes para considerar um acampamento de ver\u00e3o na Europa para o teu filho:   <\/p>\n<h3>Diversas actividades e aventuras<\/h3>\n<p>  Os campos de f\u00e9rias europeus oferecem uma vasta gama de actividades que v\u00e3o ao encontro de v\u00e1rios interesses.<br \/>\nDesde aventuras ao ar livre como caminhadas, escalada e desportos aqu\u00e1ticos at\u00e9 actividades art\u00edsticas como pintura, m\u00fasica e teatro, h\u00e1 algo para cada crian\u00e7a.<br \/>\nPor exemplo, os campos de f\u00e9rias na Su\u00ed\u00e7a, em Les Elfes International, s\u00e3o conhecidos pelas suas actividades ao ar livre, tendo como pano de fundo os Alpes, enquanto os campos de f\u00e9rias em Fran\u00e7a podem oferecer workshops de culin\u00e1ria e excurs\u00f5es culturais.    <\/p>\n<h3>Imers\u00e3o cultural<\/h3>\n<p>  Um campo de f\u00e9rias na Europa oferece-te uma oportunidade \u00fanica de imers\u00e3o cultural.<br \/>\nAs crian\u00e7as podem aprender novas l\u00ednguas, explorar locais hist\u00f3ricos e interagir com colegas de diferentes origens.<br \/>\nEsta exposi\u00e7\u00e3o ajuda-as a desenvolver uma perspetiva global e aumenta a sua compreens\u00e3o e aprecia\u00e7\u00e3o de diferentes culturas.    <\/p>\n<h3>Aprendizagem de l\u00ednguas<\/h3>\n<p>  Muitos campos de f\u00e9rias europeus incorporam aulas de l\u00ednguas nos seus programas.<br \/>\nQuer se trate de aprender franc\u00eas em Fran\u00e7a, espanhol em Espanha ou alem\u00e3o na Alemanha, estes campos de f\u00e9rias proporcionam um ambiente imersivo onde as crian\u00e7as podem praticar e melhorar as suas compet\u00eancias lingu\u00edsticas diariamente.<br \/>\nNo Les Elfes International, as crian\u00e7as podem escolher entre uma variedade de cursos de l\u00ednguas para melhorar as suas compet\u00eancias.    <\/p>\n<h3>Crescimento pessoal e independ\u00eancia<\/h3>\n<p>  A frequ\u00eancia de um campo de f\u00e9rias para crian\u00e7as longe de casa incentiva as crian\u00e7as a sa\u00edrem das suas zonas de conforto, promovendo a independ\u00eancia e a auto-confian\u00e7a.<br \/>\nAprende a navegar em novos ambientes, a tomar decis\u00f5es e a fazer novas amizades, o que contribui para o seu crescimento pessoal.   <\/p>\n<h2>Destinos de topo para campos de f\u00e9rias na Europa<\/h2>\n<h3>Su\u00ed\u00e7a: aventura nos Alpes<\/h3>\n<p>  A Su\u00ed\u00e7a \u00e9 um destino de topo para os campos de f\u00e9rias, conhecida pelas suas paisagens de cortar a respira\u00e7\u00e3o e programas cheios de aventura.<br \/>\nCampos como Les Elfes International em Verbier oferecem actividades como ciclismo de montanha, escalada e desportos aqu\u00e1ticos, combinados com aulas de l\u00ednguas e excurs\u00f5es culturais.<br \/>\nOs Alpes su\u00ed\u00e7os proporcionam um ambiente deslumbrante e seguro para as crian\u00e7as explorarem e crescerem.    <\/p>\n<h3>Fran\u00e7a: cultura e criatividade<\/h3>\n<p>  A Fran\u00e7a oferece campos de f\u00e9rias que combinam imers\u00e3o cultural com actividades criativas.<br \/>\nAs crian\u00e7as podem frequentar campos de f\u00e9rias no campo pitoresco, onde podem aprender franc\u00eas, participar em artes e of\u00edcios e explorar castelos e aldeias hist\u00f3ricas.<br \/>\nOs campos de f\u00e9rias em ambientes urbanos como Paris podem centrar-se na arte, na m\u00fasica e no teatro, proporcionando uma experi\u00eancia cultural vibrante.    <\/p>\n<h3>Espanha: sol, mar e desporto<\/h3>\n<p>  O clima ensolarado e as belas praias de Espanha tornam-na um destino atrativo para os campos de f\u00e9rias.<br \/>\nOs campos de f\u00e9rias em Espanha incluem frequentemente desportos aqu\u00e1ticos como a vela, o caiaque e o windsurf, juntamente com aulas de espanhol e viagens culturais.<br \/>\nSeja nas regi\u00f5es costeiras ou no campo, a Espanha oferece um ambiente animado e enriquecedor para as crian\u00e7as.    <\/p>\n<h3>It\u00e1lia: hist\u00f3ria e aventura<\/h3>\n<p>  A It\u00e1lia \u00e9 perfeita para crian\u00e7as interessadas em hist\u00f3ria e aventura.<br \/>\nOs campos de f\u00e9rias aqui incluem frequentemente visitas a locais hist\u00f3ricos, tais como antigas ru\u00ednas romanas e marcos do Renascimento.<br \/>\nPara al\u00e9m das excurs\u00f5es culturais, as crian\u00e7as podem desfrutar de actividades ao ar livre, como caminhadas e ciclismo na paisagem rural italiana.    <\/p>\n<h2>Prepara o teu filho para um campo de f\u00e9rias na Europa<\/h2>\n<h3>Pesquisa e escolhe o acampamento certo<\/h3>\n<p>  Escolher o campo de f\u00e9rias certo \u00e9 crucial.<br \/>\nTem em conta os interesses do teu filho, o tipo de actividades que ele gosta e a reputa\u00e7\u00e3o do campo de f\u00e9rias.<br \/>\nProcura cr\u00edticas e testemunhos de outros pais para te certificares de que o acampamento \u00e9 bem organizado e seguro.<br \/>\nPara uma op\u00e7\u00e3o com boa reputa\u00e7\u00e3o, considera Les Elfes International, conhecido pelos seus programas abrangentes e pela sua bela localiza\u00e7\u00e3o nos Alpes su\u00ed\u00e7os.     <\/p>\n<h3>Faz uma mala inteligente e inclui o essencial<\/h3>\n<p>  Fazer as malas para um campo de f\u00e9rias europeu requer um planeamento cuidadoso.<br \/>\nAqui tens algumas dicas personalizadas:   <\/p>\n<ul>\n<li>Roupa adequada \u00e0s condi\u00e7\u00f5es climat\u00e9ricas: leva camadas de roupa para se adaptar \u00e0s diferentes condi\u00e7\u00f5es climat\u00e9ricas, incluindo roupas quentes para as noites frias, roupa para a chuva e roupas confort\u00e1veis para as actividades di\u00e1rias.<\/li>\n<li>Equipamento espec\u00edfico para actividades: dependendo das actividades do acampamento, inclui artigos como fatos de banho para desportos aqu\u00e1ticos, sapatos resistentes para caminhadas e roupa informal para excurs\u00f5es culturais.<\/li>\n<li>Artigos de higiene pessoal: n\u00e3o te esque\u00e7as dos artigos de higiene pessoal, de uma garrafa de \u00e1gua reutiliz\u00e1vel, de protetor solar, de um chap\u00e9u e de repelente de insectos para garantir o conforto e a seguran\u00e7a durante as actividades ao ar livre.<\/li>\n<li>Artigos de conforto: leva alguns artigos familiares de casa, como um livro favorito ou um pequeno brinquedo, para ajudar o teu filho a sentir-se mais confort\u00e1vel.<\/li>\n<\/ul>\n<h3>Resolve os problemas de sa\u00fade e seguran\u00e7a<\/h3>\n<p>  Assegura-te de que o teu filho tem as vacinas em dia e faz um check-up m\u00e9dico completo antes do acampamento.<br \/>\nInforma o acampamento de quaisquer problemas de sa\u00fade ou alergias e fornece os medicamentos necess\u00e1rios com instru\u00e7\u00f5es claras.<br \/>\nCertifica-te de que o teu filho compreende as medidas b\u00e1sicas de seguran\u00e7a, tais como permanecer com o grupo e comunicar quaisquer problemas ao pessoal do acampamento.    <\/p>\n<h3>Incentiva uma atitude positiva<\/h3>\n<p>  Ajuda o teu filho a encarar o campo de f\u00e9rias com uma atitude positiva.<br \/>\nIncentiva-o a estar aberto a novas experi\u00eancias, a fazer novos amigos e a participar ativamente em todas as actividades.<br \/>\nFala com ele sobre as suas preocupa\u00e7\u00f5es e assegura-lhe que \u00e9 normal sentir-se um pouco nervoso.    <\/p>\n<h2>Conclus\u00e3o: a aventura de uma vida<\/h2>\n<p>  Um acampamento de ver\u00e3o para crian\u00e7as na Europa oferece uma oportunidade incr\u00edvel de aventura, aprendizagem e crescimento pessoal.<br \/>\nEscolhendo o acampamento certo, como Les Elfes International, e preparando adequadamente o teu filho, podes garantir que ele tenha uma experi\u00eancia segura e enriquecedora.<br \/>\nAs lembran\u00e7as e amizades que eles fazem durar\u00e3o a vida inteira, proporcionando-lhes habilidades valiosas e uma perspetiva mais ampla do mundo.  [\/vc_column_text][\/vc_column][\/vc_row]\n","protected":false},"excerpt":{"rendered":"<p>[vc_row type=&#8221;in_container&#8221; full_screen_row_position=&#8221;middle&#8221; column_margin=&#8221;default&#8221; column_direction=&#8221;default&#8221; column_direction_tablet=&#8221;default&#8221; column_direction_phone=&#8221;default&#8221; scene_position=&#8221;center&#8221; text_color=&#8221;dark&#8221; text_align=&#8221;left&#8221; row_border_radius=&#8221;none&#8221; row_border_radius_applies=&#8221;bg&#8221; overflow=&#8221;visible&#8221; overlay_strength=&#8221;0.3&#8243; gradient_direction=&#8221;left_to_right&#8221; shape_divider_position=&#8221;bottom&#8221; bg_image_animation=&#8221;none&#8221;][vc_column column_padding=&#8221;no-extra-padding&#8221; column_padding_tablet=&#8221;inherit&#8221; column_padding_phone=&#8221;inherit&#8221; column_padding_position=&#8221;all&#8221; column_element_direction_desktop=&#8221;default&#8221; column_element_spacing=&#8221;default&#8221; desktop_text_alignment=&#8221;default&#8221; tablet_text_alignment=&#8221;default&#8221; phone_text_alignment=&#8221;default&#8221; background_color_opacity=&#8221;1&#8243; background_hover_color_opacity=&#8221;1&#8243; column_backdrop_filter=&#8221;none&#8221; column_shadow=&#8221;none&#8221;&#8230;<\/p>\n","protected":false},"author":16,"featured_media":83055,"comment_status":"closed","ping_status":"open","sticky":false,"template":"","format":"standard","meta":{"_acf_changed":false,"inline_featured_image":false,"footnotes":""},"categories":[1102],"tags":[],"class_list":{"0":"post-87040","1":"post","2":"type-post","3":"status-publish","4":"format-standard","5":"has-post-thumbnail","7":"category-acampamento-de-verao"},"acf":[],"yoast_head":"<!-- This site is optimized with the Yoast SEO Premium plugin v24.2 (Yoast SEO v24.7) - https:\/\/yoast.com\/wordpress\/plugins\/seo\/ -->\n<title>Col\u00f4nia de f\u00e9rias para crian\u00e7as na Europa: Uma experi\u00eancia inesquec\u00edvel - Les Elfes International Camps Switzerland<\/title>\n<meta name=\"description\" content=\"Explora as vantagens e os principais destinos dos campos de f\u00e9rias para crian\u00e7as na Europa. Aprende a preparar o teu filho para uma aventura inesquec\u00edvel.\" \/>\n<meta name=\"robots\" content=\"index, follow, max-snippet:-1, max-image-preview:large, max-video-preview:-1\" \/>\n<link rel=\"canonical\" href=\"https:\/\/www.leselfes.com\/pt-pt\/colonia-de-ferias-para-criancas-na-europa-uma-experiencia-inesquecivel\/\" \/>\n<meta property=\"og:locale\" content=\"pt_PT\" \/>\n<meta property=\"og:type\" content=\"article\" \/>\n<meta property=\"og:title\" content=\"Col\u00f4nia de f\u00e9rias para crian\u00e7as na Europa: Uma experi\u00eancia inesquec\u00edvel\" \/>\n<meta property=\"og:description\" content=\"Explora as vantagens e os principais destinos dos campos de f\u00e9rias para crian\u00e7as na Europa. Aprende a preparar o teu filho para uma aventura inesquec\u00edvel.\" \/>\n<meta property=\"og:url\" content=\"https:\/\/www.leselfes.com\/pt-pt\/colonia-de-ferias-para-criancas-na-europa-uma-experiencia-inesquecivel\/\" \/>\n<meta property=\"og:site_name\" content=\"Les Elfes International Camps Switzerland\" \/>\n<meta property=\"article:publisher\" content=\"https:\/\/www.facebook.com\/LesElfesVerbier\" \/>\n<meta property=\"article:published_time\" content=\"2024-07-08T15:27:23+00:00\" \/>\n<meta property=\"article:modified_time\" content=\"2024-10-03T16:23:51+00:00\" \/>\n<meta property=\"og:image\" content=\"https:\/\/dev.leselfes.com\/wp-content\/uploads\/2024\/04\/53019741933_f2895cb407_o1.jpg\" \/>\n\t<meta property=\"og:image:width\" content=\"800\" \/>\n\t<meta property=\"og:image:height\" content=\"450\" \/>\n\t<meta property=\"og:image:type\" content=\"image\/jpeg\" \/>\n<meta name=\"author\" content=\"Matthieu Perard\" \/>\n<meta name=\"twitter:card\" content=\"summary_large_image\" \/>\n<meta name=\"twitter:creator\" content=\"@LesElfesCamps\" \/>\n<meta name=\"twitter:site\" content=\"@LesElfesCamps\" \/>\n<meta name=\"twitter:label1\" content=\"Escrito por\" \/>\n\t<meta name=\"twitter:data1\" content=\"Matthieu Perard\" \/>\n\t<meta name=\"twitter:label2\" content=\"Tempo estimado de leitura\" \/>\n\t<meta name=\"twitter:data2\" content=\"10 minutos\" \/>\n<script type=\"application\/ld+json\" class=\"yoast-schema-graph\">{\"@context\":\"https:\/\/schema.org\",\"@graph\":[{\"@type\":\"Article\",\"@id\":\"https:\/\/www.leselfes.com\/pt-pt\/colonia-de-ferias-para-criancas-na-europa-uma-experiencia-inesquecivel\/#article\",\"isPartOf\":{\"@id\":\"https:\/\/www.leselfes.com\/pt-pt\/colonia-de-ferias-para-criancas-na-europa-uma-experiencia-inesquecivel\/\"},\"author\":{\"name\":\"Matthieu Perard\",\"@id\":\"https:\/\/dev.leselfes.com\/#\/schema\/person\/7ac5f99a7f3c597105fe663a00bdf6d6\"},\"headline\":\"Col\u00f4nia de f\u00e9rias para crian\u00e7as na Europa: Uma experi\u00eancia inesquec\u00edvel\",\"datePublished\":\"2024-07-08T15:27:23+00:00\",\"dateModified\":\"2024-10-03T16:23:51+00:00\",\"mainEntityOfPage\":{\"@id\":\"https:\/\/www.leselfes.com\/pt-pt\/colonia-de-ferias-para-criancas-na-europa-uma-experiencia-inesquecivel\/\"},\"wordCount\":2013,\"publisher\":{\"@id\":\"https:\/\/dev.leselfes.com\/#organization\"},\"image\":{\"@id\":\"https:\/\/www.leselfes.com\/pt-pt\/colonia-de-ferias-para-criancas-na-europa-uma-experiencia-inesquecivel\/#primaryimage\"},\"thumbnailUrl\":\"https:\/\/www.leselfes.com\/wp-content\/uploads\/2024\/04\/53019741933_f2895cb407_o1.jpg\",\"articleSection\":[\"Acampamento de ver\u00e3o\"],\"inLanguage\":\"pt-PT\"},{\"@type\":\"WebPage\",\"@id\":\"https:\/\/www.leselfes.com\/pt-pt\/colonia-de-ferias-para-criancas-na-europa-uma-experiencia-inesquecivel\/\",\"url\":\"https:\/\/www.leselfes.com\/pt-pt\/colonia-de-ferias-para-criancas-na-europa-uma-experiencia-inesquecivel\/\",\"name\":\"Col\u00f4nia de f\u00e9rias para crian\u00e7as na Europa: Uma experi\u00eancia inesquec\u00edvel - Les Elfes International Camps Switzerland\",\"isPartOf\":{\"@id\":\"https:\/\/dev.leselfes.com\/#website\"},\"primaryImageOfPage\":{\"@id\":\"https:\/\/www.leselfes.com\/pt-pt\/colonia-de-ferias-para-criancas-na-europa-uma-experiencia-inesquecivel\/#primaryimage\"},\"image\":{\"@id\":\"https:\/\/www.leselfes.com\/pt-pt\/colonia-de-ferias-para-criancas-na-europa-uma-experiencia-inesquecivel\/#primaryimage\"},\"thumbnailUrl\":\"https:\/\/www.leselfes.com\/wp-content\/uploads\/2024\/04\/53019741933_f2895cb407_o1.jpg\",\"datePublished\":\"2024-07-08T15:27:23+00:00\",\"dateModified\":\"2024-10-03T16:23:51+00:00\",\"description\":\"Explora as vantagens e os principais destinos dos campos de f\u00e9rias para crian\u00e7as na Europa. Aprende a preparar o teu filho para uma aventura inesquec\u00edvel.\",\"breadcrumb\":{\"@id\":\"https:\/\/www.leselfes.com\/pt-pt\/colonia-de-ferias-para-criancas-na-europa-uma-experiencia-inesquecivel\/#breadcrumb\"},\"inLanguage\":\"pt-PT\",\"potentialAction\":[{\"@type\":\"ReadAction\",\"target\":[\"https:\/\/www.leselfes.com\/pt-pt\/colonia-de-ferias-para-criancas-na-europa-uma-experiencia-inesquecivel\/\"]}]},{\"@type\":\"ImageObject\",\"inLanguage\":\"pt-PT\",\"@id\":\"https:\/\/www.leselfes.com\/pt-pt\/colonia-de-ferias-para-criancas-na-europa-uma-experiencia-inesquecivel\/#primaryimage\",\"url\":\"https:\/\/www.leselfes.com\/wp-content\/uploads\/2024\/04\/53019741933_f2895cb407_o1.jpg\",\"contentUrl\":\"https:\/\/www.leselfes.com\/wp-content\/uploads\/2024\/04\/53019741933_f2895cb407_o1.jpg\",\"width\":800,\"height\":450},{\"@type\":\"BreadcrumbList\",\"@id\":\"https:\/\/www.leselfes.com\/pt-pt\/colonia-de-ferias-para-criancas-na-europa-uma-experiencia-inesquecivel\/#breadcrumb\",\"itemListElement\":[{\"@type\":\"ListItem\",\"position\":1,\"name\":\"Home\",\"item\":\"https:\/\/www.leselfes.com\/pt-pt\/\"},{\"@type\":\"ListItem\",\"position\":2,\"name\":\"Col\u00f4nia de f\u00e9rias para crian\u00e7as na Europa: Uma experi\u00eancia inesquec\u00edvel\"}]},{\"@type\":\"WebSite\",\"@id\":\"https:\/\/dev.leselfes.com\/#website\",\"url\":\"https:\/\/dev.leselfes.com\/\",\"name\":\"Les Elfes International\",\"description\":\"Les Elfes International, Verbier Switzerland. Summer Camp, Winter Camp, Spring Camps.\",\"publisher\":{\"@id\":\"https:\/\/dev.leselfes.com\/#organization\"},\"alternateName\":\"Les Elfes International\",\"potentialAction\":[{\"@type\":\"SearchAction\",\"target\":{\"@type\":\"EntryPoint\",\"urlTemplate\":\"https:\/\/dev.leselfes.com\/?s={search_term_string}\"},\"query-input\":{\"@type\":\"PropertyValueSpecification\",\"valueRequired\":true,\"valueName\":\"search_term_string\"}}],\"inLanguage\":\"pt-PT\"},{\"@type\":\"Organization\",\"@id\":\"https:\/\/dev.leselfes.com\/#organization\",\"name\":\"Les Elfes International\",\"alternateName\":\"Les Elfes International\",\"url\":\"https:\/\/dev.leselfes.com\/\",\"logo\":{\"@type\":\"ImageObject\",\"inLanguage\":\"pt-PT\",\"@id\":\"https:\/\/dev.leselfes.com\/#\/schema\/logo\/image\/\",\"url\":\"https:\/\/www.leselfes.com\/wp-content\/uploads\/2022\/03\/leselfes-logo.png\",\"contentUrl\":\"https:\/\/www.leselfes.com\/wp-content\/uploads\/2022\/03\/leselfes-logo.png\",\"width\":233,\"height\":51,\"caption\":\"Les Elfes International\"},\"image\":{\"@id\":\"https:\/\/dev.leselfes.com\/#\/schema\/logo\/image\/\"},\"sameAs\":[\"https:\/\/www.facebook.com\/LesElfesVerbier\",\"https:\/\/x.com\/LesElfesCamps\",\"https:\/\/www.instagram.com\/leselfes\",\"https:\/\/www.linkedin.com\/company\/les-elfes-international\",\"https:\/\/www.youtube.com\/user\/LesElfesVerbier\"]},{\"@type\":\"Person\",\"@id\":\"https:\/\/dev.leselfes.com\/#\/schema\/person\/7ac5f99a7f3c597105fe663a00bdf6d6\",\"name\":\"Matthieu Perard\",\"image\":{\"@type\":\"ImageObject\",\"inLanguage\":\"pt-PT\",\"@id\":\"https:\/\/dev.leselfes.com\/#\/schema\/person\/image\/\",\"url\":\"https:\/\/secure.gravatar.com\/avatar\/e368f5bd153d15a1ff42a4c64a46d1ef?s=96&d=mm&r=g\",\"contentUrl\":\"https:\/\/secure.gravatar.com\/avatar\/e368f5bd153d15a1ff42a4c64a46d1ef?s=96&d=mm&r=g\",\"caption\":\"Matthieu Perard\"},\"url\":\"https:\/\/www.leselfes.com\/pt-pt\/author\/m-pierardnotostudio-ch\/\"}]}<\/script>\n<!-- \/ Yoast SEO Premium plugin. -->","yoast_head_json":{"title":"Col\u00f4nia de f\u00e9rias para crian\u00e7as na Europa: Uma experi\u00eancia inesquec\u00edvel - Les Elfes International Camps Switzerland","description":"Explora as vantagens e os principais destinos dos campos de f\u00e9rias para crian\u00e7as na Europa. Aprende a preparar o teu filho para uma aventura inesquec\u00edvel.","robots":{"index":"index","follow":"follow","max-snippet":"max-snippet:-1","max-image-preview":"max-image-preview:large","max-video-preview":"max-video-preview:-1"},"canonical":"https:\/\/www.leselfes.com\/pt-pt\/colonia-de-ferias-para-criancas-na-europa-uma-experiencia-inesquecivel\/","og_locale":"pt_PT","og_type":"article","og_title":"Col\u00f4nia de f\u00e9rias para crian\u00e7as na Europa: Uma experi\u00eancia inesquec\u00edvel","og_description":"Explora as vantagens e os principais destinos dos campos de f\u00e9rias para crian\u00e7as na Europa. Aprende a preparar o teu filho para uma aventura inesquec\u00edvel.","og_url":"https:\/\/www.leselfes.com\/pt-pt\/colonia-de-ferias-para-criancas-na-europa-uma-experiencia-inesquecivel\/","og_site_name":"Les Elfes International Camps Switzerland","article_publisher":"https:\/\/www.facebook.com\/LesElfesVerbier","article_published_time":"2024-07-08T15:27:23+00:00","article_modified_time":"2024-10-03T16:23:51+00:00","og_image":[{"width":800,"height":450,"url":"https:\/\/dev.leselfes.com\/wp-content\/uploads\/2024\/04\/53019741933_f2895cb407_o1.jpg","type":"image\/jpeg"}],"author":"Matthieu Perard","twitter_card":"summary_large_image","twitter_creator":"@LesElfesCamps","twitter_site":"@LesElfesCamps","twitter_misc":{"Escrito por":"Matthieu Perard","Tempo estimado de leitura":"10 minutos"},"schema":{"@context":"https:\/\/schema.org","@graph":[{"@type":"Article","@id":"https:\/\/www.leselfes.com\/pt-pt\/colonia-de-ferias-para-criancas-na-europa-uma-experiencia-inesquecivel\/#article","isPartOf":{"@id":"https:\/\/www.leselfes.com\/pt-pt\/colonia-de-ferias-para-criancas-na-europa-uma-experiencia-inesquecivel\/"},"author":{"name":"Matthieu Perard","@id":"https:\/\/dev.leselfes.com\/#\/schema\/person\/7ac5f99a7f3c597105fe663a00bdf6d6"},"headline":"Col\u00f4nia de f\u00e9rias para crian\u00e7as na Europa: Uma experi\u00eancia inesquec\u00edvel","datePublished":"2024-07-08T15:27:23+00:00","dateModified":"2024-10-03T16:23:51+00:00","mainEntityOfPage":{"@id":"https:\/\/www.leselfes.com\/pt-pt\/colonia-de-ferias-para-criancas-na-europa-uma-experiencia-inesquecivel\/"},"wordCount":2013,"publisher":{"@id":"https:\/\/dev.leselfes.com\/#organization"},"image":{"@id":"https:\/\/www.leselfes.com\/pt-pt\/colonia-de-ferias-para-criancas-na-europa-uma-experiencia-inesquecivel\/#primaryimage"},"thumbnailUrl":"https:\/\/www.leselfes.com\/wp-content\/uploads\/2024\/04\/53019741933_f2895cb407_o1.jpg","articleSection":["Acampamento de ver\u00e3o"],"inLanguage":"pt-PT"},{"@type":"WebPage","@id":"https:\/\/www.leselfes.com\/pt-pt\/colonia-de-ferias-para-criancas-na-europa-uma-experiencia-inesquecivel\/","url":"https:\/\/www.leselfes.com\/pt-pt\/colonia-de-ferias-para-criancas-na-europa-uma-experiencia-inesquecivel\/","name":"Col\u00f4nia de f\u00e9rias para crian\u00e7as na Europa: Uma experi\u00eancia inesquec\u00edvel - Les Elfes International Camps Switzerland","isPartOf":{"@id":"https:\/\/dev.leselfes.com\/#website"},"primaryImageOfPage":{"@id":"https:\/\/www.leselfes.com\/pt-pt\/colonia-de-ferias-para-criancas-na-europa-uma-experiencia-inesquecivel\/#primaryimage"},"image":{"@id":"https:\/\/www.leselfes.com\/pt-pt\/colonia-de-ferias-para-criancas-na-europa-uma-experiencia-inesquecivel\/#primaryimage"},"thumbnailUrl":"https:\/\/www.leselfes.com\/wp-content\/uploads\/2024\/04\/53019741933_f2895cb407_o1.jpg","datePublished":"2024-07-08T15:27:23+00:00","dateModified":"2024-10-03T16:23:51+00:00","description":"Explora as vantagens e os principais destinos dos campos de f\u00e9rias para crian\u00e7as na Europa. Aprende a preparar o teu filho para uma aventura inesquec\u00edvel.","breadcrumb":{"@id":"https:\/\/www.leselfes.com\/pt-pt\/colonia-de-ferias-para-criancas-na-europa-uma-experiencia-inesquecivel\/#breadcrumb"},"inLanguage":"pt-PT","potentialAction":[{"@type":"ReadAction","target":["https:\/\/www.leselfes.com\/pt-pt\/colonia-de-ferias-para-criancas-na-europa-uma-experiencia-inesquecivel\/"]}]},{"@type":"ImageObject","inLanguage":"pt-PT","@id":"https:\/\/www.leselfes.com\/pt-pt\/colonia-de-ferias-para-criancas-na-europa-uma-experiencia-inesquecivel\/#primaryimage","url":"https:\/\/www.leselfes.com\/wp-content\/uploads\/2024\/04\/53019741933_f2895cb407_o1.jpg","contentUrl":"https:\/\/www.leselfes.com\/wp-content\/uploads\/2024\/04\/53019741933_f2895cb407_o1.jpg","width":800,"height":450},{"@type":"BreadcrumbList","@id":"https:\/\/www.leselfes.com\/pt-pt\/colonia-de-ferias-para-criancas-na-europa-uma-experiencia-inesquecivel\/#breadcrumb","itemListElement":[{"@type":"ListItem","position":1,"name":"Home","item":"https:\/\/www.leselfes.com\/pt-pt\/"},{"@type":"ListItem","position":2,"name":"Col\u00f4nia de f\u00e9rias para crian\u00e7as na Europa: Uma experi\u00eancia inesquec\u00edvel"}]},{"@type":"WebSite","@id":"https:\/\/dev.leselfes.com\/#website","url":"https:\/\/dev.leselfes.com\/","name":"Les Elfes International","description":"Les Elfes International, Verbier Switzerland. Summer Camp, Winter Camp, Spring Camps.","publisher":{"@id":"https:\/\/dev.leselfes.com\/#organization"},"alternateName":"Les Elfes International","potentialAction":[{"@type":"SearchAction","target":{"@type":"EntryPoint","urlTemplate":"https:\/\/dev.leselfes.com\/?s={search_term_string}"},"query-input":{"@type":"PropertyValueSpecification","valueRequired":true,"valueName":"search_term_string"}}],"inLanguage":"pt-PT"},{"@type":"Organization","@id":"https:\/\/dev.leselfes.com\/#organization","name":"Les Elfes International","alternateName":"Les Elfes International","url":"https:\/\/dev.leselfes.com\/","logo":{"@type":"ImageObject","inLanguage":"pt-PT","@id":"https:\/\/dev.leselfes.com\/#\/schema\/logo\/image\/","url":"https:\/\/www.leselfes.com\/wp-content\/uploads\/2022\/03\/leselfes-logo.png","contentUrl":"https:\/\/www.leselfes.com\/wp-content\/uploads\/2022\/03\/leselfes-logo.png","width":233,"height":51,"caption":"Les Elfes International"},"image":{"@id":"https:\/\/dev.leselfes.com\/#\/schema\/logo\/image\/"},"sameAs":["https:\/\/www.facebook.com\/LesElfesVerbier","https:\/\/x.com\/LesElfesCamps","https:\/\/www.instagram.com\/leselfes","https:\/\/www.linkedin.com\/company\/les-elfes-international","https:\/\/www.youtube.com\/user\/LesElfesVerbier"]},{"@type":"Person","@id":"https:\/\/dev.leselfes.com\/#\/schema\/person\/7ac5f99a7f3c597105fe663a00bdf6d6","name":"Matthieu Perard","image":{"@type":"ImageObject","inLanguage":"pt-PT","@id":"https:\/\/dev.leselfes.com\/#\/schema\/person\/image\/","url":"https:\/\/secure.gravatar.com\/avatar\/e368f5bd153d15a1ff42a4c64a46d1ef?s=96&d=mm&r=g","contentUrl":"https:\/\/secure.gravatar.com\/avatar\/e368f5bd153d15a1ff42a4c64a46d1ef?s=96&d=mm&r=g","caption":"Matthieu Perard"},"url":"https:\/\/www.leselfes.com\/pt-pt\/author\/m-pierardnotostudio-ch\/"}]}},"_links":{"self":[{"href":"https:\/\/www.leselfes.com\/pt-pt\/wp-json\/wp\/v2\/posts\/87040"}],"collection":[{"href":"https:\/\/www.leselfes.com\/pt-pt\/wp-json\/wp\/v2\/posts"}],"about":[{"href":"https:\/\/www.leselfes.com\/pt-pt\/wp-json\/wp\/v2\/types\/post"}],"author":[{"embeddable":true,"href":"https:\/\/www.leselfes.com\/pt-pt\/wp-json\/wp\/v2\/users\/16"}],"replies":[{"embeddable":true,"href":"https:\/\/www.leselfes.com\/pt-pt\/wp-json\/wp\/v2\/comments?post=87040"}],"version-history":[{"count":0,"href":"https:\/\/www.leselfes.com\/pt-pt\/wp-json\/wp\/v2\/posts\/87040\/revisions"}],"wp:featuredmedia":[{"embeddable":true,"href":"https:\/\/www.leselfes.com\/pt-pt\/wp-json\/wp\/v2\/media\/83055"}],"wp:attachment":[{"href":"https:\/\/www.leselfes.com\/pt-pt\/wp-json\/wp\/v2\/media?parent=87040"}],"wp:term":[{"taxonomy":"category","embeddable":true,"href":"https:\/\/www.leselfes.com\/pt-pt\/wp-json\/wp\/v2\/categories?post=87040"},{"taxonomy":"post_tag","embeddable":true,"href":"https:\/\/www.leselfes.com\/pt-pt\/wp-json\/wp\/v2\/tags?post=87040"}],"curies":[{"name":"wp","href":"https:\/\/api.w.org\/{rel}","templated":true}]}}