{"id":87095,"date":"2023-03-17T08:54:45","date_gmt":"2023-03-17T07:54:45","guid":{"rendered":"https:\/\/www.leselfes.com\/acampamento-de-primavera-para-desenvolver-a-capacidade-de-independencia-das-criancas\/"},"modified":"2024-10-03T18:25:36","modified_gmt":"2024-10-03T16:25:36","slug":"acampamento-de-primavera-para-desenvolver-a-capacidade-de-independencia-das-criancas","status":"publish","type":"post","link":"https:\/\/www.leselfes.com\/pt-pt\/acampamento-de-primavera-para-desenvolver-a-capacidade-de-independencia-das-criancas\/","title":{"rendered":"<strong>Acampamento de primavera para desenvolver a capacidade de independ\u00eancia das crian\u00e7as<\/strong>"},"content":{"rendered":"<h2><span class=\"ez-toc-section\" id=\"A_independencia_das_criancas_implica\"><\/span>A independ\u00eancia das crian\u00e7as implica:<span class=\"ez-toc-section-end\"><\/span><\/h2>\n<ul class=\"dots_circle\">\n<li>Seres respons\u00e1vel.<\/li>\n<li>Experimenta coisas novas.<\/li>\n<li>Determina quem s\u00e3o ou no que se querem tornar.<\/li>\n<li>Toma decis\u00f5es por si pr\u00f3prio<\/li>\n<\/ul>\n<h4>\n\t\t\t\t<div id=\"ez-toc-container\" class=\"ez-toc-v2_0_73 ez-toc-wrap-left counter-hierarchy ez-toc-counter ez-toc-grey ez-toc-container-direction\">\n<div class=\"ez-toc-title-container\">\n<span class=\"ez-toc-title ez-toc-toggle\" style=\"cursor:pointer\">Table of Contents<\/span>\n<span class=\"ez-toc-title-toggle\"><a href=\"#\" class=\"ez-toc-pull-right ez-toc-btn ez-toc-btn-xs ez-toc-btn-default ez-toc-toggle\" aria-label=\"Toggle Table of Content\"><span class=\"ez-toc-js-icon-con\"><span class=\"\"><span class=\"eztoc-hide\" style=\"display:none;\">Toggle<\/span><span class=\"ez-toc-icon-toggle-span\"><svg style=\"fill: #999;color:#999\" xmlns=\"http:\/\/www.w3.org\/2000\/svg\" class=\"list-377408\" width=\"20px\" height=\"20px\" viewBox=\"0 0 24 24\" fill=\"none\"><path d=\"M6 6H4v2h2V6zm14 0H8v2h12V6zM4 11h2v2H4v-2zm16 0H8v2h12v-2zM4 16h2v2H4v-2zm16 0H8v2h12v-2z\" fill=\"currentColor\"><\/path><\/svg><svg style=\"fill: #999;color:#999\" class=\"arrow-unsorted-368013\" xmlns=\"http:\/\/www.w3.org\/2000\/svg\" width=\"10px\" height=\"10px\" viewBox=\"0 0 24 24\" version=\"1.2\" baseProfile=\"tiny\"><path d=\"M18.2 9.3l-6.2-6.3-6.2 6.3c-.2.2-.3.4-.3.7s.1.5.3.7c.2.2.4.3.7.3h11c.3 0 .5-.1.7-.3.2-.2.3-.5.3-.7s-.1-.5-.3-.7zM5.8 14.7l6.2 6.3 6.2-6.3c.2-.2.3-.5.3-.7s-.1-.5-.3-.7c-.2-.2-.4-.3-.7-.3h-11c-.3 0-.5.1-.7.3-.2.2-.3.5-.3.7s.1.5.3.7z\"\/><\/svg><\/span><\/span><\/span><\/a><\/span><\/div>\n<nav><ul class='ez-toc-list ez-toc-list-level-1 eztoc-toggle-hide-by-default' ><li class='ez-toc-page-1 ez-toc-heading-level-2'><a class=\"ez-toc-link ez-toc-heading-1\" href=\"https:\/\/www.leselfes.com\/pt-pt\/acampamento-de-primavera-para-desenvolver-a-capacidade-de-independencia-das-criancas\/#A_independencia_das_criancas_implica\" title=\"A independ\u00eancia das crian\u00e7as implica:\">A independ\u00eancia das crian\u00e7as implica:<\/a><\/li><li class='ez-toc-page-1 ez-toc-heading-level-2'><a class=\"ez-toc-link ez-toc-heading-2\" href=\"https:\/\/www.leselfes.com\/pt-pt\/acampamento-de-primavera-para-desenvolver-a-capacidade-de-independencia-das-criancas\/#Beneficios_da_independencia_para_as_criancas\" title=\"Benef\u00edcios da independ\u00eancia para as crian\u00e7as\">Benef\u00edcios da independ\u00eancia para as crian\u00e7as<\/a><ul class='ez-toc-list-level-3' ><li class='ez-toc-heading-level-3'><a class=\"ez-toc-link ez-toc-heading-3\" href=\"https:\/\/www.leselfes.com\/pt-pt\/acampamento-de-primavera-para-desenvolver-a-capacidade-de-independencia-das-criancas\/#As_criancas_ganham_voz\" title=\"As crian\u00e7as ganham voz\">As crian\u00e7as ganham voz<\/a><\/li><li class='ez-toc-page-1 ez-toc-heading-level-3'><a class=\"ez-toc-link ez-toc-heading-4\" href=\"https:\/\/www.leselfes.com\/pt-pt\/acampamento-de-primavera-para-desenvolver-a-capacidade-de-independencia-das-criancas\/#Ajuda_as_criancas_a_adquirirem_competencias_para_a_vida\" title=\"Ajuda as crian\u00e7as a adquirirem compet\u00eancias para a vida\">Ajuda as crian\u00e7as a adquirirem compet\u00eancias para a vida<\/a><\/li><li class='ez-toc-page-1 ez-toc-heading-level-3'><a class=\"ez-toc-link ez-toc-heading-5\" href=\"https:\/\/www.leselfes.com\/pt-pt\/acampamento-de-primavera-para-desenvolver-a-capacidade-de-independencia-das-criancas\/#Desenvolve_a_confianca_nas_criancas\" title=\"Desenvolve a confian\u00e7a nas crian\u00e7as\">Desenvolve a confian\u00e7a nas crian\u00e7as<\/a><\/li><li class='ez-toc-page-1 ez-toc-heading-level-3'><a class=\"ez-toc-link ez-toc-heading-6\" href=\"https:\/\/www.leselfes.com\/pt-pt\/acampamento-de-primavera-para-desenvolver-a-capacidade-de-independencia-das-criancas\/#Desenvolvimento_da_personalidade\" title=\"Desenvolvimento da personalidade\">Desenvolvimento da personalidade<\/a><\/li><\/ul><\/li><li class='ez-toc-page-1 ez-toc-heading-level-2'><a class=\"ez-toc-link ez-toc-heading-7\" href=\"https:\/\/www.leselfes.com\/pt-pt\/acampamento-de-primavera-para-desenvolver-a-capacidade-de-independencia-das-criancas\/#Como_o_Spring_Camp_promove_a_independencia\" title=\"Como o Spring Camp promove a independ\u00eancia\">Como o Spring Camp promove a independ\u00eancia<\/a><ul class='ez-toc-list-level-3' ><li class='ez-toc-heading-level-3'><a class=\"ez-toc-link ez-toc-heading-8\" href=\"https:\/\/www.leselfes.com\/pt-pt\/acampamento-de-primavera-para-desenvolver-a-capacidade-de-independencia-das-criancas\/#Promove_novas_relacoes\" title=\"Promove novas rela\u00e7\u00f5es\">Promove novas rela\u00e7\u00f5es<\/a><\/li><li class='ez-toc-page-1 ez-toc-heading-level-3'><a class=\"ez-toc-link ez-toc-heading-9\" href=\"https:\/\/www.leselfes.com\/pt-pt\/acampamento-de-primavera-para-desenvolver-a-capacidade-de-independencia-das-criancas\/#Ajuda_as_criancas_a_desenvolver_uma_identidade_solida\" title=\"Ajuda as crian\u00e7as a desenvolver uma identidade s\u00f3lida\">Ajuda as crian\u00e7as a desenvolver uma identidade s\u00f3lida<\/a><\/li><li class='ez-toc-page-1 ez-toc-heading-level-3'><a class=\"ez-toc-link ez-toc-heading-10\" href=\"https:\/\/www.leselfes.com\/pt-pt\/acampamento-de-primavera-para-desenvolver-a-capacidade-de-independencia-das-criancas\/#Adquire_um_sentido_de_controlo\" title=\"Adquire um sentido de controlo\">Adquire um sentido de controlo<\/a><\/li><li class='ez-toc-page-1 ez-toc-heading-level-3'><a class=\"ez-toc-link ez-toc-heading-11\" href=\"https:\/\/www.leselfes.com\/pt-pt\/acampamento-de-primavera-para-desenvolver-a-capacidade-de-independencia-das-criancas\/#Obter_um_tratamento_justo\" title=\"Obter um tratamento justo\">Obter um tratamento justo<\/a><\/li><li class='ez-toc-page-1 ez-toc-heading-level-3'><a class=\"ez-toc-link ez-toc-heading-12\" href=\"https:\/\/www.leselfes.com\/pt-pt\/acampamento-de-primavera-para-desenvolver-a-capacidade-de-independencia-das-criancas\/#Ficar_em_forma_fisica\" title=\"Ficar em forma f\u00edsica\">Ficar em forma f\u00edsica<\/a><\/li><li class='ez-toc-page-1 ez-toc-heading-level-3'><a class=\"ez-toc-link ez-toc-heading-13\" href=\"https:\/\/www.leselfes.com\/pt-pt\/acampamento-de-primavera-para-desenvolver-a-capacidade-de-independencia-das-criancas\/#Promove_um_sentimento_de_pertenca\" title=\"Promove um sentimento de perten\u00e7a\">Promove um sentimento de perten\u00e7a<\/a><\/li><li class='ez-toc-page-1 ez-toc-heading-level-3'><a class=\"ez-toc-link ez-toc-heading-14\" href=\"https:\/\/www.leselfes.com\/pt-pt\/acampamento-de-primavera-para-desenvolver-a-capacidade-de-independencia-das-criancas\/#Aprende_sobre_culturas_diferentes\" title=\"Aprende sobre culturas diferentes\">Aprende sobre culturas diferentes<\/a><\/li><\/ul><\/li><li class='ez-toc-page-1 ez-toc-heading-level-2'><a class=\"ez-toc-link ez-toc-heading-15\" href=\"https:\/\/www.leselfes.com\/pt-pt\/acampamento-de-primavera-para-desenvolver-a-capacidade-de-independencia-das-criancas\/#Dicas_para_os_pais_apoiarem_a_independencia_dos_seus_filhos_no_Campo_de_Ferias\" title=\"Dicas para os pais apoiarem a independ\u00eancia dos seus filhos no Campo de F\u00e9rias\">Dicas para os pais apoiarem a independ\u00eancia dos seus filhos no Campo de F\u00e9rias<\/a><ul class='ez-toc-list-level-3' ><li class='ez-toc-heading-level-3'><a class=\"ez-toc-link ez-toc-heading-16\" href=\"https:\/\/www.leselfes.com\/pt-pt\/acampamento-de-primavera-para-desenvolver-a-capacidade-de-independencia-das-criancas\/#Revelar_o_apoio_de_que_uma_crianca_precisa\" title=\"Revelar o apoio de que uma crian\u00e7a precisa\">Revelar o apoio de que uma crian\u00e7a precisa<\/a><\/li><li class='ez-toc-page-1 ez-toc-heading-level-3'><a class=\"ez-toc-link ez-toc-heading-17\" href=\"https:\/\/www.leselfes.com\/pt-pt\/acampamento-de-primavera-para-desenvolver-a-capacidade-de-independencia-das-criancas\/#Pesquisa_o_campo_de_ferias_antes_de_inscreveres_o_teu_filho\" title=\"Pesquisa o campo de f\u00e9rias antes de inscreveres o teu filho\">Pesquisa o campo de f\u00e9rias antes de inscreveres o teu filho<\/a><\/li><li class='ez-toc-page-1 ez-toc-heading-level-3'><a class=\"ez-toc-link ez-toc-heading-18\" href=\"https:\/\/www.leselfes.com\/pt-pt\/acampamento-de-primavera-para-desenvolver-a-capacidade-de-independencia-das-criancas\/#Pede_ao_teu_filho_para_preparar_e_ler_a_lista_de_embalagem\" title=\"Pede ao teu filho para preparar e ler a lista de embalagem\">Pede ao teu filho para preparar e ler a lista de embalagem<\/a><\/li><li class='ez-toc-page-1 ez-toc-heading-level-3'><a class=\"ez-toc-link ez-toc-heading-19\" href=\"https:\/\/www.leselfes.com\/pt-pt\/acampamento-de-primavera-para-desenvolver-a-capacidade-de-independencia-das-criancas\/#Estabelece_uma_rotina_previsivel\" title=\"Estabelece uma rotina previs\u00edvel\">Estabelece uma rotina previs\u00edvel<\/a><\/li><li class='ez-toc-page-1 ez-toc-heading-level-3'><a class=\"ez-toc-link ez-toc-heading-20\" href=\"https:\/\/www.leselfes.com\/pt-pt\/acampamento-de-primavera-para-desenvolver-a-capacidade-de-independencia-das-criancas\/#Deixa_o_teu_filho_escolher\" title=\"Deixa o teu filho escolher\">Deixa o teu filho escolher<\/a><\/li><li class='ez-toc-page-1 ez-toc-heading-level-3'><a class=\"ez-toc-link ez-toc-heading-21\" href=\"https:\/\/www.leselfes.com\/pt-pt\/acampamento-de-primavera-para-desenvolver-a-capacidade-de-independencia-das-criancas\/#Deixa_a_crianca_ajudar\" title=\"Deixa a crian\u00e7a ajudar\">Deixa a crian\u00e7a ajudar<\/a><\/li><\/ul><\/li><li class='ez-toc-page-1 ez-toc-heading-level-2'><a class=\"ez-toc-link ez-toc-heading-22\" href=\"https:\/\/www.leselfes.com\/pt-pt\/acampamento-de-primavera-para-desenvolver-a-capacidade-de-independencia-das-criancas\/#Exemplos_reais_de_criancas_que_desenvolvem_a_sua_independencia_no_Campo_de_Ferias\" title=\"Exemplos reais de crian\u00e7as que desenvolvem a sua independ\u00eancia no Campo de F\u00e9rias\">Exemplos reais de crian\u00e7as que desenvolvem a sua independ\u00eancia no Campo de F\u00e9rias<\/a><\/li><li class='ez-toc-page-1 ez-toc-heading-level-2'><a class=\"ez-toc-link ez-toc-heading-23\" href=\"https:\/\/www.leselfes.com\/pt-pt\/acampamento-de-primavera-para-desenvolver-a-capacidade-de-independencia-das-criancas\/#Conclusao\" title=\"Conclus\u00e3o\">Conclus\u00e3o<\/a><\/li><\/ul><\/nav><\/div>\n\t\t\t<\/h4>\n<p>  Conseguir a independ\u00eancia das crian\u00e7as ajuda-as a navegar no seu percurso de crescimento e, eventualmente, na idade adulta.<br \/>\nAs crian\u00e7as com um sentido de auto-efic\u00e1cia e independ\u00eancia s\u00e3o excelentes a gerir o stress, a desenvolver a sua identidade e a estabelecer rela\u00e7\u00f5es com os outros.<br \/>\nSer independente \u00e9 fundamental para a perseveran\u00e7a e a motiva\u00e7\u00e3o de uma crian\u00e7a na escola.<br \/>\nQuando as crian\u00e7as est\u00e3o motivadas e aprendem a ser independentes a partir de dentro, t\u00eam grandes hip\u00f3teses de ter sucesso acad\u00e9mico.<br \/>\nEnviar as crian\u00e7as para um acampamento de primavera \u00e9 uma das estrat\u00e9gias eficazes que os pais podem utilizar para incentivar a independ\u00eancia dos seus filhos.<br \/>\nEnquanto estiverem no campo de f\u00e9rias, as crian\u00e7as ter\u00e3o mais controlo sobre as suas vidas, longe dos pais.<br \/>\nAl\u00e9m disso, sentir-se-\u00e3o mais confiantes na tomada de decis\u00f5es.<br \/>\nAs crian\u00e7as independentes podem ter mais empatia e auto-consci\u00eancia.<br \/>\nEnquanto aprendem a ser independentes, as crian\u00e7as desenvolvem outras compet\u00eancias essenciais, como a auto-motiva\u00e7\u00e3o, a coopera\u00e7\u00e3o e a concentra\u00e7\u00e3o.<br \/>\nContinua a ler para saberes porque \u00e9 que o campo de f\u00e9rias desenvolve a capacidade de independ\u00eancia das crian\u00e7as.           <\/p>\n<p><a href=\"https:\/\/www.leselfes.com\/pt-pt\/acampamento-de-primavera\/\" target=\"_blank\" rel=\"noopener\"><button style=\"background-color: #1e93c2; color: #fff; border: #E2804A;\" type=\"button\">Junta-te ao Spring Camp Su\u00ed\u00e7a<\/button><\/a><\/p>\n<h2><span class=\"ez-toc-section\" id=\"Beneficios_da_independencia_para_as_criancas\"><\/span>Benef\u00edcios da independ\u00eancia para as crian\u00e7as<span class=\"ez-toc-section-end\"><\/span><\/h2>\n<p><img loading=\"lazy\" decoding=\"async\" src=\"https:\/\/www.leselfes.com\/wp-content\/uploads\/2023\/03\/Campers-playing-a-game-outside-their-camping-tent.jpg\" alt=\"Os campistas jogam um jogo no exterior da sua tenda de campismo\" width=\"627\" height=\"418\">  Permitir que os teus filhos aprendam novas actividades de forma independente pode ser crucial para o seu desenvolvimento emocional, social e pessoal.<br \/>\nSaber que os teus filhos conseguem resolver pequenos problemas prepara-os para raciocinarem por si pr\u00f3prios e para se prepararem para enfrentar e resolver desafios maiores. <a href=\"https:\/\/www.tandfonline.com\/doi\/full\/10.1080\/03004279.2021.2000468\" target=\"_blank\" rel=\"noopener\">De acordo com a investiga\u00e7\u00e3o<\/a>, reconhecer e promover a independ\u00eancia dos teus filhos \u00e9 crucial.<br \/>\nComo pai, deves abster-te de fazer tudo pelo teu filho, para n\u00e3o prejudicares o seu processo de aprendizagem.<br \/>\nPermitir a independ\u00eancia desde tenra idade abre caminho para uma aprendizagem intermin\u00e1vel.<br \/>\nEis os benef\u00edcios da independ\u00eancia para as crian\u00e7as.      <\/p>\n<h3><span class=\"ez-toc-section\" id=\"As_criancas_ganham_voz\"><\/span>As crian\u00e7as ganham voz<span class=\"ez-toc-section-end\"><\/span><\/h3>\n<p>  Mandar o teu filho para um acampamento de primavera d\u00e1-lhe a liberdade de praticar a independ\u00eancia, o que o fundamenta e refor\u00e7a a sua individualidade.<br \/>\nIsto permite-lhe estabelecer uma melhor liga\u00e7\u00e3o com o seu sentido de identidade.<br \/>\nAl\u00e9m disso, aceita v\u00e1rias responsabilidades e esfor\u00e7a-se por concluir as tarefas sozinho.<br \/>\nCompreende tamb\u00e9m como pode transformar ou afetar o resultado de algumas coisas.<br \/>\nSer respons\u00e1vel incentiva as crian\u00e7as a lutar pelos seus direitos e a tomar as suas pr\u00f3prias decis\u00f5es.<br \/>\nSe os pais virem os seus filhos como indiv\u00edduos competentes e os encorajarem a serem independentes, eles reconhecer\u00e3o a sua voz e as suas escolhas.<br \/>\n\u00c9 importante criar um ambiente onde as crian\u00e7as possam exercer a sua independ\u00eancia, e <a href=\"https:\/\/www.leselfes.com\/pt-pt\/acampamento-de-primavera\/\" target=\"_blank\" rel=\"noopener\">os campos de f\u00e9rias<\/a> podem ser ideais.<br \/>\nQuando a voz de uma crian\u00e7a influencia o resultado, d\u00e1-lhe uma sensa\u00e7\u00e3o de controlo sobre o rumo que as coisas que afectam as suas vidas est\u00e3o a tomar.         <\/p>\n<h3><span class=\"ez-toc-section\" id=\"Ajuda_as_criancas_a_adquirirem_competencias_para_a_vida\"><\/span>Ajuda as crian\u00e7as a adquirirem compet\u00eancias para a vida<span class=\"ez-toc-section-end\"><\/span><\/h3>\n<p><img loading=\"lazy\" decoding=\"async\" src=\"https:\/\/www.leselfes.com\/wp-content\/uploads\/2023\/03\/Children-on-a-fishing-duty.jpg\" alt=\"Crian\u00e7as em servi\u00e7o de pesca\" width=\"622\" height=\"411\">  Incentivar as crian\u00e7as a serem independentes ajuda-as a adquirir diversas compet\u00eancias para a vida.<br \/>\nCome\u00e7a por pedir-lhes que tratem das suas coisas e da sua higiene ou que limpem tudo o que fazem.<br \/>\nQuando ensinas \u00e0s crian\u00e7as a arte da independ\u00eancia, \u00e9 importante ser paciente e dar-lhes tempo para aprender.<br \/>\nElas podem utilizar estas compet\u00eancias ao longo da vida.<br \/>\nProporcionar oportunidades para ajudar as crian\u00e7as a desenvolver a sua independ\u00eancia e capacidades ajuda a aumentar a sua confian\u00e7a.<br \/>\nSer independente permite que as crian\u00e7as desenvolvam as suas capacidades motoras finas.<br \/>\nAprender por tentativa e erro \u00e9 o caminho a seguir.<br \/>\nAs crian\u00e7as devem saber que cometer erros \u00e9 fundamental para o seu processo de aprendizagem.         <\/p>\n<h3><span class=\"ez-toc-section\" id=\"Desenvolve_a_confianca_nas_criancas\"><\/span>Desenvolve a confian\u00e7a nas crian\u00e7as<span class=\"ez-toc-section-end\"><\/span><\/h3>\n<p>  As crian\u00e7as tornam-se mais confiantes quando se apercebem da sua capacidade de aprender uma nova compet\u00eancia, de fazer coisas de forma aut\u00f3noma ou de obter resultados.<br \/>\nAl\u00e9m disso, estar\u00e3o dispostas a continuar a aprender.<br \/>\nIsto permite-lhes come\u00e7ar a ver os obst\u00e1culos da vida como desafios e n\u00e3o como fardos.<br \/>\nDesta forma, as crian\u00e7as tornam-se mais auto-motivadas e auto-conduzidas.<br \/>\nTamb\u00e9m se tornam menos dependentes do apoio consistente da aprova\u00e7\u00e3o dos outros.      <\/p>\n<h3><span class=\"ez-toc-section\" id=\"Desenvolvimento_da_personalidade\"><\/span>Desenvolvimento da personalidade<span class=\"ez-toc-section-end\"><\/span><\/h3>\n<p><img loading=\"lazy\" decoding=\"async\" src=\"https:\/\/www.leselfes.com\/wp-content\/uploads\/2023\/03\/Children-engaging-in-crafting-activities.jpg\" alt=\"Crian\u00e7as envolvidas em actividades de artesanato\" width=\"625\" height=\"419\">  A independ\u00eancia permite que as crian\u00e7as moldem a sua personalidade.<br \/>\nAl\u00e9m de se tornarem mais confiantes e tomarem decis\u00f5es informadas, ficam felizes, motivadas e emocionalmente seguras.<br \/>\nOs pais desempenham um papel fundamental no incentivo aos seus filhos para se tornarem indiv\u00edduos independentes.<br \/>\nA <a href=\"https:\/\/files.eric.ed.gov\/fulltext\/EJ1077692.pdf\" target=\"_blank\" rel=\"noopener\"><u>investiga\u00e7\u00e3o recentemente conclu\u00edda <\/u><\/a>analisou diferentes estilos parentais e o seu impacto no desenvolvimento da crian\u00e7a.<br \/>\nO estudo revelou que existe uma rela\u00e7\u00e3o significativa e positiva entre os estilos parentais e a independ\u00eancia da crian\u00e7a.      <\/p>\n<h2><span class=\"ez-toc-section\" id=\"Como_o_Spring_Camp_promove_a_independencia\"><\/span>Como o Spring Camp promove a independ\u00eancia<span class=\"ez-toc-section-end\"><\/span><\/h2>\n<p>  Os campos de f\u00e9rias da primavera s\u00e3o os locais ideais para as crian\u00e7as participarem em v\u00e1rias actividades.<br \/>\nEstas incluem:   <\/p>\n<ul>\n<li>Piqueniques<\/li>\n<li>Ciclismo<\/li>\n<li>Brincadeiras e exerc\u00edcios ao ar livre<\/li>\n<li>Inscreve-te em aulas de pastelaria<\/li>\n<li>Colorir<\/li>\n<li>Vai \u00e0 ca\u00e7a da natureza<\/li>\n<li>Artesanato<\/li>\n<li>Faz um passeio no campo para explorar as flores<\/li>\n<\/ul>\n<p>  A participa\u00e7\u00e3o nestas actividades ajuda as crian\u00e7as a desenvolver a resili\u00eancia e a independ\u00eancia das seguintes formas.  <\/p>\n<h3><span class=\"ez-toc-section\" id=\"Promove_novas_relacoes\"><\/span>Promove novas rela\u00e7\u00f5es<span class=\"ez-toc-section-end\"><\/span><\/h3>\n<p><img loading=\"lazy\" decoding=\"async\" src=\"https:\/\/www.leselfes.com\/wp-content\/uploads\/2023\/03\/Children-enjoying-a-mini-hike-at-spring-camp.jpg\" alt=\"As crian\u00e7as desfrutam de uma mini-caminhada no acampamento da primavera\" width=\"627\" height=\"422\">  Para al\u00e9m dos amigos e dos colegas, as crian\u00e7as devem desenvolver rela\u00e7\u00f5es novas e saud\u00e1veis com outros adultos que n\u00e3o os pais.<br \/>\nAs crian\u00e7as aprendem compet\u00eancias sociais num ambiente seguro e descontra\u00eddo, interagindo com os seus pares num campo de f\u00e9rias.<br \/>\nOs adultos que lideram o acampamento podem oferecer lideran\u00e7a, expondo as crian\u00e7as a estrat\u00e9gias de sobreviv\u00eancia.<br \/>\nConhecer crian\u00e7as e adultos de culturas diferentes ajuda-as a dominar a arte de se defenderem a si pr\u00f3prias e de se darem bem com os outros.     <\/p>\n<h3><span class=\"ez-toc-section\" id=\"Ajuda_as_criancas_a_desenvolver_uma_identidade_solida\"><\/span>Ajuda as crian\u00e7as a desenvolver uma identidade s\u00f3lida<span class=\"ez-toc-section-end\"><\/span><\/h3>\n<p>  As experi\u00eancias dos campos de f\u00e9rias permitem \u00e0s crian\u00e7as descobrir os seus gostos, avers\u00f5es, fraquezas e pontos fortes.<br \/>\nIsto incute-lhes um sentido de identidade.<br \/>\nReconhecer os seus pontos fortes e enfrentar os desafios \u00e9 fundamental para desenvolver a autoestima da crian\u00e7a.<br \/>\nO acampamento tamb\u00e9m permite que as crian\u00e7as identifiquem interesses e passatempos valiosos que podem continuar a seguir at\u00e9 \u00e0 idade adulta.     <\/p>\n<h3><span class=\"ez-toc-section\" id=\"Adquire_um_sentido_de_controlo\"><\/span>Adquire um sentido de controlo<span class=\"ez-toc-section-end\"><\/span><\/h3>\n<p><img loading=\"lazy\" decoding=\"async\" src=\"https:\/\/www.leselfes.com\/wp-content\/uploads\/2023\/03\/A-child-gathering-items-they-need-for-their-camping-evening.jpg\" alt=\"Uma crian\u00e7a a reunir os objectos necess\u00e1rios para a sua noite de campismo\" width=\"629\" height=\"414\">  Para al\u00e9m de aprenderem novas compet\u00eancias, as crian\u00e7as que frequentam o campo de f\u00e9rias aprendem a gerir desafios, mas sentem-se competentes.<br \/>\nTamb\u00e9m ficam ansiosas por demonstrarem as suas capacidades \u00fanicas.<br \/>\nAs experi\u00eancias nos campos de f\u00e9rias ajudam as crian\u00e7as a desenvolver capacidades de resolu\u00e7\u00e3o de problemas e permitem-lhes compreender o seu poder de agir de forma decisiva em qualquer situa\u00e7\u00e3o.<br \/>\nIsto d\u00e1-lhes mais controlo sobre as suas vidas.     <\/p>\n<h3><span class=\"ez-toc-section\" id=\"Obter_um_tratamento_justo\"><\/span>Obter um tratamento justo<span class=\"ez-toc-section-end\"><\/span><\/h3>\n<p>  Um bom campo de f\u00e9rias deve oferecer um incentivo equitativo \u00e0s crian\u00e7as marginalizadas ou vulner\u00e1veis.<br \/>\nIsto ajuda-as a aprender a import\u00e2ncia de encorajar um tratamento justo no futuro.<br \/>\nQuando as crian\u00e7as se sentirem valorizadas, apreciar\u00e3o o acampamento como um local adequado que as exp\u00f5e a experi\u00eancias positivas de forma\u00e7\u00e3o de car\u00e1cter.    <\/p>\n<h3><span class=\"ez-toc-section\" id=\"Ficar_em_forma_fisica\"><\/span>Ficar em forma f\u00edsica<span class=\"ez-toc-section-end\"><\/span><\/h3>\n<p>  Um dos principais objectivos do campo de f\u00e9rias \u00e9 assegurar que as crian\u00e7as pratiquem uma atividade f\u00edsica.<br \/>\n<a href=\"https:\/\/www.leselfes.com\/pt-pt\/acampamento-de-primavera\/#activities\" target=\"_blank\" rel=\"noopener\">As actividades dos campos de f\u00e9rias<\/a> permitem \u00e0s crian\u00e7as desfrutar do ar fresco enquanto fazem exerc\u00edcio e podem melhorar a sua condi\u00e7\u00e3o f\u00edsica.<br \/>\nOs campos de f\u00e9rias de alta qualidade ensinam \u00e0s crian\u00e7as pr\u00e1ticas saud\u00e1veis para o ambiente e para elas pr\u00f3prias, incutindo-lhes estilos de vida respons\u00e1veis.    <\/p>\n<h3><span class=\"ez-toc-section\" id=\"Promove_um_sentimento_de_pertenca\"><\/span>Promove um sentimento de perten\u00e7a<span class=\"ez-toc-section-end\"><\/span><\/h3>\n<p>  O campo de f\u00e9rias promove um sentimento de perten\u00e7a de uma forma que as escolas n\u00e3o conseguem.<br \/>\nAs crian\u00e7as com menos amigos na escola podem interagir facilmente com os seus pares no campo de f\u00e9rias.<br \/>\nAs crian\u00e7as com dificuldades desportivas ou acad\u00e9micas podem destacar-se na prepara\u00e7\u00e3o para emerg\u00eancias ou em actividades recreativas ao ar livre no campo de f\u00e9rias.<br \/>\nO sentimento de perten\u00e7a desenvolve a autoestima da crian\u00e7a e reduz o isolamento social, que pode resultar em abuso de subst\u00e2ncias ou comportamentos problem\u00e1ticos mais tarde na vida.     <\/p>\n<h3><span class=\"ez-toc-section\" id=\"Aprende_sobre_culturas_diferentes\"><\/span>Aprende sobre culturas diferentes<span class=\"ez-toc-section-end\"><\/span><\/h3>\n<p>  Acampar com adultos e crian\u00e7as de diferentes origens ajuda as crian\u00e7as a conhecerem outras culturas.<br \/>\nIsto desenvolve um sentido de identidade e ensina a import\u00e2ncia da diversidade, encorajando-as a serem justas e de mente aberta, curiosas e a aceitarem as diferen\u00e7as umas das outras.<br \/>\nEventualmente, isto encoraja a compet\u00eancia cultural, permitindo-lhes adaptarem-se \u00e0s normas socioculturais em mudan\u00e7a.    <\/p>\n<h2><span class=\"ez-toc-section\" id=\"Dicas_para_os_pais_apoiarem_a_independencia_dos_seus_filhos_no_Campo_de_Ferias\"><\/span>Dicas para os pais apoiarem a independ\u00eancia dos seus filhos no Campo de F\u00e9rias<span class=\"ez-toc-section-end\"><\/span><\/h2>\n<p>  Embora muitos pais tenham dificuldade em enviar os filhos para um campo de f\u00e9rias, especialmente pela primeira vez, podem maximizar a experi\u00eancia de campismo dos seus filhos de v\u00e1rias formas, como se pode ver abaixo.<br \/>\nLembra-te, permitir que o teu filho experimente novos ambientes e se envolva em novas actividades na tua aus\u00eancia ajuda-o a tornar-se mais independente.<br \/>\nAinda assim, os pais devem oferecer \u00e0s crian\u00e7as o apoio de que necessitam para percorrer o caminho da independ\u00eancia.    <\/p>\n<h3><span class=\"ez-toc-section\" id=\"Revelar_o_apoio_de_que_uma_crianca_precisa\"><\/span>Revelar o apoio de que uma crian\u00e7a precisa<span class=\"ez-toc-section-end\"><\/span><\/h3>\n<p>  \u00c9 fundamental que sejas aberto e sincero em rela\u00e7\u00e3o \u00e0s necessidades da crian\u00e7a.<br \/>\n<a href=\"https:\/\/www.leselfes.com\/pt-pt\/acampamento-de-primavera\/#staff_safaty\" target=\"_blank\" rel=\"noopener\">O pessoal do acampamento<\/a> tem de compreender as necessidades e o comportamento da crian\u00e7a para saber como cuidar dela, permitindo-lhe ter uma boa experi\u00eancia de acampamento.<br \/>\nPor exemplo, o teu filho segue uma rotina espec\u00edfica para a hora de dormir?<br \/>\nComunica com os supervisores do acampamento e eles respeitar\u00e3o a rotina.<br \/>\nO teu filho \u00e9 sens\u00edvel ao ru\u00eddo?<br \/>\nFaz exerc\u00edcios de manh\u00e3 e \u00e0 noite?<br \/>\nO pessoal do campo de f\u00e9rias esfor\u00e7ar-se-\u00e1 por tornar o ambiente o mais confort\u00e1vel poss\u00edvel para ele.<br \/>\n\u00c9 ideal que comuniques com eles, sobretudo no caso de crian\u00e7as n\u00e3o verbais.         <\/p>\n<h3><span class=\"ez-toc-section\" id=\"Pesquisa_o_campo_de_ferias_antes_de_inscreveres_o_teu_filho\"><\/span>Pesquisa o campo de f\u00e9rias antes de inscreveres o teu filho<span class=\"ez-toc-section-end\"><\/span><\/h3>\n<p><img loading=\"lazy\" decoding=\"async\" src=\"https:\/\/www.leselfes.com\/wp-content\/uploads\/2023\/03\/Children-playing-an-exciting-game.jpg\" alt=\"Crian\u00e7as a jogar um jogo emocionante\" width=\"628\" height=\"414\">  Se o teu filho for para o campo de f\u00e9rias pela primeira vez, pesquisa sobre o mesmo.<br \/>\nConsidera a possibilidade de o visitares na companhia do teu filho para que ele se sinta confort\u00e1vel e para que tenhas confian\u00e7a na seguran\u00e7a da crian\u00e7a nas instala\u00e7\u00f5es.<br \/>\nEis alguns conselhos para te ajudar a conhecer o teu campo de f\u00e9rias preferido.    <\/p>\n<ul>\n<li>Alguns campos de f\u00e9rias organizam visitas abertas durante o outono ou a primavera.<br \/>\nVisita o teu filho antes de o inscreveres no campo de f\u00e9rias. <\/li>\n<li>Se n\u00e3o puderes ir \u00e0 casa de campo, planeia uma visita pessoal ao acampamento.<\/li>\n<li>Conhece o diretor do campo e descobre como \u00e9 que ele forma o seu pessoal<\/li>\n<li>Verifica a acredita\u00e7\u00e3o e o licenciamento do acampamento.<br \/>\nOs grupos de acredita\u00e7\u00e3o t\u00eam regras de seguran\u00e7a rigorosas que os seus membros t\u00eam de cumprir.<br \/>\nSaber que um parque de campismo est\u00e1 licenciado por um organismo de autoriza\u00e7\u00e3o d\u00e1-te paz de esp\u00edrito  <\/li>\n<li>Navega no s\u00edtio Web do campo de f\u00e9rias com o teu filho e discute as fotografias e o que dizem<\/li>\n<li>Alguns campos de f\u00e9rias oferecem muitas vezes actividades de fim de semana ou de acampamento noturno durante o ano.<br \/>\nTenta assistir a uma dessas actividades antes de inscreveres o teu filho no acampamento. <\/li>\n<li>Come\u00e7a a discutir a viagem de campismo com o teu filho com anteced\u00eancia.<br \/>\nPinta a viagem na cabe\u00e7a dele para lhe dar uma vis\u00e3o geral do que o espera <\/li>\n<\/ul>\n<h3><span class=\"ez-toc-section\" id=\"Pede_ao_teu_filho_para_preparar_e_ler_a_lista_de_embalagem\"><\/span>Pede ao teu filho para preparar e ler a lista de embalagem<span class=\"ez-toc-section-end\"><\/span><\/h3>\n<p>  Se o teu filho n\u00e3o souber ler e escrever a este n\u00edvel, considera a possibilidade de ler os itens em voz alta e pedir-lhe que desenhe e crie uma lista de imagens.<br \/>\nEnvolver a crian\u00e7a no processo de planeamento \u00e9 uma excelente forma de lhe permitir ser independente e de a preparar emocionalmente para a viagem de campismo.<br \/>\nOutras sugest\u00f5es incluem:    <\/p>\n<ul>\n<li>Deixa o teu filho reunir os objectos de que precisa.<br \/>\nApoia-o, perguntando-lhe se falta alguma coisa e como podes encontrar as coisas que ele ainda n\u00e3o tem. <\/li>\n<li>Pede \u00e0 crian\u00e7a que marque o calend\u00e1rio e te d\u00ea um calend\u00e1rio de prepara\u00e7\u00e3o.<br \/>\nDeixa-a decidir quando \u00e9 que deves ter tudo pronto.<br \/>\nSe precisares de comprar algum artigo, leva o teu filho ao centro comercial e deixa-o escolher o que precisa.  <\/li>\n<li>Se o teu filho frequenta um campo de f\u00e9rias, deixa-o levar o seu almo\u00e7o.<br \/>\nCria uma sec\u00e7\u00e3o na despensa e no frigor\u00edfico para os artigos do almo\u00e7o e certifica-te de que ele os consegue alcan\u00e7ar facilmente.<br \/>\nSe o seu filho for mais novo, considera a possibilidade de preparar previamente os legumes, as frutas ou as sandu\u00edches.<br \/>\nPara as crian\u00e7as que t\u00eam dificuldade em variar as suas escolhas alimentares, pode ser necess\u00e1rio ajud\u00e1-las no processo de prepara\u00e7\u00e3o.   <\/li>\n<li>Se contrataste uma ama para o teu filho, reitera os teus valores sobre a independ\u00eancia.<br \/>\nAjuda-a a trabalhar com as crian\u00e7as e a criar pequenas tarefas para elas, dando-lhes instru\u00e7\u00f5es f\u00e1ceis de entender. <\/li>\n<\/ul>\n<p>  A independ\u00eancia das crian\u00e7as deve ser fomentada desde tenra idade.<br \/>\nAo faz\u00ea-lo, prepara-as para gerir situa\u00e7\u00f5es mais tarde na vida com o m\u00ednimo de esfor\u00e7o.<br \/>\nOs pais podem faz\u00ea-lo atrav\u00e9s de:    <\/p>\n<h3><span class=\"ez-toc-section\" id=\"Estabelece_uma_rotina_previsivel\"><\/span>Estabelece uma rotina previs\u00edvel<span class=\"ez-toc-section-end\"><\/span><\/h3>\n<p><img loading=\"lazy\" decoding=\"async\" src=\"https:\/\/www.leselfes.com\/wp-content\/uploads\/2023\/03\/A-child-learning-how-to-brush-their-teeth.jpg\" alt=\"Uma crian\u00e7a a aprender a lavar os dentes\" width=\"629\" height=\"418\">  O estabelecimento de uma rotina desempenha um papel fundamental na promo\u00e7\u00e3o da independ\u00eancia.<br \/>\nQuando uma crian\u00e7a prev\u00ea o seu dia, fica mais bem preparada para cumprir as suas responsabilidades.<br \/>\nNeste caso, uma rotina \u00e9 uma s\u00e9rie de acontecimentos di\u00e1rios.<br \/>\nUma rotina simples para o teu filho pode incluir o seguinte:     <\/p>\n<ul>\n<li>Escova os dentes duas vezes por dia.<\/li>\n<li>Prepara os seus lanches antes da escola.<\/li>\n<li>Guarda os seus brinquedos depois de brincar.<\/li>\n<li>Usa roupas quentes durante o tempo frio.<\/li>\n<\/ul>\n<p>  \u00c0 medida que o teu filho se habitua \u00e0 rotina, aprende a prever a tarefa seguinte e come\u00e7a a realizar mais tarefas com pouca ajuda.<br \/>\nQuando o teu filho estiver habituado a ser respons\u00e1vel em casa, ser\u00e1 mais f\u00e1cil adopt\u00e1-lo no campo de f\u00e9rias.   <\/p>\n<h3><span class=\"ez-toc-section\" id=\"Deixa_o_teu_filho_escolher\"><\/span>Deixa o teu filho escolher<span class=\"ez-toc-section-end\"><\/span><\/h3>\n<p><img loading=\"lazy\" decoding=\"async\" src=\"https:\/\/www.leselfes.com\/wp-content\/uploads\/2023\/03\/Young-girls-playing-with-their-toys.jpg\" alt=\"Jovens raparigas a brincar com os seus brinquedos\" width=\"627\" height=\"420\">  Envolve o seu filho na decis\u00e3o sobre o que comer, vestir ou actividades a realizar.<br \/>\nOferece-lhe tr\u00eas op\u00e7\u00f5es e elogia-o por exercer o poder da sua voz.<br \/>\nOferecer op\u00e7\u00f5es ajuda a domar as crian\u00e7as que insistem em fazer as coisas \u00e0 sua maneira.    <\/p>\n<h3><span class=\"ez-toc-section\" id=\"Deixa_a_crianca_ajudar\"><\/span>Deixa a crian\u00e7a ajudar<span class=\"ez-toc-section-end\"><\/span><\/h3>\n<p>  As crian\u00e7as adoram dar uma m\u00e3ozinha.<br \/>\nPara al\u00e9m de desenvolver a independ\u00eancia, ajudar pode ser ideal para orientar o comportamento e acalmar as birras, dando-lhes uma sensa\u00e7\u00e3o de controlo.<br \/>\nPermitir que o teu filho ajude alimenta a sua independ\u00eancia e permite-lhe aprender coisas novas.    <\/p>\n<h2><span class=\"ez-toc-section\" id=\"Exemplos_reais_de_criancas_que_desenvolvem_a_sua_independencia_no_Campo_de_Ferias\"><\/span>Exemplos reais de crian\u00e7as que desenvolvem a sua independ\u00eancia no Campo de F\u00e9rias<span class=\"ez-toc-section-end\"><\/span><\/h2>\n<p>  O campo de f\u00e9rias \u00e9 um ambiente seguro onde as crian\u00e7as podem explorar as suas identidades e desenvolver um sentido de si pr\u00f3prias.<br \/>\nDe acordo com Michael Ungar, Ph.D., um terapeuta familiar, <em><i> <\/i><\/em>desafios como <em><i>&#8220;dar-se bem com um novo grupo de colegas, aprender a pedir ajuda aos outros ou correr uma quantidade razo\u00e1vel de riscos sem que os pais te sigam&#8221; <\/i><\/em>d\u00e1 aos campistas a oportunidade ideal para o desenvolvimento pessoal.<br \/>\nAntes reservadas e t\u00edmidas, as crian\u00e7as podem descobrir novos talentos e \u00e1reas de interesse, transformando-as em indiv\u00edduos extrovertidos.<br \/>\nLeiba Gittel Bonnardel admite que o seu filho de 15 anos mudou depois de ter frequentado um campo de f\u00e9rias em Nova Iorque.<br \/>\nDiz:<em>&#8220;Ele sempre foi calado e introvertido, sem uma verdadeira personalidade ou defini\u00e7\u00e3o de si pr\u00f3prio. Quando Giddy chegou a casa depois do ver\u00e3o, tinha uma nova disposi\u00e7\u00e3o&#8221;. <\/em>Gideon foi autorizado a interagir com os seus colegas num ambiente seguro e sem julgamentos.<br \/>\nEmbora as crian\u00e7as participassem em jogos competitivos, o n\u00edvel de competi\u00e7\u00e3o era diferente do que ele tinha com os seus irm\u00e3os.<br \/>\nCom a experi\u00eancia do acampamento, Gideon aprendeu a trabalhar com os outros e a expressar a sua opini\u00e3o durante as v\u00e1rias actividades do acampamento.<br \/>\nA participa\u00e7\u00e3o em eventos desportivos ajudou-o a tornar-se mais falador e extrovertido.        <\/p>\n<h2><span class=\"ez-toc-section\" id=\"Conclusao\"><\/span>Conclus\u00e3o<span class=\"ez-toc-section-end\"><\/span><\/h2>\n<p>  Permitir que o teu filho experimente coisas novas \u00e9 fundamental, porque alimenta a sua autoconfian\u00e7a, permite-lhe divertir-se, ligar-se \u00e0 natureza, fazer novos amigos e aprender novas compet\u00eancias.<br \/>\nParticipar num campo de f\u00e9rias \u00e9 tamb\u00e9m uma boa forma de promover a sua autoestima.<br \/>\nEm vez de for\u00e7ar a crian\u00e7a a experimentar coisas novas, encoraja-a e apoia-a nesse sentido.<br \/>\nAs crian\u00e7as devem compreender que a vida envolve mais do que ficar na sua zona de conforto.<br \/>\nA independ\u00eancia do teu filho \u00e9 uma compet\u00eancia essencial para o crescimento, crucial para a prepara\u00e7\u00e3o para a vida adulta.<br \/>\nAlguns pais t\u00eam dificuldade em ensinar independ\u00eancia aos seus filhos porque n\u00e3o se sentem preparados.<br \/>\nNo entanto, n\u00e3o \u00e9 demasiado cedo para come\u00e7ar.<br \/>\nCome\u00e7a por deixar a crian\u00e7a executar pequenas tarefas em casa.<br \/>\nIsso ajuda a crian\u00e7a a adaptar-se facilmente e a ligar-se aos colegas quando for para um acampamento longe de ti.<br \/>\nEst\u00e1s a pensar enviar o teu filho para um acampamento de primavera?<br \/>\nUsa este artigo como um guia para te ajudares a preparar a ti e \u00e0 crian\u00e7a para a viagem.<br \/>\nVisita o nosso s\u00edtio Web para mais conte\u00fados sobre campismo de primavera para crian\u00e7as.             <\/p>\n<p><a href=\"https:\/\/www.leselfes.com\/pt-pt\/acampamento-de-primavera\/\" target=\"_blank\" rel=\"noopener\"><button style=\"background-color: #1e93c2; color: #fff; border: #E2804A;\" type=\"button\">Junta-te ao Spring Camp Su\u00ed\u00e7a<\/button><\/a><\/p>\n","protected":false},"excerpt":{"rendered":"<p>A independ\u00eancia das crian\u00e7as implica: Seres respons\u00e1vel. Experimenta coisas novas. Determina quem s\u00e3o ou no que se querem tornar. Toma decis\u00f5es por si pr\u00f3prio Conseguir a independ\u00eancia das crian\u00e7as ajuda-as&#8230;<\/p>\n","protected":false},"author":1,"featured_media":77395,"comment_status":"closed","ping_status":"open","sticky":false,"template":"","format":"standard","meta":{"_acf_changed":false,"inline_featured_image":false,"footnotes":""},"categories":[1234,1103],"tags":[],"class_list":{"0":"post-87095","1":"post","2":"type-post","3":"status-publish","4":"format-standard","5":"has-post-thumbnail","7":"category-acampamento-de-primavera","8":"category-artigos"},"acf":[],"yoast_head":"<!-- This site is optimized with the Yoast SEO Premium plugin v24.2 (Yoast SEO v24.7) - https:\/\/yoast.com\/wordpress\/plugins\/seo\/ -->\n<title>Acampamento de primavera para desenvolver a capacidade de independ\u00eancia das crian\u00e7as<\/title>\n<meta name=\"description\" content=\"Independ\u00eancia para crian\u00e7as no Campo da primavera: Alcan\u00e7ar a independ\u00eancia ajuda as crian\u00e7as a percorrer o seu caminho para o crescimento e, eventualmente, para a idade adulta.\" \/>\n<meta name=\"robots\" content=\"index, follow, max-snippet:-1, max-image-preview:large, max-video-preview:-1\" \/>\n<link rel=\"canonical\" href=\"https:\/\/www.leselfes.com\/pt-pt\/acampamento-de-primavera-para-desenvolver-a-capacidade-de-independencia-das-criancas\/\" \/>\n<meta property=\"og:locale\" content=\"pt_PT\" \/>\n<meta property=\"og:type\" content=\"article\" \/>\n<meta property=\"og:title\" content=\"Acampamento de primavera para desenvolver a capacidade de independ\u00eancia das crian\u00e7as\" \/>\n<meta property=\"og:description\" content=\"Independ\u00eancia para crian\u00e7as no Campo da primavera: Alcan\u00e7ar a independ\u00eancia ajuda as crian\u00e7as a percorrer o seu caminho para o crescimento e, eventualmente, para a idade adulta.\" \/>\n<meta property=\"og:url\" content=\"https:\/\/www.leselfes.com\/pt-pt\/acampamento-de-primavera-para-desenvolver-a-capacidade-de-independencia-das-criancas\/\" \/>\n<meta property=\"og:site_name\" content=\"Les Elfes International Camps Switzerland\" \/>\n<meta property=\"article:publisher\" content=\"https:\/\/www.facebook.com\/LesElfesVerbier\" \/>\n<meta property=\"article:published_time\" content=\"2023-03-17T07:54:45+00:00\" \/>\n<meta property=\"article:modified_time\" content=\"2024-10-03T16:25:36+00:00\" \/>\n<meta property=\"og:image\" content=\"https:\/\/dev.leselfes.com\/wp-content\/uploads\/2023\/03\/Spring-Camp-to-Develop-the-Skill-of-Independence-for-Kids.jpg\" \/>\n\t<meta property=\"og:image:width\" content=\"975\" \/>\n\t<meta property=\"og:image:height\" content=\"675\" \/>\n\t<meta property=\"og:image:type\" content=\"image\/jpeg\" \/>\n<meta name=\"author\" content=\"lesadmin\" \/>\n<meta name=\"twitter:card\" content=\"summary_large_image\" \/>\n<meta name=\"twitter:creator\" content=\"@LesElfesCamps\" \/>\n<meta name=\"twitter:site\" content=\"@LesElfesCamps\" \/>\n<meta name=\"twitter:label1\" content=\"Escrito por\" \/>\n\t<meta name=\"twitter:data1\" content=\"lesadmin\" \/>\n\t<meta name=\"twitter:label2\" content=\"Tempo estimado de leitura\" \/>\n\t<meta name=\"twitter:data2\" content=\"15 minutos\" \/>\n<script type=\"application\/ld+json\" class=\"yoast-schema-graph\">{\"@context\":\"https:\/\/schema.org\",\"@graph\":[{\"@type\":\"Article\",\"@id\":\"https:\/\/www.leselfes.com\/pt-pt\/acampamento-de-primavera-para-desenvolver-a-capacidade-de-independencia-das-criancas\/#article\",\"isPartOf\":{\"@id\":\"https:\/\/www.leselfes.com\/pt-pt\/acampamento-de-primavera-para-desenvolver-a-capacidade-de-independencia-das-criancas\/\"},\"author\":{\"name\":\"lesadmin\",\"@id\":\"https:\/\/dev.leselfes.com\/#\/schema\/person\/407a229698868b8c603874b19f37f289\"},\"headline\":\"Acampamento de primavera para desenvolver a capacidade de independ\u00eancia das crian\u00e7as\",\"datePublished\":\"2023-03-17T07:54:45+00:00\",\"dateModified\":\"2024-10-03T16:25:36+00:00\",\"mainEntityOfPage\":{\"@id\":\"https:\/\/www.leselfes.com\/pt-pt\/acampamento-de-primavera-para-desenvolver-a-capacidade-de-independencia-das-criancas\/\"},\"wordCount\":3049,\"publisher\":{\"@id\":\"https:\/\/dev.leselfes.com\/#organization\"},\"image\":{\"@id\":\"https:\/\/www.leselfes.com\/pt-pt\/acampamento-de-primavera-para-desenvolver-a-capacidade-de-independencia-das-criancas\/#primaryimage\"},\"thumbnailUrl\":\"https:\/\/www.leselfes.com\/wp-content\/uploads\/2023\/03\/Spring-Camp-to-Develop-the-Skill-of-Independence-for-Kids.jpg\",\"articleSection\":[\"Acampamento de primavera\",\"Artigos\"],\"inLanguage\":\"pt-PT\"},{\"@type\":\"WebPage\",\"@id\":\"https:\/\/www.leselfes.com\/pt-pt\/acampamento-de-primavera-para-desenvolver-a-capacidade-de-independencia-das-criancas\/\",\"url\":\"https:\/\/www.leselfes.com\/pt-pt\/acampamento-de-primavera-para-desenvolver-a-capacidade-de-independencia-das-criancas\/\",\"name\":\"Acampamento de primavera para desenvolver a capacidade de independ\u00eancia das crian\u00e7as\",\"isPartOf\":{\"@id\":\"https:\/\/dev.leselfes.com\/#website\"},\"primaryImageOfPage\":{\"@id\":\"https:\/\/www.leselfes.com\/pt-pt\/acampamento-de-primavera-para-desenvolver-a-capacidade-de-independencia-das-criancas\/#primaryimage\"},\"image\":{\"@id\":\"https:\/\/www.leselfes.com\/pt-pt\/acampamento-de-primavera-para-desenvolver-a-capacidade-de-independencia-das-criancas\/#primaryimage\"},\"thumbnailUrl\":\"https:\/\/www.leselfes.com\/wp-content\/uploads\/2023\/03\/Spring-Camp-to-Develop-the-Skill-of-Independence-for-Kids.jpg\",\"datePublished\":\"2023-03-17T07:54:45+00:00\",\"dateModified\":\"2024-10-03T16:25:36+00:00\",\"description\":\"Independ\u00eancia para crian\u00e7as no Campo da primavera: Alcan\u00e7ar a independ\u00eancia ajuda as crian\u00e7as a percorrer o seu caminho para o crescimento e, eventualmente, para a idade adulta.\",\"breadcrumb\":{\"@id\":\"https:\/\/www.leselfes.com\/pt-pt\/acampamento-de-primavera-para-desenvolver-a-capacidade-de-independencia-das-criancas\/#breadcrumb\"},\"inLanguage\":\"pt-PT\",\"potentialAction\":[{\"@type\":\"ReadAction\",\"target\":[\"https:\/\/www.leselfes.com\/pt-pt\/acampamento-de-primavera-para-desenvolver-a-capacidade-de-independencia-das-criancas\/\"]}]},{\"@type\":\"ImageObject\",\"inLanguage\":\"pt-PT\",\"@id\":\"https:\/\/www.leselfes.com\/pt-pt\/acampamento-de-primavera-para-desenvolver-a-capacidade-de-independencia-das-criancas\/#primaryimage\",\"url\":\"https:\/\/www.leselfes.com\/wp-content\/uploads\/2023\/03\/Spring-Camp-to-Develop-the-Skill-of-Independence-for-Kids.jpg\",\"contentUrl\":\"https:\/\/www.leselfes.com\/wp-content\/uploads\/2023\/03\/Spring-Camp-to-Develop-the-Skill-of-Independence-for-Kids.jpg\",\"width\":975,\"height\":675},{\"@type\":\"BreadcrumbList\",\"@id\":\"https:\/\/www.leselfes.com\/pt-pt\/acampamento-de-primavera-para-desenvolver-a-capacidade-de-independencia-das-criancas\/#breadcrumb\",\"itemListElement\":[{\"@type\":\"ListItem\",\"position\":1,\"name\":\"Home\",\"item\":\"https:\/\/www.leselfes.com\/pt-pt\/\"},{\"@type\":\"ListItem\",\"position\":2,\"name\":\"Acampamento de primavera para desenvolver a capacidade de independ\u00eancia das crian\u00e7as\"}]},{\"@type\":\"WebSite\",\"@id\":\"https:\/\/dev.leselfes.com\/#website\",\"url\":\"https:\/\/dev.leselfes.com\/\",\"name\":\"Les Elfes International\",\"description\":\"Les Elfes International, Verbier Switzerland. Summer Camp, Winter Camp, Spring Camps.\",\"publisher\":{\"@id\":\"https:\/\/dev.leselfes.com\/#organization\"},\"alternateName\":\"Les Elfes International\",\"potentialAction\":[{\"@type\":\"SearchAction\",\"target\":{\"@type\":\"EntryPoint\",\"urlTemplate\":\"https:\/\/dev.leselfes.com\/?s={search_term_string}\"},\"query-input\":{\"@type\":\"PropertyValueSpecification\",\"valueRequired\":true,\"valueName\":\"search_term_string\"}}],\"inLanguage\":\"pt-PT\"},{\"@type\":\"Organization\",\"@id\":\"https:\/\/dev.leselfes.com\/#organization\",\"name\":\"Les Elfes International\",\"alternateName\":\"Les Elfes International\",\"url\":\"https:\/\/dev.leselfes.com\/\",\"logo\":{\"@type\":\"ImageObject\",\"inLanguage\":\"pt-PT\",\"@id\":\"https:\/\/dev.leselfes.com\/#\/schema\/logo\/image\/\",\"url\":\"https:\/\/www.leselfes.com\/wp-content\/uploads\/2022\/03\/leselfes-logo.png\",\"contentUrl\":\"https:\/\/www.leselfes.com\/wp-content\/uploads\/2022\/03\/leselfes-logo.png\",\"width\":233,\"height\":51,\"caption\":\"Les Elfes International\"},\"image\":{\"@id\":\"https:\/\/dev.leselfes.com\/#\/schema\/logo\/image\/\"},\"sameAs\":[\"https:\/\/www.facebook.com\/LesElfesVerbier\",\"https:\/\/x.com\/LesElfesCamps\",\"https:\/\/www.instagram.com\/leselfes\",\"https:\/\/www.linkedin.com\/company\/les-elfes-international\",\"https:\/\/www.youtube.com\/user\/LesElfesVerbier\"]},{\"@type\":\"Person\",\"@id\":\"https:\/\/dev.leselfes.com\/#\/schema\/person\/407a229698868b8c603874b19f37f289\",\"name\":\"lesadmin\",\"image\":{\"@type\":\"ImageObject\",\"inLanguage\":\"pt-PT\",\"@id\":\"https:\/\/dev.leselfes.com\/#\/schema\/person\/image\/\",\"url\":\"https:\/\/secure.gravatar.com\/avatar\/fdb243a028df450397b3632d862f87f6?s=96&d=mm&r=g\",\"contentUrl\":\"https:\/\/secure.gravatar.com\/avatar\/fdb243a028df450397b3632d862f87f6?s=96&d=mm&r=g\",\"caption\":\"lesadmin\"},\"url\":\"https:\/\/www.leselfes.com\/pt-pt\/author\/lesadmin\/\"}]}<\/script>\n<!-- \/ Yoast SEO Premium plugin. -->","yoast_head_json":{"title":"Acampamento de primavera para desenvolver a capacidade de independ\u00eancia das crian\u00e7as","description":"Independ\u00eancia para crian\u00e7as no Campo da primavera: Alcan\u00e7ar a independ\u00eancia ajuda as crian\u00e7as a percorrer o seu caminho para o crescimento e, eventualmente, para a idade adulta.","robots":{"index":"index","follow":"follow","max-snippet":"max-snippet:-1","max-image-preview":"max-image-preview:large","max-video-preview":"max-video-preview:-1"},"canonical":"https:\/\/www.leselfes.com\/pt-pt\/acampamento-de-primavera-para-desenvolver-a-capacidade-de-independencia-das-criancas\/","og_locale":"pt_PT","og_type":"article","og_title":"Acampamento de primavera para desenvolver a capacidade de independ\u00eancia das crian\u00e7as","og_description":"Independ\u00eancia para crian\u00e7as no Campo da primavera: Alcan\u00e7ar a independ\u00eancia ajuda as crian\u00e7as a percorrer o seu caminho para o crescimento e, eventualmente, para a idade adulta.","og_url":"https:\/\/www.leselfes.com\/pt-pt\/acampamento-de-primavera-para-desenvolver-a-capacidade-de-independencia-das-criancas\/","og_site_name":"Les Elfes International Camps Switzerland","article_publisher":"https:\/\/www.facebook.com\/LesElfesVerbier","article_published_time":"2023-03-17T07:54:45+00:00","article_modified_time":"2024-10-03T16:25:36+00:00","og_image":[{"width":975,"height":675,"url":"https:\/\/dev.leselfes.com\/wp-content\/uploads\/2023\/03\/Spring-Camp-to-Develop-the-Skill-of-Independence-for-Kids.jpg","type":"image\/jpeg"}],"author":"lesadmin","twitter_card":"summary_large_image","twitter_creator":"@LesElfesCamps","twitter_site":"@LesElfesCamps","twitter_misc":{"Escrito por":"lesadmin","Tempo estimado de leitura":"15 minutos"},"schema":{"@context":"https:\/\/schema.org","@graph":[{"@type":"Article","@id":"https:\/\/www.leselfes.com\/pt-pt\/acampamento-de-primavera-para-desenvolver-a-capacidade-de-independencia-das-criancas\/#article","isPartOf":{"@id":"https:\/\/www.leselfes.com\/pt-pt\/acampamento-de-primavera-para-desenvolver-a-capacidade-de-independencia-das-criancas\/"},"author":{"name":"lesadmin","@id":"https:\/\/dev.leselfes.com\/#\/schema\/person\/407a229698868b8c603874b19f37f289"},"headline":"Acampamento de primavera para desenvolver a capacidade de independ\u00eancia das crian\u00e7as","datePublished":"2023-03-17T07:54:45+00:00","dateModified":"2024-10-03T16:25:36+00:00","mainEntityOfPage":{"@id":"https:\/\/www.leselfes.com\/pt-pt\/acampamento-de-primavera-para-desenvolver-a-capacidade-de-independencia-das-criancas\/"},"wordCount":3049,"publisher":{"@id":"https:\/\/dev.leselfes.com\/#organization"},"image":{"@id":"https:\/\/www.leselfes.com\/pt-pt\/acampamento-de-primavera-para-desenvolver-a-capacidade-de-independencia-das-criancas\/#primaryimage"},"thumbnailUrl":"https:\/\/www.leselfes.com\/wp-content\/uploads\/2023\/03\/Spring-Camp-to-Develop-the-Skill-of-Independence-for-Kids.jpg","articleSection":["Acampamento de primavera","Artigos"],"inLanguage":"pt-PT"},{"@type":"WebPage","@id":"https:\/\/www.leselfes.com\/pt-pt\/acampamento-de-primavera-para-desenvolver-a-capacidade-de-independencia-das-criancas\/","url":"https:\/\/www.leselfes.com\/pt-pt\/acampamento-de-primavera-para-desenvolver-a-capacidade-de-independencia-das-criancas\/","name":"Acampamento de primavera para desenvolver a capacidade de independ\u00eancia das crian\u00e7as","isPartOf":{"@id":"https:\/\/dev.leselfes.com\/#website"},"primaryImageOfPage":{"@id":"https:\/\/www.leselfes.com\/pt-pt\/acampamento-de-primavera-para-desenvolver-a-capacidade-de-independencia-das-criancas\/#primaryimage"},"image":{"@id":"https:\/\/www.leselfes.com\/pt-pt\/acampamento-de-primavera-para-desenvolver-a-capacidade-de-independencia-das-criancas\/#primaryimage"},"thumbnailUrl":"https:\/\/www.leselfes.com\/wp-content\/uploads\/2023\/03\/Spring-Camp-to-Develop-the-Skill-of-Independence-for-Kids.jpg","datePublished":"2023-03-17T07:54:45+00:00","dateModified":"2024-10-03T16:25:36+00:00","description":"Independ\u00eancia para crian\u00e7as no Campo da primavera: Alcan\u00e7ar a independ\u00eancia ajuda as crian\u00e7as a percorrer o seu caminho para o crescimento e, eventualmente, para a idade adulta.","breadcrumb":{"@id":"https:\/\/www.leselfes.com\/pt-pt\/acampamento-de-primavera-para-desenvolver-a-capacidade-de-independencia-das-criancas\/#breadcrumb"},"inLanguage":"pt-PT","potentialAction":[{"@type":"ReadAction","target":["https:\/\/www.leselfes.com\/pt-pt\/acampamento-de-primavera-para-desenvolver-a-capacidade-de-independencia-das-criancas\/"]}]},{"@type":"ImageObject","inLanguage":"pt-PT","@id":"https:\/\/www.leselfes.com\/pt-pt\/acampamento-de-primavera-para-desenvolver-a-capacidade-de-independencia-das-criancas\/#primaryimage","url":"https:\/\/www.leselfes.com\/wp-content\/uploads\/2023\/03\/Spring-Camp-to-Develop-the-Skill-of-Independence-for-Kids.jpg","contentUrl":"https:\/\/www.leselfes.com\/wp-content\/uploads\/2023\/03\/Spring-Camp-to-Develop-the-Skill-of-Independence-for-Kids.jpg","width":975,"height":675},{"@type":"BreadcrumbList","@id":"https:\/\/www.leselfes.com\/pt-pt\/acampamento-de-primavera-para-desenvolver-a-capacidade-de-independencia-das-criancas\/#breadcrumb","itemListElement":[{"@type":"ListItem","position":1,"name":"Home","item":"https:\/\/www.leselfes.com\/pt-pt\/"},{"@type":"ListItem","position":2,"name":"Acampamento de primavera para desenvolver a capacidade de independ\u00eancia das crian\u00e7as"}]},{"@type":"WebSite","@id":"https:\/\/dev.leselfes.com\/#website","url":"https:\/\/dev.leselfes.com\/","name":"Les Elfes International","description":"Les Elfes International, Verbier Switzerland. Summer Camp, Winter Camp, Spring Camps.","publisher":{"@id":"https:\/\/dev.leselfes.com\/#organization"},"alternateName":"Les Elfes International","potentialAction":[{"@type":"SearchAction","target":{"@type":"EntryPoint","urlTemplate":"https:\/\/dev.leselfes.com\/?s={search_term_string}"},"query-input":{"@type":"PropertyValueSpecification","valueRequired":true,"valueName":"search_term_string"}}],"inLanguage":"pt-PT"},{"@type":"Organization","@id":"https:\/\/dev.leselfes.com\/#organization","name":"Les Elfes International","alternateName":"Les Elfes International","url":"https:\/\/dev.leselfes.com\/","logo":{"@type":"ImageObject","inLanguage":"pt-PT","@id":"https:\/\/dev.leselfes.com\/#\/schema\/logo\/image\/","url":"https:\/\/www.leselfes.com\/wp-content\/uploads\/2022\/03\/leselfes-logo.png","contentUrl":"https:\/\/www.leselfes.com\/wp-content\/uploads\/2022\/03\/leselfes-logo.png","width":233,"height":51,"caption":"Les Elfes International"},"image":{"@id":"https:\/\/dev.leselfes.com\/#\/schema\/logo\/image\/"},"sameAs":["https:\/\/www.facebook.com\/LesElfesVerbier","https:\/\/x.com\/LesElfesCamps","https:\/\/www.instagram.com\/leselfes","https:\/\/www.linkedin.com\/company\/les-elfes-international","https:\/\/www.youtube.com\/user\/LesElfesVerbier"]},{"@type":"Person","@id":"https:\/\/dev.leselfes.com\/#\/schema\/person\/407a229698868b8c603874b19f37f289","name":"lesadmin","image":{"@type":"ImageObject","inLanguage":"pt-PT","@id":"https:\/\/dev.leselfes.com\/#\/schema\/person\/image\/","url":"https:\/\/secure.gravatar.com\/avatar\/fdb243a028df450397b3632d862f87f6?s=96&d=mm&r=g","contentUrl":"https:\/\/secure.gravatar.com\/avatar\/fdb243a028df450397b3632d862f87f6?s=96&d=mm&r=g","caption":"lesadmin"},"url":"https:\/\/www.leselfes.com\/pt-pt\/author\/lesadmin\/"}]}},"_links":{"self":[{"href":"https:\/\/www.leselfes.com\/pt-pt\/wp-json\/wp\/v2\/posts\/87095"}],"collection":[{"href":"https:\/\/www.leselfes.com\/pt-pt\/wp-json\/wp\/v2\/posts"}],"about":[{"href":"https:\/\/www.leselfes.com\/pt-pt\/wp-json\/wp\/v2\/types\/post"}],"author":[{"embeddable":true,"href":"https:\/\/www.leselfes.com\/pt-pt\/wp-json\/wp\/v2\/users\/1"}],"replies":[{"embeddable":true,"href":"https:\/\/www.leselfes.com\/pt-pt\/wp-json\/wp\/v2\/comments?post=87095"}],"version-history":[{"count":0,"href":"https:\/\/www.leselfes.com\/pt-pt\/wp-json\/wp\/v2\/posts\/87095\/revisions"}],"wp:featuredmedia":[{"embeddable":true,"href":"https:\/\/www.leselfes.com\/pt-pt\/wp-json\/wp\/v2\/media\/77395"}],"wp:attachment":[{"href":"https:\/\/www.leselfes.com\/pt-pt\/wp-json\/wp\/v2\/media?parent=87095"}],"wp:term":[{"taxonomy":"category","embeddable":true,"href":"https:\/\/www.leselfes.com\/pt-pt\/wp-json\/wp\/v2\/categories?post=87095"},{"taxonomy":"post_tag","embeddable":true,"href":"https:\/\/www.leselfes.com\/pt-pt\/wp-json\/wp\/v2\/tags?post=87095"}],"curies":[{"name":"wp","href":"https:\/\/api.w.org\/{rel}","templated":true}]}}