{"id":87115,"date":"2022-08-03T14:01:19","date_gmt":"2022-08-03T12:01:19","guid":{"rendered":"https:\/\/www.leselfes.com\/newsletter-julho-acampamento-de-verao-e-de-inverno-2022-2023\/"},"modified":"2024-10-03T18:26:13","modified_gmt":"2024-10-03T16:26:13","slug":"newsletter-julho-acampamento-de-verao-e-de-inverno-2022-2023","status":"publish","type":"post","link":"https:\/\/www.leselfes.com\/pt-pt\/newsletter-julho-acampamento-de-verao-e-de-inverno-2022-2023\/","title":{"rendered":"Newsletter julho: Acampamento de ver\u00e3o e de inverno 2022-2023"},"content":{"rendered":"<p style=\"text-align: left;\">Caros pais,<\/p>\n<p>Passou mais um m\u00eas e, com ele, 450 alunos puderam visitar o campo de f\u00e9rias Les Elfes!<\/p>\n<p>A pr\u00f3xima sess\u00e3o, que come\u00e7a a 31 de julho e tem a dura\u00e7\u00e3o de duas semanas, \u00e9 marcada por um acontecimento muito importante: o Dia Nacional da Su\u00ed\u00e7a, a 1 de agosto!<br \/>\nSer\u00e3o organizadas actividades especiais para este evento. <\/p>\n<p>Para aqueles que ainda querem inscrever os seus filhos no campo de f\u00e9rias, ainda h\u00e1 alguns lugares dispon\u00edveis na sess\u00e3o 5, que ter\u00e1 in\u00edcio a 14 de agosto por 2 semanas.<\/p>\n<p>Al\u00e9m disso, est\u00e3o tamb\u00e9m abertas as inscri\u00e7\u00f5es para o campo de inverno de 2023, que ter\u00e1 lugar de dezembro de 2022 a abril de 2023.<\/p>\n<p>\t\t\t<a href=\"https:\/\/www.leselfes.com\/pt-pt\/acampamento-de-verao\/inscreve-te-no-campo-de-ferias\/\" role=\"button\"> <a href=\"https:\/\/www.leselfes.com\/pt-pt\/acampamento-de-verao\/inscreve-te-no-campo-de-ferias\/\"> Inscri\u00e7\u00e3o no campo de f\u00e9rias <\/a> <\/a><br \/>\n\t\t\t<a href=\"https:\/\/www.leselfes.com\/pt-pt\/acampamento-de-inverno\/inscreve-te-no-campo-de-inverno\/\" role=\"button\"> <a href=\"https:\/\/www.leselfes.com\/pt-pt\/acampamento-de-inverno\/inscreve-te-no-campo-de-inverno\/\"> Inscri\u00e7\u00e3o no acampamento de inverno <\/a> <\/a><\/p>\n<h2>DESCARREGA O LIVRO DE MEM\u00d3RIAS DA SESS\u00c3O ANTERIOR E DESCOBRE O QUE OS NOSSOS CAMPISTAS T\u00caM A DIZER&#8230;  <\/p>\n","protected":false},"excerpt":{"rendered":"<p>Caros pais, Passou mais um m\u00eas e, com ele, 450 alunos puderam visitar o campo de f\u00e9rias Les Elfes! A pr\u00f3xima sess\u00e3o, que come\u00e7a a 31 de julho e tem&#8230;<\/p>\n","protected":false},"author":1,"featured_media":76172,"comment_status":"closed","ping_status":"open","sticky":false,"template":"","format":"standard","meta":{"_acf_changed":false,"inline_featured_image":false,"footnotes":""},"categories":[1100,1111],"tags":[],"class_list":{"0":"post-87115","1":"post","2":"type-post","3":"status-publish","4":"format-standard","5":"has-post-thumbnail","7":"category-conselhos-para-os-pais","8":"category-noticias"},"acf":[],"yoast_head":"<!-- This site is optimized with the Yoast SEO Premium plugin v24.2 (Yoast SEO v24.7) - https:\/\/yoast.com\/wordpress\/plugins\/seo\/ -->\n<title>Acampamento de ver\u00e3o e de inverno 2022 e 2023 - Acampamento multiactividades na Su\u00ed\u00e7a<\/title>\n<meta name=\"description\" content=\"Descobre o que os estudantes fazem durante o campo de f\u00e9rias Les Elfes 2022! Tem acesso a not\u00edcias, fotos, v\u00eddeos e cr\u00edticas\" \/>\n<meta name=\"robots\" content=\"index, follow, max-snippet:-1, max-image-preview:large, max-video-preview:-1\" \/>\n<link rel=\"canonical\" href=\"https:\/\/www.leselfes.com\/pt-pt\/newsletter-julho-acampamento-de-verao-e-de-inverno-2022-2023\/\" \/>\n<meta property=\"og:locale\" content=\"pt_PT\" \/>\n<meta property=\"og:type\" content=\"article\" \/>\n<meta property=\"og:title\" content=\"As 15 regras de seguran\u00e7a mais importantes para as crian\u00e7as na Su\u00ed\u00e7a\" \/>\n<meta property=\"og:description\" content=\"Existem muitas outras regras de seguran\u00e7a para as crian\u00e7as seguirem durante o acampamento de ver\u00e3o, mas estas s\u00e3o as mais essenciais.\" \/>\n<meta property=\"og:url\" content=\"https:\/\/www.leselfes.com\/pt-pt\/newsletter-julho-acampamento-de-verao-e-de-inverno-2022-2023\/\" \/>\n<meta property=\"og:site_name\" content=\"Les Elfes International Camps Switzerland\" \/>\n<meta property=\"article:publisher\" content=\"https:\/\/www.facebook.com\/LesElfesVerbier\" \/>\n<meta property=\"article:published_time\" content=\"2022-08-03T12:01:19+00:00\" \/>\n<meta property=\"article:modified_time\" content=\"2024-10-03T16:26:13+00:00\" \/>\n<meta property=\"og:image\" content=\"https:\/\/dev.leselfes.com\/wp-content\/uploads\/2022\/06\/Summer-Camp-Safety-Rules-for-Kids.png\" \/>\n<meta name=\"author\" content=\"lesadmin\" \/>\n<meta name=\"twitter:card\" content=\"summary_large_image\" \/>\n<meta name=\"twitter:title\" content=\"As 15 regras de seguran\u00e7a mais importantes para as crian\u00e7as na Su\u00ed\u00e7a\" \/>\n<meta name=\"twitter:description\" content=\"Existem muitas outras regras de seguran\u00e7a para as crian\u00e7as seguirem durante o acampamento de ver\u00e3o, mas estas s\u00e3o as mais essenciais.\" \/>\n<meta name=\"twitter:image\" content=\"https:\/\/dev.leselfes.com\/wp-content\/uploads\/2022\/06\/Summer-Camp-Safety-Rules-for-Kids.png\" \/>\n<meta name=\"twitter:creator\" content=\"@LesElfesCamps\" \/>\n<meta name=\"twitter:site\" content=\"@LesElfesCamps\" \/>\n<meta name=\"twitter:label1\" content=\"Escrito por\" \/>\n\t<meta name=\"twitter:data1\" content=\"lesadmin\" \/>\n\t<meta name=\"twitter:label2\" content=\"Tempo estimado de leitura\" \/>\n\t<meta name=\"twitter:data2\" content=\"1 minuto\" \/>\n<script type=\"application\/ld+json\" class=\"yoast-schema-graph\">{\"@context\":\"https:\/\/schema.org\",\"@graph\":[{\"@type\":\"Article\",\"@id\":\"https:\/\/www.leselfes.com\/pt-pt\/newsletter-julho-acampamento-de-verao-e-de-inverno-2022-2023\/#article\",\"isPartOf\":{\"@id\":\"https:\/\/www.leselfes.com\/pt-pt\/newsletter-julho-acampamento-de-verao-e-de-inverno-2022-2023\/\"},\"author\":{\"name\":\"lesadmin\",\"@id\":\"https:\/\/dev.leselfes.com\/#\/schema\/person\/407a229698868b8c603874b19f37f289\"},\"headline\":\"Newsletter julho: Acampamento de ver\u00e3o e de inverno 2022-2023\",\"datePublished\":\"2022-08-03T12:01:19+00:00\",\"dateModified\":\"2024-10-03T16:26:13+00:00\",\"mainEntityOfPage\":{\"@id\":\"https:\/\/www.leselfes.com\/pt-pt\/newsletter-julho-acampamento-de-verao-e-de-inverno-2022-2023\/\"},\"wordCount\":164,\"publisher\":{\"@id\":\"https:\/\/dev.leselfes.com\/#organization\"},\"image\":{\"@id\":\"https:\/\/www.leselfes.com\/pt-pt\/newsletter-julho-acampamento-de-verao-e-de-inverno-2022-2023\/#primaryimage\"},\"thumbnailUrl\":\"https:\/\/www.leselfes.com\/wp-content\/uploads\/2022\/08\/newsletter-IND-July-2022-Les-Elfes-International.jpg\",\"articleSection\":[\"Conselhos para os pais\",\"Not\u00edcias\"],\"inLanguage\":\"pt-PT\"},{\"@type\":\"WebPage\",\"@id\":\"https:\/\/www.leselfes.com\/pt-pt\/newsletter-julho-acampamento-de-verao-e-de-inverno-2022-2023\/\",\"url\":\"https:\/\/www.leselfes.com\/pt-pt\/newsletter-julho-acampamento-de-verao-e-de-inverno-2022-2023\/\",\"name\":\"Acampamento de ver\u00e3o e de inverno 2022 e 2023 - Acampamento multiactividades na Su\u00ed\u00e7a\",\"isPartOf\":{\"@id\":\"https:\/\/dev.leselfes.com\/#website\"},\"primaryImageOfPage\":{\"@id\":\"https:\/\/www.leselfes.com\/pt-pt\/newsletter-julho-acampamento-de-verao-e-de-inverno-2022-2023\/#primaryimage\"},\"image\":{\"@id\":\"https:\/\/www.leselfes.com\/pt-pt\/newsletter-julho-acampamento-de-verao-e-de-inverno-2022-2023\/#primaryimage\"},\"thumbnailUrl\":\"https:\/\/www.leselfes.com\/wp-content\/uploads\/2022\/08\/newsletter-IND-July-2022-Les-Elfes-International.jpg\",\"datePublished\":\"2022-08-03T12:01:19+00:00\",\"dateModified\":\"2024-10-03T16:26:13+00:00\",\"description\":\"Descobre o que os estudantes fazem durante o campo de f\u00e9rias Les Elfes 2022! Tem acesso a not\u00edcias, fotos, v\u00eddeos e cr\u00edticas\",\"breadcrumb\":{\"@id\":\"https:\/\/www.leselfes.com\/pt-pt\/newsletter-julho-acampamento-de-verao-e-de-inverno-2022-2023\/#breadcrumb\"},\"inLanguage\":\"pt-PT\",\"potentialAction\":[{\"@type\":\"ReadAction\",\"target\":[\"https:\/\/www.leselfes.com\/pt-pt\/newsletter-julho-acampamento-de-verao-e-de-inverno-2022-2023\/\"]}]},{\"@type\":\"ImageObject\",\"inLanguage\":\"pt-PT\",\"@id\":\"https:\/\/www.leselfes.com\/pt-pt\/newsletter-julho-acampamento-de-verao-e-de-inverno-2022-2023\/#primaryimage\",\"url\":\"https:\/\/www.leselfes.com\/wp-content\/uploads\/2022\/08\/newsletter-IND-July-2022-Les-Elfes-International.jpg\",\"contentUrl\":\"https:\/\/www.leselfes.com\/wp-content\/uploads\/2022\/08\/newsletter-IND-July-2022-Les-Elfes-International.jpg\",\"width\":400,\"height\":298},{\"@type\":\"BreadcrumbList\",\"@id\":\"https:\/\/www.leselfes.com\/pt-pt\/newsletter-julho-acampamento-de-verao-e-de-inverno-2022-2023\/#breadcrumb\",\"itemListElement\":[{\"@type\":\"ListItem\",\"position\":1,\"name\":\"Home\",\"item\":\"https:\/\/www.leselfes.com\/pt-pt\/\"},{\"@type\":\"ListItem\",\"position\":2,\"name\":\"Newsletter julho: Acampamento de ver\u00e3o e de inverno 2022-2023\"}]},{\"@type\":\"WebSite\",\"@id\":\"https:\/\/dev.leselfes.com\/#website\",\"url\":\"https:\/\/dev.leselfes.com\/\",\"name\":\"Les Elfes International\",\"description\":\"Les Elfes International, Verbier Switzerland. Summer Camp, Winter Camp, Spring Camps.\",\"publisher\":{\"@id\":\"https:\/\/dev.leselfes.com\/#organization\"},\"alternateName\":\"Les Elfes International\",\"potentialAction\":[{\"@type\":\"SearchAction\",\"target\":{\"@type\":\"EntryPoint\",\"urlTemplate\":\"https:\/\/dev.leselfes.com\/?s={search_term_string}\"},\"query-input\":{\"@type\":\"PropertyValueSpecification\",\"valueRequired\":true,\"valueName\":\"search_term_string\"}}],\"inLanguage\":\"pt-PT\"},{\"@type\":\"Organization\",\"@id\":\"https:\/\/dev.leselfes.com\/#organization\",\"name\":\"Les Elfes International\",\"alternateName\":\"Les Elfes International\",\"url\":\"https:\/\/dev.leselfes.com\/\",\"logo\":{\"@type\":\"ImageObject\",\"inLanguage\":\"pt-PT\",\"@id\":\"https:\/\/dev.leselfes.com\/#\/schema\/logo\/image\/\",\"url\":\"https:\/\/www.leselfes.com\/wp-content\/uploads\/2022\/03\/leselfes-logo.png\",\"contentUrl\":\"https:\/\/www.leselfes.com\/wp-content\/uploads\/2022\/03\/leselfes-logo.png\",\"width\":233,\"height\":51,\"caption\":\"Les Elfes International\"},\"image\":{\"@id\":\"https:\/\/dev.leselfes.com\/#\/schema\/logo\/image\/\"},\"sameAs\":[\"https:\/\/www.facebook.com\/LesElfesVerbier\",\"https:\/\/x.com\/LesElfesCamps\",\"https:\/\/www.instagram.com\/leselfes\",\"https:\/\/www.linkedin.com\/company\/les-elfes-international\",\"https:\/\/www.youtube.com\/user\/LesElfesVerbier\"]},{\"@type\":\"Person\",\"@id\":\"https:\/\/dev.leselfes.com\/#\/schema\/person\/407a229698868b8c603874b19f37f289\",\"name\":\"lesadmin\",\"image\":{\"@type\":\"ImageObject\",\"inLanguage\":\"pt-PT\",\"@id\":\"https:\/\/dev.leselfes.com\/#\/schema\/person\/image\/\",\"url\":\"https:\/\/secure.gravatar.com\/avatar\/fdb243a028df450397b3632d862f87f6?s=96&d=mm&r=g\",\"contentUrl\":\"https:\/\/secure.gravatar.com\/avatar\/fdb243a028df450397b3632d862f87f6?s=96&d=mm&r=g\",\"caption\":\"lesadmin\"},\"url\":\"https:\/\/www.leselfes.com\/pt-pt\/author\/lesadmin\/\"}]}<\/script>\n<!-- \/ Yoast SEO Premium plugin. -->","yoast_head_json":{"title":"Acampamento de ver\u00e3o e de inverno 2022 e 2023 - Acampamento multiactividades na Su\u00ed\u00e7a","description":"Descobre o que os estudantes fazem durante o campo de f\u00e9rias Les Elfes 2022! Tem acesso a not\u00edcias, fotos, v\u00eddeos e cr\u00edticas","robots":{"index":"index","follow":"follow","max-snippet":"max-snippet:-1","max-image-preview":"max-image-preview:large","max-video-preview":"max-video-preview:-1"},"canonical":"https:\/\/www.leselfes.com\/pt-pt\/newsletter-julho-acampamento-de-verao-e-de-inverno-2022-2023\/","og_locale":"pt_PT","og_type":"article","og_title":"As 15 regras de seguran\u00e7a mais importantes para as crian\u00e7as na Su\u00ed\u00e7a","og_description":"Existem muitas outras regras de seguran\u00e7a para as crian\u00e7as seguirem durante o acampamento de ver\u00e3o, mas estas s\u00e3o as mais essenciais.","og_url":"https:\/\/www.leselfes.com\/pt-pt\/newsletter-julho-acampamento-de-verao-e-de-inverno-2022-2023\/","og_site_name":"Les Elfes International Camps Switzerland","article_publisher":"https:\/\/www.facebook.com\/LesElfesVerbier","article_published_time":"2022-08-03T12:01:19+00:00","article_modified_time":"2024-10-03T16:26:13+00:00","og_image":[{"url":"https:\/\/dev.leselfes.com\/wp-content\/uploads\/2022\/06\/Summer-Camp-Safety-Rules-for-Kids.png","type":"","width":"","height":""}],"author":"lesadmin","twitter_card":"summary_large_image","twitter_title":"As 15 regras de seguran\u00e7a mais importantes para as crian\u00e7as na Su\u00ed\u00e7a","twitter_description":"Existem muitas outras regras de seguran\u00e7a para as crian\u00e7as seguirem durante o acampamento de ver\u00e3o, mas estas s\u00e3o as mais essenciais.","twitter_image":"https:\/\/dev.leselfes.com\/wp-content\/uploads\/2022\/06\/Summer-Camp-Safety-Rules-for-Kids.png","twitter_creator":"@LesElfesCamps","twitter_site":"@LesElfesCamps","twitter_misc":{"Escrito por":"lesadmin","Tempo estimado de leitura":"1 minuto"},"schema":{"@context":"https:\/\/schema.org","@graph":[{"@type":"Article","@id":"https:\/\/www.leselfes.com\/pt-pt\/newsletter-julho-acampamento-de-verao-e-de-inverno-2022-2023\/#article","isPartOf":{"@id":"https:\/\/www.leselfes.com\/pt-pt\/newsletter-julho-acampamento-de-verao-e-de-inverno-2022-2023\/"},"author":{"name":"lesadmin","@id":"https:\/\/dev.leselfes.com\/#\/schema\/person\/407a229698868b8c603874b19f37f289"},"headline":"Newsletter julho: Acampamento de ver\u00e3o e de inverno 2022-2023","datePublished":"2022-08-03T12:01:19+00:00","dateModified":"2024-10-03T16:26:13+00:00","mainEntityOfPage":{"@id":"https:\/\/www.leselfes.com\/pt-pt\/newsletter-julho-acampamento-de-verao-e-de-inverno-2022-2023\/"},"wordCount":164,"publisher":{"@id":"https:\/\/dev.leselfes.com\/#organization"},"image":{"@id":"https:\/\/www.leselfes.com\/pt-pt\/newsletter-julho-acampamento-de-verao-e-de-inverno-2022-2023\/#primaryimage"},"thumbnailUrl":"https:\/\/www.leselfes.com\/wp-content\/uploads\/2022\/08\/newsletter-IND-July-2022-Les-Elfes-International.jpg","articleSection":["Conselhos para os pais","Not\u00edcias"],"inLanguage":"pt-PT"},{"@type":"WebPage","@id":"https:\/\/www.leselfes.com\/pt-pt\/newsletter-julho-acampamento-de-verao-e-de-inverno-2022-2023\/","url":"https:\/\/www.leselfes.com\/pt-pt\/newsletter-julho-acampamento-de-verao-e-de-inverno-2022-2023\/","name":"Acampamento de ver\u00e3o e de inverno 2022 e 2023 - Acampamento multiactividades na Su\u00ed\u00e7a","isPartOf":{"@id":"https:\/\/dev.leselfes.com\/#website"},"primaryImageOfPage":{"@id":"https:\/\/www.leselfes.com\/pt-pt\/newsletter-julho-acampamento-de-verao-e-de-inverno-2022-2023\/#primaryimage"},"image":{"@id":"https:\/\/www.leselfes.com\/pt-pt\/newsletter-julho-acampamento-de-verao-e-de-inverno-2022-2023\/#primaryimage"},"thumbnailUrl":"https:\/\/www.leselfes.com\/wp-content\/uploads\/2022\/08\/newsletter-IND-July-2022-Les-Elfes-International.jpg","datePublished":"2022-08-03T12:01:19+00:00","dateModified":"2024-10-03T16:26:13+00:00","description":"Descobre o que os estudantes fazem durante o campo de f\u00e9rias Les Elfes 2022! Tem acesso a not\u00edcias, fotos, v\u00eddeos e cr\u00edticas","breadcrumb":{"@id":"https:\/\/www.leselfes.com\/pt-pt\/newsletter-julho-acampamento-de-verao-e-de-inverno-2022-2023\/#breadcrumb"},"inLanguage":"pt-PT","potentialAction":[{"@type":"ReadAction","target":["https:\/\/www.leselfes.com\/pt-pt\/newsletter-julho-acampamento-de-verao-e-de-inverno-2022-2023\/"]}]},{"@type":"ImageObject","inLanguage":"pt-PT","@id":"https:\/\/www.leselfes.com\/pt-pt\/newsletter-julho-acampamento-de-verao-e-de-inverno-2022-2023\/#primaryimage","url":"https:\/\/www.leselfes.com\/wp-content\/uploads\/2022\/08\/newsletter-IND-July-2022-Les-Elfes-International.jpg","contentUrl":"https:\/\/www.leselfes.com\/wp-content\/uploads\/2022\/08\/newsletter-IND-July-2022-Les-Elfes-International.jpg","width":400,"height":298},{"@type":"BreadcrumbList","@id":"https:\/\/www.leselfes.com\/pt-pt\/newsletter-julho-acampamento-de-verao-e-de-inverno-2022-2023\/#breadcrumb","itemListElement":[{"@type":"ListItem","position":1,"name":"Home","item":"https:\/\/www.leselfes.com\/pt-pt\/"},{"@type":"ListItem","position":2,"name":"Newsletter julho: Acampamento de ver\u00e3o e de inverno 2022-2023"}]},{"@type":"WebSite","@id":"https:\/\/dev.leselfes.com\/#website","url":"https:\/\/dev.leselfes.com\/","name":"Les Elfes International","description":"Les Elfes International, Verbier Switzerland. Summer Camp, Winter Camp, Spring Camps.","publisher":{"@id":"https:\/\/dev.leselfes.com\/#organization"},"alternateName":"Les Elfes International","potentialAction":[{"@type":"SearchAction","target":{"@type":"EntryPoint","urlTemplate":"https:\/\/dev.leselfes.com\/?s={search_term_string}"},"query-input":{"@type":"PropertyValueSpecification","valueRequired":true,"valueName":"search_term_string"}}],"inLanguage":"pt-PT"},{"@type":"Organization","@id":"https:\/\/dev.leselfes.com\/#organization","name":"Les Elfes International","alternateName":"Les Elfes International","url":"https:\/\/dev.leselfes.com\/","logo":{"@type":"ImageObject","inLanguage":"pt-PT","@id":"https:\/\/dev.leselfes.com\/#\/schema\/logo\/image\/","url":"https:\/\/www.leselfes.com\/wp-content\/uploads\/2022\/03\/leselfes-logo.png","contentUrl":"https:\/\/www.leselfes.com\/wp-content\/uploads\/2022\/03\/leselfes-logo.png","width":233,"height":51,"caption":"Les Elfes International"},"image":{"@id":"https:\/\/dev.leselfes.com\/#\/schema\/logo\/image\/"},"sameAs":["https:\/\/www.facebook.com\/LesElfesVerbier","https:\/\/x.com\/LesElfesCamps","https:\/\/www.instagram.com\/leselfes","https:\/\/www.linkedin.com\/company\/les-elfes-international","https:\/\/www.youtube.com\/user\/LesElfesVerbier"]},{"@type":"Person","@id":"https:\/\/dev.leselfes.com\/#\/schema\/person\/407a229698868b8c603874b19f37f289","name":"lesadmin","image":{"@type":"ImageObject","inLanguage":"pt-PT","@id":"https:\/\/dev.leselfes.com\/#\/schema\/person\/image\/","url":"https:\/\/secure.gravatar.com\/avatar\/fdb243a028df450397b3632d862f87f6?s=96&d=mm&r=g","contentUrl":"https:\/\/secure.gravatar.com\/avatar\/fdb243a028df450397b3632d862f87f6?s=96&d=mm&r=g","caption":"lesadmin"},"url":"https:\/\/www.leselfes.com\/pt-pt\/author\/lesadmin\/"}]}},"_links":{"self":[{"href":"https:\/\/www.leselfes.com\/pt-pt\/wp-json\/wp\/v2\/posts\/87115"}],"collection":[{"href":"https:\/\/www.leselfes.com\/pt-pt\/wp-json\/wp\/v2\/posts"}],"about":[{"href":"https:\/\/www.leselfes.com\/pt-pt\/wp-json\/wp\/v2\/types\/post"}],"author":[{"embeddable":true,"href":"https:\/\/www.leselfes.com\/pt-pt\/wp-json\/wp\/v2\/users\/1"}],"replies":[{"embeddable":true,"href":"https:\/\/www.leselfes.com\/pt-pt\/wp-json\/wp\/v2\/comments?post=87115"}],"version-history":[{"count":0,"href":"https:\/\/www.leselfes.com\/pt-pt\/wp-json\/wp\/v2\/posts\/87115\/revisions"}],"wp:featuredmedia":[{"embeddable":true,"href":"https:\/\/www.leselfes.com\/pt-pt\/wp-json\/wp\/v2\/media\/76172"}],"wp:attachment":[{"href":"https:\/\/www.leselfes.com\/pt-pt\/wp-json\/wp\/v2\/media?parent=87115"}],"wp:term":[{"taxonomy":"category","embeddable":true,"href":"https:\/\/www.leselfes.com\/pt-pt\/wp-json\/wp\/v2\/categories?post=87115"},{"taxonomy":"post_tag","embeddable":true,"href":"https:\/\/www.leselfes.com\/pt-pt\/wp-json\/wp\/v2\/tags?post=87115"}],"curies":[{"name":"wp","href":"https:\/\/api.w.org\/{rel}","templated":true}]}}