{"id":87184,"date":"2022-04-12T06:20:21","date_gmt":"2022-04-12T04:20:21","guid":{"rendered":"https:\/\/www.leselfes.com\/acampamento-de-verao-na-suica-dicas-de-seguranca-durante-a-covid-19\/"},"modified":"2024-10-03T18:28:22","modified_gmt":"2024-10-03T16:28:22","slug":"acampamento-de-verao-na-suica-dicas-de-seguranca-durante-a-covid-19","status":"publish","type":"post","link":"https:\/\/www.leselfes.com\/pt-pt\/acampamento-de-verao-na-suica-dicas-de-seguranca-durante-a-covid-19\/","title":{"rendered":"Acampamento de ver\u00e3o na Su\u00ed\u00e7a Dicas de seguran\u00e7a durante a Covid-19"},"content":{"rendered":"\n<p>Os entusiastas dos campos de f\u00e9rias est\u00e3o ansiosos por acampar e participar nas suas actividades favoritas este ano.\nA disponibilidade das vacinas contra a Covid-19 mudou o rumo da pandemia na Su\u00ed\u00e7a.\nAl\u00e9m disso, o CDC (Centers for Disease Control and Prevention) publicou recentemente as mais recentes diretivas sobre a Covid-19, reiterando que as pessoas totalmente vacinadas podem retomar as suas actividades normais sem distanciamento social ou uso de m\u00e1scaras ao ar livre e dentro de casa.  <\/p>\n\n<figure><img loading=\"lazy\" decoding=\"async\" src=\"https:\/\/www.leselfes.com\/wp-content\/uploads\/2023\/03\/Summer-Camp-Switzerland-Safety-Tips.jpg\" alt=\"Acampamento de ver&#xE3;o na Su&#xED;&#xE7;a Dicas de seguran&#xE7;a\" width=\"621\" height=\"322\"\/><\/figure>\n\n<p>Muitas regi\u00f5es da Su\u00ed\u00e7a acolheram estas orienta\u00e7\u00f5es e os organizadores dos campos de f\u00e9rias est\u00e3o atualmente a trabalhar no lan\u00e7amento do itiner\u00e1rio para a pr\u00f3xima expedi\u00e7\u00e3o de campismo de ver\u00e3o.\nNo entanto, a pandemia ainda n\u00e3o terminou. <\/p>\n\n<p>Por isso, toda a gente deve ter cuidado quando vai a um acampamento ou a outras reuni\u00f5es sociais.\nEste artigo aborda algumas dicas de seguran\u00e7a que podes adotar para te protegeres a ti e aos teus familiares de apanharem o v\u00edrus.   <\/p>\n\n<p class=\"has-text-align-center\"><\/p><p><a href=\"https:\/\/www.leselfes.com\/pt-pt\/?page_id=85718\" target=\"_blank\" rel=\"noopener\"><button type=\"button\">Junta-te ao Summer Camp Su\u00ed\u00e7a<\/button><\/a><\/p>\n\n<h2 class=\"wp-block-heading\">Como \u00e9 que a Covid 19 afecta os campos de f\u00e9rias?<\/h2>\n\n<p>A pandemia de Covid-19 afectou os campos de f\u00e9rias, especialmente com confinamentos prolongados que levaram a que muitos campistas passassem a maior parte do tempo dentro de casa.\nPara assegurar o bom funcionamento dos servi\u00e7os e garantir o bem-estar dos campistas, os organizadores dos campos de f\u00e9rias s\u00e3o obrigados a aplicar medidas de seguran\u00e7a rigorosas.\nAlguns deles tiveram de emitir declara\u00e7\u00f5es em que reafirmam aos pais o seu empenho em respeitar os procedimentos e as pol\u00edticas definidas pelas autoridades su\u00ed\u00e7as, pela OMS e pelo FOPH (Servi\u00e7o Federal de Sa\u00fade P\u00fablica).\nTanto os organizadores como os supervisores dos campos de f\u00e9rias t\u00eam monitorizado a situa\u00e7\u00e3o da Covid em constante mudan\u00e7a e, normalmente, alteram os seus processos em conformidade.     <\/p>\n\n<p>Com base nas diretrizes definidas pelo <a href=\"https:\/\/www.bag.admin.ch\/bag\/en\/home.html\" target=\"_blank\" rel=\"noreferrer noopener\">FOPH<\/a>, pela OMS e pelo governo su\u00ed\u00e7o, muitos campos de f\u00e9rias organizam webinars para garantir que os pais compreendem as diretrizes estabelecidas.\nAlguns dos processos e estrat\u00e9gias preventivos que muitos centros de campismo de ver\u00e3o est\u00e3o a adotar incluem: <\/p>\n\n<ul class=\"wp-block-list\">\n<li>Fornecer m\u00e1scaras faciais quando necess\u00e1rio<\/li>\n\n\n\n<li>Ter pessoal de servi\u00e7o 24 horas por dia<\/li>\n\n\n\n<li>Disponibilizar desinfectantes para as m\u00e3os em diferentes esta\u00e7\u00f5es em toda a instala\u00e7\u00e3o<\/li>\n\n\n\n<li>Realiza\u00e7\u00e3o de controlos de temperatura<\/li>\n\n\n\n<li>Pergunta aos campistas sobre eventuais doen\u00e7as existentes e sobre o seu historial de viagens internacionais<\/li>\n\n\n\n<li>Incentivar processos de limpeza regulares<\/li>\n<\/ul>\n\n<p>No pico da pandemia, muitos parques de campismo foram suficientemente indulgentes para oferecer reembolsos ou adiar as sess\u00f5es de campismo para uma altura apropriada.\nApesar de a pandemia estar a desaparecer lentamente e de tudo parecer estar a voltar ao normal, os organizadores dos parques de campismo n\u00e3o desistem de seguir as orienta\u00e7\u00f5es oficiais das autoridades locais e das institui\u00e7\u00f5es de ensino.\nEst\u00e3o empenhados em definir a sua estrat\u00e9gia e em preparar-se para o que sabem ser o melhor interesse dos seus campistas.    <\/p>\n\n<h2 class=\"wp-block-heading\">Restri\u00e7\u00f5es de viagem para a col\u00f3nia de f\u00e9rias na Su\u00ed\u00e7a<\/h2>\n\n<p>A Su\u00ed\u00e7a est\u00e1 a aliviar as restri\u00e7\u00f5es relativas \u00e0 Covid-19.\nAs pessoas que entram no pa\u00eds n\u00e3o precisam de prova de recupera\u00e7\u00e3o ou de um teste PCR negativo.\nNo entanto, os estrangeiros t\u00eam de apresentar um comprovativo de vacina\u00e7\u00e3o para entrar no pa\u00eds.  <\/p>\n\n<p>O uso de m\u00e1scaras faciais j\u00e1 n\u00e3o \u00e9 obrigat\u00f3rio, nem a apresenta\u00e7\u00e3o de um resultado negativo do teste para aceder \u00e0 maioria das \u00e1reas p\u00fablicas.\nNo entanto, continua a ser obrigat\u00f3rio o uso de m\u00e1scara nas instala\u00e7\u00f5es m\u00e9dicas e nos transportes p\u00fablicos.   <\/p>\n\n<p>Todos os visitantes provenientes do Canad\u00e1 e dos EUA t\u00eam de estar totalmente vacinados para serem autorizados a entrar na Su\u00ed\u00e7a.\nA entrada no pa\u00eds \u00e9 quase imposs\u00edvel para pessoas n\u00e3o vacinadas. <\/p>\n\n<p>De acordo com as autoridades de sa\u00fade na Su\u00ed\u00e7a, a vacina\u00e7\u00e3o completa significa que recebeste a vacina Pfizer, o refor\u00e7o ou a segunda dose 270 dias antes de chegares \u00e0 Su\u00ed\u00e7a.\nPodes escolher entre outras marcas de vacinas, incluindo a op\u00e7\u00e3o de dose \u00fanica da Johnsons e da Johnsons.   <\/p>\n\n<p>A Su\u00ed\u00e7a aceita qualquer vacina, desde que tenha sido administrada de acordo com as diretivas do Departamento Federal de Sa\u00fade P\u00fablica ou que tenha sido aprovada pela OMS.\nNo que diz respeito \u00e0s viagens a\u00e9reas, o governo local \u00e9 respons\u00e1vel por avaliar a ades\u00e3o das companhias a\u00e9reas nacionais estrangeiras aos regulamentos internacionais de seguran\u00e7a da Covid-19. <\/p>\n\n<p>Os campistas que planeiam ir esquiar ou fazer montanhismo devem partilhar o seu itiner\u00e1rio com amigos ou familiares.\nDevem tamb\u00e9m compreender as pr\u00e1ticas estabelecidas para ajudar a travar a pandemia na Su\u00ed\u00e7a.   <\/p>\n\n<h2 class=\"wp-block-heading\">13 Campo de f\u00e9rias na Su\u00ed\u00e7a Conselhos de seguran\u00e7a durante a Covid 19<\/h2>\n\n<p>A revis\u00e3o das diretivas do CDC deixou muitos indiv\u00edduos vacinados satisfeitos, mas confundiu os n\u00e3o vacinados.\nMuitas pessoas opinam que as pessoas n\u00e3o vacinadas deixar\u00e3o de usar m\u00e1scaras, aumentando o risco de propaga\u00e7\u00e3o do v\u00edrus Covid-17.\nAqui est\u00e3o algumas coisas com que as pessoas vacinadas e n\u00e3o vacinadas devem ter cuidado durante estes tempos imprevis\u00edveis de Covid-19.  <\/p>\n\n<h3 class=\"wp-block-heading\">1. N\u00e3o estar vacinado significa que corres um risco elevado de contrair a Covid e de a transmitir a outras pessoas<\/h3>\n\n<p>A revis\u00e3o das diretrizes do CDC sobre o uso de m\u00e1scaras \u00e9 suscet\u00edvel de ter consequ\u00eancias graves.\nPor exemplo, se as pessoas n\u00e3o vacinadas optarem por n\u00e3o usar a m\u00e1scara, correr\u00e3o um maior risco de contrair e propagar o v\u00edrus. <\/p>\n\n<p>De acordo com Lisa Maragakis, professora associada de epidemiologia e medicina na Escola de Medicina da Universidade de Johns Hopkins<em>,<\/em><\/p>\n\n<p><em>&#8220;Infelizmente, o risco para os indiv\u00edduos n\u00e3o vacinados aumentar\u00e1 drasticamente \u00e0 medida que toda a gente deixar abruptamente de usar m\u00e1scaras. Estas pessoas poder\u00e3o ter de reduzir ainda mais as suas actividades e ser ainda mais cautelosas at\u00e9 estarem totalmente vacinadas. A conclus\u00e3o \u00e9 que, se n\u00e3o estiveres vacinado, \u00e9s suscet\u00edvel ao v\u00edrus&#8221;.<\/em><\/p>\n\n<p>  As pessoas vacinadas t\u00eam mais hip\u00f3teses de recuperar da Covid do que as n\u00e3o vacinadas.\nVacina-te antes de interagires com outros campistas.   <\/p>\n\n<h3 class=\"wp-block-heading\">2. N\u00e3o precisas de m\u00e1scaras para andar de bicicleta ou correr<\/h3>\n\n<p>Andar de bicicleta e correr s\u00e3o algumas das actividades mais emocionantes para os entusiastas do acampamento.\nQuer estejas vacinado, podes correr, caminhar, andar de bicicleta ou de cadeira de rodas ao ar livre sem m\u00e1scara.\nO risco de contra\u00edres a Covid-19 ao ar livre \u00e9 menor do que em ambientes fechados.\nPraticar actividades ao ar livre sem m\u00e1scara \u00e9 melhor porque a circula\u00e7\u00e3o do ar \u00e9 adequada.   <\/p>\n\n<h3 class=\"wp-block-heading\">3. Praticar desportos de contacto ao ar livre \u00e9 seguro<\/h3>\n\n<p>Os desportos ao ar livre, como o futebol, apresentam um risco m\u00ednimo de transmiss\u00e3o da Covid-19.<\/p>\n\n<p><em>&#8220;Estudos sobre eventos desportivos mostram que os participantes das diferentes equipas n\u00e3o passam muito tempo muito pr\u00f3ximos uns dos outros durante um jogo de basquetebol, por exemplo&#8221;, diz Maragakis.<\/em><\/p>\n\n<p><em> <\/em>No entanto, Paul Pottinger, professor da divis\u00e3o de doen\u00e7as infecciosas e alergias do departamento de medicina da Universidade de Washington, em Seattle, diz que as reuni\u00f5es de equipa fora do campo podem ser o terreno perfeito para indiv\u00edduos n\u00e3o vacinados espalharem a Covid.\nOs campistas que participam em actividades fora do campo devem usar uma cobertura facial e praticar o distanciamento social para se protegerem.   <\/p>\n\n<h3 class=\"wp-block-heading\">4. Os concertos ao ar livre e os eventos desportivos podem representar um risco para as pessoas n\u00e3o vacinadas<\/h3>\n\n<figure><img loading=\"lazy\" decoding=\"async\" src=\"https:\/\/www.leselfes.com\/wp-content\/uploads\/2023\/03\/Summer-Camp-Switzerland-Safety-Tip.jpg\" alt=\"Acampamento de ver&#xE3;o na Su&#xED;&#xE7;a Dicas de seguran&#xE7;a\" width=\"622\" height=\"387\"\/><\/figure>\n\n<p>De acordo com o CDC, participar em reuni\u00f5es ao ar livre, como espect\u00e1culos ao vivo ou eventos desportivos de contacto pr\u00f3ximo, \u00e9 arriscado para indiv\u00edduos n\u00e3o vacinados.\nSe tiveres de participar nestes eventos, certifica-te de que o local disp\u00f5e de lugares sentados adequados e socialmente distantes.\nSe ainda n\u00e3o tiveres sido vacinado, usa uma m\u00e1scara durante estes eventos.    <\/p>\n\n<h3 class=\"wp-block-heading\">5. Higiene das m\u00e3os e respirat\u00f3ria  <\/h3>\n\n<p>Incentivar e garantir que os campistas pratiquem uma higiene das m\u00e3os adequada e frequente.\nOs supervisores dos campos de f\u00e9rias devem certificar-se de que os campistas sabem como lavar bem as m\u00e3os.\nTanto os campistas como o pessoal devem lavar sempre as m\u00e3os antes e depois de comerem, depois de irem \u00e0 casa de banho, depois das actividades e sempre que utilizarem equipamento partilhado.\nOutras coisas que os organizadores do campo de f\u00e9rias devem fazer para promover uma higiene adequada das m\u00e3os e das vias respirat\u00f3rias incluem     <\/p>\n\n<ul class=\"wp-block-list\">\n<li>Certifica-te <a href=\"https:\/\/www.leselfes.com\/pt-pt\/?page_id=85718#staff\" target=\"_blank\" rel=\"noreferrer noopener\">de que todos os membros do pessoal<\/a> e os campistas cumprem as regras de higiene respirat\u00f3ria.\nPor exemplo, todos devem tapar sempre a boca com uma toalha de papel quando tossem ou espirram.   <\/li>\n<\/ul>\n\n<ul class=\"wp-block-list\">\n<li>Assegura um processo e um programa estruturados para monitorizar e reabastecer os materiais de higiene das m\u00e3os.<\/li>\n<\/ul>\n\n<ul class=\"wp-block-list\">\n<li>Disponibiliza desinfetante para as m\u00e3os \u00e0 base de \u00e1lcool com uma concentra\u00e7\u00e3o de \u00e1lcool at\u00e9 90% em diferentes locais do parque de campismo.  <\/li>\n<\/ul>\n\n<ul class=\"wp-block-list\">\n<li>Implementar pr\u00e1ticas de higiene respirat\u00f3ria e das m\u00e3os e de desinfe\u00e7\u00e3o adequadas ao ambiente da selva durante os passeios na natureza, tais como toalhetes e desinfectantes para as m\u00e3os \u00e0 base de \u00e1lcool.  <\/li>\n<\/ul>\n\n<h3 class=\"wp-block-heading\">6. Distanciamento social e coorte  <\/h3>\n\n<p>O cohorting \u00e9 a ideia de colocar o pessoal e os campistas em grupos espec\u00edficos que permanecem juntos durante toda a experi\u00eancia de campismo.\nEsta abordagem desempenha um papel importante no controlo das opera\u00e7\u00f5es do acampamento, caso seja notificado um caso de Covid-19 no acampamento.\nA restri\u00e7\u00e3o de qualquer liga\u00e7\u00e3o entre grupos reduz o n\u00famero de funcion\u00e1rios ou campistas que devem ser colocados em quarentena.\nPara garantir o sucesso desta abordagem, os organizadores do acampamento devem     <\/p>\n\n<ul class=\"wp-block-list\">\n<li>Comunica os deveres de cada coorte no in\u00edcio do evento de campismo<\/li>\n\n\n\n<li>Pratica o distanciamento social entre os pais, o pessoal e os prestadores de cuidados no momento da entrega.  <\/li>\n\n\n\n<li>Cada grupo deve abster-se de interagir com membros de outros grupos.  <\/li>\n\n\n\n<li>Os grupos devem permanecer juntos durante todas as actividades e refei\u00e7\u00f5es.  <\/li>\n<\/ul>\n\n<p>O pessoal e os campistas que dormem no mesmo beliche ou cabana s\u00e3o coortes dom\u00e9sticas e n\u00e3o t\u00eam de praticar o distanciamento social ou usar m\u00e1scaras, a n\u00e3o ser que estejam na companhia de membros de outras coortes.  <\/p>\n\n<p>Os membros de diferentes grupos familiares devem usar m\u00e1scaras faciais quando utilizam espa\u00e7os exteriores ou interiores partilhados.\nDevem tamb\u00e9m manter o distanciamento social. <\/p>\n\n<p>Vale a pena mencionar que fugir \u00e0 quarentena pode custar-te at\u00e9 CHF 10.000.<\/p>\n\n<h3 class=\"wp-block-heading\">7. Transporte<\/h3>\n\n<p>Certifica-te de que os ve\u00edculos s\u00e3o devidamente ventilados e incentiva os campistas e o pessoal a utilizarem m\u00e9todos de ventila\u00e7\u00e3o natural, como abrir as janelas.\nConsulta um especialista em sa\u00fade que te possa ajudar a compreender estrat\u00e9gias eficazes para aumentar a ventila\u00e7\u00e3o cruzada em diferentes situa\u00e7\u00f5es.\nSe algum campista ficar doente durante o dia, deve ser impedido de utilizar o transporte coletivo e fazer um teste de Covid-19 antes de regressar a casa.  <\/p>\n\n<p>Cria uma estrat\u00e9gia para garantir que os campistas ou participantes doentes cheguem a casa em seguran\u00e7a.\nSe um condutor adoecer durante o dia, o estabelecimento deve enviar outro condutor para o substituir.\nDepois, deve seguir as pr\u00e1ticas estabelecidas para as pessoas doentes.    <\/p>\n\n<h3 class=\"wp-block-heading\">8. Tratamento de casos confirmados de Covid-19<\/h3>\n\n<p>Desenvolve pol\u00edticas para alertar as autoridades sobre casos positivos, supervisionar o acompanhamento dos casos e alertar as pessoas expostas.\nEis as medidas que os organizadores de campos de f\u00e9rias devem tomar caso ocorra um caso de coronav\u00edrus nas suas instala\u00e7\u00f5es.\nDesenvolver um plano para os campistas e pessoal que desenvolvam sintomas de Covid-19 e para aqueles cujo teste de antig\u00e9nio d\u00ea um resultado positivo.\nEste plano pode incluir:   <\/p>\n\n<ul class=\"wp-block-list\">\n<li>Isolamento imediato numa zona de isolamento destinada a pessoas sintom\u00e1ticas e a pessoas com resultados positivos nos testes.  <\/li>\n\n\n\n<li>Transportar os campistas para casa ou para o centro m\u00e9dico, quando necess\u00e1rio<\/li>\n\n\n\n<li>Notificar os pais quando os seus filhos testam positivo para o coronav\u00edrus ou ficam doentes<\/li>\n\n\n\n<li>Proporcionar um espa\u00e7o exclusivo para os campistas e o pessoal com testes positivos, longe do local onde s\u00e3o prestados outros servi\u00e7os de sa\u00fade.<\/li>\n<\/ul>\n\n<h3 class=\"wp-block-heading\">9. Uso de m\u00e1scaras e de equipamento de prote\u00e7\u00e3o individual<\/h3>\n\n<figure><img loading=\"lazy\" decoding=\"async\" src=\"https:\/\/www.leselfes.com\/wp-content\/uploads\/2023\/03\/Wearing-of-Masks-and-Personal-Protective-Gear.jpg\" alt=\"Uso de m&#xE1;scaras e equipamento de prote&#xE7;&#xE3;o individual\" width=\"628\" height=\"313\"\/><\/figure>\n\n<p>Os formadores do campo de f\u00e9rias devem oferecer forma\u00e7\u00e3o sobre a utiliza\u00e7\u00e3o correta e segura, os cuidados, as limita\u00e7\u00f5es e a elimina\u00e7\u00e3o das m\u00e1scaras.\nConsulta o site cantonal Covid-19 da tua regi\u00e3o para obteres mais informa\u00e7\u00f5es sobre m\u00e1scaras.\nAqui tens algumas dicas para que este exerc\u00edcio valha a pena.  <\/p>\n\n<p>Todos os campistas ou pessoal n\u00e3o vacinado devem usar m\u00e1scaras quando est\u00e3o dentro de casa, a n\u00e3o ser que o campista tenha necessidades especiais ou uma condi\u00e7\u00e3o m\u00e9dica que o impe\u00e7a de usar m\u00e1scaras ou coberturas faciais, como por exemplo<\/p>\n\n<ul class=\"wp-block-list\">\n<li>Incapacidade de colocar ou retirar as m\u00e1scaras sem a ajuda de outra pessoa<\/li>\n\n\n\n<li>Est\u00e1 numa \u00e1rea adequadamente ventilada e pratica o distanciamento social<\/li>\n\n\n\n<li>Come ou bebe<\/li>\n<\/ul>\n\n<h3 class=\"wp-block-heading\">10. Monitoriza\u00e7\u00e3o de rotina do estado de sa\u00fade<\/h3>\n\n<p>O rastreio di\u00e1rio do pessoal e dos campistas \u00e9 desnecess\u00e1rio, mas estes devem fazer o seu pr\u00f3prio rastreio diariamente antes de iniciarem as suas actividades no campo de f\u00e9rias.\nOs organizadores dos campos de f\u00e9rias devem fornecer ferramentas de auto-rastreio para garantir que o pessoal detecta os poss\u00edveis sintomas de Covid-19 suficientemente cedo. <\/p>\n\n<p>Devem tamb\u00e9m dar forma\u00e7\u00e3o aos campistas, utilizando uma linguagem n\u00e3o estigmatizante e aplic\u00e1vel \u00e0 idade, para garantir que eles compreendem como reconhecer os sintomas da Covid-19.\nDevem tamb\u00e9m ser encorajados a informar os membros do pessoal logo que adoe\u00e7am. <\/p>\n\n<p>Antes de recomendar uma avalia\u00e7\u00e3o mais aprofundada, o pessoal m\u00e9dico e de sa\u00fade dos campos de f\u00e9rias deve ter em aten\u00e7\u00e3o quaisquer doen\u00e7as pr\u00e9-existentes e alergias n\u00e3o relacionadas com o coronav\u00edrus, tais como enxaquecas, congest\u00e3o tor\u00e1cica e corrimento nasal grave.  <\/p>\n\n<h3 class=\"wp-block-heading\">11. Actividades e opera\u00e7\u00f5es do acampamento<\/h3>\n\n<figure><img loading=\"lazy\" decoding=\"async\" src=\"https:\/\/www.leselfes.com\/wp-content\/uploads\/2023\/03\/Summer-Camp-Switzerland-Activities-and-Operations.jpg\" alt=\"Actividades e opera&#xE7;&#xF5;es do campo de f&#xE9;rias na Su&#xED;&#xE7;a  \" width=\"633\" height=\"383\"\/><\/figure>\n\n<p>Eis alguns factores a ter em conta no <a href=\"https:\/\/www.leselfes.com\/pt-pt\/?page_id=85718#new-activities\" target=\"_blank\" rel=\"noreferrer noopener\">planeamento das actividades do acampamento<\/a> em Berna e Genebra.  <\/p>\n\n<ul class=\"wp-block-list\">\n<li>Quanto mais pessoas se reunirem num mesmo local, maior \u00e9 o risco de transmiss\u00e3o da Covid-19.<\/li>\n\n\n\n<li>Os campistas devem participar o mais poss\u00edvel em actividades ao ar livre e limitar as actividades em espa\u00e7os fechados.\nSe os campistas tiverem de participar em actividades no interior, certifica-te de que o espa\u00e7o \u00e9 bem ventilado.   <\/li>\n\n\n\n<li>Restringir volunt\u00e1rios e visitantes n\u00e3o essenciais<\/li>\n\n\n\n<li>Abre as janelas e as portas tanto quanto poss\u00edvel para facilitar a circula\u00e7\u00e3o adequada de ar fresco.<\/li>\n<\/ul>\n\n<p>Existe um risco elevado de circula\u00e7\u00e3o de got\u00edculas respirat\u00f3rias durante as actividades que envolvam a voz, como a representa\u00e7\u00e3o ou o canto, ou em que sejam utilizados instrumentos de sopro.\nOs campistas devem realizar estas actividades ao ar livre e respeitando os protocolos de distanciamento social.   <\/p>\n\n<h3 class=\"wp-block-heading\">12. Regulamentos de constru\u00e7\u00e3o<\/h3>\n\n<p>Imagina que a atividade de campismo ocorre num espa\u00e7o que est\u00e1 a reabrir depois de ter estado fechado durante muito tempo.\nNesse caso, os organizadores do acampamento devem proceder \u00e0 manuten\u00e7\u00e3o de todos os dispositivos e sistemas de \u00e1gua e ventila\u00e7\u00e3o, tais como bebedouros e lavat\u00f3rios.\nDesta forma, garante que est\u00e3o prontos para serem ocupados e utilizados e que est\u00e3o em boas condi\u00e7\u00f5es de funcionamento durante todo o per\u00edodo de campismo.\nEis algumas coisas que podes fazer para melhorar ou aumentar a ventila\u00e7\u00e3o e incentivar a circula\u00e7\u00e3o adequada de ar fresco.     <\/p>\n\n<ul class=\"wp-block-list\">\n<li>Abre as janelas e as portas, desde que seja seguro faz\u00ea-lo<\/li>\n<\/ul>\n\n<ul class=\"wp-block-list\">\n<li>Assegura o bom funcionamento do sistema de filtragem do ar central.\nVeda quaisquer arestas nos filtros e assegura que est\u00e3o bem instalados e dentro do prazo de vida \u00fatil.   <\/li>\n<\/ul>\n\n<ul class=\"wp-block-list\">\n<li>Assegura que os sistemas de ventila\u00e7\u00e3o est\u00e3o em boas condi\u00e7\u00f5es de funcionamento para melhorar a qualidade do ar interior<\/li>\n<\/ul>\n\n<ul class=\"wp-block-list\">\n<li>Consulta um profissional para determinar o que est\u00e1 a funcionar e identificar o equipamento que necessita de ser substitu\u00eddo nas instala\u00e7\u00f5es.  <\/li>\n\n\n\n<li>Mant\u00e9m os sistemas de filtragem de ar a funcionar 24 horas por dia, sempre que poss\u00edvel, para promover a troca de ar no interior do edif\u00edcio<\/li>\n<\/ul>\n\n<ul class=\"wp-block-list\">\n<li>Se tencionas realizar alguma atividade dentro de casa, mant\u00e9m as janelas e as portas abertas para aumentar a circula\u00e7\u00e3o de ar fresco.  <\/li>\n<\/ul>\n\n<h3 class=\"wp-block-heading\">13. Considera\u00e7\u00f5es sobre o pessoal<\/h3>\n\n<p>Implementa pol\u00edticas de f\u00e9rias flex\u00edveis e n\u00e3o infligentes para permitir que o pessoal doente permane\u00e7a em casa.\nPol\u00edticas de f\u00e9rias para ajudar a ter em conta: <\/p>\n\n<ul class=\"wp-block-list\">\n<li>Pessoal que refere sintomas relacionados com a Covid-19<\/li>\n\n\n\n<li>Membros do pessoal que testaram positivo para o coronav\u00edrus<\/li>\n\n\n\n<li>O pessoal que fez os testes \u00e0 Covid-19 mas ainda n\u00e3o obteve resultados<\/li>\n\n\n\n<li>Funcion\u00e1rios cujos filhos fecharam a escola devido a um aumento dos casos de Covid-19 nas suas escolas<\/li>\n\n\n\n<li>Qualquer empregado que tenha tido contacto pr\u00f3ximo com um indiv\u00edduo com sintomas de Covid-19  <\/li>\n<\/ul>\n\n<p>Os organizadores dos acampamentos devem encorajar o seu pessoal a vacinar-se completamente antes do evento de campismo.\nSe o pessoal tiver efeitos secund\u00e1rios, os supervisores devem ter a amabilidade de lhes dar alguns dias de folga at\u00e9 recuperarem totalmente.   <\/p>\n\n<h2 class=\"wp-block-heading\">Finalmente  <\/h2>\n\n<p>\u00c0 medida que os casos de Covid-19 diminuem, o CDC e a OMS est\u00e3o a flexibilizar as medidas regulamentares.\nNo entanto, isso n\u00e3o significa que os organizadores de campos de f\u00e9rias devam ser negligentes.\nO v\u00edrus ainda est\u00e1 c\u00e1 e todos os organizadores de campos de f\u00e9rias devem implementar medidas de preven\u00e7\u00e3o para garantir a seguran\u00e7a dos campistas durante a sua estadia nas instala\u00e7\u00f5es do campo.  <\/p>\n\n<p>Estas dicas s\u00e3o ideais para os organizadores de campos de f\u00e9rias e para os pais que queiram inscrever os seus filhos num campo de f\u00e9rias este ver\u00e3o.\nOs campos de f\u00e9rias trazem in\u00fameros benef\u00edcios, como a promo\u00e7\u00e3o da sa\u00fade mental das crian\u00e7as.\nNo entanto, o ambiente deve ser seguro para que os campistas possam usufruir desses benef\u00edcios.\nUm parque de campismo de confian\u00e7a disponibiliza uma p\u00e1gina de perguntas frequentes no seu s\u00edtio Web para ajudar os pais a encontrar respostas convenientes.   <\/p>\n\n<p style=\"text-align: center;\"><a href=\"https:\/\/www.leselfes.com\/pt-pt\/?page_id=85718\" target=\"_blank\" rel=\"noopener\"><button type=\"button\">Junta-te ao Summer Camp Su\u00ed\u00e7a<\/button><\/a><\/p>\n","protected":false},"excerpt":{"rendered":"<p>Os entusiastas dos campos de f\u00e9rias est\u00e3o ansiosos por acampar e participar nas suas actividades favoritas este ano. A disponibilidade das vacinas contra a Covid-19 mudou o rumo da pandemia&#8230;<\/p>\n","protected":false},"author":1,"featured_media":75878,"comment_status":"closed","ping_status":"open","sticky":false,"template":"","format":"standard","meta":{"_acf_changed":false,"inline_featured_image":false,"footnotes":""},"categories":[1102,1100],"tags":[1105,1262,1194,1263],"class_list":{"0":"post-87184","1":"post","2":"type-post","3":"status-publish","4":"format-standard","5":"has-post-thumbnail","7":"category-acampamento-de-verao","8":"category-conselhos-para-os-pais","9":"tag-acampamento-de-verao","10":"tag-acampamento-de-verao-na-suica-dicas-de-seguranca","11":"tag-campos-de-ferias-na-suica","12":"tag-covid-19-dicas-de-seguranca-no-acampamento-de-verao"},"acf":[],"yoast_head":"<!-- This site is optimized with the Yoast SEO Premium plugin v24.2 (Yoast SEO v24.7) - https:\/\/yoast.com\/wordpress\/plugins\/seo\/ -->\n<title>13 Conselhos de seguran\u00e7a para a col\u00f3nia de f\u00e9rias na Su\u00ed\u00e7a durante a Covid-19 em 2022<\/title>\n<meta name=\"description\" content=\"Aqui tens alguns conselhos de seguran\u00e7a durante o covid 19 que deves ter em conta antes de ires para um campo de f\u00e9rias na Su\u00ed\u00e7a.\" \/>\n<meta name=\"robots\" content=\"index, follow, max-snippet:-1, max-image-preview:large, max-video-preview:-1\" \/>\n<link rel=\"canonical\" href=\"https:\/\/www.leselfes.com\/pt-pt\/acampamento-de-verao-na-suica-dicas-de-seguranca-durante-a-covid-19\/\" \/>\n<meta property=\"og:locale\" content=\"pt_PT\" \/>\n<meta property=\"og:type\" content=\"article\" \/>\n<meta property=\"og:title\" content=\"Acampamento de ver\u00e3o na Su\u00ed\u00e7a Dicas de seguran\u00e7a durante a Covid-19\" \/>\n<meta property=\"og:description\" content=\"Aqui tens alguns conselhos de seguran\u00e7a durante o covid 19 que deves ter em conta antes de ires para um campo de f\u00e9rias na Su\u00ed\u00e7a.\" \/>\n<meta property=\"og:url\" content=\"https:\/\/www.leselfes.com\/pt-pt\/acampamento-de-verao-na-suica-dicas-de-seguranca-durante-a-covid-19\/\" \/>\n<meta property=\"og:site_name\" content=\"Les Elfes International Camps Switzerland\" \/>\n<meta property=\"article:publisher\" content=\"https:\/\/www.facebook.com\/LesElfesVerbier\" \/>\n<meta property=\"article:published_time\" content=\"2022-04-12T04:20:21+00:00\" \/>\n<meta property=\"article:modified_time\" content=\"2024-10-03T16:28:22+00:00\" \/>\n<meta property=\"og:image\" content=\"https:\/\/dev.leselfes.com\/wp-content\/uploads\/2022\/04\/Summer-Camp-Switzerland-Safety-Tips.jpg\" \/>\n\t<meta property=\"og:image:width\" content=\"975\" \/>\n\t<meta property=\"og:image:height\" content=\"675\" \/>\n\t<meta property=\"og:image:type\" content=\"image\/jpeg\" \/>\n<meta name=\"author\" content=\"lesadmin\" \/>\n<meta name=\"twitter:card\" content=\"summary_large_image\" \/>\n<meta name=\"twitter:creator\" content=\"@LesElfesCamps\" \/>\n<meta name=\"twitter:site\" content=\"@LesElfesCamps\" \/>\n<meta name=\"twitter:label1\" content=\"Escrito por\" \/>\n\t<meta name=\"twitter:data1\" content=\"lesadmin\" \/>\n\t<meta name=\"twitter:label2\" content=\"Tempo estimado de leitura\" \/>\n\t<meta name=\"twitter:data2\" content=\"16 minutos\" \/>\n<script type=\"application\/ld+json\" class=\"yoast-schema-graph\">{\"@context\":\"https:\/\/schema.org\",\"@graph\":[{\"@type\":\"Article\",\"@id\":\"https:\/\/www.leselfes.com\/pt-pt\/acampamento-de-verao-na-suica-dicas-de-seguranca-durante-a-covid-19\/#article\",\"isPartOf\":{\"@id\":\"https:\/\/www.leselfes.com\/pt-pt\/acampamento-de-verao-na-suica-dicas-de-seguranca-durante-a-covid-19\/\"},\"author\":{\"name\":\"lesadmin\",\"@id\":\"https:\/\/dev.leselfes.com\/#\/schema\/person\/407a229698868b8c603874b19f37f289\"},\"headline\":\"Acampamento de ver\u00e3o na Su\u00ed\u00e7a Dicas de seguran\u00e7a durante a Covid-19\",\"datePublished\":\"2022-04-12T04:20:21+00:00\",\"dateModified\":\"2024-10-03T16:28:22+00:00\",\"mainEntityOfPage\":{\"@id\":\"https:\/\/www.leselfes.com\/pt-pt\/acampamento-de-verao-na-suica-dicas-de-seguranca-durante-a-covid-19\/\"},\"wordCount\":3120,\"publisher\":{\"@id\":\"https:\/\/dev.leselfes.com\/#organization\"},\"image\":{\"@id\":\"https:\/\/www.leselfes.com\/pt-pt\/acampamento-de-verao-na-suica-dicas-de-seguranca-durante-a-covid-19\/#primaryimage\"},\"thumbnailUrl\":\"https:\/\/www.leselfes.com\/wp-content\/uploads\/2022\/04\/Summer-Camp-Switzerland-Safety-Tips.jpg\",\"keywords\":[\"acampamento de ver\u00e3o\",\"Acampamento de ver\u00e3o na Su\u00ed\u00e7a Dicas de seguran\u00e7a\",\"Campos de f\u00e9rias na Su\u00ed\u00e7a\",\"Covid 19 Dicas de seguran\u00e7a no acampamento de ver\u00e3o\"],\"articleSection\":[\"Acampamento de ver\u00e3o\",\"Conselhos para os pais\"],\"inLanguage\":\"pt-PT\"},{\"@type\":\"WebPage\",\"@id\":\"https:\/\/www.leselfes.com\/pt-pt\/acampamento-de-verao-na-suica-dicas-de-seguranca-durante-a-covid-19\/\",\"url\":\"https:\/\/www.leselfes.com\/pt-pt\/acampamento-de-verao-na-suica-dicas-de-seguranca-durante-a-covid-19\/\",\"name\":\"13 Conselhos de seguran\u00e7a para a col\u00f3nia de f\u00e9rias na Su\u00ed\u00e7a durante a Covid-19 em 2022\",\"isPartOf\":{\"@id\":\"https:\/\/dev.leselfes.com\/#website\"},\"primaryImageOfPage\":{\"@id\":\"https:\/\/www.leselfes.com\/pt-pt\/acampamento-de-verao-na-suica-dicas-de-seguranca-durante-a-covid-19\/#primaryimage\"},\"image\":{\"@id\":\"https:\/\/www.leselfes.com\/pt-pt\/acampamento-de-verao-na-suica-dicas-de-seguranca-durante-a-covid-19\/#primaryimage\"},\"thumbnailUrl\":\"https:\/\/www.leselfes.com\/wp-content\/uploads\/2022\/04\/Summer-Camp-Switzerland-Safety-Tips.jpg\",\"datePublished\":\"2022-04-12T04:20:21+00:00\",\"dateModified\":\"2024-10-03T16:28:22+00:00\",\"description\":\"Aqui tens alguns conselhos de seguran\u00e7a durante o covid 19 que deves ter em conta antes de ires para um campo de f\u00e9rias na Su\u00ed\u00e7a.\",\"breadcrumb\":{\"@id\":\"https:\/\/www.leselfes.com\/pt-pt\/acampamento-de-verao-na-suica-dicas-de-seguranca-durante-a-covid-19\/#breadcrumb\"},\"inLanguage\":\"pt-PT\",\"potentialAction\":[{\"@type\":\"ReadAction\",\"target\":[\"https:\/\/www.leselfes.com\/pt-pt\/acampamento-de-verao-na-suica-dicas-de-seguranca-durante-a-covid-19\/\"]}]},{\"@type\":\"ImageObject\",\"inLanguage\":\"pt-PT\",\"@id\":\"https:\/\/www.leselfes.com\/pt-pt\/acampamento-de-verao-na-suica-dicas-de-seguranca-durante-a-covid-19\/#primaryimage\",\"url\":\"https:\/\/www.leselfes.com\/wp-content\/uploads\/2022\/04\/Summer-Camp-Switzerland-Safety-Tips.jpg\",\"contentUrl\":\"https:\/\/www.leselfes.com\/wp-content\/uploads\/2022\/04\/Summer-Camp-Switzerland-Safety-Tips.jpg\",\"width\":975,\"height\":675},{\"@type\":\"BreadcrumbList\",\"@id\":\"https:\/\/www.leselfes.com\/pt-pt\/acampamento-de-verao-na-suica-dicas-de-seguranca-durante-a-covid-19\/#breadcrumb\",\"itemListElement\":[{\"@type\":\"ListItem\",\"position\":1,\"name\":\"Home\",\"item\":\"https:\/\/www.leselfes.com\/pt-pt\/\"},{\"@type\":\"ListItem\",\"position\":2,\"name\":\"Acampamento de ver\u00e3o na Su\u00ed\u00e7a Dicas de seguran\u00e7a durante a Covid-19\"}]},{\"@type\":\"WebSite\",\"@id\":\"https:\/\/dev.leselfes.com\/#website\",\"url\":\"https:\/\/dev.leselfes.com\/\",\"name\":\"Les Elfes International\",\"description\":\"Les Elfes International, Verbier Switzerland. Summer Camp, Winter Camp, Spring Camps.\",\"publisher\":{\"@id\":\"https:\/\/dev.leselfes.com\/#organization\"},\"alternateName\":\"Les Elfes International\",\"potentialAction\":[{\"@type\":\"SearchAction\",\"target\":{\"@type\":\"EntryPoint\",\"urlTemplate\":\"https:\/\/dev.leselfes.com\/?s={search_term_string}\"},\"query-input\":{\"@type\":\"PropertyValueSpecification\",\"valueRequired\":true,\"valueName\":\"search_term_string\"}}],\"inLanguage\":\"pt-PT\"},{\"@type\":\"Organization\",\"@id\":\"https:\/\/dev.leselfes.com\/#organization\",\"name\":\"Les Elfes International\",\"alternateName\":\"Les Elfes International\",\"url\":\"https:\/\/dev.leselfes.com\/\",\"logo\":{\"@type\":\"ImageObject\",\"inLanguage\":\"pt-PT\",\"@id\":\"https:\/\/dev.leselfes.com\/#\/schema\/logo\/image\/\",\"url\":\"https:\/\/www.leselfes.com\/wp-content\/uploads\/2022\/03\/leselfes-logo.png\",\"contentUrl\":\"https:\/\/www.leselfes.com\/wp-content\/uploads\/2022\/03\/leselfes-logo.png\",\"width\":233,\"height\":51,\"caption\":\"Les Elfes International\"},\"image\":{\"@id\":\"https:\/\/dev.leselfes.com\/#\/schema\/logo\/image\/\"},\"sameAs\":[\"https:\/\/www.facebook.com\/LesElfesVerbier\",\"https:\/\/x.com\/LesElfesCamps\",\"https:\/\/www.instagram.com\/leselfes\",\"https:\/\/www.linkedin.com\/company\/les-elfes-international\",\"https:\/\/www.youtube.com\/user\/LesElfesVerbier\"]},{\"@type\":\"Person\",\"@id\":\"https:\/\/dev.leselfes.com\/#\/schema\/person\/407a229698868b8c603874b19f37f289\",\"name\":\"lesadmin\",\"image\":{\"@type\":\"ImageObject\",\"inLanguage\":\"pt-PT\",\"@id\":\"https:\/\/dev.leselfes.com\/#\/schema\/person\/image\/\",\"url\":\"https:\/\/secure.gravatar.com\/avatar\/fdb243a028df450397b3632d862f87f6?s=96&d=mm&r=g\",\"contentUrl\":\"https:\/\/secure.gravatar.com\/avatar\/fdb243a028df450397b3632d862f87f6?s=96&d=mm&r=g\",\"caption\":\"lesadmin\"},\"url\":\"https:\/\/www.leselfes.com\/pt-pt\/author\/lesadmin\/\"}]}<\/script>\n<!-- \/ Yoast SEO Premium plugin. -->","yoast_head_json":{"title":"13 Conselhos de seguran\u00e7a para a col\u00f3nia de f\u00e9rias na Su\u00ed\u00e7a durante a Covid-19 em 2022","description":"Aqui tens alguns conselhos de seguran\u00e7a durante o covid 19 que deves ter em conta antes de ires para um campo de f\u00e9rias na Su\u00ed\u00e7a.","robots":{"index":"index","follow":"follow","max-snippet":"max-snippet:-1","max-image-preview":"max-image-preview:large","max-video-preview":"max-video-preview:-1"},"canonical":"https:\/\/www.leselfes.com\/pt-pt\/acampamento-de-verao-na-suica-dicas-de-seguranca-durante-a-covid-19\/","og_locale":"pt_PT","og_type":"article","og_title":"Acampamento de ver\u00e3o na Su\u00ed\u00e7a Dicas de seguran\u00e7a durante a Covid-19","og_description":"Aqui tens alguns conselhos de seguran\u00e7a durante o covid 19 que deves ter em conta antes de ires para um campo de f\u00e9rias na Su\u00ed\u00e7a.","og_url":"https:\/\/www.leselfes.com\/pt-pt\/acampamento-de-verao-na-suica-dicas-de-seguranca-durante-a-covid-19\/","og_site_name":"Les Elfes International Camps Switzerland","article_publisher":"https:\/\/www.facebook.com\/LesElfesVerbier","article_published_time":"2022-04-12T04:20:21+00:00","article_modified_time":"2024-10-03T16:28:22+00:00","og_image":[{"width":975,"height":675,"url":"https:\/\/dev.leselfes.com\/wp-content\/uploads\/2022\/04\/Summer-Camp-Switzerland-Safety-Tips.jpg","type":"image\/jpeg"}],"author":"lesadmin","twitter_card":"summary_large_image","twitter_creator":"@LesElfesCamps","twitter_site":"@LesElfesCamps","twitter_misc":{"Escrito por":"lesadmin","Tempo estimado de leitura":"16 minutos"},"schema":{"@context":"https:\/\/schema.org","@graph":[{"@type":"Article","@id":"https:\/\/www.leselfes.com\/pt-pt\/acampamento-de-verao-na-suica-dicas-de-seguranca-durante-a-covid-19\/#article","isPartOf":{"@id":"https:\/\/www.leselfes.com\/pt-pt\/acampamento-de-verao-na-suica-dicas-de-seguranca-durante-a-covid-19\/"},"author":{"name":"lesadmin","@id":"https:\/\/dev.leselfes.com\/#\/schema\/person\/407a229698868b8c603874b19f37f289"},"headline":"Acampamento de ver\u00e3o na Su\u00ed\u00e7a Dicas de seguran\u00e7a durante a Covid-19","datePublished":"2022-04-12T04:20:21+00:00","dateModified":"2024-10-03T16:28:22+00:00","mainEntityOfPage":{"@id":"https:\/\/www.leselfes.com\/pt-pt\/acampamento-de-verao-na-suica-dicas-de-seguranca-durante-a-covid-19\/"},"wordCount":3120,"publisher":{"@id":"https:\/\/dev.leselfes.com\/#organization"},"image":{"@id":"https:\/\/www.leselfes.com\/pt-pt\/acampamento-de-verao-na-suica-dicas-de-seguranca-durante-a-covid-19\/#primaryimage"},"thumbnailUrl":"https:\/\/www.leselfes.com\/wp-content\/uploads\/2022\/04\/Summer-Camp-Switzerland-Safety-Tips.jpg","keywords":["acampamento de ver\u00e3o","Acampamento de ver\u00e3o na Su\u00ed\u00e7a Dicas de seguran\u00e7a","Campos de f\u00e9rias na Su\u00ed\u00e7a","Covid 19 Dicas de seguran\u00e7a no acampamento de ver\u00e3o"],"articleSection":["Acampamento de ver\u00e3o","Conselhos para os pais"],"inLanguage":"pt-PT"},{"@type":"WebPage","@id":"https:\/\/www.leselfes.com\/pt-pt\/acampamento-de-verao-na-suica-dicas-de-seguranca-durante-a-covid-19\/","url":"https:\/\/www.leselfes.com\/pt-pt\/acampamento-de-verao-na-suica-dicas-de-seguranca-durante-a-covid-19\/","name":"13 Conselhos de seguran\u00e7a para a col\u00f3nia de f\u00e9rias na Su\u00ed\u00e7a durante a Covid-19 em 2022","isPartOf":{"@id":"https:\/\/dev.leselfes.com\/#website"},"primaryImageOfPage":{"@id":"https:\/\/www.leselfes.com\/pt-pt\/acampamento-de-verao-na-suica-dicas-de-seguranca-durante-a-covid-19\/#primaryimage"},"image":{"@id":"https:\/\/www.leselfes.com\/pt-pt\/acampamento-de-verao-na-suica-dicas-de-seguranca-durante-a-covid-19\/#primaryimage"},"thumbnailUrl":"https:\/\/www.leselfes.com\/wp-content\/uploads\/2022\/04\/Summer-Camp-Switzerland-Safety-Tips.jpg","datePublished":"2022-04-12T04:20:21+00:00","dateModified":"2024-10-03T16:28:22+00:00","description":"Aqui tens alguns conselhos de seguran\u00e7a durante o covid 19 que deves ter em conta antes de ires para um campo de f\u00e9rias na Su\u00ed\u00e7a.","breadcrumb":{"@id":"https:\/\/www.leselfes.com\/pt-pt\/acampamento-de-verao-na-suica-dicas-de-seguranca-durante-a-covid-19\/#breadcrumb"},"inLanguage":"pt-PT","potentialAction":[{"@type":"ReadAction","target":["https:\/\/www.leselfes.com\/pt-pt\/acampamento-de-verao-na-suica-dicas-de-seguranca-durante-a-covid-19\/"]}]},{"@type":"ImageObject","inLanguage":"pt-PT","@id":"https:\/\/www.leselfes.com\/pt-pt\/acampamento-de-verao-na-suica-dicas-de-seguranca-durante-a-covid-19\/#primaryimage","url":"https:\/\/www.leselfes.com\/wp-content\/uploads\/2022\/04\/Summer-Camp-Switzerland-Safety-Tips.jpg","contentUrl":"https:\/\/www.leselfes.com\/wp-content\/uploads\/2022\/04\/Summer-Camp-Switzerland-Safety-Tips.jpg","width":975,"height":675},{"@type":"BreadcrumbList","@id":"https:\/\/www.leselfes.com\/pt-pt\/acampamento-de-verao-na-suica-dicas-de-seguranca-durante-a-covid-19\/#breadcrumb","itemListElement":[{"@type":"ListItem","position":1,"name":"Home","item":"https:\/\/www.leselfes.com\/pt-pt\/"},{"@type":"ListItem","position":2,"name":"Acampamento de ver\u00e3o na Su\u00ed\u00e7a Dicas de seguran\u00e7a durante a Covid-19"}]},{"@type":"WebSite","@id":"https:\/\/dev.leselfes.com\/#website","url":"https:\/\/dev.leselfes.com\/","name":"Les Elfes International","description":"Les Elfes International, Verbier Switzerland. Summer Camp, Winter Camp, Spring Camps.","publisher":{"@id":"https:\/\/dev.leselfes.com\/#organization"},"alternateName":"Les Elfes International","potentialAction":[{"@type":"SearchAction","target":{"@type":"EntryPoint","urlTemplate":"https:\/\/dev.leselfes.com\/?s={search_term_string}"},"query-input":{"@type":"PropertyValueSpecification","valueRequired":true,"valueName":"search_term_string"}}],"inLanguage":"pt-PT"},{"@type":"Organization","@id":"https:\/\/dev.leselfes.com\/#organization","name":"Les Elfes International","alternateName":"Les Elfes International","url":"https:\/\/dev.leselfes.com\/","logo":{"@type":"ImageObject","inLanguage":"pt-PT","@id":"https:\/\/dev.leselfes.com\/#\/schema\/logo\/image\/","url":"https:\/\/www.leselfes.com\/wp-content\/uploads\/2022\/03\/leselfes-logo.png","contentUrl":"https:\/\/www.leselfes.com\/wp-content\/uploads\/2022\/03\/leselfes-logo.png","width":233,"height":51,"caption":"Les Elfes International"},"image":{"@id":"https:\/\/dev.leselfes.com\/#\/schema\/logo\/image\/"},"sameAs":["https:\/\/www.facebook.com\/LesElfesVerbier","https:\/\/x.com\/LesElfesCamps","https:\/\/www.instagram.com\/leselfes","https:\/\/www.linkedin.com\/company\/les-elfes-international","https:\/\/www.youtube.com\/user\/LesElfesVerbier"]},{"@type":"Person","@id":"https:\/\/dev.leselfes.com\/#\/schema\/person\/407a229698868b8c603874b19f37f289","name":"lesadmin","image":{"@type":"ImageObject","inLanguage":"pt-PT","@id":"https:\/\/dev.leselfes.com\/#\/schema\/person\/image\/","url":"https:\/\/secure.gravatar.com\/avatar\/fdb243a028df450397b3632d862f87f6?s=96&d=mm&r=g","contentUrl":"https:\/\/secure.gravatar.com\/avatar\/fdb243a028df450397b3632d862f87f6?s=96&d=mm&r=g","caption":"lesadmin"},"url":"https:\/\/www.leselfes.com\/pt-pt\/author\/lesadmin\/"}]}},"_links":{"self":[{"href":"https:\/\/www.leselfes.com\/pt-pt\/wp-json\/wp\/v2\/posts\/87184"}],"collection":[{"href":"https:\/\/www.leselfes.com\/pt-pt\/wp-json\/wp\/v2\/posts"}],"about":[{"href":"https:\/\/www.leselfes.com\/pt-pt\/wp-json\/wp\/v2\/types\/post"}],"author":[{"embeddable":true,"href":"https:\/\/www.leselfes.com\/pt-pt\/wp-json\/wp\/v2\/users\/1"}],"replies":[{"embeddable":true,"href":"https:\/\/www.leselfes.com\/pt-pt\/wp-json\/wp\/v2\/comments?post=87184"}],"version-history":[{"count":0,"href":"https:\/\/www.leselfes.com\/pt-pt\/wp-json\/wp\/v2\/posts\/87184\/revisions"}],"wp:featuredmedia":[{"embeddable":true,"href":"https:\/\/www.leselfes.com\/pt-pt\/wp-json\/wp\/v2\/media\/75878"}],"wp:attachment":[{"href":"https:\/\/www.leselfes.com\/pt-pt\/wp-json\/wp\/v2\/media?parent=87184"}],"wp:term":[{"taxonomy":"category","embeddable":true,"href":"https:\/\/www.leselfes.com\/pt-pt\/wp-json\/wp\/v2\/categories?post=87184"},{"taxonomy":"post_tag","embeddable":true,"href":"https:\/\/www.leselfes.com\/pt-pt\/wp-json\/wp\/v2\/tags?post=87184"}],"curies":[{"name":"wp","href":"https:\/\/api.w.org\/{rel}","templated":true}]}}