{"id":87260,"date":"2021-07-25T15:59:11","date_gmt":"2021-07-25T13:59:11","guid":{"rendered":"https:\/\/www.leselfes.com\/sera-que-as-colonias-de-ferias-durante-a-pandemia-sao-seguras-para-as-criancas\/"},"modified":"2024-10-03T18:30:45","modified_gmt":"2024-10-03T16:30:45","slug":"sera-que-as-colonias-de-ferias-durante-a-pandemia-sao-seguras-para-as-criancas","status":"publish","type":"post","link":"https:\/\/www.leselfes.com\/pt-pt\/sera-que-as-colonias-de-ferias-durante-a-pandemia-sao-seguras-para-as-criancas\/","title":{"rendered":"Ser\u00e1 que as col\u00f3nias de f\u00e9rias durante a pandemia s\u00e3o seguras para as crian\u00e7as?"},"content":{"rendered":"<p style=\"text-align: left;\"><b>Mandar as crian\u00e7as para um campo de f\u00e9rias<\/b> parecia uma tarefa dif\u00edcil no ano passado, no in\u00edcio da pandemia.<br \/>\nHoje, as crian\u00e7as t\u00eam esperan\u00e7a de ir a um acampamento, especialmente com a inven\u00e7\u00e3o da vacina contra a Covid-19. <\/p>\n<p><!-- \/wp:paragraph --><!-- wp:paragraph -->  Est\u00e1s a pensar se deves ou n\u00e3o mandar o teu filho para um campo de f\u00e9rias?<br \/>\nEste artigo vai ajudar-te a tomar uma decis\u00e3o informada.<br \/>\nContinua a ler para obteres informa\u00e7\u00f5es detalhadas sobre    <b>seguran\u00e7a dos acampamentos de ver\u00e3o no meio da pandemia.<\/b><br \/>\n<div id=\"ez-toc-container\" class=\"ez-toc-v2_0_73 ez-toc-wrap-left counter-hierarchy ez-toc-counter ez-toc-grey ez-toc-container-direction\">\n<div class=\"ez-toc-title-container\">\n<span class=\"ez-toc-title ez-toc-toggle\" style=\"cursor:pointer\">Table of Contents<\/span>\n<span class=\"ez-toc-title-toggle\"><a href=\"#\" class=\"ez-toc-pull-right ez-toc-btn ez-toc-btn-xs ez-toc-btn-default ez-toc-toggle\" aria-label=\"Toggle Table of Content\"><span class=\"ez-toc-js-icon-con\"><span class=\"\"><span class=\"eztoc-hide\" style=\"display:none;\">Toggle<\/span><span class=\"ez-toc-icon-toggle-span\"><svg style=\"fill: #999;color:#999\" xmlns=\"http:\/\/www.w3.org\/2000\/svg\" class=\"list-377408\" width=\"20px\" height=\"20px\" viewBox=\"0 0 24 24\" fill=\"none\"><path d=\"M6 6H4v2h2V6zm14 0H8v2h12V6zM4 11h2v2H4v-2zm16 0H8v2h12v-2zM4 16h2v2H4v-2zm16 0H8v2h12v-2z\" fill=\"currentColor\"><\/path><\/svg><svg style=\"fill: #999;color:#999\" class=\"arrow-unsorted-368013\" xmlns=\"http:\/\/www.w3.org\/2000\/svg\" width=\"10px\" height=\"10px\" viewBox=\"0 0 24 24\" version=\"1.2\" baseProfile=\"tiny\"><path d=\"M18.2 9.3l-6.2-6.3-6.2 6.3c-.2.2-.3.4-.3.7s.1.5.3.7c.2.2.4.3.7.3h11c.3 0 .5-.1.7-.3.2-.2.3-.5.3-.7s-.1-.5-.3-.7zM5.8 14.7l6.2 6.3 6.2-6.3c.2-.2.3-.5.3-.7s-.1-.5-.3-.7c-.2-.2-.4-.3-.7-.3h-11c-.3 0-.5.1-.7.3-.2.2-.3.5-.3.7s.1.5.3.7z\"\/><\/svg><\/span><\/span><\/span><\/a><\/span><\/div>\n<nav><ul class='ez-toc-list ez-toc-list-level-1 eztoc-toggle-hide-by-default' ><li class='ez-toc-page-1 ez-toc-heading-level-2'><a class=\"ez-toc-link ez-toc-heading-1\" href=\"https:\/\/www.leselfes.com\/pt-pt\/sera-que-as-colonias-de-ferias-durante-a-pandemia-sao-seguras-para-as-criancas\/#Orientacoes_para_garantir_a_seguranca_nos_campos_de_ferias_durante_a_Covid-19\" title=\"Orienta\u00e7\u00f5es para garantir a seguran\u00e7a nos campos de f\u00e9rias durante a Covid-19\">Orienta\u00e7\u00f5es para garantir a seguran\u00e7a nos campos de f\u00e9rias durante a Covid-19<\/a><ul class='ez-toc-list-level-3' ><li class='ez-toc-heading-level-3'><a class=\"ez-toc-link ez-toc-heading-2\" href=\"https:\/\/www.leselfes.com\/pt-pt\/sera-que-as-colonias-de-ferias-durante-a-pandemia-sao-seguras-para-as-criancas\/#%E2%80%93_Usar_corretamente_as_mascaras\" title=\"&#8211;&nbsp;&nbsp;&nbsp;&nbsp; &nbsp;&nbsp; Usar corretamente as m\u00e1scaras\">&#8211;&nbsp;&nbsp;&nbsp;&nbsp; &nbsp;&nbsp; Usar corretamente as m\u00e1scaras<\/a><\/li><li class='ez-toc-page-1 ez-toc-heading-level-3'><a class=\"ez-toc-link ez-toc-heading-3\" href=\"https:\/\/www.leselfes.com\/pt-pt\/sera-que-as-colonias-de-ferias-durante-a-pandemia-sao-seguras-para-as-criancas\/#%E2%80%93_Concentra-te_nas_actividades_ao_ar_livre\" title=\"&#8211;&nbsp;&nbsp;&nbsp;&nbsp; &nbsp;&nbsp; &nbsp; Concentra-te nas actividades ao ar livre\">&#8211;&nbsp;&nbsp;&nbsp;&nbsp; &nbsp;&nbsp; &nbsp; Concentra-te nas actividades ao ar livre<\/a><\/li><li class='ez-toc-page-1 ez-toc-heading-level-3'><a class=\"ez-toc-link ez-toc-heading-4\" href=\"https:\/\/www.leselfes.com\/pt-pt\/sera-que-as-colonias-de-ferias-durante-a-pandemia-sao-seguras-para-as-criancas\/#%E2%80%93_Manter_a_distancia_fisica\" title=\"&#8211;&nbsp;&nbsp;&nbsp;&nbsp; &nbsp;&nbsp; &nbsp; Manter a dist\u00e2ncia f\u00edsica\">&#8211;&nbsp;&nbsp;&nbsp;&nbsp; &nbsp;&nbsp; &nbsp; Manter a dist\u00e2ncia f\u00edsica<\/a><\/li><li class='ez-toc-page-1 ez-toc-heading-level-3'><a class=\"ez-toc-link ez-toc-heading-5\" href=\"https:\/\/www.leselfes.com\/pt-pt\/sera-que-as-colonias-de-ferias-durante-a-pandemia-sao-seguras-para-as-criancas\/#%E2%80%93_Adocao_de_praticas_de_teste_e_monitorizacao\" title=\"&#8211;&nbsp;&nbsp;&nbsp;&nbsp; &nbsp;&nbsp; Ado\u00e7\u00e3o de pr\u00e1ticas de teste e monitoriza\u00e7\u00e3o\">&#8211;&nbsp;&nbsp;&nbsp;&nbsp; &nbsp;&nbsp; Ado\u00e7\u00e3o de pr\u00e1ticas de teste e monitoriza\u00e7\u00e3o<\/a><\/li><li class='ez-toc-page-1 ez-toc-heading-level-3'><a class=\"ez-toc-link ez-toc-heading-6\" href=\"https:\/\/www.leselfes.com\/pt-pt\/sera-que-as-colonias-de-ferias-durante-a-pandemia-sao-seguras-para-as-criancas\/#%E2%80%93_Higiene_das_maos_melhorada\" title=\"&#8211;&nbsp;&nbsp;&nbsp;&nbsp; &nbsp;&nbsp; &nbsp; Higiene das m\u00e3os melhorada\">&#8211;&nbsp;&nbsp;&nbsp;&nbsp; &nbsp;&nbsp; &nbsp; Higiene das m\u00e3os melhorada<\/a><\/li><li class='ez-toc-page-1 ez-toc-heading-level-3'><a class=\"ez-toc-link ez-toc-heading-7\" href=\"https:\/\/www.leselfes.com\/pt-pt\/sera-que-as-colonias-de-ferias-durante-a-pandemia-sao-seguras-para-as-criancas\/#%E2%80%93_Praticas_rigorosas_de_limpeza_desinfecao_e_manutencao_das_instalacoes\" title=\"&#8211;&nbsp;&nbsp;&nbsp;&nbsp; &nbsp;&nbsp; Pr\u00e1ticas rigorosas de limpeza, desinfe\u00e7\u00e3o e manuten\u00e7\u00e3o das instala\u00e7\u00f5es\">&#8211;&nbsp;&nbsp;&nbsp;&nbsp; &nbsp;&nbsp; Pr\u00e1ticas rigorosas de limpeza, desinfe\u00e7\u00e3o e manuten\u00e7\u00e3o das instala\u00e7\u00f5es<\/a><\/li><li class='ez-toc-page-1 ez-toc-heading-level-3'><a class=\"ez-toc-link ez-toc-heading-8\" href=\"https:\/\/www.leselfes.com\/pt-pt\/sera-que-as-colonias-de-ferias-durante-a-pandemia-sao-seguras-para-as-criancas\/#Diretrizes_adicionais_para_os_campistas_que_participam_em_campos_de_ferias_com_pernoita\" title=\"Diretrizes adicionais para os campistas que participam em campos de f\u00e9rias com pernoita\">Diretrizes adicionais para os campistas que participam em campos de f\u00e9rias com pernoita<\/a><\/li><li class='ez-toc-page-1 ez-toc-heading-level-3'><a class=\"ez-toc-link ez-toc-heading-9\" href=\"https:\/\/www.leselfes.com\/pt-pt\/sera-que-as-colonias-de-ferias-durante-a-pandemia-sao-seguras-para-as-criancas\/#%E2%80%93_Adotar_um_plano_de_contingencia_para_lidar_com_uma_doenca_de_emergencia\" title=\"&#8211;&nbsp;&nbsp;&nbsp;&nbsp; &nbsp;&nbsp; &nbsp; Adotar um plano de conting\u00eancia para lidar com uma doen\u00e7a de emerg\u00eancia\">&#8211;&nbsp;&nbsp;&nbsp;&nbsp; &nbsp;&nbsp; &nbsp; Adotar um plano de conting\u00eancia para lidar com uma doen\u00e7a de emerg\u00eancia<\/a><\/li><li class='ez-toc-page-1 ez-toc-heading-level-3'><a class=\"ez-toc-link ez-toc-heading-10\" href=\"https:\/\/www.leselfes.com\/pt-pt\/sera-que-as-colonias-de-ferias-durante-a-pandemia-sao-seguras-para-as-criancas\/#%E2%80%93_Rastreio_de_contactos\" title=\"&#8211;&nbsp;&nbsp;&nbsp;&nbsp; &nbsp;&nbsp; Rastreio de contactos\">&#8211;&nbsp;&nbsp;&nbsp;&nbsp; &nbsp;&nbsp; Rastreio de contactos<\/a><\/li><\/ul><\/li><li class='ez-toc-page-1 ez-toc-heading-level-2'><a class=\"ez-toc-link ez-toc-heading-11\" href=\"https:\/\/www.leselfes.com\/pt-pt\/sera-que-as-colonias-de-ferias-durante-a-pandemia-sao-seguras-para-as-criancas\/#Enviar_o_teu_filho_para_um_campo_de_ferias_durante_a_pandemia_e_arriscado\" title=\"Enviar o teu filho para um campo de f\u00e9rias durante a pandemia \u00e9 arriscado?\">Enviar o teu filho para um campo de f\u00e9rias durante a pandemia \u00e9 arriscado?<\/a><ul class='ez-toc-list-level-3' ><li class='ez-toc-heading-level-3'><a class=\"ez-toc-link ez-toc-heading-12\" href=\"https:\/\/www.leselfes.com\/pt-pt\/sera-que-as-colonias-de-ferias-durante-a-pandemia-sao-seguras-para-as-criancas\/#%E2%80%93_Compreende_os_limites_que_prevalecem_nas_multidoes\" title=\"&#8211;&nbsp;&nbsp;&nbsp;&nbsp; &nbsp;&nbsp; &nbsp; Compreende os limites que prevalecem nas multid\u00f5es\">&#8211;&nbsp;&nbsp;&nbsp;&nbsp; &nbsp;&nbsp; &nbsp; Compreende os limites que prevalecem nas multid\u00f5es<\/a><\/li><li class='ez-toc-page-1 ez-toc-heading-level-3'><a class=\"ez-toc-link ez-toc-heading-13\" href=\"https:\/\/www.leselfes.com\/pt-pt\/sera-que-as-colonias-de-ferias-durante-a-pandemia-sao-seguras-para-as-criancas\/#%E2%80%93_Determina_os_casos_de_coronavirus_na_area\" title=\"&#8211;&nbsp;&nbsp;&nbsp;&nbsp; &nbsp;&nbsp; Determina os casos de coronav\u00edrus na \u00e1rea\">&#8211;&nbsp;&nbsp;&nbsp;&nbsp; &nbsp;&nbsp; Determina os casos de coronav\u00edrus na \u00e1rea<\/a><\/li><li class='ez-toc-page-1 ez-toc-heading-level-3'><a class=\"ez-toc-link ez-toc-heading-14\" href=\"https:\/\/www.leselfes.com\/pt-pt\/sera-que-as-colonias-de-ferias-durante-a-pandemia-sao-seguras-para-as-criancas\/#%E2%80%93_Faz_perguntas_com_enfase_na_seguranca\" title=\"&#8211;&nbsp; &nbsp; Faz perguntas com \u00eanfase na seguran\u00e7a\">&#8211;&nbsp; &nbsp; Faz perguntas com \u00eanfase na seguran\u00e7a<\/a><\/li><li class='ez-toc-page-1 ez-toc-heading-level-3'><a class=\"ez-toc-link ez-toc-heading-15\" href=\"https:\/\/www.leselfes.com\/pt-pt\/sera-que-as-colonias-de-ferias-durante-a-pandemia-sao-seguras-para-as-criancas\/#Praticas_de_monitorizacao_da_saude\" title=\"Pr\u00e1ticas de monitoriza\u00e7\u00e3o da sa\u00fade\">Pr\u00e1ticas de monitoriza\u00e7\u00e3o da sa\u00fade<\/a><\/li><\/ul><\/li><li class='ez-toc-page-1 ez-toc-heading-level-2'><a class=\"ez-toc-link ez-toc-heading-16\" href=\"https:\/\/www.leselfes.com\/pt-pt\/sera-que-as-colonias-de-ferias-durante-a-pandemia-sao-seguras-para-as-criancas\/#O_que_procurar_nos_campos_de_ferias_em_plena_pandemia\" title=\"O que procurar nos campos de f\u00e9rias em plena pandemia?\">O que procurar nos campos de f\u00e9rias em plena pandemia?<\/a><ul class='ez-toc-list-level-3' ><li class='ez-toc-heading-level-3'><a class=\"ez-toc-link ez-toc-heading-17\" href=\"https:\/\/www.leselfes.com\/pt-pt\/sera-que-as-colonias-de-ferias-durante-a-pandemia-sao-seguras-para-as-criancas\/#%E2%80%93_Que_medidas_adoptou_o_acampamento_para_garantir_que_os_campistas_cumprem_os_regulamentos_de_seguranca_relativos_a_Covid-19\" title=\"&#8211;&nbsp;&nbsp;&nbsp;&nbsp; &nbsp;&nbsp; &nbsp; Que medidas adoptou o acampamento para garantir que os campistas cumprem os regulamentos de seguran\u00e7a relativos \u00e0 Covid-19?\">&#8211;&nbsp;&nbsp;&nbsp;&nbsp; &nbsp;&nbsp; &nbsp; Que medidas adoptou o acampamento para garantir que os campistas cumprem os regulamentos de seguran\u00e7a relativos \u00e0 Covid-19?<\/a><\/li><li class='ez-toc-page-1 ez-toc-heading-level-3'><a class=\"ez-toc-link ez-toc-heading-18\" href=\"https:\/\/www.leselfes.com\/pt-pt\/sera-que-as-colonias-de-ferias-durante-a-pandemia-sao-seguras-para-as-criancas\/#%E2%80%93_A_maior_parte_das_actividades_realizar-se-a_no_exterior_ou_no_interior\" title=\"&#8211;&nbsp;&nbsp;&nbsp;&nbsp; &nbsp;&nbsp; &nbsp; A maior parte das actividades realizar-se-\u00e1 no exterior ou no interior?\">&#8211;&nbsp;&nbsp;&nbsp;&nbsp; &nbsp;&nbsp; &nbsp; A maior parte das actividades realizar-se-\u00e1 no exterior ou no interior?<\/a><\/li><li class='ez-toc-page-1 ez-toc-heading-level-3'><a class=\"ez-toc-link ez-toc-heading-19\" href=\"https:\/\/www.leselfes.com\/pt-pt\/sera-que-as-colonias-de-ferias-durante-a-pandemia-sao-seguras-para-as-criancas\/#%E2%80%93_E_se_um_campista_ou_membro_do_pessoal_ficar_doente\" title=\"&#8211;&nbsp;&nbsp;&nbsp;&nbsp; &nbsp;&nbsp; E se um campista ou membro do pessoal ficar doente?\">&#8211;&nbsp;&nbsp;&nbsp;&nbsp; &nbsp;&nbsp; E se um campista ou membro do pessoal ficar doente?<\/a><\/li><li class='ez-toc-page-1 ez-toc-heading-level-3'><a class=\"ez-toc-link ez-toc-heading-20\" href=\"https:\/\/www.leselfes.com\/pt-pt\/sera-que-as-colonias-de-ferias-durante-a-pandemia-sao-seguras-para-as-criancas\/#%E2%80%93_Existe_apoio_imediato_para_os_campistas_que_necessitam_de_cuidados_de_saude_especializados\" title=\"&#8211;&nbsp;&nbsp;&nbsp;&nbsp; &nbsp;&nbsp; Existe apoio imediato para os campistas que necessitam de cuidados de sa\u00fade especializados?\">&#8211;&nbsp;&nbsp;&nbsp;&nbsp; &nbsp;&nbsp; Existe apoio imediato para os campistas que necessitam de cuidados de sa\u00fade especializados?<\/a><\/li><li class='ez-toc-page-1 ez-toc-heading-level-3'><a class=\"ez-toc-link ez-toc-heading-21\" href=\"https:\/\/www.leselfes.com\/pt-pt\/sera-que-as-colonias-de-ferias-durante-a-pandemia-sao-seguras-para-as-criancas\/#%E2%80%93_Como_funcionam_os_horarios_das_refeicoes_e_dos_lanches\" title=\"&#8211;&nbsp;&nbsp;&nbsp;&nbsp; &nbsp;&nbsp; Como funcionam os hor\u00e1rios das refei\u00e7\u00f5es e dos lanches?\">&#8211;&nbsp;&nbsp;&nbsp;&nbsp; &nbsp;&nbsp; Como funcionam os hor\u00e1rios das refei\u00e7\u00f5es e dos lanches?<\/a><\/li><\/ul><\/li><li class='ez-toc-page-1 ez-toc-heading-level-2'><a class=\"ez-toc-link ez-toc-heading-22\" href=\"https:\/\/www.leselfes.com\/pt-pt\/sera-que-as-colonias-de-ferias-durante-a-pandemia-sao-seguras-para-as-criancas\/#Consideracoes_a_fazer_antes_de_enviares_o_teu_filho_para_um_campo_de_ferias\" title=\"Considera\u00e7\u00f5es a fazer antes de enviares o teu filho para um campo de f\u00e9rias\">Considera\u00e7\u00f5es a fazer antes de enviares o teu filho para um campo de f\u00e9rias<\/a><ul class='ez-toc-list-level-3' ><li class='ez-toc-heading-level-3'><a class=\"ez-toc-link ez-toc-heading-23\" href=\"https:\/\/www.leselfes.com\/pt-pt\/sera-que-as-colonias-de-ferias-durante-a-pandemia-sao-seguras-para-as-criancas\/#%E2%80%93_Compreende_os_protocolos_de_seguranca_adoptados_pelo_campo_de_ferias_para_proteger_os_campistas_da_Covid-19\" title=\"&#8211;&nbsp;&nbsp;&nbsp;&nbsp; &nbsp;&nbsp; Compreende os protocolos de seguran\u00e7a adoptados pelo campo de f\u00e9rias para proteger os campistas da Covid-19\">&#8211;&nbsp;&nbsp;&nbsp;&nbsp; &nbsp;&nbsp; Compreende os protocolos de seguran\u00e7a adoptados pelo campo de f\u00e9rias para proteger os campistas da Covid-19<\/a><\/li><li class='ez-toc-page-1 ez-toc-heading-level-3'><a class=\"ez-toc-link ez-toc-heading-24\" href=\"https:\/\/www.leselfes.com\/pt-pt\/sera-que-as-colonias-de-ferias-durante-a-pandemia-sao-seguras-para-as-criancas\/#%E2%80%93_Determina_os_factores_de_risco_e_toma_a_vacina\" title=\"&#8211;&nbsp;&nbsp;&nbsp;&nbsp; &nbsp;&nbsp; Determina os factores de risco e toma a vacina&nbsp;\">&#8211;&nbsp;&nbsp;&nbsp;&nbsp; &nbsp;&nbsp; Determina os factores de risco e toma a vacina&nbsp;<\/a><\/li><li class='ez-toc-page-1 ez-toc-heading-level-3'><a class=\"ez-toc-link ez-toc-heading-25\" href=\"https:\/\/www.leselfes.com\/pt-pt\/sera-que-as-colonias-de-ferias-durante-a-pandemia-sao-seguras-para-as-criancas\/#%E2%80%93_Descobre_como_e_que_as_actividades_do_campo_durante_a_pandemia_serao_diferentes_dos_tempos_pre-pandemicos\" title=\"&#8211;&nbsp; &nbsp; &nbsp; Descobre como \u00e9 que as actividades do campo durante a pandemia ser\u00e3o diferentes dos tempos pr\u00e9-pand\u00e9micos\">&#8211;&nbsp; &nbsp; &nbsp; Descobre como \u00e9 que as actividades do campo durante a pandemia ser\u00e3o diferentes dos tempos pr\u00e9-pand\u00e9micos<\/a><\/li><li class='ez-toc-page-1 ez-toc-heading-level-3'><a class=\"ez-toc-link ez-toc-heading-26\" href=\"https:\/\/www.leselfes.com\/pt-pt\/sera-que-as-colonias-de-ferias-durante-a-pandemia-sao-seguras-para-as-criancas\/#%E2%80%93_Descobre_o_que_acontece_se_o_teu_filho_ficar_doente\" title=\"&#8211;&nbsp;&nbsp;&nbsp;&nbsp; &nbsp;&nbsp; Descobre o que acontece se o teu filho ficar doente\">&#8211;&nbsp;&nbsp;&nbsp;&nbsp; &nbsp;&nbsp; Descobre o que acontece se o teu filho ficar doente<\/a><\/li><li class='ez-toc-page-1 ez-toc-heading-level-3'><a class=\"ez-toc-link ez-toc-heading-27\" href=\"https:\/\/www.leselfes.com\/pt-pt\/sera-que-as-colonias-de-ferias-durante-a-pandemia-sao-seguras-para-as-criancas\/#%E2%80%93_Determina_os_regulamentos_do_campo_de_ferias\" title=\"&#8211;&nbsp;&nbsp;&nbsp;&nbsp; &nbsp;&nbsp; &nbsp; Determina os regulamentos do campo de f\u00e9rias\">&#8211;&nbsp;&nbsp;&nbsp;&nbsp; &nbsp;&nbsp; &nbsp; Determina os regulamentos do campo de f\u00e9rias<\/a><\/li><li class='ez-toc-page-1 ez-toc-heading-level-3'><a class=\"ez-toc-link ez-toc-heading-28\" href=\"https:\/\/www.leselfes.com\/pt-pt\/sera-que-as-colonias-de-ferias-durante-a-pandemia-sao-seguras-para-as-criancas\/#Tomar_a_decisao_final\" title=\"Tomar a decis\u00e3o final\">Tomar a decis\u00e3o final<\/a><\/li><\/ul><\/li><li class='ez-toc-page-1 ez-toc-heading-level-2'><a class=\"ez-toc-link ez-toc-heading-29\" href=\"https:\/\/www.leselfes.com\/pt-pt\/sera-que-as-colonias-de-ferias-durante-a-pandemia-sao-seguras-para-as-criancas\/#Finalmente\" title=\"Finalmente\">Finalmente<\/a><\/li><\/ul><\/nav><\/div>\n\n<p style=\"text-align: center;\">Est\u00e1s a pensar inscrever o teu filho num campo de f\u00e9rias em 2021?<\/p>\n<p style=\"text-align: center;\">Descobre o que Les Elfes tem para te oferecer!<\/p>\n<p>\t\t\t<a href=\"https:\/\/www.leselfes.com\/pt-pt\/?page_id=85718\" target=\"_blank\" role=\"button\" rel=\"noopener\"> <a href=\"https:\/\/www.leselfes.com\/pt-pt\/?page_id=85718\"> Acampamento de ver\u00e3o Les Elfes <\/a> <\/a><\/p>\n<p><!-- wp:paragraph --><\/p>\n<p><!-- \/wp:paragraph --><!-- wp:heading --><\/p>\n<h2 style=\"text-align: left;\"><span class=\"ez-toc-section\" id=\"Orientacoes_para_garantir_a_seguranca_nos_campos_de_ferias_durante_a_Covid-19\"><\/span>Orienta\u00e7\u00f5es para garantir a seguran\u00e7a nos campos de f\u00e9rias durante a Covid-19<span class=\"ez-toc-section-end\"><\/span><\/h2>\n<p style=\"text-align: left;\"><!-- \/wp:heading --><!-- wp:paragraph --><\/p>\n<p style=\"text-align: left;\">Estas diretrizes de seguran\u00e7a aplicam-se tanto a acampamentos noturnos como a acampamentos diurnos.<br \/>\nTodas as instala\u00e7\u00f5es de campismo devem aderir aos protocolos de seguran\u00e7a do CDC.<br \/>\nLembra-te, estas medidas de seguran\u00e7a v\u00e3o ajudar a diminuir a propaga\u00e7\u00e3o da Covid-19 entre o pessoal do campo e os campistas.<br \/>\nDe acordo com a Associa\u00e7\u00e3o Americana de Acampamentos na Ge\u00f3rgia, todos os administradores de acampamentos devem esfor\u00e7ar-se por reduzir os riscos para todos os participantes.<br \/>\nEstas diretrizes incluem:    <\/p>\n<h3 style=\"text-align: left;\"><span class=\"ez-toc-section\" id=\"%E2%80%93_Usar_corretamente_as_mascaras\"><\/span>&#8211;&nbsp;&nbsp;&nbsp;&nbsp; &nbsp;&nbsp; Usar corretamente as m\u00e1scaras<span class=\"ez-toc-section-end\"><\/span><\/h3>\n<p style=\"text-align: left;\"><!-- \/wp:heading --><!-- wp:paragraph --><\/p>\n<p style=\"text-align: left;\">Se os campistas ou o pessoal do acampamento tiverem sido totalmente vacinados, n\u00e3o precisam de usar m\u00e1scaras durante o <b>acampamento de ver\u00e3o<\/b>.<br \/>\nNo entanto, isto depende da legisla\u00e7\u00e3o estatal, federal, tribal, territorial ou local.<br \/>\nOs campistas com mais de dois anos devem usar sempre m\u00e1scaras dentro e fora de casa, a n\u00e3o ser que estejam a comer ou a nadar.<br \/>\nTodo o pessoal do acampamento, especialmente o que facilita as actividades di\u00e1rias, deve usar m\u00e1scaras duplas.<br \/>\nDesta forma, reduz o risco de propaga\u00e7\u00e3o da Covid-19.    &nbsp;<\/p>\n<p style=\"text-align: left;\"><!-- \/wp:paragraph --><!-- wp:heading {\"level\":3} --><\/p>\n<h3 style=\"text-align: left;\"><span class=\"ez-toc-section\" id=\"%E2%80%93_Concentra-te_nas_actividades_ao_ar_livre\"><\/span>&#8211;&nbsp;&nbsp;&nbsp;&nbsp; &nbsp;&nbsp; &nbsp; Concentra-te nas actividades ao ar livre<span class=\"ez-toc-section-end\"><\/span><\/h3>\n<p style=\"text-align: center;\"><a href=\"https:\/\/www.leselfes.com\/wp-content\/uploads\/2021\/07\/2-1024x769-2.jpg\"><img loading=\"lazy\" decoding=\"async\" src=\"https:\/\/www.leselfes.com\/wp-content\/uploads\/2021\/07\/2-1024x769-2.jpg\" alt=\"Ser\u00e1 que as col\u00f3nias de f\u00e9rias durante a pandemia s\u00e3o seguras para as crian\u00e7as?\" width=\"800\" height=\"601\"><\/a><\/p>\n<p style=\"text-align: left;\">A Covid-19 \u00e9 uma doen\u00e7a respirat\u00f3ria de alto risco, cujas probabilidades de propaga\u00e7\u00e3o aumentam quando as pessoas ficam presas dentro de casa.<br \/>\nPor isso, especialistas mundiais em sa\u00fade e profissionais da Academia Americana de Pediatria recomendam actividades ao ar livre para reduzir o risco de Covid-19.<br \/>\nPassar tempo ao ar livre permite que os campistas tenham espa\u00e7o suficiente para garantir o distanciamento f\u00edsico, ao mesmo tempo que cria um ambiente mais seguro para as crian\u00e7as.  &nbsp;<\/p>\n<p style=\"text-align: left;\"><!-- \/wp:heading --><!-- wp:image {\"id\":42393,\"sizeSlug\":\"large\",\"linkDestination\":\"none\"} --><\/p>\n<p style=\"text-align: left;\"><!-- \/wp:image --><!-- wp:paragraph --><\/p>\n<p style=\"text-align: left;\"><!-- \/wp:paragraph --><!-- wp:heading {\"level\":3} --><\/p>\n<h3 style=\"text-align: left;\"><span class=\"ez-toc-section\" id=\"%E2%80%93_Manter_a_distancia_fisica\"><\/span>&#8211;&nbsp;&nbsp;&nbsp;&nbsp; &nbsp;&nbsp; &nbsp; Manter a dist\u00e2ncia f\u00edsica<span class=\"ez-toc-section-end\"><\/span><\/h3>\n<p style=\"text-align: left;\"><!-- \/wp:heading --><!-- wp:paragraph --><\/p>\n<p style=\"text-align: left;\">De acordo com os respons\u00e1veis do CDC, os campos de f\u00e9rias devem adotar o sistema de &#8220;coorte&#8221;.<br \/>\nNeste caso, o pessoal e os campistas s\u00e3o colocados em grupos semelhantes a c\u00e1psulas e permanecem a\u00ed sempre que poss\u00edvel.<br \/>\nEste sistema ajuda a reduzir o risco entre grandes grupos.<br \/>\nAl\u00e9m disso, todos os elementos dos grupos devem manter uma dist\u00e2ncia f\u00edsica de 3 p\u00e9s entre si.   <\/p>\n<p style=\"text-align: left;\"><!-- \/wp:paragraph --><!-- wp:heading {\"level\":3} --><\/p>\n<h3 style=\"text-align: left;\"><span class=\"ez-toc-section\" id=\"%E2%80%93_Adocao_de_praticas_de_teste_e_monitorizacao\"><\/span>&#8211;&nbsp;&nbsp;&nbsp;&nbsp; &nbsp;&nbsp; Ado\u00e7\u00e3o de pr\u00e1ticas de teste e monitoriza\u00e7\u00e3o<span class=\"ez-toc-section-end\"><\/span><\/h3>\n<p style=\"text-align: left;\"><!-- \/wp:heading --><!-- wp:paragraph --><\/p>\n<p style=\"text-align: left;\">Algumas <b>instala\u00e7\u00f5es de campos de f\u00e9rias<\/b> realizam testes e exames de controlo aos membros do pessoal e aos campistas.<br \/>\nEstas avalia\u00e7\u00f5es incluem controlos de temperatura todas as manh\u00e3s.<br \/>\nOs funcion\u00e1rios do CDC dizem que as pessoas que ainda n\u00e3o foram vacinadas devem fazer testes regulares \u00e0 Covid-19.  <\/p>\n<p style=\"text-align: left;\"><!-- \/wp:paragraph --><!-- wp:heading {\"level\":3} --><\/p>\n<h3 style=\"text-align: left;\"><span class=\"ez-toc-section\" id=\"%E2%80%93_Higiene_das_maos_melhorada\"><\/span>&#8211;&nbsp;&nbsp;&nbsp;&nbsp; &nbsp;&nbsp; &nbsp; Higiene das m\u00e3os melhorada<span class=\"ez-toc-section-end\"><\/span><\/h3>\n<p style=\"text-align: left;\"><!-- \/wp:heading --><!-- wp:paragraph --><\/p>\n<p style=\"text-align: left;\"><b>Os organizadores dos campos de f\u00e9rias<\/b> devem disponibilizar v\u00e1rios postos de lavagem das m\u00e3os, com sab\u00e3o e \u00e1gua corrente.<br \/>\nOs campistas e o pessoal do campo de f\u00e9rias devem lavar as m\u00e3os regularmente, sempre que poss\u00edvel.<br \/>\nAl\u00e9m disso, deve ser incentivada a utiliza\u00e7\u00e3o de desinfectantes para as m\u00e3os durante as actividades fora do local.  &nbsp;<\/p>\n<p style=\"text-align: left;\"><!-- \/wp:paragraph --><!-- wp:heading {\"level\":3} --><\/p>\n<h3 style=\"text-align: left;\"><span class=\"ez-toc-section\" id=\"%E2%80%93_Praticas_rigorosas_de_limpeza_desinfecao_e_manutencao_das_instalacoes\"><\/span>&#8211;&nbsp;&nbsp;&nbsp;&nbsp; &nbsp;&nbsp; Pr\u00e1ticas rigorosas de limpeza, desinfe\u00e7\u00e3o e manuten\u00e7\u00e3o das instala\u00e7\u00f5es<span class=\"ez-toc-section-end\"><\/span><\/h3>\n<p style=\"text-align: left;\"><!-- \/wp:heading --><!-- wp:paragraph --><\/p>\n<p style=\"text-align: left;\">Todos os quartos e superf\u00edcies partilhados, como o refeit\u00f3rio, os beliches e as salas de jogos, devem ser cuidadosamente desinfectados e limpos diariamente.<br \/>\nAs instala\u00e7\u00f5es devem ser bem organizadas para facilitar uma ventila\u00e7\u00e3o suficiente e o distanciamento social, sempre que poss\u00edvel. &nbsp;<\/p>\n<p style=\"text-align: left;\"><!-- \/wp:paragraph --><!-- wp:heading {\"level\":3} --><\/p>\n<h3 style=\"text-align: left;\"><span class=\"ez-toc-section\" id=\"Diretrizes_adicionais_para_os_campistas_que_participam_em_campos_de_ferias_com_pernoita\"><\/span>Diretrizes adicionais para os campistas que participam em campos de f\u00e9rias com pernoita<span class=\"ez-toc-section-end\"><\/span><\/h3>\n<p style=\"text-align: left;\"><!-- \/wp:heading --><!-- wp:paragraph --><\/p>\n<p style=\"text-align: left;\">Os organizadores do campo de f\u00e9rias pedem aos participantes que se isolem ou coloquem em quarentena durante catorze dias antes de embarcarem na <strong>viagem para o campo de f\u00e9rias<\/strong>.<br \/>\nOs campistas que viajam do estrangeiro por via ferrovi\u00e1ria, a\u00e9rea ou rodovi\u00e1ria devem seguir os regulamentos de viagem locais estabelecidos.<br \/>\nLembra-te de que alguns pa\u00edses exigem que os viajantes fa\u00e7am testes preventivos adicionais \u00e0 Covid-19 e adiram ao isolamento, de acordo com o New York Times.  &nbsp;<\/p>\n<p style=\"text-align: left;\"><!-- \/wp:paragraph --><!-- wp:heading {\"level\":3} --><\/p>\n<h3 style=\"text-align: left;\"><span class=\"ez-toc-section\" id=\"%E2%80%93_Adotar_um_plano_de_contingencia_para_lidar_com_uma_doenca_de_emergencia\"><\/span>&#8211;&nbsp;&nbsp;&nbsp;&nbsp; &nbsp;&nbsp; &nbsp; Adotar um plano de conting\u00eancia para lidar com uma doen\u00e7a de emerg\u00eancia<span class=\"ez-toc-section-end\"><\/span><\/h3>\n<p style=\"text-align: left;\"><!-- \/wp:heading --><!-- wp:paragraph --><\/p>\n<p style=\"text-align: left;\">Alguns campistas podem utilizar servi\u00e7os de transporte partilhados, o que os pode expor ao v\u00edrus da COVID-19.<br \/>\nPor isso, os organizadores e supervisores do acampamento devem ter um plano de quarentena estabelecido para lidar com poss\u00edveis emerg\u00eancias. &nbsp;<\/p>\n<p style=\"text-align: left;\"><!-- \/wp:paragraph --><!-- wp:heading {\"level\":3} --><\/p>\n<h3 style=\"text-align: left;\"><span class=\"ez-toc-section\" id=\"%E2%80%93_Rastreio_de_contactos\"><\/span>&#8211;&nbsp;&nbsp;&nbsp;&nbsp; &nbsp;&nbsp; Rastreio de contactos<span class=\"ez-toc-section-end\"><\/span><\/h3>\n<p style=\"text-align: left;\"><!-- \/wp:heading --><!-- wp:paragraph --><\/p>\n<p style=\"text-align: left;\">Se o campo de f\u00e9rias tiver infec\u00e7\u00f5es por Covid-19, os administradores do campo de f\u00e9rias ter\u00e3o de contactar e trabalhar em conjunto com as autoridades de sa\u00fade p\u00fablica locais ou estatais para facilitar a situa\u00e7\u00e3o:&nbsp;<\/p>\n<p style=\"text-align: left;\"><!-- \/wp:paragraph --><!-- wp:list --><\/p>\n<ul style=\"text-align: left;\">\n<li>O isolamento das pessoas com sintomas relacionados com a Covid-19<\/li>\n<li>Testes a pessoas com sintomas relacionados com a Covid<\/li>\n<li>Coloca\u00e7\u00e3o em quarentena de todos os contactos pr\u00f3ximos de indiv\u00edduos com sintomas relacionados com a Covid<\/li>\n<li>Avisa os familiares de todas as crian\u00e7as que v\u00e3o ao acampamento<\/li>\n<\/ul>\n<p style=\"text-align: left;\"><!-- \/wp:list --><!-- wp:paragraph --><\/p>\n<p style=\"text-align: left;\">Lembra-te, as pessoas totalmente vacinadas e sem sintomas relacionados com a Covid n\u00e3o necessitam de quarentena.<br \/>\nNo entanto, isto depende dos regulamentos locais, estatais ou federais. &nbsp;<\/p>\n<p style=\"text-align: left;\"><!-- \/wp:paragraph --><!-- wp:heading --><\/p>\n<h2 style=\"text-align: left;\"><span class=\"ez-toc-section\" id=\"Enviar_o_teu_filho_para_um_campo_de_ferias_durante_a_pandemia_e_arriscado\"><\/span>Enviar o teu filho para um campo de f\u00e9rias durante a pandemia \u00e9 arriscado?<span class=\"ez-toc-section-end\"><\/span><\/h2>\n<p style=\"text-align: left;\"><!-- \/wp:heading --><!-- wp:paragraph --><\/p>\n<p style=\"text-align: left;\">A possibilidade de os campistas contra\u00edrem a Covid-19 depende do n\u00edvel viral da doen\u00e7a infecciosa numa determinada zona.<br \/>\nAproveita as dicas que se seguem para determinar o n\u00edvel de risco da tua col\u00f3nia <strong>de f\u00e9rias<\/strong> preferida antes da viagem. &nbsp;<\/p>\n<p style=\"text-align: left;\"><!-- \/wp:paragraph --><!-- wp:heading {\"level\":3} --><\/p>\n<h3 style=\"text-align: left;\"><span class=\"ez-toc-section\" id=\"%E2%80%93_Compreende_os_limites_que_prevalecem_nas_multidoes\"><\/span>&#8211;&nbsp;&nbsp;&nbsp;&nbsp; &nbsp;&nbsp; &nbsp; Compreende os limites que prevalecem nas multid\u00f5es<span class=\"ez-toc-section-end\"><\/span><\/h3>\n<p style=\"text-align: center;\"><a href=\"https:\/\/www.leselfes.com\/wp-content\/uploads\/2021\/07\/3-1024x769-1-1-e1626352926759.jpg\"><img loading=\"lazy\" decoding=\"async\" src=\"https:\/\/www.leselfes.com\/wp-content\/uploads\/2021\/07\/3-1024x769-1-1-e1626352926759.jpg\" alt=\"Medidas de seguran\u00e7a nos campos de f\u00e9rias durante a pandemia\" width=\"750\" height=\"563\"><\/a><\/p>\n<p style=\"text-align: left;\">O CDC (Centro de Controlo e Preven\u00e7\u00e3o de Doen\u00e7as) \u00e9 contra grandes multid\u00f5es.<br \/>\nLembra-te de que estes regulamentos podem variar de uma regi\u00e3o para outra.<br \/>\nDetermina as medidas de seguran\u00e7a na zona do campo de <strong>f\u00e9rias<\/strong> e informa-te sobre as dimens\u00f5es dos ajuntamentos antes de enviares o teu filho para um campo de f\u00e9rias.  &nbsp;<\/p>\n<p style=\"text-align: left;\"><!-- \/wp:heading --><!-- wp:image {\"id\":42394,\"sizeSlug\":\"large\",\"linkDestination\":\"none\"} --><\/p>\n<p style=\"text-align: left;\"><!-- \/wp:image --><!-- wp:paragraph --><\/p>\n<p style=\"text-align: left;\"><!-- \/wp:paragraph --><!-- wp:heading {\"level\":3} --><\/p>\n<h3 style=\"text-align: left;\"><span class=\"ez-toc-section\" id=\"%E2%80%93_Determina_os_casos_de_coronavirus_na_area\"><\/span>&#8211;&nbsp;&nbsp;&nbsp;&nbsp; &nbsp;&nbsp; Determina os casos de coronav\u00edrus na \u00e1rea<span class=\"ez-toc-section-end\"><\/span><\/h3>\n<p style=\"text-align: left;\"><!-- \/wp:heading --><!-- wp:paragraph --><\/p>\n<p style=\"text-align: left;\">Qual \u00e9 a situa\u00e7\u00e3o do Coronav\u00edrus na tua localidade?<br \/>\nOs n\u00fameros est\u00e3o a diminuir, a aumentar ou a estagnar?<br \/>\nMesmo que a tua localidade n\u00e3o tenha sido afetada pelo v\u00edrus, deves ter em conta a regi\u00e3o do <strong>campo de f\u00e9rias<\/strong>, especialmente se o teu filho for para o estrangeiro.<br \/>\nContacta o servi\u00e7o de sa\u00fade da tua localidade para obteres esta informa\u00e7\u00e3o.<br \/>\nTamb\u00e9m podes consultar diferentes s\u00edtios Web e jornais locais para obteres informa\u00e7\u00f5es pormenorizadas.    &nbsp;<\/p>\n<p style=\"text-align: left;\"><!-- \/wp:paragraph --><!-- wp:heading {\"level\":3} --><\/p>\n<h3 style=\"text-align: left;\"><span class=\"ez-toc-section\" id=\"%E2%80%93_Faz_perguntas_com_enfase_na_seguranca\"><\/span>&#8211;&nbsp; &nbsp; Faz perguntas com \u00eanfase na seguran\u00e7a<span class=\"ez-toc-section-end\"><\/span><\/h3>\n<p style=\"text-align: left;\"><!-- \/wp:heading --><!-- wp:paragraph --><\/p>\n<p style=\"text-align: left;\">Quer queiras enviar o teu filho para o teu <strong>campo de f\u00e9rias preferido<\/strong> ou queiras experimentar um novo local, d\u00e1 \u00eanfase \u00e0 seguran\u00e7a e considera os pr\u00f3s e os contras.<br \/>\nAntes de escolheres as <strong>instala\u00e7\u00f5es<\/strong> ideais para o teu <strong>campo de f\u00e9rias<\/strong>, deves compreender: <\/p>\n<p style=\"text-align: left;\"><!-- \/wp:paragraph --><!-- wp:list --><\/p>\n<ul style=\"text-align: left;\">\n<li>O n\u00famero de campistas permitido nas instala\u00e7\u00f5es.&nbsp;<\/li>\n<\/ul>\n<p style=\"text-align: left;\"><!-- \/wp:list --><!-- wp:list --><\/p>\n<ul style=\"text-align: left;\">\n<li>O regulamento sobre o tamanho dos grupos?<br \/>\nQuantos campistas haver\u00e1 num grupo?<br \/>\nOs grupos pequenos ter\u00e3o o mesmo supervisor?  <\/li>\n<\/ul>\n<p style=\"text-align: left;\"><!-- \/wp:list --><!-- wp:list --><\/p>\n<ul style=\"text-align: left;\">\n<li>O programa de funcionamento do campo de f\u00e9rias.<br \/>\nFunciona com capacidade total ou parcial?<br \/>\nOferece servi\u00e7os de acampamento diurno e de acampamento com pernoita?  &nbsp;<\/li>\n<\/ul>\n<p style=\"text-align: left;\"><!-- \/wp:list --><!-- wp:list --><\/p>\n<ul style=\"text-align: left;\">\n<li>E quanto ao distanciamento f\u00edsico?<br \/>\nComo \u00e9 que a institui\u00e7\u00e3o planeia cumprir a dist\u00e2ncia f\u00edsica de um metro e meio durante as sestas, actividades e refei\u00e7\u00f5es?<br \/>\nO estabelecimento tem \u00e1reas e salas suficientes para manter as regras de distanciamento social?  &nbsp;<\/li>\n<\/ul>\n<p style=\"text-align: left;\"><!-- \/wp:list --><!-- wp:list --><\/p>\n<ul style=\"text-align: left;\">\n<li>Quais s\u00e3o as modalidades de recolha e entrega dos campistas diurnos?&nbsp;<\/li>\n<\/ul>\n<p style=\"text-align: left;\"><!-- \/wp:list --><!-- wp:list --><\/p>\n<ul style=\"text-align: left;\">\n<li>Determina as medidas que o parque de campismo tem em vigor para evitar a propaga\u00e7\u00e3o do v\u00edrus enquanto os campistas estiverem presentes.&nbsp;<\/li>\n<\/ul>\n<p style=\"text-align: left;\"><!-- \/wp:list --><!-- wp:heading {\"level\":3} --><\/p>\n<h3 style=\"text-align: left;\"><span class=\"ez-toc-section\" id=\"Praticas_de_monitorizacao_da_saude\"><\/span>Pr\u00e1ticas de monitoriza\u00e7\u00e3o da sa\u00fade<span class=\"ez-toc-section-end\"><\/span><\/h3>\n<p style=\"text-align: left;\"><!-- \/wp:heading --><!-- wp:paragraph --><\/p>\n<p style=\"text-align: left;\">Como \u00e9 que o estabelecimento controla os membros do pessoal e os campistas durante o per\u00edodo de campismo?<br \/>\nQuais s\u00e3o os procedimentos adoptados para isolar as pessoas doentes?<br \/>\nQual \u00e9 o m\u00e9todo de comunica\u00e7\u00e3o utilizado para te avisar se o teu filho adoecer?  <\/p>\n<p style=\"text-align: left;\"><!-- \/wp:paragraph --><!-- wp:heading --><\/p>\n<h2 style=\"text-align: left;\"><span class=\"ez-toc-section\" id=\"O_que_procurar_nos_campos_de_ferias_em_plena_pandemia\"><\/span>O que procurar nos campos de f\u00e9rias em plena pandemia?<span class=\"ez-toc-section-end\"><\/span><\/h2>\n<p style=\"text-align: left;\"><!-- \/wp:heading --><!-- wp:paragraph --><\/p>\n<p style=\"text-align: left;\">Procura respostas para as seguintes perguntas antes de enviares o teu filho para um <strong>campo de f\u00e9rias<\/strong> durante a pandemia.&nbsp;<\/p>\n<p style=\"text-align: left;\"><!-- \/wp:paragraph --><!-- wp:heading {\"level\":3} --><\/p>\n<h3 style=\"text-align: left;\"><span class=\"ez-toc-section\" id=\"%E2%80%93_Que_medidas_adoptou_o_acampamento_para_garantir_que_os_campistas_cumprem_os_regulamentos_de_seguranca_relativos_a_Covid-19\"><\/span>&#8211;&nbsp;&nbsp;&nbsp;&nbsp; &nbsp;&nbsp; &nbsp; Que medidas adoptou o acampamento para garantir que os campistas cumprem os regulamentos de seguran\u00e7a relativos \u00e0 Covid-19?<span class=\"ez-toc-section-end\"><\/span><\/h3>\n<p style=\"text-align: left;\"><!-- \/wp:heading --><!-- wp:paragraph --><\/p>\n<p style=\"text-align: left;\">Os campos de f\u00e9rias devem adotar estrat\u00e9gias adequadas \u00e0 idade para garantir que os campistas praticam o distanciamento social, a higiene das m\u00e3os e usam m\u00e1scaras quando necess\u00e1rio.<br \/>\nManter estas pr\u00e1ticas pode ser uma tarefa dif\u00edcil para as crian\u00e7as, e o pessoal do acampamento deve estar preparado para as lembrar com frequ\u00eancia. &nbsp;<\/p>\n<p style=\"text-align: left;\"><!-- \/wp:paragraph --><!-- wp:heading {\"level\":3} --><\/p>\n<h3 style=\"text-align: left;\"><span class=\"ez-toc-section\" id=\"%E2%80%93_A_maior_parte_das_actividades_realizar-se-a_no_exterior_ou_no_interior\"><\/span>&#8211;&nbsp;&nbsp;&nbsp;&nbsp; &nbsp;&nbsp; &nbsp; A maior parte das actividades realizar-se-\u00e1 no exterior ou no interior?<span class=\"ez-toc-section-end\"><\/span><\/h3>\n<p style=\"text-align: center;\"><a href=\"https:\/\/www.leselfes.com\/wp-content\/uploads\/2021\/07\/4-1024x769-1-1-e1626352967316.jpg\"><img loading=\"lazy\" decoding=\"async\" src=\"https:\/\/www.leselfes.com\/wp-content\/uploads\/2021\/07\/4-1024x769-1-1-e1626352967316.jpg\" alt=\"Actividades seguras ao ar livre para crian\u00e7as durante a pandemia  \" width=\"750\" height=\"563\"><\/a><\/p>\n<p style=\"text-align: center;\"><!-- \/wp:heading --><!-- wp:image {\"id\":42391,\"sizeSlug\":\"large\",\"linkDestination\":\"none\"} --><\/p>\n<p style=\"text-align: center;\"><!-- \/wp:image --><!-- wp:paragraph --><\/p>\n<p style=\"text-align: left;\">As actividades ao ar livre permitem que os campistas desfrutem do ar fresco e d\u00e3o-lhes espa\u00e7o suficiente para respeitarem as regras de distanciamento f\u00edsico.&nbsp;  Al\u00e9m disso, reduzem o risco de propaga\u00e7\u00e3o e contra\u00e7\u00e3o da Covid-19, e o ar livre permite que os campistas vivam a natureza, o que melhora a sua sa\u00fade geral e mental.<br \/>\nNo entanto, os organizadores dos campos de f\u00e9rias devem limpar e desinfetar diariamente os objectos e superf\u00edcies de jogo para evitar que as crian\u00e7as contraiam germes. &nbsp;<\/p>\n<p style=\"text-align: left;\"><!-- \/wp:paragraph --><!-- wp:heading {\"level\":3} --><\/p>\n<h3 style=\"text-align: left;\"><span class=\"ez-toc-section\" id=\"%E2%80%93_E_se_um_campista_ou_membro_do_pessoal_ficar_doente\"><\/span>&#8211;&nbsp;&nbsp;&nbsp;&nbsp; &nbsp;&nbsp; E se um campista ou membro do pessoal ficar doente?<span class=\"ez-toc-section-end\"><\/span><\/h3>\n<p style=\"text-align: left;\"><!-- \/wp:heading --><!-- wp:paragraph --><\/p>\n<p style=\"text-align: left;\">Os campos de f\u00e9rias devem adotar um plano s\u00f3lido de medidas a tomar caso algu\u00e9m comece a apresentar sintomas de Covid-19.<br \/>\nO programa deve estar alinhado com os regulamentos e pol\u00edticas de sa\u00fade p\u00fablica estatais ou locais sobre a resposta e a notifica\u00e7\u00e3o de poss\u00edveis casos de Covid-19. <\/p>\n<p style=\"text-align: left;\"><!-- \/wp:paragraph --><!-- wp:heading {\"level\":3} --><\/p>\n<h3 style=\"text-align: left;\"><span class=\"ez-toc-section\" id=\"%E2%80%93_Existe_apoio_imediato_para_os_campistas_que_necessitam_de_cuidados_de_saude_especializados\"><\/span>&#8211;&nbsp;&nbsp;&nbsp;&nbsp; &nbsp;&nbsp; Existe apoio imediato para os campistas que necessitam de cuidados de sa\u00fade especializados?<span class=\"ez-toc-section-end\"><\/span><\/h3>\n<p style=\"text-align: left;\"><!-- \/wp:heading --><!-- wp:paragraph --><\/p>\n<p style=\"text-align: left;\">Os diretores e organizadores dos campos de f\u00e9rias devem esfor\u00e7ar-se por satisfazer as necessidades de cada crian\u00e7a.<br \/>\nSe o teu filho precisar de cuidados de sa\u00fade especializados, consulta o teu pediatra e os organizadores do campo de f\u00e9rias para determinar o pacote de alojamento ideal para ele. &nbsp;<\/p>\n<p style=\"text-align: left;\"><!-- \/wp:paragraph --><!-- wp:heading {\"level\":3} --><\/p>\n<h3 style=\"text-align: left;\"><span class=\"ez-toc-section\" id=\"%E2%80%93_Como_funcionam_os_horarios_das_refeicoes_e_dos_lanches\"><\/span>&#8211;&nbsp;&nbsp;&nbsp;&nbsp; &nbsp;&nbsp; Como funcionam os hor\u00e1rios das refei\u00e7\u00f5es e dos lanches?<span class=\"ez-toc-section-end\"><\/span><\/h3>\n<p style=\"text-align: left;\"><!-- \/wp:heading --><!-- wp:paragraph --><\/p>\n<p style=\"text-align: left;\">Sempre que poss\u00edvel, as crian\u00e7as devem levar as suas pr\u00f3prias refei\u00e7\u00f5es, especialmente se forem participar num campo de f\u00e9rias diurno.<br \/>\nOs campos de f\u00e9rias devem ter zonas de refei\u00e7\u00e3o separadas para os diferentes grupos pequenos.<br \/>\nEsta solu\u00e7\u00e3o \u00e9 menos arriscada do que comer em cafetarias ou refeit\u00f3rios.<br \/>\nOs campistas devem levar sempre as suas pr\u00f3prias garrafas de \u00e1gua.   &nbsp;<\/p>\n<p style=\"text-align: left;\"><!-- \/wp:paragraph --><!-- wp:heading --><\/p>\n<h2 style=\"text-align: left;\"><span class=\"ez-toc-section\" id=\"Consideracoes_a_fazer_antes_de_enviares_o_teu_filho_para_um_campo_de_ferias\"><\/span>Considera\u00e7\u00f5es a fazer antes de enviares o teu filho para um campo de f\u00e9rias<span class=\"ez-toc-section-end\"><\/span><\/h2>\n<p style=\"text-align: left;\"><!-- \/wp:heading --><!-- wp:paragraph --><\/p>\n<p style=\"text-align: left;\">Com o advento da vacina\u00e7\u00e3o, este ver\u00e3o promete ser melhor do que o ver\u00e3o passado, especialmente agora que os campistas com mais de 12 anos podem receber a vacina contra a Covid-19.<br \/>\nQuais s\u00e3o alguns dos aspectos que os pais devem ter em conta antes de libertarem os seus filhos para o <strong>campo de f\u00e9rias<\/strong>?<br \/>\nContinua a ler para saberes.  &nbsp;<\/p>\n<p style=\"text-align: left;\"><!-- \/wp:paragraph --><!-- wp:heading {\"level\":3} --><\/p>\n<h3 style=\"text-align: left;\"><span class=\"ez-toc-section\" id=\"%E2%80%93_Compreende_os_protocolos_de_seguranca_adoptados_pelo_campo_de_ferias_para_proteger_os_campistas_da_Covid-19\"><\/span>&#8211;&nbsp;&nbsp;&nbsp;&nbsp; &nbsp;&nbsp; Compreende os protocolos de seguran\u00e7a adoptados pelo campo de f\u00e9rias para proteger os campistas da Covid-19<span class=\"ez-toc-section-end\"><\/span><\/h3>\n<p style=\"text-align: left;\"><!-- \/wp:heading --><!-- wp:paragraph --><\/p>\n<p style=\"text-align: left;\">Recentemente, o CDC anunciou um guia detalhado e atualizado para os <strong>campos de f\u00e9rias noturnos e diurnos<\/strong>.<br \/>\nO guia destaca v\u00e1rios princ\u00edpios fundamentais.<br \/>\nPor exemplo, recomenda que todos os membros eleg\u00edveis do pessoal do campo de f\u00e9rias e os campistas devem receber a vacina contra a Covid-19.  <\/p>\n<p style=\"text-align: left;\"><!-- \/wp:paragraph --><!-- wp:paragraph --><\/p>\n<p style=\"text-align: left;\">Se alguns funcion\u00e1rios e campistas n\u00e3o estiverem vacinados, o CDC recomendou que se aumentasse a dist\u00e2ncia f\u00edsica e as actividades ao ar livre, se reduzisse a capacidade e se melhorasse a ventila\u00e7\u00e3o nas \u00e1reas interiores.<br \/>\nAl\u00e9m disso, o CDC recomendou o uso de m\u00e1scaras em ambientes fechados e em algumas situa\u00e7\u00f5es ao ar livre. <\/p>\n<p style=\"text-align: left;\"><!-- \/wp:paragraph --><!-- wp:paragraph --><\/p>\n<p style=\"text-align: left;\">Determina as estrat\u00e9gias que o teu parque de campismo preferido adoptou para cumprir estes requisitos.<br \/>\nLembra-te de que muitos destes regulamentos se aplicam a acampamentos noturnos e diurnos. &nbsp;<\/p>\n<p style=\"text-align: left;\"><!-- \/wp:paragraph --><!-- wp:heading {\"level\":3} --><\/p>\n<h3 style=\"text-align: left;\"><span class=\"ez-toc-section\" id=\"%E2%80%93_Determina_os_factores_de_risco_e_toma_a_vacina\"><\/span>&#8211;&nbsp;&nbsp;&nbsp;&nbsp; &nbsp;&nbsp; Determina os factores de risco e toma a vacina&nbsp;<span class=\"ez-toc-section-end\"><\/span><\/h3>\n<p style=\"text-align: left;\"><!-- \/wp:heading --><!-- wp:paragraph --><\/p>\n<p style=\"text-align: left;\">Os pais devem refletir sobre os factores de risco espec\u00edficos de cada potencial campista e organizar a vacina\u00e7\u00e3o das <a href=\"https:\/\/www.healthline.com\/health-news\/when-can-children-under-12-get-the-covid-19-vaccine-heres-what-to-know\">crian\u00e7as eleg\u00edveis<\/a>.<br \/>\nLembra-te, se o teu filho n\u00e3o for eleg\u00edvel para a vacina\u00e7\u00e3o e tiver complica\u00e7\u00f5es de sa\u00fade subjacentes, como doen\u00e7a card\u00edaca cong\u00e9nita ou asma, pode correr um risco maior de contrair a Covid-19.<br \/>\nSe o teu filho tiver um sistema imunit\u00e1rio fraco e n\u00e3o tiver sido vacinado, o ideal ser\u00e1 ficar em casa para o proteger do v\u00edrus.  &nbsp;<\/p>\n<p style=\"text-align: left;\"><!-- \/wp:paragraph --><!-- wp:heading {\"level\":3} --><\/p>\n<h3 style=\"text-align: left;\"><span class=\"ez-toc-section\" id=\"%E2%80%93_Descobre_como_e_que_as_actividades_do_campo_durante_a_pandemia_serao_diferentes_dos_tempos_pre-pandemicos\"><\/span>&#8211;&nbsp; &nbsp; &nbsp; Descobre como \u00e9 que as actividades do campo durante a pandemia ser\u00e3o diferentes dos tempos pr\u00e9-pand\u00e9micos<span class=\"ez-toc-section-end\"><\/span><\/h3>\n<p style=\"text-align: center;\"><a href=\"https:\/\/www.leselfes.com\/wp-content\/uploads\/2021\/07\/5-1024x769-1-1.jpg\"><img loading=\"lazy\" decoding=\"async\" src=\"https:\/\/www.leselfes.com\/wp-content\/uploads\/2021\/07\/5-1024x769-1-1.jpg\" alt=\"As actividades dos campos de f\u00e9rias durante a pandemia ser\u00e3o diferentes dos tempos pr\u00e9-pand\u00e9micos\" width=\"700\" height=\"438\"><\/a><\/p>\n<p style=\"text-align: center;\"><!-- \/wp:heading --><!-- wp:image {\"id\":42392,\"sizeSlug\":\"large\",\"linkDestination\":\"none\"} --><\/p>\n<p style=\"text-align: center;\"><!-- \/wp:image --><!-- wp:paragraph --><\/p>\n<p style=\"text-align: left;\">Algumas pr\u00e1ticas de acampamento n\u00e3o s\u00e3o aplic\u00e1veis durante o <strong>acampamento de ver\u00e3o<\/strong>, especialmente para os campistas n\u00e3o vacinados.<br \/>\nPor exemplo, os especialistas em sa\u00fade desaconselharam salas cheias onde os campistas se re\u00fanem e cantam e dan\u00e7am.<br \/>\nEmbora os campistas possam cantar, s\u00f3 o podem fazer ao ar livre.  <\/p>\n<p style=\"text-align: left;\"><!-- \/wp:paragraph --><!-- wp:paragraph --><\/p>\n<p style=\"text-align: left;\">Os pais e outras pessoas estranhas ao acampamento poder\u00e3o ser impedidos de entrar nas instala\u00e7\u00f5es do acampamento, enquanto o pessoal do acampamento poder\u00e1 ter de permanecer nas instala\u00e7\u00f5es do acampamento at\u00e9 ao final do mesmo.<br \/>\nAlgumas das <a href=\"https:\/\/www.camppontiac.com\/colorwar\/\">actividades divertidas e emocionantes<\/a> que envolvem os campistas a competir entre si ser\u00e3o altamente desencorajadas.<br \/>\nOs campos de f\u00e9rias ter\u00e3o de modificar v\u00e1rias actividades para cumprir os requisitos de v\u00e1rias organiza\u00e7\u00f5es de sa\u00fade que visam reduzir o risco de propaga\u00e7\u00e3o da Covid-19.  <\/p>\n<p style=\"text-align: left;\"><!-- \/wp:paragraph --><!-- wp:paragraph --><\/p>\n<p style=\"text-align: left;\">Muitos parques de campismo cancelaram os campos de dia, pelo que deves confirmar as disposi\u00e7\u00f5es em vigor antes de planeares uma <a href=\"https:\/\/www.leselfes.com\/field-trips\/\">viagem<\/a> para o teu filho.<br \/>\nCompreende como \u00e9 que o acampamento pretende garantir que os campistas mant\u00eam o distanciamento f\u00edsico necess\u00e1rio enquanto est\u00e3o nas instala\u00e7\u00f5es. &nbsp;<\/p>\n<p style=\"text-align: left;\"><!-- \/wp:paragraph --><!-- wp:heading {\"level\":3} --><\/p>\n<h3 style=\"text-align: left;\"><span class=\"ez-toc-section\" id=\"%E2%80%93_Descobre_o_que_acontece_se_o_teu_filho_ficar_doente\"><\/span>&#8211;&nbsp;&nbsp;&nbsp;&nbsp; &nbsp;&nbsp; Descobre o que acontece se o teu filho ficar doente<span class=\"ez-toc-section-end\"><\/span><\/h3>\n<p style=\"text-align: left;\"><!-- \/wp:heading --><!-- wp:paragraph --><\/p>\n<p style=\"text-align: left;\">As pol\u00edticas dos campos de f\u00e9rias variam de uma instala\u00e7\u00e3o para outra.<br \/>\nPor exemplo, se o teu filho desenvolver sintomas relacionados com a covid-19 durante um dia de acampamento, a instala\u00e7\u00e3o ir\u00e1 isol\u00e1-lo antes de te avisar.<br \/>\nNestas circunst\u00e2ncias, recomenda-se vivamente a realiza\u00e7\u00e3o de testes \u00e0 Covid e, se o teste for positivo, a crian\u00e7a s\u00f3 regressar\u00e1 ao parque de campismo ap\u00f3s 10 a 14 dias ou quando os sintomas tiverem desaparecido.  <\/p>\n<p style=\"text-align: left;\"><!-- \/wp:paragraph --><!-- wp:paragraph --><\/p>\n<p style=\"text-align: left;\">Se a crian\u00e7a tiver contra\u00eddo a Covid-19 no parque de campismo ou se outras pessoas do teu agregado familiar tiverem contra\u00eddo o v\u00edrus, a crian\u00e7a pode ter de ficar em quarentena durante cerca de 14 dias. Se os campistas desenvolverem sintomas de Covid-19 durante um acampamento noturno, o pessoal do acampamento deve isol\u00e1-los imediatamente e organizar um teste de Covid.<\/p>\n<p style=\"text-align: left;\"><!-- \/wp:paragraph --><!-- wp:paragraph --><\/p>\n<p style=\"text-align: left;\">Se os resultados forem positivos, o pessoal do campo de f\u00e9rias deve transferir a crian\u00e7a para uma instala\u00e7\u00e3o espec\u00edfica onde possa receber cuidados m\u00e9dicos especializados.<br \/>\nO pessoal do campo de f\u00e9rias deve avisar-te imediatamente e permitir que v\u00e1s buscar a tua crian\u00e7a ou que ela permane\u00e7a nas instala\u00e7\u00f5es de quarentena at\u00e9 recuperar. &nbsp;<\/p>\n<p style=\"text-align: left;\"><!-- \/wp:paragraph --><!-- wp:paragraph --><\/p>\n<p style=\"text-align: left;\">Lembra-te de que os campistas continuar\u00e3o a ter uma experi\u00eancia de acampamento divertida, independentemente de todos os regulamentos estabelecidos.&nbsp;<\/p>\n<p style=\"text-align: left;\"><!-- \/wp:paragraph --><!-- wp:heading {\"level\":3} --><\/p>\n<h3 style=\"text-align: left;\"><span class=\"ez-toc-section\" id=\"%E2%80%93_Determina_os_regulamentos_do_campo_de_ferias\"><\/span>&#8211;&nbsp;&nbsp;&nbsp;&nbsp; &nbsp;&nbsp; &nbsp; Determina os regulamentos do campo de f\u00e9rias<span class=\"ez-toc-section-end\"><\/span><\/h3>\n<p style=\"text-align: left;\"><!-- \/wp:heading --><!-- wp:paragraph --><\/p>\n<p style=\"text-align: left;\">Se o teu filho vai frequentar um acampamento para dormir fora, n\u00e3o te esque\u00e7as de procurar respostas para as seguintes perguntas.<\/p>\n<p style=\"text-align: left;\"><!-- \/wp:paragraph --><!-- wp:list --><\/p>\n<ul style=\"text-align: left;\">\n<li>O parque de campismo tem pessoal m\u00e9dico e este tem forma\u00e7\u00e3o especializada para lidar com complica\u00e7\u00f5es relacionadas com a Covid-19?<\/li>\n<li>Como \u00e9 que me contactas em caso de emerg\u00eancia?<\/li>\n<li>Existe algum hospital ou centro de sa\u00fade nas proximidades?<\/li>\n<li>Os campistas e o pessoal do acampamento ter\u00e3o de ficar em quarentena antes e depois do acampamento?<\/li>\n<\/ul>\n<p style=\"text-align: left;\"><!-- \/wp:list --><!-- wp:heading {\"level\":3} --><\/p>\n<h3 style=\"text-align: left;\"><span class=\"ez-toc-section\" id=\"Tomar_a_decisao_final\"><\/span>Tomar a decis\u00e3o final<span class=\"ez-toc-section-end\"><\/span><\/h3>\n<p style=\"text-align: left;\"><!-- \/wp:heading --><!-- wp:paragraph --><\/p>\n<p style=\"text-align: left;\">Lembra-te de que \u00e9s tu que decides se o teu filho deve ser libertado para o campo de f\u00e9rias noturno ou diurno.<br \/>\nConsidera os factores de risco espec\u00edficos da crian\u00e7a antes de tomares a decis\u00e3o final.<br \/>\nSe a tua fam\u00edlia tem um risco mais elevado de Covid-19 e de complica\u00e7\u00f5es relacionadas, talvez queiras suspender os <strong>planos de acampamento de ver\u00e3o<\/strong> at\u00e9 que a situa\u00e7\u00e3o melhore.  <\/p>\n<p style=\"text-align: left;\"><!-- \/wp:paragraph --><!-- wp:paragraph --><\/p>\n<p style=\"text-align: left;\">Se o teu filho precisar de cuidados de sa\u00fade especializados, consulta o pediatra antes de o enviares para o campo de f\u00e9rias.<br \/>\nSe decidires <strong>enviar o teu filho para um campo de f\u00e9rias<\/strong>, certifica-te de que ele compreende o seguinte: <\/p>\n<p style=\"text-align: left;\"><!-- \/wp:paragraph --><!-- wp:list --><\/p>\n<ul style=\"text-align: left;\">\n<li><a href=\"https:\/\/www.who.int\/southeastasia\/news\/detail\/15-10-2020-handwashing-an-effective-tool-to-prevent-covid-19-other-diseases\">Pratica a lavagem<\/a> minuciosa <a href=\"https:\/\/www.who.int\/southeastasia\/news\/detail\/15-10-2020-handwashing-an-effective-tool-to-prevent-covid-19-other-diseases\">das m\u00e3os<\/a>.<br \/>\nD\u00e1 forma\u00e7\u00e3o \u00e0s crian\u00e7as e faz com que pratiquem a lavagem das m\u00e3os com sab\u00e3o e \u00e1gua corrente. &nbsp;<\/li>\n<\/ul>\n<p style=\"text-align: left;\"><!-- \/wp:list --><!-- wp:list --><\/p>\n<ul style=\"text-align: left;\">\n<li>Ensina-os a usar corretamente as m\u00e1scaras e a compreender a import\u00e2ncia de as usar durante per\u00edodos prolongados.&nbsp;<\/li>\n<\/ul>\n<p style=\"text-align: left;\"><!-- \/wp:list --><!-- wp:list --><\/p>\n<ul style=\"text-align: left;\">\n<li>Demonstra como funciona o distanciamento f\u00edsico.<\/li>\n<\/ul>\n<p style=\"text-align: left;\"><!-- \/wp:list --><!-- wp:list --><\/p>\n<ul style=\"text-align: left;\">\n<li>Recorda-lhes a import\u00e2ncia da etiqueta respirat\u00f3ria adequada.<br \/>\nAs crian\u00e7as devem espirrar ou tossir para um len\u00e7o de papel, deit\u00e1-lo fora e lavar as m\u00e3os. &nbsp;<\/li>\n<\/ul>\n<p style=\"text-align: left;\"><!-- \/wp:list --><!-- wp:list --><\/p>\n<ul style=\"text-align: left;\">\n<li>Ensina-lhes a import\u00e2ncia de seguir as instru\u00e7\u00f5es dadas pelos supervisores do campo.&nbsp;<\/li>\n<\/ul>\n<p style=\"text-align: left;\"><!-- \/wp:list --><!-- wp:heading --><\/p>\n<h2 style=\"text-align: left;\"><span class=\"ez-toc-section\" id=\"Finalmente\"><\/span>Finalmente<span class=\"ez-toc-section-end\"><\/span><\/h2>\n<p style=\"text-align: left;\"><!-- \/wp:heading --><!-- wp:list --><\/p>\n<ul style=\"text-align: left;\">\n<li>Se o teu filho for eleg\u00edvel para a vacina contra a Covid-19, deixa-o ser totalmente vacinado antes de embarcar na <strong>viagem para o campo de f\u00e9rias<\/strong>.<\/li>\n<\/ul>\n<p style=\"text-align: left;\"><!-- \/wp:list --><!-- wp:list --><\/p>\n<ul style=\"text-align: left;\">\n<li>Assegura-te de que o parque de campismo adoptou protocolos de seguran\u00e7a para reduzir a propaga\u00e7\u00e3o da Covid-19 no interior do parque.<\/li>\n<\/ul>\n<p style=\"text-align: left;\"><!-- \/wp:list --><!-- wp:list --><\/p>\n<ul style=\"text-align: left;\">\n<li>Assegura-te de que o acampamento disp\u00f5e de medidas s\u00f3lidas para lidar com quaisquer casos de Covid-19 que possam surgir.&nbsp;<\/li>\n<\/ul>\n<p style=\"text-align: left;\"><!-- \/wp:list --><!-- wp:list --><\/p>\n<ul style=\"text-align: left;\">\n<li>Os campistas v\u00e3o continuar a divertir-se, apesar das regras rigorosas que visam proteg\u00ea-los contra o v\u00edrus.&nbsp;<\/li>\n<\/ul>\n<p style=\"text-align: left;\"><!-- \/wp:list --><!-- wp:paragraph --><\/p>\n<p style=\"text-align: center;\"><strong>EST\u00c1S \u00c0 PROCURA DE UM CAMPO DE F\u00c9RIAS PARA O TEU FILHO?&nbsp;<\/strong><\/p>\n<p style=\"text-align: left;\"><!-- \/wp:paragraph --><!-- wp:paragraph --><\/p>\n<p><!-- \/wp:paragraph --><\/p>\n<p> <a href=\"https:\/\/www.leselfes.com\/pt-pt\/?page_id=85718\" role=\"button\"> VISITA A NOSSA P\u00c1GINA DE CAMPOS DE F\u00c9RIAS <\/a><a href=\"https:\/\/www.leselfes.com\/contact-quote-request\/\" role=\"button\"> CONTACTA A NOSSA SEDE <\/a> <\/p>\n","protected":false},"excerpt":{"rendered":"<p>Mandar as crian\u00e7as para um campo de f\u00e9rias parecia uma tarefa dif\u00edcil no ano passado, no in\u00edcio da pandemia. Hoje, as crian\u00e7as t\u00eam esperan\u00e7a de ir a um acampamento, especialmente&#8230;<\/p>\n","protected":false},"author":1,"featured_media":74857,"comment_status":"closed","ping_status":"open","sticky":false,"template":"","format":"standard","meta":{"_acf_changed":false,"inline_featured_image":false,"footnotes":""},"categories":[1102,1103],"tags":[],"class_list":{"0":"post-87260","1":"post","2":"type-post","3":"status-publish","4":"format-standard","5":"has-post-thumbnail","7":"category-acampamento-de-verao","8":"category-artigos"},"acf":[],"yoast_head":"<!-- This site is optimized with the Yoast SEO Premium plugin v24.2 (Yoast SEO v24.7) - https:\/\/yoast.com\/wordpress\/plugins\/seo\/ -->\n<title>Ser\u00e1 que as col\u00f3nias de f\u00e9rias durante a pandemia s\u00e3o seguras para as crian\u00e7as? - Les Elfes International Camps Switzerland<\/title>\n<meta name=\"robots\" content=\"index, follow, max-snippet:-1, max-image-preview:large, max-video-preview:-1\" \/>\n<link rel=\"canonical\" href=\"https:\/\/www.leselfes.com\/pt-pt\/sera-que-as-colonias-de-ferias-durante-a-pandemia-sao-seguras-para-as-criancas\/\" \/>\n<meta property=\"og:locale\" content=\"pt_PT\" \/>\n<meta property=\"og:type\" content=\"article\" \/>\n<meta property=\"og:title\" content=\"Ser\u00e1 que as col\u00f3nias de f\u00e9rias durante a pandemia s\u00e3o seguras para as crian\u00e7as?\" \/>\n<meta property=\"og:description\" content=\"Mandar as crian\u00e7as para um campo de f\u00e9rias parecia uma tarefa dif\u00edcil no ano passado, no in\u00edcio da pandemia. Hoje, as crian\u00e7as t\u00eam esperan\u00e7a de ir a um acampamento, especialmente...\" \/>\n<meta property=\"og:url\" content=\"https:\/\/www.leselfes.com\/pt-pt\/sera-que-as-colonias-de-ferias-durante-a-pandemia-sao-seguras-para-as-criancas\/\" \/>\n<meta property=\"og:site_name\" content=\"Les Elfes International Camps Switzerland\" \/>\n<meta property=\"article:publisher\" content=\"https:\/\/www.facebook.com\/LesElfesVerbier\" \/>\n<meta property=\"article:published_time\" content=\"2021-07-25T13:59:11+00:00\" \/>\n<meta property=\"article:modified_time\" content=\"2024-10-03T16:30:45+00:00\" \/>\n<meta property=\"og:image\" content=\"https:\/\/dev.leselfes.com\/wp-content\/uploads\/2021\/07\/SUMMER-CAMP-DURING-THE-PANDEMIC-e1626365817386.jpg\" \/>\n\t<meta property=\"og:image:width\" content=\"750\" \/>\n\t<meta property=\"og:image:height\" content=\"563\" \/>\n\t<meta property=\"og:image:type\" content=\"image\/jpeg\" \/>\n<meta name=\"author\" content=\"lesadmin\" \/>\n<meta name=\"twitter:card\" content=\"summary_large_image\" \/>\n<meta name=\"twitter:creator\" content=\"@LesElfesCamps\" \/>\n<meta name=\"twitter:site\" content=\"@LesElfesCamps\" \/>\n<meta name=\"twitter:label1\" content=\"Escrito por\" \/>\n\t<meta name=\"twitter:data1\" content=\"lesadmin\" \/>\n\t<meta name=\"twitter:label2\" content=\"Tempo estimado de leitura\" \/>\n\t<meta name=\"twitter:data2\" content=\"16 minutos\" \/>\n<script type=\"application\/ld+json\" class=\"yoast-schema-graph\">{\"@context\":\"https:\/\/schema.org\",\"@graph\":[{\"@type\":\"Article\",\"@id\":\"https:\/\/www.leselfes.com\/pt-pt\/sera-que-as-colonias-de-ferias-durante-a-pandemia-sao-seguras-para-as-criancas\/#article\",\"isPartOf\":{\"@id\":\"https:\/\/www.leselfes.com\/pt-pt\/sera-que-as-colonias-de-ferias-durante-a-pandemia-sao-seguras-para-as-criancas\/\"},\"author\":{\"name\":\"lesadmin\",\"@id\":\"https:\/\/dev.leselfes.com\/#\/schema\/person\/407a229698868b8c603874b19f37f289\"},\"headline\":\"Ser\u00e1 que as col\u00f3nias de f\u00e9rias durante a pandemia s\u00e3o seguras para as crian\u00e7as?\",\"datePublished\":\"2021-07-25T13:59:11+00:00\",\"dateModified\":\"2024-10-03T16:30:45+00:00\",\"mainEntityOfPage\":{\"@id\":\"https:\/\/www.leselfes.com\/pt-pt\/sera-que-as-colonias-de-ferias-durante-a-pandemia-sao-seguras-para-as-criancas\/\"},\"wordCount\":3268,\"publisher\":{\"@id\":\"https:\/\/dev.leselfes.com\/#organization\"},\"image\":{\"@id\":\"https:\/\/www.leselfes.com\/pt-pt\/sera-que-as-colonias-de-ferias-durante-a-pandemia-sao-seguras-para-as-criancas\/#primaryimage\"},\"thumbnailUrl\":\"https:\/\/www.leselfes.com\/wp-content\/uploads\/2021\/07\/SUMMER-CAMP-DURING-THE-PANDEMIC-e1626365817386.jpg\",\"articleSection\":[\"Acampamento de ver\u00e3o\",\"Artigos\"],\"inLanguage\":\"pt-PT\"},{\"@type\":\"WebPage\",\"@id\":\"https:\/\/www.leselfes.com\/pt-pt\/sera-que-as-colonias-de-ferias-durante-a-pandemia-sao-seguras-para-as-criancas\/\",\"url\":\"https:\/\/www.leselfes.com\/pt-pt\/sera-que-as-colonias-de-ferias-durante-a-pandemia-sao-seguras-para-as-criancas\/\",\"name\":\"Ser\u00e1 que as col\u00f3nias de f\u00e9rias durante a pandemia s\u00e3o seguras para as crian\u00e7as? - Les Elfes International Camps Switzerland\",\"isPartOf\":{\"@id\":\"https:\/\/dev.leselfes.com\/#website\"},\"primaryImageOfPage\":{\"@id\":\"https:\/\/www.leselfes.com\/pt-pt\/sera-que-as-colonias-de-ferias-durante-a-pandemia-sao-seguras-para-as-criancas\/#primaryimage\"},\"image\":{\"@id\":\"https:\/\/www.leselfes.com\/pt-pt\/sera-que-as-colonias-de-ferias-durante-a-pandemia-sao-seguras-para-as-criancas\/#primaryimage\"},\"thumbnailUrl\":\"https:\/\/www.leselfes.com\/wp-content\/uploads\/2021\/07\/SUMMER-CAMP-DURING-THE-PANDEMIC-e1626365817386.jpg\",\"datePublished\":\"2021-07-25T13:59:11+00:00\",\"dateModified\":\"2024-10-03T16:30:45+00:00\",\"breadcrumb\":{\"@id\":\"https:\/\/www.leselfes.com\/pt-pt\/sera-que-as-colonias-de-ferias-durante-a-pandemia-sao-seguras-para-as-criancas\/#breadcrumb\"},\"inLanguage\":\"pt-PT\",\"potentialAction\":[{\"@type\":\"ReadAction\",\"target\":[\"https:\/\/www.leselfes.com\/pt-pt\/sera-que-as-colonias-de-ferias-durante-a-pandemia-sao-seguras-para-as-criancas\/\"]}]},{\"@type\":\"ImageObject\",\"inLanguage\":\"pt-PT\",\"@id\":\"https:\/\/www.leselfes.com\/pt-pt\/sera-que-as-colonias-de-ferias-durante-a-pandemia-sao-seguras-para-as-criancas\/#primaryimage\",\"url\":\"https:\/\/www.leselfes.com\/wp-content\/uploads\/2021\/07\/SUMMER-CAMP-DURING-THE-PANDEMIC-e1626365817386.jpg\",\"contentUrl\":\"https:\/\/www.leselfes.com\/wp-content\/uploads\/2021\/07\/SUMMER-CAMP-DURING-THE-PANDEMIC-e1626365817386.jpg\",\"width\":750,\"height\":563},{\"@type\":\"BreadcrumbList\",\"@id\":\"https:\/\/www.leselfes.com\/pt-pt\/sera-que-as-colonias-de-ferias-durante-a-pandemia-sao-seguras-para-as-criancas\/#breadcrumb\",\"itemListElement\":[{\"@type\":\"ListItem\",\"position\":1,\"name\":\"Home\",\"item\":\"https:\/\/www.leselfes.com\/pt-pt\/\"},{\"@type\":\"ListItem\",\"position\":2,\"name\":\"Ser\u00e1 que as col\u00f3nias de f\u00e9rias durante a pandemia s\u00e3o seguras para as crian\u00e7as?\"}]},{\"@type\":\"WebSite\",\"@id\":\"https:\/\/dev.leselfes.com\/#website\",\"url\":\"https:\/\/dev.leselfes.com\/\",\"name\":\"Les Elfes International\",\"description\":\"Les Elfes International, Verbier Switzerland. Summer Camp, Winter Camp, Spring Camps.\",\"publisher\":{\"@id\":\"https:\/\/dev.leselfes.com\/#organization\"},\"alternateName\":\"Les Elfes International\",\"potentialAction\":[{\"@type\":\"SearchAction\",\"target\":{\"@type\":\"EntryPoint\",\"urlTemplate\":\"https:\/\/dev.leselfes.com\/?s={search_term_string}\"},\"query-input\":{\"@type\":\"PropertyValueSpecification\",\"valueRequired\":true,\"valueName\":\"search_term_string\"}}],\"inLanguage\":\"pt-PT\"},{\"@type\":\"Organization\",\"@id\":\"https:\/\/dev.leselfes.com\/#organization\",\"name\":\"Les Elfes International\",\"alternateName\":\"Les Elfes International\",\"url\":\"https:\/\/dev.leselfes.com\/\",\"logo\":{\"@type\":\"ImageObject\",\"inLanguage\":\"pt-PT\",\"@id\":\"https:\/\/dev.leselfes.com\/#\/schema\/logo\/image\/\",\"url\":\"https:\/\/www.leselfes.com\/wp-content\/uploads\/2022\/03\/leselfes-logo.png\",\"contentUrl\":\"https:\/\/www.leselfes.com\/wp-content\/uploads\/2022\/03\/leselfes-logo.png\",\"width\":233,\"height\":51,\"caption\":\"Les Elfes International\"},\"image\":{\"@id\":\"https:\/\/dev.leselfes.com\/#\/schema\/logo\/image\/\"},\"sameAs\":[\"https:\/\/www.facebook.com\/LesElfesVerbier\",\"https:\/\/x.com\/LesElfesCamps\",\"https:\/\/www.instagram.com\/leselfes\",\"https:\/\/www.linkedin.com\/company\/les-elfes-international\",\"https:\/\/www.youtube.com\/user\/LesElfesVerbier\"]},{\"@type\":\"Person\",\"@id\":\"https:\/\/dev.leselfes.com\/#\/schema\/person\/407a229698868b8c603874b19f37f289\",\"name\":\"lesadmin\",\"image\":{\"@type\":\"ImageObject\",\"inLanguage\":\"pt-PT\",\"@id\":\"https:\/\/dev.leselfes.com\/#\/schema\/person\/image\/\",\"url\":\"https:\/\/secure.gravatar.com\/avatar\/fdb243a028df450397b3632d862f87f6?s=96&d=mm&r=g\",\"contentUrl\":\"https:\/\/secure.gravatar.com\/avatar\/fdb243a028df450397b3632d862f87f6?s=96&d=mm&r=g\",\"caption\":\"lesadmin\"},\"url\":\"https:\/\/www.leselfes.com\/pt-pt\/author\/lesadmin\/\"}]}<\/script>\n<!-- \/ Yoast SEO Premium plugin. -->","yoast_head_json":{"title":"Ser\u00e1 que as col\u00f3nias de f\u00e9rias durante a pandemia s\u00e3o seguras para as crian\u00e7as? - Les Elfes International Camps Switzerland","robots":{"index":"index","follow":"follow","max-snippet":"max-snippet:-1","max-image-preview":"max-image-preview:large","max-video-preview":"max-video-preview:-1"},"canonical":"https:\/\/www.leselfes.com\/pt-pt\/sera-que-as-colonias-de-ferias-durante-a-pandemia-sao-seguras-para-as-criancas\/","og_locale":"pt_PT","og_type":"article","og_title":"Ser\u00e1 que as col\u00f3nias de f\u00e9rias durante a pandemia s\u00e3o seguras para as crian\u00e7as?","og_description":"Mandar as crian\u00e7as para um campo de f\u00e9rias parecia uma tarefa dif\u00edcil no ano passado, no in\u00edcio da pandemia. Hoje, as crian\u00e7as t\u00eam esperan\u00e7a de ir a um acampamento, especialmente...","og_url":"https:\/\/www.leselfes.com\/pt-pt\/sera-que-as-colonias-de-ferias-durante-a-pandemia-sao-seguras-para-as-criancas\/","og_site_name":"Les Elfes International Camps Switzerland","article_publisher":"https:\/\/www.facebook.com\/LesElfesVerbier","article_published_time":"2021-07-25T13:59:11+00:00","article_modified_time":"2024-10-03T16:30:45+00:00","og_image":[{"width":750,"height":563,"url":"https:\/\/dev.leselfes.com\/wp-content\/uploads\/2021\/07\/SUMMER-CAMP-DURING-THE-PANDEMIC-e1626365817386.jpg","type":"image\/jpeg"}],"author":"lesadmin","twitter_card":"summary_large_image","twitter_creator":"@LesElfesCamps","twitter_site":"@LesElfesCamps","twitter_misc":{"Escrito por":"lesadmin","Tempo estimado de leitura":"16 minutos"},"schema":{"@context":"https:\/\/schema.org","@graph":[{"@type":"Article","@id":"https:\/\/www.leselfes.com\/pt-pt\/sera-que-as-colonias-de-ferias-durante-a-pandemia-sao-seguras-para-as-criancas\/#article","isPartOf":{"@id":"https:\/\/www.leselfes.com\/pt-pt\/sera-que-as-colonias-de-ferias-durante-a-pandemia-sao-seguras-para-as-criancas\/"},"author":{"name":"lesadmin","@id":"https:\/\/dev.leselfes.com\/#\/schema\/person\/407a229698868b8c603874b19f37f289"},"headline":"Ser\u00e1 que as col\u00f3nias de f\u00e9rias durante a pandemia s\u00e3o seguras para as crian\u00e7as?","datePublished":"2021-07-25T13:59:11+00:00","dateModified":"2024-10-03T16:30:45+00:00","mainEntityOfPage":{"@id":"https:\/\/www.leselfes.com\/pt-pt\/sera-que-as-colonias-de-ferias-durante-a-pandemia-sao-seguras-para-as-criancas\/"},"wordCount":3268,"publisher":{"@id":"https:\/\/dev.leselfes.com\/#organization"},"image":{"@id":"https:\/\/www.leselfes.com\/pt-pt\/sera-que-as-colonias-de-ferias-durante-a-pandemia-sao-seguras-para-as-criancas\/#primaryimage"},"thumbnailUrl":"https:\/\/www.leselfes.com\/wp-content\/uploads\/2021\/07\/SUMMER-CAMP-DURING-THE-PANDEMIC-e1626365817386.jpg","articleSection":["Acampamento de ver\u00e3o","Artigos"],"inLanguage":"pt-PT"},{"@type":"WebPage","@id":"https:\/\/www.leselfes.com\/pt-pt\/sera-que-as-colonias-de-ferias-durante-a-pandemia-sao-seguras-para-as-criancas\/","url":"https:\/\/www.leselfes.com\/pt-pt\/sera-que-as-colonias-de-ferias-durante-a-pandemia-sao-seguras-para-as-criancas\/","name":"Ser\u00e1 que as col\u00f3nias de f\u00e9rias durante a pandemia s\u00e3o seguras para as crian\u00e7as? - Les Elfes International Camps Switzerland","isPartOf":{"@id":"https:\/\/dev.leselfes.com\/#website"},"primaryImageOfPage":{"@id":"https:\/\/www.leselfes.com\/pt-pt\/sera-que-as-colonias-de-ferias-durante-a-pandemia-sao-seguras-para-as-criancas\/#primaryimage"},"image":{"@id":"https:\/\/www.leselfes.com\/pt-pt\/sera-que-as-colonias-de-ferias-durante-a-pandemia-sao-seguras-para-as-criancas\/#primaryimage"},"thumbnailUrl":"https:\/\/www.leselfes.com\/wp-content\/uploads\/2021\/07\/SUMMER-CAMP-DURING-THE-PANDEMIC-e1626365817386.jpg","datePublished":"2021-07-25T13:59:11+00:00","dateModified":"2024-10-03T16:30:45+00:00","breadcrumb":{"@id":"https:\/\/www.leselfes.com\/pt-pt\/sera-que-as-colonias-de-ferias-durante-a-pandemia-sao-seguras-para-as-criancas\/#breadcrumb"},"inLanguage":"pt-PT","potentialAction":[{"@type":"ReadAction","target":["https:\/\/www.leselfes.com\/pt-pt\/sera-que-as-colonias-de-ferias-durante-a-pandemia-sao-seguras-para-as-criancas\/"]}]},{"@type":"ImageObject","inLanguage":"pt-PT","@id":"https:\/\/www.leselfes.com\/pt-pt\/sera-que-as-colonias-de-ferias-durante-a-pandemia-sao-seguras-para-as-criancas\/#primaryimage","url":"https:\/\/www.leselfes.com\/wp-content\/uploads\/2021\/07\/SUMMER-CAMP-DURING-THE-PANDEMIC-e1626365817386.jpg","contentUrl":"https:\/\/www.leselfes.com\/wp-content\/uploads\/2021\/07\/SUMMER-CAMP-DURING-THE-PANDEMIC-e1626365817386.jpg","width":750,"height":563},{"@type":"BreadcrumbList","@id":"https:\/\/www.leselfes.com\/pt-pt\/sera-que-as-colonias-de-ferias-durante-a-pandemia-sao-seguras-para-as-criancas\/#breadcrumb","itemListElement":[{"@type":"ListItem","position":1,"name":"Home","item":"https:\/\/www.leselfes.com\/pt-pt\/"},{"@type":"ListItem","position":2,"name":"Ser\u00e1 que as col\u00f3nias de f\u00e9rias durante a pandemia s\u00e3o seguras para as crian\u00e7as?"}]},{"@type":"WebSite","@id":"https:\/\/dev.leselfes.com\/#website","url":"https:\/\/dev.leselfes.com\/","name":"Les Elfes International","description":"Les Elfes International, Verbier Switzerland. Summer Camp, Winter Camp, Spring Camps.","publisher":{"@id":"https:\/\/dev.leselfes.com\/#organization"},"alternateName":"Les Elfes International","potentialAction":[{"@type":"SearchAction","target":{"@type":"EntryPoint","urlTemplate":"https:\/\/dev.leselfes.com\/?s={search_term_string}"},"query-input":{"@type":"PropertyValueSpecification","valueRequired":true,"valueName":"search_term_string"}}],"inLanguage":"pt-PT"},{"@type":"Organization","@id":"https:\/\/dev.leselfes.com\/#organization","name":"Les Elfes International","alternateName":"Les Elfes International","url":"https:\/\/dev.leselfes.com\/","logo":{"@type":"ImageObject","inLanguage":"pt-PT","@id":"https:\/\/dev.leselfes.com\/#\/schema\/logo\/image\/","url":"https:\/\/www.leselfes.com\/wp-content\/uploads\/2022\/03\/leselfes-logo.png","contentUrl":"https:\/\/www.leselfes.com\/wp-content\/uploads\/2022\/03\/leselfes-logo.png","width":233,"height":51,"caption":"Les Elfes International"},"image":{"@id":"https:\/\/dev.leselfes.com\/#\/schema\/logo\/image\/"},"sameAs":["https:\/\/www.facebook.com\/LesElfesVerbier","https:\/\/x.com\/LesElfesCamps","https:\/\/www.instagram.com\/leselfes","https:\/\/www.linkedin.com\/company\/les-elfes-international","https:\/\/www.youtube.com\/user\/LesElfesVerbier"]},{"@type":"Person","@id":"https:\/\/dev.leselfes.com\/#\/schema\/person\/407a229698868b8c603874b19f37f289","name":"lesadmin","image":{"@type":"ImageObject","inLanguage":"pt-PT","@id":"https:\/\/dev.leselfes.com\/#\/schema\/person\/image\/","url":"https:\/\/secure.gravatar.com\/avatar\/fdb243a028df450397b3632d862f87f6?s=96&d=mm&r=g","contentUrl":"https:\/\/secure.gravatar.com\/avatar\/fdb243a028df450397b3632d862f87f6?s=96&d=mm&r=g","caption":"lesadmin"},"url":"https:\/\/www.leselfes.com\/pt-pt\/author\/lesadmin\/"}]}},"_links":{"self":[{"href":"https:\/\/www.leselfes.com\/pt-pt\/wp-json\/wp\/v2\/posts\/87260"}],"collection":[{"href":"https:\/\/www.leselfes.com\/pt-pt\/wp-json\/wp\/v2\/posts"}],"about":[{"href":"https:\/\/www.leselfes.com\/pt-pt\/wp-json\/wp\/v2\/types\/post"}],"author":[{"embeddable":true,"href":"https:\/\/www.leselfes.com\/pt-pt\/wp-json\/wp\/v2\/users\/1"}],"replies":[{"embeddable":true,"href":"https:\/\/www.leselfes.com\/pt-pt\/wp-json\/wp\/v2\/comments?post=87260"}],"version-history":[{"count":0,"href":"https:\/\/www.leselfes.com\/pt-pt\/wp-json\/wp\/v2\/posts\/87260\/revisions"}],"wp:featuredmedia":[{"embeddable":true,"href":"https:\/\/www.leselfes.com\/pt-pt\/wp-json\/wp\/v2\/media\/74857"}],"wp:attachment":[{"href":"https:\/\/www.leselfes.com\/pt-pt\/wp-json\/wp\/v2\/media?parent=87260"}],"wp:term":[{"taxonomy":"category","embeddable":true,"href":"https:\/\/www.leselfes.com\/pt-pt\/wp-json\/wp\/v2\/categories?post=87260"},{"taxonomy":"post_tag","embeddable":true,"href":"https:\/\/www.leselfes.com\/pt-pt\/wp-json\/wp\/v2\/tags?post=87260"}],"curies":[{"name":"wp","href":"https:\/\/api.w.org\/{rel}","templated":true}]}}