{"id":87282,"date":"2021-11-18T08:25:00","date_gmt":"2021-11-18T07:25:00","guid":{"rendered":"https:\/\/www.leselfes.com\/como-deixar-de-procrastinar-agora-mesmo\/"},"modified":"2024-10-03T18:31:34","modified_gmt":"2024-10-03T16:31:34","slug":"como-deixar-de-procrastinar-agora-mesmo","status":"publish","type":"post","link":"https:\/\/www.leselfes.com\/pt-pt\/como-deixar-de-procrastinar-agora-mesmo\/","title":{"rendered":"Como deixar de procrastinar agora mesmo"},"content":{"rendered":"<p><strong>A procrastina\u00e7\u00e3o<\/strong> \u00e9 o assassino da produtividade que afecta at\u00e9 70% dos estudantes universit\u00e1rios e, de acordo com uma investiga\u00e7\u00e3o do Dr. Joseph Ferrari, 1 em cada 5 adultos.<br \/>\n\u00c9 muito mais f\u00e1cil concentrares-te a reorganizar as estantes ou a percorrer as redes sociais do que a fazer um ensaio ou um monte de trabalhos de curso. <\/p>\n<p>As estat\u00edsticas mostram que o n\u00famero de pessoas que confessam <strong>procrastinar<\/strong> aumentou 200% desde a d\u00e9cada de 1980.<br \/>\nUma das principais raz\u00f5es para isso s\u00e3o os avan\u00e7os tecnol\u00f3gicos, que nos d\u00e3o acesso a distrac\u00e7\u00f5es ilimitadas na ponta dos dedos, na Internet ou no telem\u00f3vel. <\/p>\n<p>Mas quando um prazo se aproxima rapidamente, <strong>a procrastina\u00e7\u00e3o<\/strong> n\u00e3o s\u00f3 causa stress e ansiedade, como tamb\u00e9m significa que te podes apressar e n\u00e3o entregar o teu melhor trabalho.<br \/>\nSe est\u00e1s a ler isto porque n\u00e3o consegues concentrar-te na tarefa que tens em m\u00e3os, est\u00e1s no s\u00edtio certo.<br \/>\nEm apenas dois minutos, l\u00ea estas tr\u00eas t\u00e9cnicas que podes usar agora mesmo para come\u00e7ares a trabalhar!  <\/p>\n<div id=\"ez-toc-container\" class=\"ez-toc-v2_0_73 ez-toc-wrap-left counter-hierarchy ez-toc-counter ez-toc-grey ez-toc-container-direction\">\n<div class=\"ez-toc-title-container\">\n<span class=\"ez-toc-title ez-toc-toggle\" style=\"cursor:pointer\">Table of Contents<\/span>\n<span class=\"ez-toc-title-toggle\"><a href=\"#\" class=\"ez-toc-pull-right ez-toc-btn ez-toc-btn-xs ez-toc-btn-default ez-toc-toggle\" aria-label=\"Toggle Table of Content\"><span class=\"ez-toc-js-icon-con\"><span class=\"\"><span class=\"eztoc-hide\" style=\"display:none;\">Toggle<\/span><span class=\"ez-toc-icon-toggle-span\"><svg style=\"fill: #999;color:#999\" xmlns=\"http:\/\/www.w3.org\/2000\/svg\" class=\"list-377408\" width=\"20px\" height=\"20px\" viewBox=\"0 0 24 24\" fill=\"none\"><path d=\"M6 6H4v2h2V6zm14 0H8v2h12V6zM4 11h2v2H4v-2zm16 0H8v2h12v-2zM4 16h2v2H4v-2zm16 0H8v2h12v-2z\" fill=\"currentColor\"><\/path><\/svg><svg style=\"fill: #999;color:#999\" class=\"arrow-unsorted-368013\" xmlns=\"http:\/\/www.w3.org\/2000\/svg\" width=\"10px\" height=\"10px\" viewBox=\"0 0 24 24\" version=\"1.2\" baseProfile=\"tiny\"><path d=\"M18.2 9.3l-6.2-6.3-6.2 6.3c-.2.2-.3.4-.3.7s.1.5.3.7c.2.2.4.3.7.3h11c.3 0 .5-.1.7-.3.2-.2.3-.5.3-.7s-.1-.5-.3-.7zM5.8 14.7l6.2 6.3 6.2-6.3c.2-.2.3-.5.3-.7s-.1-.5-.3-.7c-.2-.2-.4-.3-.7-.3h-11c-.3 0-.5.1-.7.3-.2.2-.3.5-.3.7s.1.5.3.7z\"\/><\/svg><\/span><\/span><\/span><\/a><\/span><\/div>\n<nav><ul class='ez-toc-list ez-toc-list-level-1 eztoc-toggle-hide-by-default' ><li class='ez-toc-page-1 ez-toc-heading-level-2'><a class=\"ez-toc-link ez-toc-heading-1\" href=\"https:\/\/www.leselfes.com\/pt-pt\/como-deixar-de-procrastinar-agora-mesmo\/#Guarda_o_teu_telemovel\" title=\"Guarda o teu telem\u00f3vel\">Guarda o teu telem\u00f3vel<\/a><\/li><li class='ez-toc-page-1 ez-toc-heading-level-2'><a class=\"ez-toc-link ez-toc-heading-2\" href=\"https:\/\/www.leselfes.com\/pt-pt\/como-deixar-de-procrastinar-agora-mesmo\/#Fazer_uma_lista_de_verificacao_pode_ajudar-te_a_organizar-te\" title=\"Fazer uma lista de verifica\u00e7\u00e3o pode ajudar-te a organizar-te\">Fazer uma lista de verifica\u00e7\u00e3o pode ajudar-te a organizar-te<\/a><\/li><li class='ez-toc-page-1 ez-toc-heading-level-2'><a class=\"ez-toc-link ez-toc-heading-3\" href=\"https:\/\/www.leselfes.com\/pt-pt\/como-deixar-de-procrastinar-agora-mesmo\/#Para_de_procrastinar_faz_pausas_regulares\" title=\"P\u00e1ra de procrastinar, faz pausas regulares\">P\u00e1ra de procrastinar, faz pausas regulares<\/a><\/li><li class='ez-toc-page-1 ez-toc-heading-level-2'><a class=\"ez-toc-link ez-toc-heading-4\" href=\"https:\/\/www.leselfes.com\/pt-pt\/como-deixar-de-procrastinar-agora-mesmo\/#Conclusao\" title=\"Conclus\u00e3o\">Conclus\u00e3o<\/a><\/li><\/ul><\/nav><\/div>\n\n<p style=\"text-align: center;\">Em Les Elfes, ensinamos os alunos a gerir o seu tempo e a tirar o melhor partido dele!<\/p>\n<p style=\"text-align: center;\">Descobre os campos de esqui e snowboard Les Elfes Winter!<\/p>\n<p>\t\t\t<a href=\"https:\/\/www.leselfes.com\/pt-pt\/?page_id=85750\" target=\"_blank\" role=\"button\" rel=\"noopener\"><br \/>  ACAMPAMENTOS DE INVERNO LES ELFES<br \/>\n\t\t\t\t\t<\/a><\/p><\/p>\n\n\n<p>\n<\/p><\/p>\n\n\n<p>\n<\/p><\/p>\n\n\n<h2><span class=\"ez-toc-section\" id=\"Guarda_o_teu_telemovel\"><\/span>Guarda o teu telem\u00f3vel<span class=\"ez-toc-section-end\"><\/span><\/h2>\n<p style=\"text-align: left;\">Ou melhor, desliga-o.\nOs telem\u00f3veis est\u00e3o constantemente a exigir a nossa aten\u00e7\u00e3o: grupos de mensagens a tocar, notifica\u00e7\u00f5es de jogos com actualiza\u00e7\u00f5es ou ofertas especiais, ou actualiza\u00e7\u00f5es das redes sociais que te imploram para percorreres o teu feed.\nSe n\u00e3o te sentes \u00e0 vontade para o desligar, desliga as notifica\u00e7\u00f5es de tudo aquilo a que n\u00e3o precisas de ter acesso imediato ou muda para o modo &#8220;N\u00e3o incomodar&#8221;.\nNeste momento, tens coisas mais importantes para fazer!   <\/p>\n<p style=\"text-align: left;\">\u00a0<\/p>\n<p style=\"text-align: center;\"><a href=\"https:\/\/www.leselfes.com\/wp-content\/uploads\/2021\/11\/How-to-stop-procrastinating-right-now-Turn-off-notifications-1.jpg\"><img loading=\"lazy\" decoding=\"async\" src=\"https:\/\/www.leselfes.com\/wp-content\/uploads\/2021\/11\/How-to-stop-procrastinating-right-now-Turn-off-notifications-1.jpg\" alt=\"Como deixar de procrastinar agora mesmo - Desliga as notifica&#xE7;&#xF5;es\" width=\"951\" height=\"634\"\/><\/a><\/p>\n<p style=\"text-align: left;\">\u00a0<\/p>\n<h2><span class=\"ez-toc-section\" id=\"Fazer_uma_lista_de_verificacao_pode_ajudar-te_a_organizar-te\"><\/span>Fazer uma lista de verifica\u00e7\u00e3o pode ajudar-te a organizar-te<span class=\"ez-toc-section-end\"><\/span><\/h2>\n<p>O nosso c\u00e9rebro n\u00e3o gosta de assumir tarefas grandes e demoradas.\nPrefere <strong>objectivos<\/strong> mais pequenos e <strong>espec\u00edficos<\/strong>, de acordo com a teoria de defini\u00e7\u00e3o de objectivos de Edwin Locke. <strong>Faz uma lista<\/strong> de <strong>verifica\u00e7\u00e3o<\/strong> de todos os elementos ou par\u00e1grafos espec\u00edficos que tens de completar &#8211; se te concentrares num objetivo mais pequeno e mais ating\u00edvel, \u00e9 muito menos prov\u00e1vel que o teu c\u00e9rebro entre em modo de p\u00e2nico e encontre algo mais f\u00e1cil de fazer.\nPor exemplo, em vez de &#8220;completar o meu ensaio&#8221;, divide-o em: &#8220;Escreve a introdu\u00e7\u00e3o&#8221;, &#8220;Escreve o primeiro par\u00e1grafo&#8221;.\netc.\nSe fizeres uma lista f\u00edsica que possas ir verificando \u00e0 medida que avan\u00e7as, n\u00e3o s\u00f3 te manter\u00e1s no caminho certo, como tamb\u00e9m dar\u00e1s ao teu c\u00e9rebro uma recompensa por cada sec\u00e7\u00e3o conclu\u00edda e manter-te-\u00e1s motivado.    <\/p>\n<h2><span class=\"ez-toc-section\" id=\"Para_de_procrastinar_faz_pausas_regulares\"><\/span>P\u00e1ra de procrastinar, faz pausas regulares<span class=\"ez-toc-section-end\"><\/span><\/h2>\n<p>Inicialmente, isto pode parecer contraproducente, mas fazer <strong>pausas regulares<\/strong> d\u00e1-te uma <strong>recompensa para trabalhares<\/strong>.\nColoca um temporizador e trabalha arduamente durante 20 minutos, depois faz uma pausa de cinco minutos.\nRepete at\u00e9 atingires o teu objetivo!\nOs cinco minutos funcionam como recompensa, mas uma pausa tamb\u00e9m te permite voltar a concentrar-te para os 20 minutos seguintes.\nTalvez queiras ajustar os tempos; talvez funciones melhor com pausas mais curtas mas mais frequentes &#8211; \u00e9 tudo uma quest\u00e3o de saber o que funciona para ti.\nSe n\u00e3o tiveres confian\u00e7a em usar o telem\u00f3vel como temporizador, podes usar um rel\u00f3gio ou um temporizador de ovos da cozinha, ou pedir a um amigo ou familiar que marque o tempo por ti.     <\/p>\n<p>\u00a0<\/p>\n<p style=\"text-align: center;\"><a href=\"https:\/\/www.leselfes.com\/wp-content\/uploads\/2021\/11\/How-to-stop-procrastinating-right-now-Clock.jpg\"><img loading=\"lazy\" decoding=\"async\" src=\"https:\/\/www.leselfes.com\/wp-content\/uploads\/2021\/11\/How-to-stop-procrastinating-right-now-Clock.jpg\" alt=\"Como deixar de procrastinar agora mesmo - Clock\" width=\"951\" height=\"634\"\/><\/a><\/p>\n<p>\u00a0<\/p>\n<h2><span class=\"ez-toc-section\" id=\"Conclusao\"><\/span>Conclus\u00e3o<span class=\"ez-toc-section-end\"><\/span><\/h2>\n<p><strong>A procrastina\u00e7\u00e3o<\/strong> afecta a maioria de n\u00f3s, normalmente na pior altura poss\u00edvel. <strong>Superar a procrastina\u00e7\u00e3o<\/strong> vai ajudar-te na maior parte do caminho, e o resto \u00e9 simples. P\u00f5e a tua melhor lista de reprodu\u00e7\u00e3o motivacional, prepara um ch\u00e1, baixa a cabe\u00e7a e experimenta estas t\u00e9cnicas agora mesmo, e arrasa neste ensaio!<\/p>\n<p>\n<\/p><\/p>\n\n\n<p>\n<\/p><\/p>\n\n\n<p>\n<\/p><\/p>\n<p>EST\u00c1S \u00c0 PROCURA DE UM CAMPO DE F\u00c9RIAS DE INVERNO PARA O TEU FILHO?<\/p>\n<p>\t\t\t <a href=\"https:\/\/www.leselfes.com\/pt-pt\/?page_id=85750\" target=\"_blank\" role=\"button\" rel=\"noopener\"><br \/> VISITA A NOSSA P\u00c1GINA DE ACAMPAMENTO DE INVERNO<br \/><\/a><br \/><a href=\"https:\/\/www.leselfes.com\/contact-quote-request\/\" target=\"_blank\" role=\"button\" rel=\"noopener\"><br \/> CONTACTA A NOSSA SEDE<br \/><\/a><\/p>\n","protected":false},"excerpt":{"rendered":"<p>A procrastina\u00e7\u00e3o \u00e9 o assassino da produtividade que afecta at\u00e9 70% dos estudantes universit\u00e1rios e, de acordo com uma investiga\u00e7\u00e3o do Dr. Joseph Ferrari, 1 em cada 5 adultos. \u00c9&#8230;<\/p>\n","protected":false},"author":1,"featured_media":75301,"comment_status":"closed","ping_status":"open","sticky":false,"template":"","format":"standard","meta":{"_acf_changed":false,"inline_featured_image":false,"footnotes":""},"categories":[1103],"tags":[],"class_list":{"0":"post-87282","1":"post","2":"type-post","3":"status-publish","4":"format-standard","5":"has-post-thumbnail","7":"category-artigos"},"acf":[],"yoast_head":"<!-- This site is optimized with the Yoast SEO Premium plugin v24.2 (Yoast SEO v24.7) - https:\/\/yoast.com\/wordpress\/plugins\/seo\/ -->\n<title>Como deixar de procrastinar agora mesmo - Les Elfes International Camps Switzerland Les Elfes Camps<\/title>\n<meta name=\"robots\" content=\"index, follow, max-snippet:-1, max-image-preview:large, max-video-preview:-1\" \/>\n<link rel=\"canonical\" href=\"https:\/\/www.leselfes.com\/pt-pt\/como-deixar-de-procrastinar-agora-mesmo\/\" \/>\n<meta property=\"og:locale\" content=\"pt_PT\" \/>\n<meta property=\"og:type\" content=\"article\" \/>\n<meta property=\"og:title\" content=\"Como deixar de procrastinar agora mesmo\" \/>\n<meta property=\"og:description\" content=\"A procrastina\u00e7\u00e3o \u00e9 o assassino da produtividade que afecta at\u00e9 70% dos estudantes universit\u00e1rios e, de acordo com uma investiga\u00e7\u00e3o do Dr. Joseph Ferrari, 1 em cada 5 adultos. \u00c9...\" \/>\n<meta property=\"og:url\" content=\"https:\/\/www.leselfes.com\/pt-pt\/como-deixar-de-procrastinar-agora-mesmo\/\" \/>\n<meta property=\"og:site_name\" content=\"Les Elfes International Camps Switzerland\" \/>\n<meta property=\"article:publisher\" content=\"https:\/\/www.facebook.com\/LesElfesVerbier\" \/>\n<meta property=\"article:published_time\" content=\"2021-11-18T07:25:00+00:00\" \/>\n<meta property=\"article:modified_time\" content=\"2024-10-03T16:31:34+00:00\" \/>\n<meta property=\"og:image\" content=\"https:\/\/dev.leselfes.com\/wp-content\/uploads\/2021\/11\/How-to-stop-procrastinating-right-now-Cover-1.jpg\" \/>\n\t<meta property=\"og:image:width\" content=\"500\" \/>\n\t<meta property=\"og:image:height\" content=\"333\" \/>\n\t<meta property=\"og:image:type\" content=\"image\/jpeg\" \/>\n<meta name=\"author\" content=\"lesadmin\" \/>\n<meta name=\"twitter:card\" content=\"summary_large_image\" \/>\n<meta name=\"twitter:creator\" content=\"@LesElfesCamps\" \/>\n<meta name=\"twitter:site\" content=\"@LesElfesCamps\" \/>\n<meta name=\"twitter:label1\" content=\"Escrito por\" \/>\n\t<meta name=\"twitter:data1\" content=\"lesadmin\" \/>\n\t<meta name=\"twitter:label2\" content=\"Tempo estimado de leitura\" \/>\n\t<meta name=\"twitter:data2\" content=\"3 minutos\" \/>\n<script type=\"application\/ld+json\" class=\"yoast-schema-graph\">{\"@context\":\"https:\/\/schema.org\",\"@graph\":[{\"@type\":\"Article\",\"@id\":\"https:\/\/www.leselfes.com\/pt-pt\/como-deixar-de-procrastinar-agora-mesmo\/#article\",\"isPartOf\":{\"@id\":\"https:\/\/www.leselfes.com\/pt-pt\/como-deixar-de-procrastinar-agora-mesmo\/\"},\"author\":{\"name\":\"lesadmin\",\"@id\":\"https:\/\/dev.leselfes.com\/#\/schema\/person\/407a229698868b8c603874b19f37f289\"},\"headline\":\"Como deixar de procrastinar agora mesmo\",\"datePublished\":\"2021-11-18T07:25:00+00:00\",\"dateModified\":\"2024-10-03T16:31:34+00:00\",\"mainEntityOfPage\":{\"@id\":\"https:\/\/www.leselfes.com\/pt-pt\/como-deixar-de-procrastinar-agora-mesmo\/\"},\"wordCount\":693,\"publisher\":{\"@id\":\"https:\/\/dev.leselfes.com\/#organization\"},\"image\":{\"@id\":\"https:\/\/www.leselfes.com\/pt-pt\/como-deixar-de-procrastinar-agora-mesmo\/#primaryimage\"},\"thumbnailUrl\":\"https:\/\/www.leselfes.com\/wp-content\/uploads\/2021\/11\/How-to-stop-procrastinating-right-now-Cover-1.jpg\",\"articleSection\":[\"Artigos\"],\"inLanguage\":\"pt-PT\"},{\"@type\":\"WebPage\",\"@id\":\"https:\/\/www.leselfes.com\/pt-pt\/como-deixar-de-procrastinar-agora-mesmo\/\",\"url\":\"https:\/\/www.leselfes.com\/pt-pt\/como-deixar-de-procrastinar-agora-mesmo\/\",\"name\":\"Como deixar de procrastinar agora mesmo - Les Elfes International Camps Switzerland Les Elfes Camps\",\"isPartOf\":{\"@id\":\"https:\/\/dev.leselfes.com\/#website\"},\"primaryImageOfPage\":{\"@id\":\"https:\/\/www.leselfes.com\/pt-pt\/como-deixar-de-procrastinar-agora-mesmo\/#primaryimage\"},\"image\":{\"@id\":\"https:\/\/www.leselfes.com\/pt-pt\/como-deixar-de-procrastinar-agora-mesmo\/#primaryimage\"},\"thumbnailUrl\":\"https:\/\/www.leselfes.com\/wp-content\/uploads\/2021\/11\/How-to-stop-procrastinating-right-now-Cover-1.jpg\",\"datePublished\":\"2021-11-18T07:25:00+00:00\",\"dateModified\":\"2024-10-03T16:31:34+00:00\",\"breadcrumb\":{\"@id\":\"https:\/\/www.leselfes.com\/pt-pt\/como-deixar-de-procrastinar-agora-mesmo\/#breadcrumb\"},\"inLanguage\":\"pt-PT\",\"potentialAction\":[{\"@type\":\"ReadAction\",\"target\":[\"https:\/\/www.leselfes.com\/pt-pt\/como-deixar-de-procrastinar-agora-mesmo\/\"]}]},{\"@type\":\"ImageObject\",\"inLanguage\":\"pt-PT\",\"@id\":\"https:\/\/www.leselfes.com\/pt-pt\/como-deixar-de-procrastinar-agora-mesmo\/#primaryimage\",\"url\":\"https:\/\/www.leselfes.com\/wp-content\/uploads\/2021\/11\/How-to-stop-procrastinating-right-now-Cover-1.jpg\",\"contentUrl\":\"https:\/\/www.leselfes.com\/wp-content\/uploads\/2021\/11\/How-to-stop-procrastinating-right-now-Cover-1.jpg\",\"width\":500,\"height\":333},{\"@type\":\"BreadcrumbList\",\"@id\":\"https:\/\/www.leselfes.com\/pt-pt\/como-deixar-de-procrastinar-agora-mesmo\/#breadcrumb\",\"itemListElement\":[{\"@type\":\"ListItem\",\"position\":1,\"name\":\"Home\",\"item\":\"https:\/\/www.leselfes.com\/pt-pt\/\"},{\"@type\":\"ListItem\",\"position\":2,\"name\":\"Como deixar de procrastinar agora mesmo\"}]},{\"@type\":\"WebSite\",\"@id\":\"https:\/\/dev.leselfes.com\/#website\",\"url\":\"https:\/\/dev.leselfes.com\/\",\"name\":\"Les Elfes International\",\"description\":\"Les Elfes International, Verbier Switzerland. Summer Camp, Winter Camp, Spring Camps.\",\"publisher\":{\"@id\":\"https:\/\/dev.leselfes.com\/#organization\"},\"alternateName\":\"Les Elfes International\",\"potentialAction\":[{\"@type\":\"SearchAction\",\"target\":{\"@type\":\"EntryPoint\",\"urlTemplate\":\"https:\/\/dev.leselfes.com\/?s={search_term_string}\"},\"query-input\":{\"@type\":\"PropertyValueSpecification\",\"valueRequired\":true,\"valueName\":\"search_term_string\"}}],\"inLanguage\":\"pt-PT\"},{\"@type\":\"Organization\",\"@id\":\"https:\/\/dev.leselfes.com\/#organization\",\"name\":\"Les Elfes International\",\"alternateName\":\"Les Elfes International\",\"url\":\"https:\/\/dev.leselfes.com\/\",\"logo\":{\"@type\":\"ImageObject\",\"inLanguage\":\"pt-PT\",\"@id\":\"https:\/\/dev.leselfes.com\/#\/schema\/logo\/image\/\",\"url\":\"https:\/\/www.leselfes.com\/wp-content\/uploads\/2022\/03\/leselfes-logo.png\",\"contentUrl\":\"https:\/\/www.leselfes.com\/wp-content\/uploads\/2022\/03\/leselfes-logo.png\",\"width\":233,\"height\":51,\"caption\":\"Les Elfes International\"},\"image\":{\"@id\":\"https:\/\/dev.leselfes.com\/#\/schema\/logo\/image\/\"},\"sameAs\":[\"https:\/\/www.facebook.com\/LesElfesVerbier\",\"https:\/\/x.com\/LesElfesCamps\",\"https:\/\/www.instagram.com\/leselfes\",\"https:\/\/www.linkedin.com\/company\/les-elfes-international\",\"https:\/\/www.youtube.com\/user\/LesElfesVerbier\"]},{\"@type\":\"Person\",\"@id\":\"https:\/\/dev.leselfes.com\/#\/schema\/person\/407a229698868b8c603874b19f37f289\",\"name\":\"lesadmin\",\"image\":{\"@type\":\"ImageObject\",\"inLanguage\":\"pt-PT\",\"@id\":\"https:\/\/dev.leselfes.com\/#\/schema\/person\/image\/\",\"url\":\"https:\/\/secure.gravatar.com\/avatar\/fdb243a028df450397b3632d862f87f6?s=96&d=mm&r=g\",\"contentUrl\":\"https:\/\/secure.gravatar.com\/avatar\/fdb243a028df450397b3632d862f87f6?s=96&d=mm&r=g\",\"caption\":\"lesadmin\"},\"url\":\"https:\/\/www.leselfes.com\/pt-pt\/author\/lesadmin\/\"}]}<\/script>\n<!-- \/ Yoast SEO Premium plugin. -->","yoast_head_json":{"title":"Como deixar de procrastinar agora mesmo - Les Elfes International Camps Switzerland Les Elfes Camps","robots":{"index":"index","follow":"follow","max-snippet":"max-snippet:-1","max-image-preview":"max-image-preview:large","max-video-preview":"max-video-preview:-1"},"canonical":"https:\/\/www.leselfes.com\/pt-pt\/como-deixar-de-procrastinar-agora-mesmo\/","og_locale":"pt_PT","og_type":"article","og_title":"Como deixar de procrastinar agora mesmo","og_description":"A procrastina\u00e7\u00e3o \u00e9 o assassino da produtividade que afecta at\u00e9 70% dos estudantes universit\u00e1rios e, de acordo com uma investiga\u00e7\u00e3o do Dr. Joseph Ferrari, 1 em cada 5 adultos. \u00c9...","og_url":"https:\/\/www.leselfes.com\/pt-pt\/como-deixar-de-procrastinar-agora-mesmo\/","og_site_name":"Les Elfes International Camps Switzerland","article_publisher":"https:\/\/www.facebook.com\/LesElfesVerbier","article_published_time":"2021-11-18T07:25:00+00:00","article_modified_time":"2024-10-03T16:31:34+00:00","og_image":[{"width":500,"height":333,"url":"https:\/\/dev.leselfes.com\/wp-content\/uploads\/2021\/11\/How-to-stop-procrastinating-right-now-Cover-1.jpg","type":"image\/jpeg"}],"author":"lesadmin","twitter_card":"summary_large_image","twitter_creator":"@LesElfesCamps","twitter_site":"@LesElfesCamps","twitter_misc":{"Escrito por":"lesadmin","Tempo estimado de leitura":"3 minutos"},"schema":{"@context":"https:\/\/schema.org","@graph":[{"@type":"Article","@id":"https:\/\/www.leselfes.com\/pt-pt\/como-deixar-de-procrastinar-agora-mesmo\/#article","isPartOf":{"@id":"https:\/\/www.leselfes.com\/pt-pt\/como-deixar-de-procrastinar-agora-mesmo\/"},"author":{"name":"lesadmin","@id":"https:\/\/dev.leselfes.com\/#\/schema\/person\/407a229698868b8c603874b19f37f289"},"headline":"Como deixar de procrastinar agora mesmo","datePublished":"2021-11-18T07:25:00+00:00","dateModified":"2024-10-03T16:31:34+00:00","mainEntityOfPage":{"@id":"https:\/\/www.leselfes.com\/pt-pt\/como-deixar-de-procrastinar-agora-mesmo\/"},"wordCount":693,"publisher":{"@id":"https:\/\/dev.leselfes.com\/#organization"},"image":{"@id":"https:\/\/www.leselfes.com\/pt-pt\/como-deixar-de-procrastinar-agora-mesmo\/#primaryimage"},"thumbnailUrl":"https:\/\/www.leselfes.com\/wp-content\/uploads\/2021\/11\/How-to-stop-procrastinating-right-now-Cover-1.jpg","articleSection":["Artigos"],"inLanguage":"pt-PT"},{"@type":"WebPage","@id":"https:\/\/www.leselfes.com\/pt-pt\/como-deixar-de-procrastinar-agora-mesmo\/","url":"https:\/\/www.leselfes.com\/pt-pt\/como-deixar-de-procrastinar-agora-mesmo\/","name":"Como deixar de procrastinar agora mesmo - Les Elfes International Camps Switzerland Les Elfes Camps","isPartOf":{"@id":"https:\/\/dev.leselfes.com\/#website"},"primaryImageOfPage":{"@id":"https:\/\/www.leselfes.com\/pt-pt\/como-deixar-de-procrastinar-agora-mesmo\/#primaryimage"},"image":{"@id":"https:\/\/www.leselfes.com\/pt-pt\/como-deixar-de-procrastinar-agora-mesmo\/#primaryimage"},"thumbnailUrl":"https:\/\/www.leselfes.com\/wp-content\/uploads\/2021\/11\/How-to-stop-procrastinating-right-now-Cover-1.jpg","datePublished":"2021-11-18T07:25:00+00:00","dateModified":"2024-10-03T16:31:34+00:00","breadcrumb":{"@id":"https:\/\/www.leselfes.com\/pt-pt\/como-deixar-de-procrastinar-agora-mesmo\/#breadcrumb"},"inLanguage":"pt-PT","potentialAction":[{"@type":"ReadAction","target":["https:\/\/www.leselfes.com\/pt-pt\/como-deixar-de-procrastinar-agora-mesmo\/"]}]},{"@type":"ImageObject","inLanguage":"pt-PT","@id":"https:\/\/www.leselfes.com\/pt-pt\/como-deixar-de-procrastinar-agora-mesmo\/#primaryimage","url":"https:\/\/www.leselfes.com\/wp-content\/uploads\/2021\/11\/How-to-stop-procrastinating-right-now-Cover-1.jpg","contentUrl":"https:\/\/www.leselfes.com\/wp-content\/uploads\/2021\/11\/How-to-stop-procrastinating-right-now-Cover-1.jpg","width":500,"height":333},{"@type":"BreadcrumbList","@id":"https:\/\/www.leselfes.com\/pt-pt\/como-deixar-de-procrastinar-agora-mesmo\/#breadcrumb","itemListElement":[{"@type":"ListItem","position":1,"name":"Home","item":"https:\/\/www.leselfes.com\/pt-pt\/"},{"@type":"ListItem","position":2,"name":"Como deixar de procrastinar agora mesmo"}]},{"@type":"WebSite","@id":"https:\/\/dev.leselfes.com\/#website","url":"https:\/\/dev.leselfes.com\/","name":"Les Elfes International","description":"Les Elfes International, Verbier Switzerland. Summer Camp, Winter Camp, Spring Camps.","publisher":{"@id":"https:\/\/dev.leselfes.com\/#organization"},"alternateName":"Les Elfes International","potentialAction":[{"@type":"SearchAction","target":{"@type":"EntryPoint","urlTemplate":"https:\/\/dev.leselfes.com\/?s={search_term_string}"},"query-input":{"@type":"PropertyValueSpecification","valueRequired":true,"valueName":"search_term_string"}}],"inLanguage":"pt-PT"},{"@type":"Organization","@id":"https:\/\/dev.leselfes.com\/#organization","name":"Les Elfes International","alternateName":"Les Elfes International","url":"https:\/\/dev.leselfes.com\/","logo":{"@type":"ImageObject","inLanguage":"pt-PT","@id":"https:\/\/dev.leselfes.com\/#\/schema\/logo\/image\/","url":"https:\/\/www.leselfes.com\/wp-content\/uploads\/2022\/03\/leselfes-logo.png","contentUrl":"https:\/\/www.leselfes.com\/wp-content\/uploads\/2022\/03\/leselfes-logo.png","width":233,"height":51,"caption":"Les Elfes International"},"image":{"@id":"https:\/\/dev.leselfes.com\/#\/schema\/logo\/image\/"},"sameAs":["https:\/\/www.facebook.com\/LesElfesVerbier","https:\/\/x.com\/LesElfesCamps","https:\/\/www.instagram.com\/leselfes","https:\/\/www.linkedin.com\/company\/les-elfes-international","https:\/\/www.youtube.com\/user\/LesElfesVerbier"]},{"@type":"Person","@id":"https:\/\/dev.leselfes.com\/#\/schema\/person\/407a229698868b8c603874b19f37f289","name":"lesadmin","image":{"@type":"ImageObject","inLanguage":"pt-PT","@id":"https:\/\/dev.leselfes.com\/#\/schema\/person\/image\/","url":"https:\/\/secure.gravatar.com\/avatar\/fdb243a028df450397b3632d862f87f6?s=96&d=mm&r=g","contentUrl":"https:\/\/secure.gravatar.com\/avatar\/fdb243a028df450397b3632d862f87f6?s=96&d=mm&r=g","caption":"lesadmin"},"url":"https:\/\/www.leselfes.com\/pt-pt\/author\/lesadmin\/"}]}},"_links":{"self":[{"href":"https:\/\/www.leselfes.com\/pt-pt\/wp-json\/wp\/v2\/posts\/87282"}],"collection":[{"href":"https:\/\/www.leselfes.com\/pt-pt\/wp-json\/wp\/v2\/posts"}],"about":[{"href":"https:\/\/www.leselfes.com\/pt-pt\/wp-json\/wp\/v2\/types\/post"}],"author":[{"embeddable":true,"href":"https:\/\/www.leselfes.com\/pt-pt\/wp-json\/wp\/v2\/users\/1"}],"replies":[{"embeddable":true,"href":"https:\/\/www.leselfes.com\/pt-pt\/wp-json\/wp\/v2\/comments?post=87282"}],"version-history":[{"count":0,"href":"https:\/\/www.leselfes.com\/pt-pt\/wp-json\/wp\/v2\/posts\/87282\/revisions"}],"wp:featuredmedia":[{"embeddable":true,"href":"https:\/\/www.leselfes.com\/pt-pt\/wp-json\/wp\/v2\/media\/75301"}],"wp:attachment":[{"href":"https:\/\/www.leselfes.com\/pt-pt\/wp-json\/wp\/v2\/media?parent=87282"}],"wp:term":[{"taxonomy":"category","embeddable":true,"href":"https:\/\/www.leselfes.com\/pt-pt\/wp-json\/wp\/v2\/categories?post=87282"},{"taxonomy":"post_tag","embeddable":true,"href":"https:\/\/www.leselfes.com\/pt-pt\/wp-json\/wp\/v2\/tags?post=87282"}],"curies":[{"name":"wp","href":"https:\/\/api.w.org\/{rel}","templated":true}]}}