{"id":87318,"date":"2021-05-12T09:09:52","date_gmt":"2021-05-12T07:09:52","guid":{"rendered":"https:\/\/www.leselfes.com\/%e2%98%80%ef%b8%8f-o-campo-de-ferias-les-elfes-vai-comecar-muito-em-breve\/"},"modified":"2024-10-03T18:31:56","modified_gmt":"2024-10-03T16:31:56","slug":"%e2%98%80%ef%b8%8f-o-campo-de-ferias-les-elfes-vai-comecar-muito-em-breve","status":"publish","type":"post","link":"https:\/\/www.leselfes.com\/pt-pt\/%e2%98%80%ef%b8%8f-o-campo-de-ferias-les-elfes-vai-comecar-muito-em-breve\/","title":{"rendered":"\u2600\ufe0f O campo de f\u00e9rias Les Elfes vai come\u00e7ar muito em breve!"},"content":{"rendered":"<p><strong>Caros pais,<\/strong><\/p>\n<p>  O acampamento de inverno est\u00e1 a chegar ao fim e gostar\u00edamos de dizer um enorme obrigado a todos os nossos campistas.<br \/>\nFoi uma experi\u00eancia fant\u00e1stica.   <!-- \/wp:paragraph -->Com muitas escolas a funcionar sob restri\u00e7\u00f5es, muitos dos nossos campistas n\u00e3o puderam participar em quaisquer actividades de grupo\/desportivas.<br \/>\nEm Les Elfes, os campistas participaram em actividades de grupo e desportos ao ar livre de import\u00e2ncia vital.<br \/>\nO esqui e o snowboard s\u00e3o muito ben\u00e9ficos, e as montanhas nesta temporada n\u00e3o decepcionaram com condi\u00e7\u00f5es ideais de neve durante toda a temporada.    <\/p>\n<p>Oferecemos-te o cancelamento gratuito com reembolso total em qualquer altura.<\/p>\n<p>Com o abrandamento das restri\u00e7\u00f5es na Su\u00ed\u00e7a para v\u00e1rias outras instala\u00e7\u00f5es, os campistas tamb\u00e9m puderam visitar destinos interessantes, desde uma visita guiada ao Castelo de Chillon at\u00e9 ao emocionante Museu da Comunica\u00e7\u00e3o em Berna, a combina\u00e7\u00e3o de cultura, desporto e aprendizagem tem sido mais popular do que nunca.<\/p>\n<p>\n<!-- \/wp:paragraph --><br \/>\n\t\t\t\t\t\t\t\t\t\t\t\t<img decoding=\"async\" width=\"534\" height=\"665\" src=\"https:\/\/www.leselfes.com\/wp-content\/uploads\/2021\/03\/Les-Elfes-Winter-Camp-Verbier-Snowboarding-Low-1.jpg\" alt=\"Campo de inverno Les Elfes - Kids on Snowboard\" loading=\"lazy\" srcset=\"https:\/\/www.leselfes.com\/wp-content\/uploads\/2021\/03\/Les-Elfes-Winter-Camp-Verbier-Snowboarding-Low-1.jpg 534w, https:\/\/www.leselfes.com\/wp-content\/uploads\/2021\/03\/Les-Elfes-Winter-Camp-Verbier-Snowboarding-Low-1-241x300.jpg 241w\" sizes=\"(max-width: 534px) 100vw, 534px\">\t\t\t\t\t\t\t\t\t\t\t\t\t\t<\/p>\n<p><strong>O que h\u00e1 de novo?<br \/>\nAltera\u00e7\u00f5es na lista vermelha <\/strong><\/p>\n<p>A Covid mudou certamente a forma como trabalhamos e continuar\u00e1 a faz\u00ea-lo no futuro pr\u00f3ximo.<br \/>\nA boa not\u00edcia \u00e9 que, desde a reabertura de Les Elfes em julho do ano passado, temos permanecido livres de COVID, com muitos campistas a serem testados, bem como testes regulares para o nosso pessoal.<br \/>\nVerifica\u00e7\u00f5es regulares de temperatura, distanciamento social, m\u00e1scaras, protocolos de higiene mais elevados, para citar apenas algumas medidas, est\u00e3o claramente a funcionar.<br \/>\nIsto d\u00e1-nos confian\u00e7a para o ver\u00e3o, onde esperamos que, com o avan\u00e7o da vacina\u00e7\u00e3o, possamos ver mais campistas autorizados a viajar sem per\u00edodos de quarentena, por exemplo, o Reino Unido e os Emirados \u00c1rabes Unidos, tendo sa\u00eddo recentemente da &#8220;lista vermelha&#8221; de quarentena para a Su\u00ed\u00e7a.     <\/p>\n<p><!-- \/wp:paragraph --><\/p>\n<p>\t\t\t<a href=\"https:\/\/www.leselfes.com\/contact-quote-request\/\" target=\"_blank\" role=\"button\" rel=\"noopener\"> <a href=\"https:\/\/www.leselfes.com\/contact-quote-request\/\"> CONTACTA-NOS <\/a> <\/a><br \/>\n\t\t<strong>E os campos de f\u00e9rias?<br \/>\nAbrimos a 13 de junho! <\/strong><\/p>\n<p>  O Campo de F\u00e9rias n\u00e3o seria emocionante sem novas actividades, e este ano temos muitas novidades para oferecer.  <!-- \/wp:paragraph --><br \/>\n\t\t\t\t\t\t\t\t\t\t\t\t<img decoding=\"async\" width=\"600\" height=\"430\" src=\"https:\/\/www.leselfes.com\/wp-content\/uploads\/2021\/05\/Alaia-Bay-newsletter-low.jpg\" alt=\"Campo de f\u00e9rias Les Elfes - Alaia Bay surfar em si\u00e3o\" loading=\"lazy\" srcset=\"https:\/\/www.leselfes.com\/wp-content\/uploads\/2021\/05\/Alaia-Bay-newsletter-low.jpg 600w, https:\/\/www.leselfes.com\/wp-content\/uploads\/2021\/05\/Alaia-Bay-newsletter-low-300x215.jpg 300w\" sizes=\"(max-width: 600px) 100vw, 600px\">\t\t\t\t\t\t\t\t\t\t\t\t\t\t<\/p>\n<p>Surfar na ba\u00eda de Alais, em Sion, \u00e9 uma verdadeira emo\u00e7\u00e3o, poder aprender a surfar na Su\u00ed\u00e7a n\u00e3o \u00e9 algo que alguma vez pens\u00e1mos ser poss\u00edvel, pelo contr\u00e1rio!<\/p>\n<\/p>\n<p>Gostas de construir foguet\u00f5es, rob\u00f4s e drones?<br \/>\nA Tech Labs \u00e9 especialista nisto e este ver\u00e3o vai trazer a sua equipa para um dia de constru\u00e7\u00e3o e programa\u00e7\u00e3o rob\u00f3tica.   <\/p>\n<p>\t\t\t\t\t\t\t\t\t\t\t\t<img decoding=\"async\" width=\"528\" height=\"432\" src=\"https:\/\/www.leselfes.com\/wp-content\/uploads\/2021\/05\/images-newsletter-tech.png\" alt=\"newsletter tech\" loading=\"lazy\" srcset=\"https:\/\/www.leselfes.com\/wp-content\/uploads\/2021\/05\/images-newsletter-tech.png 528w, https:\/\/www.leselfes.com\/wp-content\/uploads\/2021\/05\/images-newsletter-tech-300x245.png 300w\" sizes=\"(max-width: 528px) 100vw, 528px\"><br \/>\n\t\t\t\t\t\t\t\t\t\t\t\t<img decoding=\"async\" width=\"601\" height=\"563\" src=\"https:\/\/www.leselfes.com\/wp-content\/uploads\/2021\/05\/Champex-lac-Newsletter.jpg\" alt=\"Campo de f\u00e9rias Les Elfes - Champex lac\" loading=\"lazy\" srcset=\"https:\/\/www.leselfes.com\/wp-content\/uploads\/2021\/05\/Champex-lac-Newsletter.jpg 601w, https:\/\/www.leselfes.com\/wp-content\/uploads\/2021\/05\/Champex-lac-Newsletter-300x281.jpg 300w\" sizes=\"(max-width: 601px) 100vw, 601px\">\t\t\t\t\t\t\t\t\t\t\t\t\t\t<\/p>\n<p>Tamb\u00e9m ser\u00e3o oferecidos novos destinos de Cabane em Champex Lac, que oferecem paisagens deslumbrantes e aventuras na floresta nas montanhas a uma curta dist\u00e2ncia de Verbier.<\/p>\n<\/p>\n<p>Este ano, os campistas poder\u00e3o fazer um slide a partir da montanha Mt Fort, 3330 m acima do n\u00edvel do mar.<br \/>\nA partir do cimo, ter\u00e1s uma vista deslumbrante sobre o Matterhorn em Zermatt e o Mont Blanc em Chamonix. <\/p>\n<p>\t\t\t\t\t\t\t\t\t\t\t\t<img decoding=\"async\" width=\"573\" height=\"414\" src=\"https:\/\/www.leselfes.com\/wp-content\/uploads\/2021\/05\/Mt-Fort-Zipline-Newsletter-1.jpg\" alt=\"Campo de f\u00e9rias Les Elfes - Fipline Mobile\" loading=\"lazy\" srcset=\"https:\/\/www.leselfes.com\/wp-content\/uploads\/2021\/05\/Mt-Fort-Zipline-Newsletter-1.jpg 573w, https:\/\/www.leselfes.com\/wp-content\/uploads\/2021\/05\/Mt-Fort-Zipline-Newsletter-1-300x217.jpg 300w\" sizes=\"(max-width: 573px) 100vw, 573px\"><br \/>\n\t\t\t<a href=\"https:\/\/www.leselfes.com\/pt-pt\/acampamento-de-verao\/#new-activities\" target=\"_blank\" role=\"button\" rel=\"noopener\"> <a href=\"https:\/\/www.leselfes.com\/pt-pt\/acampamento-de-verao\/#new-activities\"> SABE MAIS <\/a> <\/a><br \/>\n\t\t\t\t\t\t\t\t\t\t\t\t<img decoding=\"async\" width=\"640\" height=\"443\" src=\"https:\/\/www.leselfes.com\/wp-content\/uploads\/2020\/07\/Kid-Covid.jpg\" alt=\"\" loading=\"lazy\" srcset=\"https:\/\/www.leselfes.com\/wp-content\/uploads\/2020\/07\/Kid-Covid.jpg 975w, https:\/\/www.leselfes.com\/wp-content\/uploads\/2020\/07\/Kid-Covid-300x208.jpg 300w, https:\/\/www.leselfes.com\/wp-content\/uploads\/2020\/07\/Kid-Covid-768x532.jpg 768w\" sizes=\"(max-width: 640px) 100vw, 640px\">\t\t\t\t\t\t\t\t\t\t\t\t\t\t<\/p>\n<p><strong>CONTINUA A VIGORAR O CANCELAMENTO GRATUITO E MEDIDAS RIGOROSAS CONTRA A COVID-19<\/strong><\/p>\n<p>Como esperado, <strong>as medidas contra a COVID-19<\/strong> est\u00e3o em vigor, e somos extremamente diligentes e preparados com controlos regulares e protocolos eficientes. <\/p>\n<p>Oferecemos-te <strong>o cancelamento gratuito com reembolso total<\/strong> em qualquer altura.<\/p>\n<p><!-- \/wp:paragraph --><\/p>\n<p>Est\u00e1 na hora de reservar o melhor campo de f\u00e9rias para os teus filhos!<\/p>\n<p>Cumprimentos de todos n\u00f3s em Les Elfes<\/p>\n<p><!-- \/wp:paragraph --><\/p>\n<p>\t\t\t<a href=\"https:\/\/www.leselfes.com\/pt-pt\/acampamento-de-verao\/inscreve-te-no-campo-de-ferias\/\" target=\"_blank\" role=\"button\" rel=\"noopener\"> <a href=\"https:\/\/www.leselfes.com\/pt-pt\/acampamento-de-verao\/inscreve-te-no-campo-de-ferias\/\"> RESERVA AGORA <\/a> <\/a><\/p>\n<h2>gostaste?<br \/>\npartilha-o com os teus amigos <\/h2>\n<p>  Facebook Twitter LinkedIn<\/p>\n","protected":false},"excerpt":{"rendered":"<p>A col\u00f3nia de f\u00e9rias Les Elfes come\u00e7a no dia 13 de junho.<br \/>\nDescobre mais sobre as nossas novas actividades! <\/p>\n","protected":false},"author":1,"featured_media":0,"comment_status":"open","ping_status":"open","sticky":false,"template":"","format":"standard","meta":{"_acf_changed":false,"inline_featured_image":false,"footnotes":""},"categories":[1066],"tags":[],"class_list":{"0":"post-87318","1":"post","2":"type-post","3":"status-publish","4":"format-standard","6":"category-sem-categoria"},"acf":[],"yoast_head":"<!-- This site is optimized with the Yoast SEO Premium plugin v24.2 (Yoast SEO v24.7) - https:\/\/yoast.com\/wordpress\/plugins\/seo\/ -->\n<title>\u2600\ufe0f O campo de f\u00e9rias Les Elfes vai come\u00e7ar muito em breve! - Les Elfes International Camps Switzerland<\/title>\n<meta name=\"robots\" content=\"index, follow, max-snippet:-1, max-image-preview:large, max-video-preview:-1\" \/>\n<link rel=\"canonical\" href=\"https:\/\/www.leselfes.com\/pt-pt\/%e2%98%80%ef%b8%8f-o-campo-de-ferias-les-elfes-vai-comecar-muito-em-breve\/\" \/>\n<meta property=\"og:locale\" content=\"pt_PT\" \/>\n<meta property=\"og:type\" content=\"article\" \/>\n<meta property=\"og:title\" content=\"\u2600\ufe0f O campo de f\u00e9rias Les Elfes vai come\u00e7ar muito em breve!\" \/>\n<meta property=\"og:description\" content=\"A col\u00f3nia de f\u00e9rias Les Elfes come\u00e7a no dia 13 de junho. Descobre mais sobre as nossas novas actividades!\" \/>\n<meta property=\"og:url\" content=\"https:\/\/www.leselfes.com\/pt-pt\/%e2%98%80%ef%b8%8f-o-campo-de-ferias-les-elfes-vai-comecar-muito-em-breve\/\" \/>\n<meta property=\"og:site_name\" content=\"Les Elfes International Camps Switzerland\" \/>\n<meta property=\"article:publisher\" content=\"https:\/\/www.facebook.com\/LesElfesVerbier\" \/>\n<meta property=\"article:published_time\" content=\"2021-05-12T07:09:52+00:00\" \/>\n<meta property=\"article:modified_time\" content=\"2024-10-03T16:31:56+00:00\" \/>\n<meta property=\"og:image\" content=\"https:\/\/dev.leselfes.com\/wp-content\/uploads\/2021\/03\/Les-Elfes-Winter-Camp-Verbier-Snowboarding-Low-1.jpg\" \/>\n<meta name=\"author\" content=\"lesadmin\" \/>\n<meta name=\"twitter:card\" content=\"summary_large_image\" \/>\n<meta name=\"twitter:creator\" content=\"@LesElfesCamps\" \/>\n<meta name=\"twitter:site\" content=\"@LesElfesCamps\" \/>\n<meta name=\"twitter:label1\" content=\"Escrito por\" \/>\n\t<meta name=\"twitter:data1\" content=\"lesadmin\" \/>\n\t<meta name=\"twitter:label2\" content=\"Tempo estimado de leitura\" \/>\n\t<meta name=\"twitter:data2\" content=\"3 minutos\" \/>\n<script type=\"application\/ld+json\" class=\"yoast-schema-graph\">{\"@context\":\"https:\/\/schema.org\",\"@graph\":[{\"@type\":\"Article\",\"@id\":\"https:\/\/www.leselfes.com\/pt-pt\/%e2%98%80%ef%b8%8f-o-campo-de-ferias-les-elfes-vai-comecar-muito-em-breve\/#article\",\"isPartOf\":{\"@id\":\"https:\/\/www.leselfes.com\/pt-pt\/%e2%98%80%ef%b8%8f-o-campo-de-ferias-les-elfes-vai-comecar-muito-em-breve\/\"},\"author\":{\"name\":\"lesadmin\",\"@id\":\"https:\/\/dev.leselfes.com\/#\/schema\/person\/407a229698868b8c603874b19f37f289\"},\"headline\":\"\u2600\ufe0f O campo de f\u00e9rias Les Elfes vai come\u00e7ar muito em breve!\",\"datePublished\":\"2021-05-12T07:09:52+00:00\",\"dateModified\":\"2024-10-03T16:31:56+00:00\",\"mainEntityOfPage\":{\"@id\":\"https:\/\/www.leselfes.com\/pt-pt\/%e2%98%80%ef%b8%8f-o-campo-de-ferias-les-elfes-vai-comecar-muito-em-breve\/\"},\"wordCount\":567,\"commentCount\":0,\"publisher\":{\"@id\":\"https:\/\/dev.leselfes.com\/#organization\"},\"image\":{\"@id\":\"https:\/\/www.leselfes.com\/pt-pt\/%e2%98%80%ef%b8%8f-o-campo-de-ferias-les-elfes-vai-comecar-muito-em-breve\/#primaryimage\"},\"thumbnailUrl\":\"https:\/\/www.leselfes.com\/wp-content\/uploads\/2021\/03\/Les-Elfes-Winter-Camp-Verbier-Snowboarding-Low-1.jpg\",\"inLanguage\":\"pt-PT\",\"potentialAction\":[{\"@type\":\"CommentAction\",\"name\":\"Comment\",\"target\":[\"https:\/\/www.leselfes.com\/pt-pt\/%e2%98%80%ef%b8%8f-o-campo-de-ferias-les-elfes-vai-comecar-muito-em-breve\/#respond\"]}]},{\"@type\":\"WebPage\",\"@id\":\"https:\/\/www.leselfes.com\/pt-pt\/%e2%98%80%ef%b8%8f-o-campo-de-ferias-les-elfes-vai-comecar-muito-em-breve\/\",\"url\":\"https:\/\/www.leselfes.com\/pt-pt\/%e2%98%80%ef%b8%8f-o-campo-de-ferias-les-elfes-vai-comecar-muito-em-breve\/\",\"name\":\"\u2600\ufe0f O campo de f\u00e9rias Les Elfes vai come\u00e7ar muito em breve! - Les Elfes International Camps Switzerland\",\"isPartOf\":{\"@id\":\"https:\/\/dev.leselfes.com\/#website\"},\"primaryImageOfPage\":{\"@id\":\"https:\/\/www.leselfes.com\/pt-pt\/%e2%98%80%ef%b8%8f-o-campo-de-ferias-les-elfes-vai-comecar-muito-em-breve\/#primaryimage\"},\"image\":{\"@id\":\"https:\/\/www.leselfes.com\/pt-pt\/%e2%98%80%ef%b8%8f-o-campo-de-ferias-les-elfes-vai-comecar-muito-em-breve\/#primaryimage\"},\"thumbnailUrl\":\"https:\/\/www.leselfes.com\/wp-content\/uploads\/2021\/03\/Les-Elfes-Winter-Camp-Verbier-Snowboarding-Low-1.jpg\",\"datePublished\":\"2021-05-12T07:09:52+00:00\",\"dateModified\":\"2024-10-03T16:31:56+00:00\",\"breadcrumb\":{\"@id\":\"https:\/\/www.leselfes.com\/pt-pt\/%e2%98%80%ef%b8%8f-o-campo-de-ferias-les-elfes-vai-comecar-muito-em-breve\/#breadcrumb\"},\"inLanguage\":\"pt-PT\",\"potentialAction\":[{\"@type\":\"ReadAction\",\"target\":[\"https:\/\/www.leselfes.com\/pt-pt\/%e2%98%80%ef%b8%8f-o-campo-de-ferias-les-elfes-vai-comecar-muito-em-breve\/\"]}]},{\"@type\":\"ImageObject\",\"inLanguage\":\"pt-PT\",\"@id\":\"https:\/\/www.leselfes.com\/pt-pt\/%e2%98%80%ef%b8%8f-o-campo-de-ferias-les-elfes-vai-comecar-muito-em-breve\/#primaryimage\",\"url\":\"https:\/\/www.leselfes.com\/wp-content\/uploads\/2021\/03\/Les-Elfes-Winter-Camp-Verbier-Snowboarding-Low-1.jpg\",\"contentUrl\":\"https:\/\/www.leselfes.com\/wp-content\/uploads\/2021\/03\/Les-Elfes-Winter-Camp-Verbier-Snowboarding-Low-1.jpg\"},{\"@type\":\"BreadcrumbList\",\"@id\":\"https:\/\/www.leselfes.com\/pt-pt\/%e2%98%80%ef%b8%8f-o-campo-de-ferias-les-elfes-vai-comecar-muito-em-breve\/#breadcrumb\",\"itemListElement\":[{\"@type\":\"ListItem\",\"position\":1,\"name\":\"Home\",\"item\":\"https:\/\/www.leselfes.com\/pt-pt\/\"},{\"@type\":\"ListItem\",\"position\":2,\"name\":\"\u2600\ufe0f O campo de f\u00e9rias Les Elfes vai come\u00e7ar muito em breve!\"}]},{\"@type\":\"WebSite\",\"@id\":\"https:\/\/dev.leselfes.com\/#website\",\"url\":\"https:\/\/dev.leselfes.com\/\",\"name\":\"Les Elfes International\",\"description\":\"Les Elfes International, Verbier Switzerland. Summer Camp, Winter Camp, Spring Camps.\",\"publisher\":{\"@id\":\"https:\/\/dev.leselfes.com\/#organization\"},\"alternateName\":\"Les Elfes International\",\"potentialAction\":[{\"@type\":\"SearchAction\",\"target\":{\"@type\":\"EntryPoint\",\"urlTemplate\":\"https:\/\/dev.leselfes.com\/?s={search_term_string}\"},\"query-input\":{\"@type\":\"PropertyValueSpecification\",\"valueRequired\":true,\"valueName\":\"search_term_string\"}}],\"inLanguage\":\"pt-PT\"},{\"@type\":\"Organization\",\"@id\":\"https:\/\/dev.leselfes.com\/#organization\",\"name\":\"Les Elfes International\",\"alternateName\":\"Les Elfes International\",\"url\":\"https:\/\/dev.leselfes.com\/\",\"logo\":{\"@type\":\"ImageObject\",\"inLanguage\":\"pt-PT\",\"@id\":\"https:\/\/dev.leselfes.com\/#\/schema\/logo\/image\/\",\"url\":\"https:\/\/www.leselfes.com\/wp-content\/uploads\/2022\/03\/leselfes-logo.png\",\"contentUrl\":\"https:\/\/www.leselfes.com\/wp-content\/uploads\/2022\/03\/leselfes-logo.png\",\"width\":233,\"height\":51,\"caption\":\"Les Elfes International\"},\"image\":{\"@id\":\"https:\/\/dev.leselfes.com\/#\/schema\/logo\/image\/\"},\"sameAs\":[\"https:\/\/www.facebook.com\/LesElfesVerbier\",\"https:\/\/x.com\/LesElfesCamps\",\"https:\/\/www.instagram.com\/leselfes\",\"https:\/\/www.linkedin.com\/company\/les-elfes-international\",\"https:\/\/www.youtube.com\/user\/LesElfesVerbier\"]},{\"@type\":\"Person\",\"@id\":\"https:\/\/dev.leselfes.com\/#\/schema\/person\/407a229698868b8c603874b19f37f289\",\"name\":\"lesadmin\",\"image\":{\"@type\":\"ImageObject\",\"inLanguage\":\"pt-PT\",\"@id\":\"https:\/\/dev.leselfes.com\/#\/schema\/person\/image\/\",\"url\":\"https:\/\/secure.gravatar.com\/avatar\/fdb243a028df450397b3632d862f87f6?s=96&d=mm&r=g\",\"contentUrl\":\"https:\/\/secure.gravatar.com\/avatar\/fdb243a028df450397b3632d862f87f6?s=96&d=mm&r=g\",\"caption\":\"lesadmin\"},\"url\":\"https:\/\/www.leselfes.com\/pt-pt\/author\/lesadmin\/\"}]}<\/script>\n<!-- \/ Yoast SEO Premium plugin. -->","yoast_head_json":{"title":"\u2600\ufe0f O campo de f\u00e9rias Les Elfes vai come\u00e7ar muito em breve! - Les Elfes International Camps Switzerland","robots":{"index":"index","follow":"follow","max-snippet":"max-snippet:-1","max-image-preview":"max-image-preview:large","max-video-preview":"max-video-preview:-1"},"canonical":"https:\/\/www.leselfes.com\/pt-pt\/%e2%98%80%ef%b8%8f-o-campo-de-ferias-les-elfes-vai-comecar-muito-em-breve\/","og_locale":"pt_PT","og_type":"article","og_title":"\u2600\ufe0f O campo de f\u00e9rias Les Elfes vai come\u00e7ar muito em breve!","og_description":"A col\u00f3nia de f\u00e9rias Les Elfes come\u00e7a no dia 13 de junho. Descobre mais sobre as nossas novas actividades!","og_url":"https:\/\/www.leselfes.com\/pt-pt\/%e2%98%80%ef%b8%8f-o-campo-de-ferias-les-elfes-vai-comecar-muito-em-breve\/","og_site_name":"Les Elfes International Camps Switzerland","article_publisher":"https:\/\/www.facebook.com\/LesElfesVerbier","article_published_time":"2021-05-12T07:09:52+00:00","article_modified_time":"2024-10-03T16:31:56+00:00","og_image":[{"url":"https:\/\/dev.leselfes.com\/wp-content\/uploads\/2021\/03\/Les-Elfes-Winter-Camp-Verbier-Snowboarding-Low-1.jpg","type":"","width":"","height":""}],"author":"lesadmin","twitter_card":"summary_large_image","twitter_creator":"@LesElfesCamps","twitter_site":"@LesElfesCamps","twitter_misc":{"Escrito por":"lesadmin","Tempo estimado de leitura":"3 minutos"},"schema":{"@context":"https:\/\/schema.org","@graph":[{"@type":"Article","@id":"https:\/\/www.leselfes.com\/pt-pt\/%e2%98%80%ef%b8%8f-o-campo-de-ferias-les-elfes-vai-comecar-muito-em-breve\/#article","isPartOf":{"@id":"https:\/\/www.leselfes.com\/pt-pt\/%e2%98%80%ef%b8%8f-o-campo-de-ferias-les-elfes-vai-comecar-muito-em-breve\/"},"author":{"name":"lesadmin","@id":"https:\/\/dev.leselfes.com\/#\/schema\/person\/407a229698868b8c603874b19f37f289"},"headline":"\u2600\ufe0f O campo de f\u00e9rias Les Elfes vai come\u00e7ar muito em breve!","datePublished":"2021-05-12T07:09:52+00:00","dateModified":"2024-10-03T16:31:56+00:00","mainEntityOfPage":{"@id":"https:\/\/www.leselfes.com\/pt-pt\/%e2%98%80%ef%b8%8f-o-campo-de-ferias-les-elfes-vai-comecar-muito-em-breve\/"},"wordCount":567,"commentCount":0,"publisher":{"@id":"https:\/\/dev.leselfes.com\/#organization"},"image":{"@id":"https:\/\/www.leselfes.com\/pt-pt\/%e2%98%80%ef%b8%8f-o-campo-de-ferias-les-elfes-vai-comecar-muito-em-breve\/#primaryimage"},"thumbnailUrl":"https:\/\/www.leselfes.com\/wp-content\/uploads\/2021\/03\/Les-Elfes-Winter-Camp-Verbier-Snowboarding-Low-1.jpg","inLanguage":"pt-PT","potentialAction":[{"@type":"CommentAction","name":"Comment","target":["https:\/\/www.leselfes.com\/pt-pt\/%e2%98%80%ef%b8%8f-o-campo-de-ferias-les-elfes-vai-comecar-muito-em-breve\/#respond"]}]},{"@type":"WebPage","@id":"https:\/\/www.leselfes.com\/pt-pt\/%e2%98%80%ef%b8%8f-o-campo-de-ferias-les-elfes-vai-comecar-muito-em-breve\/","url":"https:\/\/www.leselfes.com\/pt-pt\/%e2%98%80%ef%b8%8f-o-campo-de-ferias-les-elfes-vai-comecar-muito-em-breve\/","name":"\u2600\ufe0f O campo de f\u00e9rias Les Elfes vai come\u00e7ar muito em breve! - Les Elfes International Camps Switzerland","isPartOf":{"@id":"https:\/\/dev.leselfes.com\/#website"},"primaryImageOfPage":{"@id":"https:\/\/www.leselfes.com\/pt-pt\/%e2%98%80%ef%b8%8f-o-campo-de-ferias-les-elfes-vai-comecar-muito-em-breve\/#primaryimage"},"image":{"@id":"https:\/\/www.leselfes.com\/pt-pt\/%e2%98%80%ef%b8%8f-o-campo-de-ferias-les-elfes-vai-comecar-muito-em-breve\/#primaryimage"},"thumbnailUrl":"https:\/\/www.leselfes.com\/wp-content\/uploads\/2021\/03\/Les-Elfes-Winter-Camp-Verbier-Snowboarding-Low-1.jpg","datePublished":"2021-05-12T07:09:52+00:00","dateModified":"2024-10-03T16:31:56+00:00","breadcrumb":{"@id":"https:\/\/www.leselfes.com\/pt-pt\/%e2%98%80%ef%b8%8f-o-campo-de-ferias-les-elfes-vai-comecar-muito-em-breve\/#breadcrumb"},"inLanguage":"pt-PT","potentialAction":[{"@type":"ReadAction","target":["https:\/\/www.leselfes.com\/pt-pt\/%e2%98%80%ef%b8%8f-o-campo-de-ferias-les-elfes-vai-comecar-muito-em-breve\/"]}]},{"@type":"ImageObject","inLanguage":"pt-PT","@id":"https:\/\/www.leselfes.com\/pt-pt\/%e2%98%80%ef%b8%8f-o-campo-de-ferias-les-elfes-vai-comecar-muito-em-breve\/#primaryimage","url":"https:\/\/www.leselfes.com\/wp-content\/uploads\/2021\/03\/Les-Elfes-Winter-Camp-Verbier-Snowboarding-Low-1.jpg","contentUrl":"https:\/\/www.leselfes.com\/wp-content\/uploads\/2021\/03\/Les-Elfes-Winter-Camp-Verbier-Snowboarding-Low-1.jpg"},{"@type":"BreadcrumbList","@id":"https:\/\/www.leselfes.com\/pt-pt\/%e2%98%80%ef%b8%8f-o-campo-de-ferias-les-elfes-vai-comecar-muito-em-breve\/#breadcrumb","itemListElement":[{"@type":"ListItem","position":1,"name":"Home","item":"https:\/\/www.leselfes.com\/pt-pt\/"},{"@type":"ListItem","position":2,"name":"\u2600\ufe0f O campo de f\u00e9rias Les Elfes vai come\u00e7ar muito em breve!"}]},{"@type":"WebSite","@id":"https:\/\/dev.leselfes.com\/#website","url":"https:\/\/dev.leselfes.com\/","name":"Les Elfes International","description":"Les Elfes International, Verbier Switzerland. Summer Camp, Winter Camp, Spring Camps.","publisher":{"@id":"https:\/\/dev.leselfes.com\/#organization"},"alternateName":"Les Elfes International","potentialAction":[{"@type":"SearchAction","target":{"@type":"EntryPoint","urlTemplate":"https:\/\/dev.leselfes.com\/?s={search_term_string}"},"query-input":{"@type":"PropertyValueSpecification","valueRequired":true,"valueName":"search_term_string"}}],"inLanguage":"pt-PT"},{"@type":"Organization","@id":"https:\/\/dev.leselfes.com\/#organization","name":"Les Elfes International","alternateName":"Les Elfes International","url":"https:\/\/dev.leselfes.com\/","logo":{"@type":"ImageObject","inLanguage":"pt-PT","@id":"https:\/\/dev.leselfes.com\/#\/schema\/logo\/image\/","url":"https:\/\/www.leselfes.com\/wp-content\/uploads\/2022\/03\/leselfes-logo.png","contentUrl":"https:\/\/www.leselfes.com\/wp-content\/uploads\/2022\/03\/leselfes-logo.png","width":233,"height":51,"caption":"Les Elfes International"},"image":{"@id":"https:\/\/dev.leselfes.com\/#\/schema\/logo\/image\/"},"sameAs":["https:\/\/www.facebook.com\/LesElfesVerbier","https:\/\/x.com\/LesElfesCamps","https:\/\/www.instagram.com\/leselfes","https:\/\/www.linkedin.com\/company\/les-elfes-international","https:\/\/www.youtube.com\/user\/LesElfesVerbier"]},{"@type":"Person","@id":"https:\/\/dev.leselfes.com\/#\/schema\/person\/407a229698868b8c603874b19f37f289","name":"lesadmin","image":{"@type":"ImageObject","inLanguage":"pt-PT","@id":"https:\/\/dev.leselfes.com\/#\/schema\/person\/image\/","url":"https:\/\/secure.gravatar.com\/avatar\/fdb243a028df450397b3632d862f87f6?s=96&d=mm&r=g","contentUrl":"https:\/\/secure.gravatar.com\/avatar\/fdb243a028df450397b3632d862f87f6?s=96&d=mm&r=g","caption":"lesadmin"},"url":"https:\/\/www.leselfes.com\/pt-pt\/author\/lesadmin\/"}]}},"_links":{"self":[{"href":"https:\/\/www.leselfes.com\/pt-pt\/wp-json\/wp\/v2\/posts\/87318"}],"collection":[{"href":"https:\/\/www.leselfes.com\/pt-pt\/wp-json\/wp\/v2\/posts"}],"about":[{"href":"https:\/\/www.leselfes.com\/pt-pt\/wp-json\/wp\/v2\/types\/post"}],"author":[{"embeddable":true,"href":"https:\/\/www.leselfes.com\/pt-pt\/wp-json\/wp\/v2\/users\/1"}],"replies":[{"embeddable":true,"href":"https:\/\/www.leselfes.com\/pt-pt\/wp-json\/wp\/v2\/comments?post=87318"}],"version-history":[{"count":0,"href":"https:\/\/www.leselfes.com\/pt-pt\/wp-json\/wp\/v2\/posts\/87318\/revisions"}],"wp:attachment":[{"href":"https:\/\/www.leselfes.com\/pt-pt\/wp-json\/wp\/v2\/media?parent=87318"}],"wp:term":[{"taxonomy":"category","embeddable":true,"href":"https:\/\/www.leselfes.com\/pt-pt\/wp-json\/wp\/v2\/categories?post=87318"},{"taxonomy":"post_tag","embeddable":true,"href":"https:\/\/www.leselfes.com\/pt-pt\/wp-json\/wp\/v2\/tags?post=87318"}],"curies":[{"name":"wp","href":"https:\/\/api.w.org\/{rel}","templated":true}]}}