{"id":87325,"date":"2021-05-18T06:36:10","date_gmt":"2021-05-18T04:36:10","guid":{"rendered":"https:\/\/www.leselfes.com\/dicas-para-encorajar-os-teus-filhos-a-experimentar-um-campo-de-ferias-internacional\/"},"modified":"2024-10-03T18:32:39","modified_gmt":"2024-10-03T16:32:39","slug":"dicas-para-encorajar-os-teus-filhos-a-experimentar-um-campo-de-ferias-internacional","status":"publish","type":"post","link":"https:\/\/www.leselfes.com\/pt-pt\/dicas-para-encorajar-os-teus-filhos-a-experimentar-um-campo-de-ferias-internacional\/","title":{"rendered":"Dicas para encorajar os teus filhos a experimentar um campo de f\u00e9rias internacional"},"content":{"rendered":"\n<p>O campo de f\u00e9rias \u00e9 fundamental para o crescimento de uma crian\u00e7a.\nPara al\u00e9m de desenvolver a confian\u00e7a, o campo de f\u00e9rias ajuda as crian\u00e7as a participarem em novas actividades, a aprenderem novas compet\u00eancias, a fazerem novos amigos e a tornarem-se independentes.\nO campo de f\u00e9rias \u00e9 uma das melhores formas de deixar os teus filhos desfrutarem do ar livre.\nNo entanto, ir a um campo de f\u00e9rias pode ser assustador, sobretudo para quem vai acampar pela primeira vez.\nNeste artigo, vamos falar-te de:    <\/p>\n\n<ul class=\"wp-block-list\"><li>Determinar se o teu filho est\u00e1 preparado para um campo de f\u00e9rias<\/li><li>Dicas de prepara\u00e7\u00e3o para a col\u00f3nia de f\u00e9rias internacional para crian\u00e7as<\/li><li>Dicas para os pais se prepararem para uma col\u00f3nia de f\u00e9rias internacional<\/li><\/ul>\n\n<h2 class=\"wp-block-heading\">Como determinar se o teu filho est\u00e1 preparado para o acampamento de ver\u00e3o<\/h2>\n\n<p>As crian\u00e7as desenvolvem-se a um ritmo variado e n\u00e3o h\u00e1 uma idade espec\u00edfica em que uma crian\u00e7a esteja totalmente preparada para o acampamento.\nAproveita as dicas seguintes para determinar se o teu filho est\u00e1 preparado para a experi\u00eancia do campo de f\u00e9rias.   <\/p>\n\n<h3 class=\"wp-block-heading\">-Pode manter a sua higiene<\/h3>\n\n<p>Os supervisores e conselheiros do acampamento ter\u00e3o de lembrar \u00e0s crian\u00e7as que devem tomar banho e lavar os dentes.\nNo entanto, as crian\u00e7as devem ser capazes de fazer estas tarefas sozinhas.\nEmbora o campo de f\u00e9rias ensine \u00e0s crian\u00e7as uma grande variedade de <a href=\"https:\/\/www.calgaryschild.com\/class-program\/camps\/1868-camp-benefits-top-5-life-skills-kids-learn-at-camp\">compet\u00eancias para a vida<\/a>, as crian\u00e7as j\u00e1 devem possuir algumas compet\u00eancias essenciais, como tomar banho sozinhas.    <\/p>\n\n<h3 class=\"wp-block-heading\">-Se a crian\u00e7a j\u00e1 participou em festas de pijama com sucesso<\/h3>\n\n<p>O teu filho j\u00e1 foi a uma festa do pijama fora de casa, em casa de um familiar ou de um amigo?\nNo final da festa do pijama, pensa em falar sobre a experi\u00eancia com ele e com o anfitri\u00e3o. <\/p>\n\n<p>Divertiram-se?\nQuanto tempo demoraram a adaptar-se ao novo ambiente?\nDormiram bem?\nEstava ansioso ou relaxado?\nSe a tua experi\u00eancia foi boa e se j\u00e1 participaste em v\u00e1rias brincadeiras ou dormidas com sucesso, est\u00e1s pronto para um acampamento para dormir.      <\/p>\n\n<h3 class=\"wp-block-heading\">-O teu filho est\u00e1 a pedir para ir acampar<\/h3>\n\n<figure class=\"wp-block-image size-large\"><img loading=\"lazy\" decoding=\"async\" width=\"1024\" height=\"733\" src=\"https:\/\/www.leselfes.com\/wp-content\/uploads\/2021\/05\/YOUR-CHILD-IS-ASKING-TO-GO-CAMPING-1024x733.jpg\" alt=\"O TEU FILHO EST&#xC1; A PEDIR PARA IR ACAMPAR\" class=\"wp-image-41812\" title=\"O teu filho est&#xE1; a pedir para ir acampar\" srcset=\"https:\/\/www.leselfes.com\/wp-content\/uploads\/2021\/05\/YOUR-CHILD-IS-ASKING-TO-GO-CAMPING-1024x733.jpg 1024w, https:\/\/www.leselfes.com\/wp-content\/uploads\/2021\/05\/YOUR-CHILD-IS-ASKING-TO-GO-CAMPING-300x215.jpg 300w, https:\/\/www.leselfes.com\/wp-content\/uploads\/2021\/05\/YOUR-CHILD-IS-ASKING-TO-GO-CAMPING-768x550.jpg 768w, https:\/\/www.leselfes.com\/wp-content\/uploads\/2021\/05\/YOUR-CHILD-IS-ASKING-TO-GO-CAMPING-320x229.jpg 320w, https:\/\/www.leselfes.com\/wp-content\/uploads\/2021\/05\/YOUR-CHILD-IS-ASKING-TO-GO-CAMPING-640x458.jpg 640w, https:\/\/www.leselfes.com\/wp-content\/uploads\/2021\/05\/YOUR-CHILD-IS-ASKING-TO-GO-CAMPING-360x258.jpg 360w, https:\/\/www.leselfes.com\/wp-content\/uploads\/2021\/05\/YOUR-CHILD-IS-ASKING-TO-GO-CAMPING-720x515.jpg 720w, https:\/\/www.leselfes.com\/wp-content\/uploads\/2021\/05\/YOUR-CHILD-IS-ASKING-TO-GO-CAMPING-1080x773.jpg 1080w, https:\/\/www.leselfes.com\/wp-content\/uploads\/2021\/05\/YOUR-CHILD-IS-ASKING-TO-GO-CAMPING-800x572.jpg 800w, https:\/\/www.leselfes.com\/wp-content\/uploads\/2021\/05\/YOUR-CHILD-IS-ASKING-TO-GO-CAMPING-1280x916.jpg 1280w, https:\/\/www.leselfes.com\/wp-content\/uploads\/2021\/05\/YOUR-CHILD-IS-ASKING-TO-GO-CAMPING.jpg 1466w\" sizes=\"(max-width: 1024px) 100vw, 1024px\" \/><\/figure>\n\n<p>Se o teu filho tem frequentado um campo de f\u00e9rias diurno, saber\u00e1 quando est\u00e1 pronto para aventuras mais exigentes.\nQuando pedir autoriza\u00e7\u00e3o para ir para um campo de f\u00e9rias, n\u00e3o ter\u00e1s de esperar por qualquer outro sinal.\nNo entanto, algumas crian\u00e7as precisam de mais incentivo dos pais para quererem ir para um campo de f\u00e9rias.  <\/p>\n\n<p>Presta aten\u00e7\u00e3o \u00e0 rea\u00e7\u00e3o do teu filho \u00e0 men\u00e7\u00e3o do <a href=\"https:\/\/www.leselfes.com\/pt-pt\/?page_id=85718\">campo de f\u00e9rias internacional<\/a>.\nTem medo ou est\u00e1 entusiasmado com a aventura?\nSe estiver com medo, considera as dicas deste artigo para o encorajar.\nSe estiver entusiasmado, podes come\u00e7ar a planear a viagem para o campo de f\u00e9rias.     <\/p>\n\n<h3 class=\"wp-block-heading\">-O teu filho mostra interesse em aprender novas actividades divertidas<\/h3>\n\n<p>O campo de f\u00e9rias oferece \u00e0s crian\u00e7as diferentes ideias divertidas que as ajudam a experimentar novas actividades.\nO teu filho participa em novas actividades com entusiasmo e abertura de esp\u00edrito em vez de medo?\nEste \u00e9 um excelente sinal de que a crian\u00e7a est\u00e1 pronta para o campo de f\u00e9rias.    <\/p>\n\n<h3 class=\"wp-block-heading\">&#8211; Se as crian\u00e7as conseguem adormecer confortavelmente com a ajuda de babysitters<\/h3>\n\n<figure class=\"wp-block-image size-large\"><img loading=\"lazy\" decoding=\"async\" width=\"1024\" height=\"733\" src=\"https:\/\/www.leselfes.com\/wp-content\/uploads\/2021\/05\/PREPARE-YOUR-KIDS-TO-MAKE-NEW-FRIENDS-1024x733.jpg\" alt=\"PREPARA OS TEUS FILHOS PARA FAZEREM NOVOS AMIGOS\" class=\"wp-image-41814\" title=\"as crian&#xE7;as podem adormecer confortavelmente com a ajuda de Babysitters\" srcset=\"https:\/\/www.leselfes.com\/wp-content\/uploads\/2021\/05\/PREPARE-YOUR-KIDS-TO-MAKE-NEW-FRIENDS-1024x733.jpg 1024w, https:\/\/www.leselfes.com\/wp-content\/uploads\/2021\/05\/PREPARE-YOUR-KIDS-TO-MAKE-NEW-FRIENDS-300x215.jpg 300w, https:\/\/www.leselfes.com\/wp-content\/uploads\/2021\/05\/PREPARE-YOUR-KIDS-TO-MAKE-NEW-FRIENDS-768x550.jpg 768w, https:\/\/www.leselfes.com\/wp-content\/uploads\/2021\/05\/PREPARE-YOUR-KIDS-TO-MAKE-NEW-FRIENDS-320x229.jpg 320w, https:\/\/www.leselfes.com\/wp-content\/uploads\/2021\/05\/PREPARE-YOUR-KIDS-TO-MAKE-NEW-FRIENDS-640x458.jpg 640w, https:\/\/www.leselfes.com\/wp-content\/uploads\/2021\/05\/PREPARE-YOUR-KIDS-TO-MAKE-NEW-FRIENDS-360x258.jpg 360w, https:\/\/www.leselfes.com\/wp-content\/uploads\/2021\/05\/PREPARE-YOUR-KIDS-TO-MAKE-NEW-FRIENDS-720x515.jpg 720w, https:\/\/www.leselfes.com\/wp-content\/uploads\/2021\/05\/PREPARE-YOUR-KIDS-TO-MAKE-NEW-FRIENDS-1080x773.jpg 1080w, https:\/\/www.leselfes.com\/wp-content\/uploads\/2021\/05\/PREPARE-YOUR-KIDS-TO-MAKE-NEW-FRIENDS-800x573.jpg 800w, https:\/\/www.leselfes.com\/wp-content\/uploads\/2021\/05\/PREPARE-YOUR-KIDS-TO-MAKE-NEW-FRIENDS-1280x916.jpg 1280w, https:\/\/www.leselfes.com\/wp-content\/uploads\/2021\/05\/PREPARE-YOUR-KIDS-TO-MAKE-NEW-FRIENDS.jpg 1456w\" sizes=\"(max-width: 1024px) 100vw, 1024px\" \/><\/figure>\n\n<p>Deitas sempre o teu filho na cama?\n\u00c9 poss\u00edvel que o teu filho tenha dificuldades no primeiro dia no campo de f\u00e9rias internacional.\nNo entanto, se o teu filho estiver habituado a ir para a cama sozinho ou com a ajuda de babysitters, ter\u00e1 uma experi\u00eancia tranquila.\nN\u00e3o te esque\u00e7as que a hora de dormir \u00e9 um dos momentos mais stressantes para as crian\u00e7as quando est\u00e3o longe de casa.   <\/p>\n\n<p>Segundo a autora e psicoterapeuta familiar Dra. Fran Walfish<em>, &#8220;a separa\u00e7\u00e3o da m\u00e3e e do pai \u00e9 o principal benef\u00edcio psicol\u00f3gico e emocional para as crian\u00e7as e os pais que v\u00e3o para um campo de f\u00e9rias&#8221;.<\/em> Ter a garantia do seu conforto quando est\u00e3o longe de ti significa que podem lidar com os conselheiros do campo de f\u00e9rias com facilidade.  <\/p>\n\n<h2 class=\"wp-block-heading\">Dicas de prepara\u00e7\u00e3o para a col\u00f3nia de f\u00e9rias internacional para crian\u00e7as<\/h2>\n\n<p>Aqui tens algumas dicas para ajudar as crian\u00e7as a prepararem-se para uma aventura num campo de f\u00e9rias internacional.  <\/p>\n\n<h3 class=\"wp-block-heading\">&#8211; Sabe quando come\u00e7a o campo de f\u00e9rias<\/h3>\n\n<p>Depois de tu e o teu tutor ou pai escolherem os melhores campos de f\u00e9rias, certifica-te de que sabes quando come\u00e7am.\nIsso ajuda-te a controlar o tempo que te resta antes de come\u00e7ares a fazer as malas.\nPede aos teus pais uma contagem decrescente constante na sala de estar, para que possas ter um lembrete di\u00e1rio da viagem que se aproxima.    <\/p>\n\n<h3 class=\"wp-block-heading\">&#8211; Cuida bem de ti<\/h3>\n\n<p>Enquanto estiveres no campo de f\u00e9rias, ter\u00e1s de ser muito respons\u00e1vel.\nTer\u00e1s de cuidar das tuas coisas e da tua higiene.\nOs conselheiros do acampamento podem lembrar-te muitas vezes, mas lembra-te de que cuidar bem de ti \u00e9 da tua responsabilidade.\nPodes preparar-te com anteced\u00eancia, pedindo aos teus pais dicas sobre como ser independente.   <\/p>\n\n<p>Come\u00e7a com tarefas simples em casa, como fazer a cama ou limpar a mesa de jantar.\nIr para um acampamento para dormir fora de casa pode ser simultaneamente excitante e assustador.\nTalvez queiras praticar, indo primeiro dormir a casa de um familiar ou amigo.\nEssa experi\u00eancia vai ajudar-te a desenvolver compet\u00eancias sociais e de organiza\u00e7\u00e3o essenciais.\nAprender\u00e1s tamb\u00e9m a gerir os teus pertences.      <\/p>\n\n<h3 class=\"wp-block-heading\">&#8211; Participa no processo de estacionamento<\/h3>\n\n<p>Come\u00e7a a reunir os teus pertences com anteced\u00eancia.\nOs teus pais devem ter uma lista de embalagem do parque de campismo.\nN\u00e3o te esque\u00e7as de seguir a lista juntamente com eles e n\u00e3o te esque\u00e7as de coisas essenciais como inseticida e protetor solar.  <\/p>\n\n<p>Leva muitas roupas de brincar para que possas ter pe\u00e7as suficientes para trocar, uma vez que estas se sujam rapidamente.\nPensa noutros componentes de que possas necessitar para uma experi\u00eancia de campismo inesquec\u00edvel e pede aos teus pais que os incluam na tua lista de embalagem. <\/p>\n\n<p>Se participares no processo de embalagem antes de ires acampar, aprender\u00e1s a faz\u00ea-lo quando regressares a casa depois do acampamento.  <\/p>\n\n<h3 class=\"wp-block-heading\">&#8211; Fala abertamente sobre as coisas que te preocupam<\/h3>\n\n<p>\u00c9 normal que te sintas ansioso por ires pela primeira vez a um campo de f\u00e9rias internacional.\nTalvez queiras partilhar o que sentes com os teus pais e ouvir os seus conselhos.\nPensa em falar com os teus colegas que j\u00e1 tenham participado num <a href=\"https:\/\/www.leselfes.com\/pt-pt\/?page_id=85718\">campo de f\u00e9rias<\/a> internacional.  <\/p>\n\n<p>Em vez de guardares a tua ansiedade para ti pr\u00f3prio, considera a possibilidade de a exprimir.\nFalar sobre os teus sentimentos com as pessoas d\u00e1-te uma ideia b\u00e1sica do que deves esperar do campo de f\u00e9rias. <\/p>\n\n<p>Assim, estar\u00e1s mais preparado para o encontro.\nAdquirir mais conhecimentos sobre os campos de f\u00e9rias internacionais vai fazer-te sentir melhor.   <\/p>\n\n<h3 class=\"wp-block-heading\">&#8211; Lembra-te que a col\u00f3nia de f\u00e9rias tem tudo a ver com o ar livre<\/h3>\n\n<figure class=\"wp-block-image size-large\"><img loading=\"lazy\" decoding=\"async\" width=\"1024\" height=\"733\" src=\"https:\/\/www.leselfes.com\/wp-content\/uploads\/2021\/05\/Book-a-physcial-examination-before-campaign-1024x733.jpg\" alt=\"Marca um exame m&#xE9;dico antes da campanha\" class=\"wp-image-41815\" title=\"Lembra-te que a col&#xF3;nia de f&#xE9;rias tem tudo a ver com o ar livre\" srcset=\"https:\/\/www.leselfes.com\/wp-content\/uploads\/2021\/05\/Book-a-physcial-examination-before-campaign-1024x733.jpg 1024w, https:\/\/www.leselfes.com\/wp-content\/uploads\/2021\/05\/Book-a-physcial-examination-before-campaign-300x215.jpg 300w, https:\/\/www.leselfes.com\/wp-content\/uploads\/2021\/05\/Book-a-physcial-examination-before-campaign-768x550.jpg 768w, https:\/\/www.leselfes.com\/wp-content\/uploads\/2021\/05\/Book-a-physcial-examination-before-campaign-320x229.jpg 320w, https:\/\/www.leselfes.com\/wp-content\/uploads\/2021\/05\/Book-a-physcial-examination-before-campaign-640x458.jpg 640w, https:\/\/www.leselfes.com\/wp-content\/uploads\/2021\/05\/Book-a-physcial-examination-before-campaign-360x258.jpg 360w, https:\/\/www.leselfes.com\/wp-content\/uploads\/2021\/05\/Book-a-physcial-examination-before-campaign-720x515.jpg 720w, https:\/\/www.leselfes.com\/wp-content\/uploads\/2021\/05\/Book-a-physcial-examination-before-campaign-1080x773.jpg 1080w, https:\/\/www.leselfes.com\/wp-content\/uploads\/2021\/05\/Book-a-physcial-examination-before-campaign-800x572.jpg 800w, https:\/\/www.leselfes.com\/wp-content\/uploads\/2021\/05\/Book-a-physcial-examination-before-campaign-1280x916.jpg 1280w, https:\/\/www.leselfes.com\/wp-content\/uploads\/2021\/05\/Book-a-physcial-examination-before-campaign.jpg 1431w\" sizes=\"(max-width: 1024px) 100vw, 1024px\" \/><\/figure>\n\n<p>Vais passar a maior parte do teu tempo de campismo ao ar livre, o que te vai expor a queimaduras solares graves.\nN\u00e3o vais querer perder as actividades divertidas do acampamento devido a um desconforto grave.\nPede aos teus pais \u00f3culos de sol, protetor solar suficiente e chap\u00e9us para uma prote\u00e7\u00e3o \u00f3ptima.\nQuando tiveres de descansar no acampamento, f\u00e1-lo \u00e0 sombra ou dentro de casa, longe da luz solar direta.   <\/p>\n\n<h3 class=\"wp-block-heading\">&#8211; Segue as regras estabelecidas enquanto te divertes<\/h3>\n\n<p>Quando finalmente chegares ao campo de f\u00e9rias, lembra-te de ser suficientemente respons\u00e1vel para seguires as regras estabelecidas.\nAo contr\u00e1rio do ano letivo, o campo de f\u00e9rias pode ter um ritmo acelerado e ser diferente.\nEmbora possas sentir-te nervoso no primeiro dia, habituas-te \u00e0 medida que interages com os teus colegas.  <\/p>\n\n<p>Esfor\u00e7a-te por experimentar v\u00e1rios programas e actividades de ver\u00e3o em que nunca te envolveste, como piqueniques ao ar livre, trabalhos manuais divertidos e teatro.\nExperimenta novos interesses e obt\u00e9m respostas a todas as tuas perguntas dos teus conselheiros do campo. <\/p>\n\n<p>\u00c9 bom sujares-te durante o campo de f\u00e9rias.\nS\u00ea tu pr\u00f3prio, faz o m\u00e1ximo de amigos que conseguires e lembra-te da import\u00e2ncia do distanciamento social durante a pandemia.   <\/p>\n\n<h2 class=\"wp-block-heading\">Dicas para os pais se prepararem para a col\u00f3nia de f\u00e9rias internacional<\/h2>\n\n<p>Aqui tens algumas dicas para ajudar os pais a garantir que os seus campistas est\u00e3o prontos para uma experi\u00eancia inesquec\u00edvel no campo de f\u00e9rias.<\/p>\n\n<h3 class=\"wp-block-heading\">&#8211; Visita o teu m\u00e9dico o mais rapidamente poss\u00edvel<\/h3>\n\n<figure class=\"wp-block-image size-large\"><img loading=\"lazy\" decoding=\"async\" width=\"1024\" height=\"733\" src=\"https:\/\/www.leselfes.com\/wp-content\/uploads\/2021\/05\/Camping-is-all-about-outdoor-activities-1024x733.jpg\" alt=\"O campismo &#xE9; uma atividade ao ar livre\" class=\"wp-image-41819\" title=\"Visita o teu m&#xE9;dico o mais rapidamente poss&#xED;vel\" srcset=\"https:\/\/www.leselfes.com\/wp-content\/uploads\/2021\/05\/Camping-is-all-about-outdoor-activities-1024x733.jpg 1024w, https:\/\/www.leselfes.com\/wp-content\/uploads\/2021\/05\/Camping-is-all-about-outdoor-activities-300x215.jpg 300w, https:\/\/www.leselfes.com\/wp-content\/uploads\/2021\/05\/Camping-is-all-about-outdoor-activities-768x550.jpg 768w, https:\/\/www.leselfes.com\/wp-content\/uploads\/2021\/05\/Camping-is-all-about-outdoor-activities-320x229.jpg 320w, https:\/\/www.leselfes.com\/wp-content\/uploads\/2021\/05\/Camping-is-all-about-outdoor-activities-640x458.jpg 640w, https:\/\/www.leselfes.com\/wp-content\/uploads\/2021\/05\/Camping-is-all-about-outdoor-activities-360x258.jpg 360w, https:\/\/www.leselfes.com\/wp-content\/uploads\/2021\/05\/Camping-is-all-about-outdoor-activities-720x515.jpg 720w, https:\/\/www.leselfes.com\/wp-content\/uploads\/2021\/05\/Camping-is-all-about-outdoor-activities-1080x773.jpg 1080w, https:\/\/www.leselfes.com\/wp-content\/uploads\/2021\/05\/Camping-is-all-about-outdoor-activities-800x572.jpg 800w, https:\/\/www.leselfes.com\/wp-content\/uploads\/2021\/05\/Camping-is-all-about-outdoor-activities-1280x916.jpg 1280w, https:\/\/www.leselfes.com\/wp-content\/uploads\/2021\/05\/Camping-is-all-about-outdoor-activities.jpg 1431w\" sizes=\"(max-width: 1024px) 100vw, 1024px\" \/><\/figure>\n\n<p>Depois de receberes a carta de boas-vindas do campo de f\u00e9rias, a lista de embalagem e os formul\u00e1rios m\u00e9dicos, pode parecer que tens muito tempo para te preparares.\nNo entanto, n\u00e3o h\u00e1 tempo suficiente para te organizares bem. <\/p>\n\n<p>Se o teu filho precisar de fazer um exame f\u00edsico antes de ir para o campo de f\u00e9rias, tenta marcar uma consulta o mais depressa poss\u00edvel.\nSe o seu filho s\u00f3 precisar de um formul\u00e1rio de sa\u00fade assinado por um m\u00e9dico, manda-o assinar imediatamente e envia-o para o acampamento. <\/p>\n\n<p>Se o acampamento preferir que as informa\u00e7\u00f5es m\u00e9dicas sejam entregues no primeiro dia do acampamento, arquiva bem o relat\u00f3rio.\nAssim, ajuda-te a lembrar onde est\u00e3o os impressos.\nCompra sempre os bens essenciais do teu filho com anteced\u00eancia.  <\/p>\n\n<h3 class=\"wp-block-heading\">&#8211; Defende a independ\u00eancia<\/h3>\n\n<p>Embora dar mais independ\u00eancia aos teus filhos possa ser assustador, \u00e9 fundamental incentiv\u00e1-los a participar em actividades que promovam a independ\u00eancia antes do acampamento.\nConcentra-te no que \u00e9 positivo, acompanha os seus progressos um dia de cada vez e recompensa-os em conformidade. <\/p>\n\n<p>Adopta a ideia de que a crian\u00e7a vai estar mais tempo no campo de f\u00e9rias e evita mencionar que vai ficar com saudades de casa.\nEm vez disso, encoraja-a a experimentar a experi\u00eancia do campo de f\u00e9rias numa perspetiva positiva. <\/p>\n\n<p>Podes at\u00e9 prometer que vais pensar em mand\u00e1-lo para o pr\u00f3ximo campo de f\u00e9rias se ele se comportar bem.\nSe cumprires o teu compromisso, a autoestima do teu filho aumentar\u00e1 e dar-lhe-\u00e1 um sentido de responsabilidade.   <\/p>\n\n<h3 class=\"wp-block-heading\">&#8211; Mant\u00e9m conversas calmas e positivas<\/h3>\n\n<p>Evita falar de saudades de casa \u00e0 frente dos teus filhos e mant\u00e9m sempre conversas positivas enquanto fazes as malas.\nLembra-te que os teus filhos te v\u00e3o observar e podem interpretar mal qualquer tens\u00e3o que demonstres.\nN\u00e3o queres que ele desenvolva pensamentos negativos sobre os campos de f\u00e9rias internacionais.    <\/p>\n\n<h3 class=\"wp-block-heading\">&#8211; Visita o parque de campismo com anteced\u00eancia<\/h3>\n\n<p>Sempre que poss\u00edvel, tenta visitar o parque de campismo antes do evento oficial.\nComo pai, n\u00e3o queres estar constantemente a perguntar-te: O meu filho est\u00e1 seguro?\nFaz todas as perguntas que possas ter sobre o acampamento quando o visitares.\nSe n\u00e3o for poss\u00edvel visitar o parque de campismo, tenta navegar nas suas plataformas de redes sociais ou no seu s\u00edtio Web para obteres mais informa\u00e7\u00f5es.     <\/p>\n\n<h3 class=\"wp-block-heading\">&#8211; Respeita a lista de embalagem e envolve os teus filhos<\/h3>\n\n<p>Come\u00e7a a fazer as malas com anteced\u00eancia e inclui roupas de brincar que as crian\u00e7as n\u00e3o tenham medo de manchar ou rasgar.\nPensa em etiquetar os pertences dos teus filhos, especialmente se os compraste especificamente para a viagem.\nSe o fizeres, ajuda as crian\u00e7as a lembrarem-se e a controlarem cuidadosamente as suas coisas.  <\/p>\n\n<p>Leva roupa interior, t-shirts e meias extra e inclui o equipamento adequado para prote\u00e7\u00e3o solar.\nEnvolve o teu filho no processo de embalagem para que ele aprenda a fazer as malas sem a tua ajuda. <\/p>\n\n<p>Certifica-te de que o saco \u00e9 f\u00e1cil de transportar, juntamente com quaisquer outros pertences que devam trazer.\nLembra-te que o campo de f\u00e9rias \u00e9 uma excelente forma de ajudar as crian\u00e7as a reduzir o tempo de ecr\u00e3 e que alguns aparelhos s\u00e3o proibidos.\nEstes incluem leitores de MP3, jogos electr\u00f3nicos e telem\u00f3veis.    <\/p>\n\n<h3 class=\"wp-block-heading\">&#8211; Respeita a hora de chegada e de partida  <\/h3>\n\n<p>Quer deixes o teu filho no ponto de recolha do autocarro ou no parque de campismo, pensa em chegar a horas.\nEntrega toda a documenta\u00e7\u00e3o necess\u00e1ria ao diretor do campo e confia que o teu filho conseguir\u00e1 um lugar no autocarro individualmente.\nO conselheiro do acampamento estar\u00e1 dispon\u00edvel para ajudar quando for necess\u00e1rio.\nEvita demorar-te e deixa as crian\u00e7as come\u00e7arem a sua aventura no programa do acampamento.\nSe o acampamento o permitir, podes telefonar mais tarde para acompanhar os progressos.      <\/p>\n\n<h3 class=\"wp-block-heading\">&#8211; Prepara os teus filhos para fazerem novos amigos<\/h3>\n\n<figure class=\"wp-block-image size-large\"><img loading=\"lazy\" decoding=\"async\" width=\"1024\" height=\"683\" src=\"https:\/\/www.leselfes.com\/wp-content\/uploads\/2021\/05\/First-day-camping-for-kids-1024x683.jpg\" alt=\"Primeiro dia de campismo para crian&#xE7;as\" class=\"wp-image-41818\" title=\"Prepara os teus filhos para fazerem novos amigos\" srcset=\"https:\/\/www.leselfes.com\/wp-content\/uploads\/2021\/05\/First-day-camping-for-kids-1024x683.jpg 1024w, https:\/\/www.leselfes.com\/wp-content\/uploads\/2021\/05\/First-day-camping-for-kids-300x200.jpg 300w, https:\/\/www.leselfes.com\/wp-content\/uploads\/2021\/05\/First-day-camping-for-kids-768x512.jpg 768w, https:\/\/www.leselfes.com\/wp-content\/uploads\/2021\/05\/First-day-camping-for-kids-320x213.jpg 320w, https:\/\/www.leselfes.com\/wp-content\/uploads\/2021\/05\/First-day-camping-for-kids-640x427.jpg 640w, https:\/\/www.leselfes.com\/wp-content\/uploads\/2021\/05\/First-day-camping-for-kids-360x240.jpg 360w, https:\/\/www.leselfes.com\/wp-content\/uploads\/2021\/05\/First-day-camping-for-kids-720x480.jpg 720w, https:\/\/www.leselfes.com\/wp-content\/uploads\/2021\/05\/First-day-camping-for-kids-1080x720.jpg 1080w, https:\/\/www.leselfes.com\/wp-content\/uploads\/2021\/05\/First-day-camping-for-kids-800x534.jpg 800w, https:\/\/www.leselfes.com\/wp-content\/uploads\/2021\/05\/First-day-camping-for-kids-1280x854.jpg 1280w, https:\/\/www.leselfes.com\/wp-content\/uploads\/2021\/05\/First-day-camping-for-kids.jpg 1408w\" sizes=\"(max-width: 1024px) 100vw, 1024px\" \/><\/figure>\n\n<p>Muitas vezes, as crian\u00e7as perguntam-se se v\u00e3o <a href=\"https:\/\/sunshine-parenting.com\/making-friends-one-important-things-happens-summer-camp\/#:~:text=Focus%20on%20Friendship&amp;text=They%20are%20also%20trained%20to%20help%20campers%20build%20social%20skills.&amp;text=Making%20friends%20is%20an%20important,practice%20their%20friend%2Dmaking%20skills.\">fazer novos amigos<\/a> no campo de f\u00e9rias.\nJennifer Higgins, m\u00e3e de dois filhos, especialista em campos de f\u00e9rias acad\u00e9micos da Universidade da Virg\u00ednia, afirma   <\/p>\n\n<p><em>&#8220;Todos os anos, sugiro \u00e0s raparigas que levem algo que tenha o nome da escola e Ocean City, Nova J\u00e9rsia (um local favorito para as f\u00e9rias de ver\u00e3o). Estes objectos t\u00eam servido como um bom in\u00edcio de conversa com outras crian\u00e7as. Elas tamb\u00e9m levam esmalte e removedor de unhas, bolas de algod\u00e3o, revistas de fofoca e frisbees. Estas coisas d\u00e3o \u00e0s raparigas algo para fazer \u00e0 noite na suite ou para brincarem no exterior.&#8221;<\/em><em><\/em><\/p>\n\n<h3 class=\"wp-block-heading\">&#8211; Depois do acampamento, d\u00e1 tempo \u00e0s crian\u00e7as para se adaptarem \u00e0 vida normal<\/h3>\n\n<p>Depois de passar dias divertidos e cheios de adrenalina no campo de f\u00e9rias, o teu filho vai precisar de algum tempo para se adaptar \u00e0 rotina normal de casa.\nLembra-te, as crian\u00e7as s\u00e3o diferentes.\nEnquanto algumas ficam entusiasmadas e falam imediatamente das suas aventuras, outras demoram algum tempo a aceitar a ideia de partir.  <\/p>\n\n<p>Por favor, n\u00e3o pressiones o teu filho a falar sobre as suas experi\u00eancias.\nEm vez disso, deixa-o descansar e d\u00e1-lhe boa comida para o ajudar a recarregar as baterias.\nQuando o teu filho estiver pronto para falar, aproveita a oportunidade para falar sobre as tarefas adicionais que aprendeu no campo de f\u00e9rias, como lavar a loi\u00e7a e fazer a cama todos os dias.  <\/p>\n\n<p>Discute as actividades divertidas que realizaram durante as noites do campo de f\u00e9rias, como assar marshmallows e contar hist\u00f3rias.\nDetermina se est\u00e3o prontos para implementar algumas destas responsabilidades e actividades divertidas no hor\u00e1rio de casa. <\/p>\n\n<p>Identifica estrat\u00e9gias para estabelecer uma rela\u00e7\u00e3o com as novas experi\u00eancias que os teus filhos tiveram durante o campo de f\u00e9rias.\nPara al\u00e9m de desenvolver as mentes jovens, o campo de f\u00e9rias envolve a cria\u00e7\u00e3o de grandes momentos em fam\u00edlia, que as crian\u00e7as e os seus pais v\u00e3o guardar para sempre.   <\/p>\n\n<h2 class=\"wp-block-heading\">Leva para casa<\/h2>\n\n<ul class=\"wp-block-list\"><li>Ir para um campo de f\u00e9rias pode ser assustador, sobretudo para quem est\u00e1 a come\u00e7ar.\nNo entanto, os pais podem ajudar os seus filhos a relaxar e a prepar\u00e1-los para a aventura que se aproxima.   <\/li><\/ul>\n\n<ul class=\"wp-block-list\"><li>A col\u00f3nia de f\u00e9rias ensina \u00e0s crian\u00e7as uma s\u00e9rie de compet\u00eancias para a vida que podem continuar a adquirir na idade adulta.  <\/li><\/ul>\n\n<ul class=\"wp-block-list\"><li>Visitar o parque de campismo antes da viagem \u00e9 uma excelente forma de garantir que o teu filho se sentir\u00e1 confort\u00e1vel fora de casa.<\/li><\/ul>\n\n<ul class=\"wp-block-list\"><li>Expor as crian\u00e7as a campos de f\u00e9rias para dormir permite-lhes interagir com os seus pares de diferentes partes do mundo.\nN\u00e3o s\u00f3 t\u00eam a oportunidade de fazer novos amigos, como tamb\u00e9m aprendem sobre outras culturas. <\/li><\/ul>\n\n<p>Para mais dicas sobre campos de f\u00e9rias, visita <a href=\"https:\/\/www.leselfes.com\/pt-pt\/category\/artigos\/\">o nosso blogue<\/a>.  <\/p>\n","protected":false},"excerpt":{"rendered":"<p>O campo de f\u00e9rias \u00e9 fundamental para o crescimento de uma crian\u00e7a. Para al\u00e9m de desenvolver a confian\u00e7a, o campo de f\u00e9rias ajuda as crian\u00e7as a participarem em novas actividades,&#8230;<\/p>\n","protected":false},"author":1,"featured_media":73579,"comment_status":"closed","ping_status":"open","sticky":false,"template":"","format":"standard","meta":{"_acf_changed":false,"inline_featured_image":false,"footnotes":""},"categories":[1102,1103],"tags":[],"class_list":{"0":"post-87325","1":"post","2":"type-post","3":"status-publish","4":"format-standard","5":"has-post-thumbnail","7":"category-acampamento-de-verao","8":"category-artigos"},"acf":[],"yoast_head":"<!-- This site is optimized with the Yoast SEO Premium plugin v24.2 (Yoast SEO v24.7) - https:\/\/yoast.com\/wordpress\/plugins\/seo\/ -->\n<title>Dicas para encorajar os teus filhos a experimentar um campo de f\u00e9rias internacional - Les Elfes International Camps Switzerland<\/title>\n<meta name=\"robots\" content=\"index, follow, max-snippet:-1, max-image-preview:large, max-video-preview:-1\" \/>\n<link rel=\"canonical\" href=\"https:\/\/www.leselfes.com\/pt-pt\/dicas-para-encorajar-os-teus-filhos-a-experimentar-um-campo-de-ferias-internacional\/\" \/>\n<meta property=\"og:locale\" content=\"pt_PT\" \/>\n<meta property=\"og:type\" content=\"article\" \/>\n<meta property=\"og:title\" content=\"Dicas para encorajar os teus filhos a experimentar um campo de f\u00e9rias internacional\" \/>\n<meta property=\"og:description\" content=\"O campo de f\u00e9rias \u00e9 fundamental para o crescimento de uma crian\u00e7a. Para al\u00e9m de desenvolver a confian\u00e7a, o campo de f\u00e9rias ajuda as crian\u00e7as a participarem em novas actividades,...\" \/>\n<meta property=\"og:url\" content=\"https:\/\/www.leselfes.com\/pt-pt\/dicas-para-encorajar-os-teus-filhos-a-experimentar-um-campo-de-ferias-internacional\/\" \/>\n<meta property=\"og:site_name\" content=\"Les Elfes International Camps Switzerland\" \/>\n<meta property=\"article:publisher\" content=\"https:\/\/www.facebook.com\/LesElfesVerbier\" \/>\n<meta property=\"article:published_time\" content=\"2021-05-18T04:36:10+00:00\" \/>\n<meta property=\"article:modified_time\" content=\"2024-10-03T16:32:39+00:00\" \/>\n<meta property=\"og:image\" content=\"https:\/\/dev.leselfes.com\/wp-content\/uploads\/2021\/05\/Tips-to-Encourage-Your-Kids.jpg\" \/>\n\t<meta property=\"og:image:width\" content=\"1200\" \/>\n\t<meta property=\"og:image:height\" content=\"900\" \/>\n\t<meta property=\"og:image:type\" content=\"image\/jpeg\" \/>\n<meta name=\"author\" content=\"lesadmin\" \/>\n<meta name=\"twitter:card\" content=\"summary_large_image\" \/>\n<meta name=\"twitter:creator\" content=\"@LesElfesCamps\" \/>\n<meta name=\"twitter:site\" content=\"@LesElfesCamps\" \/>\n<meta name=\"twitter:label1\" content=\"Escrito por\" \/>\n\t<meta name=\"twitter:data1\" content=\"lesadmin\" \/>\n\t<meta name=\"twitter:label2\" content=\"Tempo estimado de leitura\" \/>\n\t<meta name=\"twitter:data2\" content=\"13 minutos\" \/>\n<script type=\"application\/ld+json\" class=\"yoast-schema-graph\">{\"@context\":\"https:\/\/schema.org\",\"@graph\":[{\"@type\":\"Article\",\"@id\":\"https:\/\/www.leselfes.com\/pt-pt\/dicas-para-encorajar-os-teus-filhos-a-experimentar-um-campo-de-ferias-internacional\/#article\",\"isPartOf\":{\"@id\":\"https:\/\/www.leselfes.com\/pt-pt\/dicas-para-encorajar-os-teus-filhos-a-experimentar-um-campo-de-ferias-internacional\/\"},\"author\":{\"name\":\"lesadmin\",\"@id\":\"https:\/\/dev.leselfes.com\/#\/schema\/person\/407a229698868b8c603874b19f37f289\"},\"headline\":\"Dicas para encorajar os teus filhos a experimentar um campo de f\u00e9rias internacional\",\"datePublished\":\"2021-05-18T04:36:10+00:00\",\"dateModified\":\"2024-10-03T16:32:39+00:00\",\"mainEntityOfPage\":{\"@id\":\"https:\/\/www.leselfes.com\/pt-pt\/dicas-para-encorajar-os-teus-filhos-a-experimentar-um-campo-de-ferias-internacional\/\"},\"wordCount\":2662,\"publisher\":{\"@id\":\"https:\/\/dev.leselfes.com\/#organization\"},\"image\":{\"@id\":\"https:\/\/www.leselfes.com\/pt-pt\/dicas-para-encorajar-os-teus-filhos-a-experimentar-um-campo-de-ferias-internacional\/#primaryimage\"},\"thumbnailUrl\":\"https:\/\/www.leselfes.com\/wp-content\/uploads\/2021\/05\/Tips-to-Encourage-Your-Kids.jpg\",\"articleSection\":[\"Acampamento de ver\u00e3o\",\"Artigos\"],\"inLanguage\":\"pt-PT\"},{\"@type\":\"WebPage\",\"@id\":\"https:\/\/www.leselfes.com\/pt-pt\/dicas-para-encorajar-os-teus-filhos-a-experimentar-um-campo-de-ferias-internacional\/\",\"url\":\"https:\/\/www.leselfes.com\/pt-pt\/dicas-para-encorajar-os-teus-filhos-a-experimentar-um-campo-de-ferias-internacional\/\",\"name\":\"Dicas para encorajar os teus filhos a experimentar um campo de f\u00e9rias internacional - Les Elfes International Camps Switzerland\",\"isPartOf\":{\"@id\":\"https:\/\/dev.leselfes.com\/#website\"},\"primaryImageOfPage\":{\"@id\":\"https:\/\/www.leselfes.com\/pt-pt\/dicas-para-encorajar-os-teus-filhos-a-experimentar-um-campo-de-ferias-internacional\/#primaryimage\"},\"image\":{\"@id\":\"https:\/\/www.leselfes.com\/pt-pt\/dicas-para-encorajar-os-teus-filhos-a-experimentar-um-campo-de-ferias-internacional\/#primaryimage\"},\"thumbnailUrl\":\"https:\/\/www.leselfes.com\/wp-content\/uploads\/2021\/05\/Tips-to-Encourage-Your-Kids.jpg\",\"datePublished\":\"2021-05-18T04:36:10+00:00\",\"dateModified\":\"2024-10-03T16:32:39+00:00\",\"breadcrumb\":{\"@id\":\"https:\/\/www.leselfes.com\/pt-pt\/dicas-para-encorajar-os-teus-filhos-a-experimentar-um-campo-de-ferias-internacional\/#breadcrumb\"},\"inLanguage\":\"pt-PT\",\"potentialAction\":[{\"@type\":\"ReadAction\",\"target\":[\"https:\/\/www.leselfes.com\/pt-pt\/dicas-para-encorajar-os-teus-filhos-a-experimentar-um-campo-de-ferias-internacional\/\"]}]},{\"@type\":\"ImageObject\",\"inLanguage\":\"pt-PT\",\"@id\":\"https:\/\/www.leselfes.com\/pt-pt\/dicas-para-encorajar-os-teus-filhos-a-experimentar-um-campo-de-ferias-internacional\/#primaryimage\",\"url\":\"https:\/\/www.leselfes.com\/wp-content\/uploads\/2021\/05\/Tips-to-Encourage-Your-Kids.jpg\",\"contentUrl\":\"https:\/\/www.leselfes.com\/wp-content\/uploads\/2021\/05\/Tips-to-Encourage-Your-Kids.jpg\",\"width\":1200,\"height\":900},{\"@type\":\"BreadcrumbList\",\"@id\":\"https:\/\/www.leselfes.com\/pt-pt\/dicas-para-encorajar-os-teus-filhos-a-experimentar-um-campo-de-ferias-internacional\/#breadcrumb\",\"itemListElement\":[{\"@type\":\"ListItem\",\"position\":1,\"name\":\"Home\",\"item\":\"https:\/\/www.leselfes.com\/pt-pt\/\"},{\"@type\":\"ListItem\",\"position\":2,\"name\":\"Dicas para encorajar os teus filhos a experimentar um campo de f\u00e9rias internacional\"}]},{\"@type\":\"WebSite\",\"@id\":\"https:\/\/dev.leselfes.com\/#website\",\"url\":\"https:\/\/dev.leselfes.com\/\",\"name\":\"Les Elfes International\",\"description\":\"Les Elfes International, Verbier Switzerland. Summer Camp, Winter Camp, Spring Camps.\",\"publisher\":{\"@id\":\"https:\/\/dev.leselfes.com\/#organization\"},\"alternateName\":\"Les Elfes International\",\"potentialAction\":[{\"@type\":\"SearchAction\",\"target\":{\"@type\":\"EntryPoint\",\"urlTemplate\":\"https:\/\/dev.leselfes.com\/?s={search_term_string}\"},\"query-input\":{\"@type\":\"PropertyValueSpecification\",\"valueRequired\":true,\"valueName\":\"search_term_string\"}}],\"inLanguage\":\"pt-PT\"},{\"@type\":\"Organization\",\"@id\":\"https:\/\/dev.leselfes.com\/#organization\",\"name\":\"Les Elfes International\",\"alternateName\":\"Les Elfes International\",\"url\":\"https:\/\/dev.leselfes.com\/\",\"logo\":{\"@type\":\"ImageObject\",\"inLanguage\":\"pt-PT\",\"@id\":\"https:\/\/dev.leselfes.com\/#\/schema\/logo\/image\/\",\"url\":\"https:\/\/www.leselfes.com\/wp-content\/uploads\/2022\/03\/leselfes-logo.png\",\"contentUrl\":\"https:\/\/www.leselfes.com\/wp-content\/uploads\/2022\/03\/leselfes-logo.png\",\"width\":233,\"height\":51,\"caption\":\"Les Elfes International\"},\"image\":{\"@id\":\"https:\/\/dev.leselfes.com\/#\/schema\/logo\/image\/\"},\"sameAs\":[\"https:\/\/www.facebook.com\/LesElfesVerbier\",\"https:\/\/x.com\/LesElfesCamps\",\"https:\/\/www.instagram.com\/leselfes\",\"https:\/\/www.linkedin.com\/company\/les-elfes-international\",\"https:\/\/www.youtube.com\/user\/LesElfesVerbier\"]},{\"@type\":\"Person\",\"@id\":\"https:\/\/dev.leselfes.com\/#\/schema\/person\/407a229698868b8c603874b19f37f289\",\"name\":\"lesadmin\",\"image\":{\"@type\":\"ImageObject\",\"inLanguage\":\"pt-PT\",\"@id\":\"https:\/\/dev.leselfes.com\/#\/schema\/person\/image\/\",\"url\":\"https:\/\/secure.gravatar.com\/avatar\/fdb243a028df450397b3632d862f87f6?s=96&d=mm&r=g\",\"contentUrl\":\"https:\/\/secure.gravatar.com\/avatar\/fdb243a028df450397b3632d862f87f6?s=96&d=mm&r=g\",\"caption\":\"lesadmin\"},\"url\":\"https:\/\/www.leselfes.com\/pt-pt\/author\/lesadmin\/\"}]}<\/script>\n<!-- \/ Yoast SEO Premium plugin. -->","yoast_head_json":{"title":"Dicas para encorajar os teus filhos a experimentar um campo de f\u00e9rias internacional - Les Elfes International Camps Switzerland","robots":{"index":"index","follow":"follow","max-snippet":"max-snippet:-1","max-image-preview":"max-image-preview:large","max-video-preview":"max-video-preview:-1"},"canonical":"https:\/\/www.leselfes.com\/pt-pt\/dicas-para-encorajar-os-teus-filhos-a-experimentar-um-campo-de-ferias-internacional\/","og_locale":"pt_PT","og_type":"article","og_title":"Dicas para encorajar os teus filhos a experimentar um campo de f\u00e9rias internacional","og_description":"O campo de f\u00e9rias \u00e9 fundamental para o crescimento de uma crian\u00e7a. Para al\u00e9m de desenvolver a confian\u00e7a, o campo de f\u00e9rias ajuda as crian\u00e7as a participarem em novas actividades,...","og_url":"https:\/\/www.leselfes.com\/pt-pt\/dicas-para-encorajar-os-teus-filhos-a-experimentar-um-campo-de-ferias-internacional\/","og_site_name":"Les Elfes International Camps Switzerland","article_publisher":"https:\/\/www.facebook.com\/LesElfesVerbier","article_published_time":"2021-05-18T04:36:10+00:00","article_modified_time":"2024-10-03T16:32:39+00:00","og_image":[{"width":1200,"height":900,"url":"https:\/\/dev.leselfes.com\/wp-content\/uploads\/2021\/05\/Tips-to-Encourage-Your-Kids.jpg","type":"image\/jpeg"}],"author":"lesadmin","twitter_card":"summary_large_image","twitter_creator":"@LesElfesCamps","twitter_site":"@LesElfesCamps","twitter_misc":{"Escrito por":"lesadmin","Tempo estimado de leitura":"13 minutos"},"schema":{"@context":"https:\/\/schema.org","@graph":[{"@type":"Article","@id":"https:\/\/www.leselfes.com\/pt-pt\/dicas-para-encorajar-os-teus-filhos-a-experimentar-um-campo-de-ferias-internacional\/#article","isPartOf":{"@id":"https:\/\/www.leselfes.com\/pt-pt\/dicas-para-encorajar-os-teus-filhos-a-experimentar-um-campo-de-ferias-internacional\/"},"author":{"name":"lesadmin","@id":"https:\/\/dev.leselfes.com\/#\/schema\/person\/407a229698868b8c603874b19f37f289"},"headline":"Dicas para encorajar os teus filhos a experimentar um campo de f\u00e9rias internacional","datePublished":"2021-05-18T04:36:10+00:00","dateModified":"2024-10-03T16:32:39+00:00","mainEntityOfPage":{"@id":"https:\/\/www.leselfes.com\/pt-pt\/dicas-para-encorajar-os-teus-filhos-a-experimentar-um-campo-de-ferias-internacional\/"},"wordCount":2662,"publisher":{"@id":"https:\/\/dev.leselfes.com\/#organization"},"image":{"@id":"https:\/\/www.leselfes.com\/pt-pt\/dicas-para-encorajar-os-teus-filhos-a-experimentar-um-campo-de-ferias-internacional\/#primaryimage"},"thumbnailUrl":"https:\/\/www.leselfes.com\/wp-content\/uploads\/2021\/05\/Tips-to-Encourage-Your-Kids.jpg","articleSection":["Acampamento de ver\u00e3o","Artigos"],"inLanguage":"pt-PT"},{"@type":"WebPage","@id":"https:\/\/www.leselfes.com\/pt-pt\/dicas-para-encorajar-os-teus-filhos-a-experimentar-um-campo-de-ferias-internacional\/","url":"https:\/\/www.leselfes.com\/pt-pt\/dicas-para-encorajar-os-teus-filhos-a-experimentar-um-campo-de-ferias-internacional\/","name":"Dicas para encorajar os teus filhos a experimentar um campo de f\u00e9rias internacional - Les Elfes International Camps Switzerland","isPartOf":{"@id":"https:\/\/dev.leselfes.com\/#website"},"primaryImageOfPage":{"@id":"https:\/\/www.leselfes.com\/pt-pt\/dicas-para-encorajar-os-teus-filhos-a-experimentar-um-campo-de-ferias-internacional\/#primaryimage"},"image":{"@id":"https:\/\/www.leselfes.com\/pt-pt\/dicas-para-encorajar-os-teus-filhos-a-experimentar-um-campo-de-ferias-internacional\/#primaryimage"},"thumbnailUrl":"https:\/\/www.leselfes.com\/wp-content\/uploads\/2021\/05\/Tips-to-Encourage-Your-Kids.jpg","datePublished":"2021-05-18T04:36:10+00:00","dateModified":"2024-10-03T16:32:39+00:00","breadcrumb":{"@id":"https:\/\/www.leselfes.com\/pt-pt\/dicas-para-encorajar-os-teus-filhos-a-experimentar-um-campo-de-ferias-internacional\/#breadcrumb"},"inLanguage":"pt-PT","potentialAction":[{"@type":"ReadAction","target":["https:\/\/www.leselfes.com\/pt-pt\/dicas-para-encorajar-os-teus-filhos-a-experimentar-um-campo-de-ferias-internacional\/"]}]},{"@type":"ImageObject","inLanguage":"pt-PT","@id":"https:\/\/www.leselfes.com\/pt-pt\/dicas-para-encorajar-os-teus-filhos-a-experimentar-um-campo-de-ferias-internacional\/#primaryimage","url":"https:\/\/www.leselfes.com\/wp-content\/uploads\/2021\/05\/Tips-to-Encourage-Your-Kids.jpg","contentUrl":"https:\/\/www.leselfes.com\/wp-content\/uploads\/2021\/05\/Tips-to-Encourage-Your-Kids.jpg","width":1200,"height":900},{"@type":"BreadcrumbList","@id":"https:\/\/www.leselfes.com\/pt-pt\/dicas-para-encorajar-os-teus-filhos-a-experimentar-um-campo-de-ferias-internacional\/#breadcrumb","itemListElement":[{"@type":"ListItem","position":1,"name":"Home","item":"https:\/\/www.leselfes.com\/pt-pt\/"},{"@type":"ListItem","position":2,"name":"Dicas para encorajar os teus filhos a experimentar um campo de f\u00e9rias internacional"}]},{"@type":"WebSite","@id":"https:\/\/dev.leselfes.com\/#website","url":"https:\/\/dev.leselfes.com\/","name":"Les Elfes International","description":"Les Elfes International, Verbier Switzerland. Summer Camp, Winter Camp, Spring Camps.","publisher":{"@id":"https:\/\/dev.leselfes.com\/#organization"},"alternateName":"Les Elfes International","potentialAction":[{"@type":"SearchAction","target":{"@type":"EntryPoint","urlTemplate":"https:\/\/dev.leselfes.com\/?s={search_term_string}"},"query-input":{"@type":"PropertyValueSpecification","valueRequired":true,"valueName":"search_term_string"}}],"inLanguage":"pt-PT"},{"@type":"Organization","@id":"https:\/\/dev.leselfes.com\/#organization","name":"Les Elfes International","alternateName":"Les Elfes International","url":"https:\/\/dev.leselfes.com\/","logo":{"@type":"ImageObject","inLanguage":"pt-PT","@id":"https:\/\/dev.leselfes.com\/#\/schema\/logo\/image\/","url":"https:\/\/www.leselfes.com\/wp-content\/uploads\/2022\/03\/leselfes-logo.png","contentUrl":"https:\/\/www.leselfes.com\/wp-content\/uploads\/2022\/03\/leselfes-logo.png","width":233,"height":51,"caption":"Les Elfes International"},"image":{"@id":"https:\/\/dev.leselfes.com\/#\/schema\/logo\/image\/"},"sameAs":["https:\/\/www.facebook.com\/LesElfesVerbier","https:\/\/x.com\/LesElfesCamps","https:\/\/www.instagram.com\/leselfes","https:\/\/www.linkedin.com\/company\/les-elfes-international","https:\/\/www.youtube.com\/user\/LesElfesVerbier"]},{"@type":"Person","@id":"https:\/\/dev.leselfes.com\/#\/schema\/person\/407a229698868b8c603874b19f37f289","name":"lesadmin","image":{"@type":"ImageObject","inLanguage":"pt-PT","@id":"https:\/\/dev.leselfes.com\/#\/schema\/person\/image\/","url":"https:\/\/secure.gravatar.com\/avatar\/fdb243a028df450397b3632d862f87f6?s=96&d=mm&r=g","contentUrl":"https:\/\/secure.gravatar.com\/avatar\/fdb243a028df450397b3632d862f87f6?s=96&d=mm&r=g","caption":"lesadmin"},"url":"https:\/\/www.leselfes.com\/pt-pt\/author\/lesadmin\/"}]}},"_links":{"self":[{"href":"https:\/\/www.leselfes.com\/pt-pt\/wp-json\/wp\/v2\/posts\/87325"}],"collection":[{"href":"https:\/\/www.leselfes.com\/pt-pt\/wp-json\/wp\/v2\/posts"}],"about":[{"href":"https:\/\/www.leselfes.com\/pt-pt\/wp-json\/wp\/v2\/types\/post"}],"author":[{"embeddable":true,"href":"https:\/\/www.leselfes.com\/pt-pt\/wp-json\/wp\/v2\/users\/1"}],"replies":[{"embeddable":true,"href":"https:\/\/www.leselfes.com\/pt-pt\/wp-json\/wp\/v2\/comments?post=87325"}],"version-history":[{"count":0,"href":"https:\/\/www.leselfes.com\/pt-pt\/wp-json\/wp\/v2\/posts\/87325\/revisions"}],"wp:featuredmedia":[{"embeddable":true,"href":"https:\/\/www.leselfes.com\/pt-pt\/wp-json\/wp\/v2\/media\/73579"}],"wp:attachment":[{"href":"https:\/\/www.leselfes.com\/pt-pt\/wp-json\/wp\/v2\/media?parent=87325"}],"wp:term":[{"taxonomy":"category","embeddable":true,"href":"https:\/\/www.leselfes.com\/pt-pt\/wp-json\/wp\/v2\/categories?post=87325"},{"taxonomy":"post_tag","embeddable":true,"href":"https:\/\/www.leselfes.com\/pt-pt\/wp-json\/wp\/v2\/tags?post=87325"}],"curies":[{"name":"wp","href":"https:\/\/api.w.org\/{rel}","templated":true}]}}