{"id":87380,"date":"2020-09-15T09:30:55","date_gmt":"2020-09-15T07:30:55","guid":{"rendered":"https:\/\/www.leselfes.com\/obrigado-por-este-verao-fantastico-prepara-te-para-o-acampamento-de-inverno\/"},"modified":"2024-10-03T18:34:32","modified_gmt":"2024-10-03T16:34:32","slug":"obrigado-por-este-verao-fantastico-prepara-te-para-o-acampamento-de-inverno","status":"publish","type":"post","link":"https:\/\/www.leselfes.com\/pt-pt\/obrigado-por-este-verao-fantastico-prepara-te-para-o-acampamento-de-inverno\/","title":{"rendered":"Obrigado por este ver\u00e3o fant\u00e1stico.\nPrepara-te para o acampamento de inverno!"},"content":{"rendered":"<p>Caros pais,<\/p>\n<figure>\n<p>&nbsp;<\/p>\n<p>O Summer Camp 2020 foi um enorme sucesso, conseguimos proporcionar 5 semanas de divers\u00e3o nas montanhas a mais de 120 campistas felizes, um grande obrigado a todos os que participaram.<br \/>\nRecebemos uma enorme quantidade de testemunhos positivos e agradecemos-te imenso por este maravilhoso feedback. <\/p>\n<p><!-- \/wp:image --><\/p>\n<p>&nbsp;<\/p>\n<p><img loading=\"lazy\" decoding=\"async\" src=\"https:\/\/www.leselfes.com\/wp-content\/uploads\/2020\/09\/Adventure-park-e1600161221577.jpg\" alt=\"Parque de aventuras\" width=\"630\" height=\"300\"><br \/>&#8221; Querido Adam e equipa!<br \/>Obrigado e obrigado pelo teu apoio !!!!<br \/>Foi um prazer conhecer-te.<br \/>Todos os dias o A. conta-me algumas hist\u00f3rias do acampamento e quer voltar no pr\u00f3ximo ano.<br \/>Tudo de bom! &#8220;<br \/><img loading=\"lazy\" decoding=\"async\" src=\"https:\/\/www.leselfes.com\/wp-content\/uploads\/2020\/09\/Group-of-kids-e1600161865737.jpg\" sizes=\"(max-width: 640px) 100vw, 640px\" srcset=\"https:\/\/www.leselfes.com\/wp-content\/uploads\/2020\/09\/Group-of-kids-e1600161865737.jpg 735w, https:\/\/www.leselfes.com\/wp-content\/uploads\/2020\/09\/Group-of-kids-e1600161865737-300x148.jpg 300w\" alt=\"Grupos Les Elfes\" width=\"640\" height=\"316\"><br \/>&#8221; Cara equipa Explorers,<br \/>Muito obrigado pela tua mensagem.<br \/>\nA A. divertiu-se imenso e ficou muito contente com a sua semana nos Elfes.<br \/>\nGostar\u00edamos de agradecer a toda a equipa por a terem feito sentir bem-vinda e parte do grupo.<br \/>\nEstamos ansiosos para que ela se junte ao acampamento num futuro pr\u00f3ximo.&#8221;   <\/p>\n<p>O ACAMPAMENTO DE INVERNO EST\u00c1 A CHEGAR!<\/p>\n<p>&nbsp;<\/p>\n<p>Agora, olha para o inverno.<br \/>\nEste ano, o campo de f\u00e9rias de inverno ter\u00e1 in\u00edcio a 5 de dezembro e terminar\u00e1 a 24 de abril. Com a possibilidade de escolher entre esqui, snowboard e l\u00ednguas, tens a oportunidade de desfrutar do ar livre na neve e de participar em programas lingu\u00edsticos estruturados fora dela. <\/p>\n<p><img loading=\"lazy\" decoding=\"async\" src=\"https:\/\/www.leselfes.com\/wp-content\/uploads\/2020\/09\/Skiing.jpg\" alt=\"Esquiar\" width=\"1600\" height=\"833\"><\/p>\n<p><!-- \/wp:paragraph --><\/p>\n<p>PORQU\u00ca O ACAMPAMENTO DE INVERNO LES ELFES, PODES PERGUNTAR?<\/p>\n<p>&nbsp;<\/p>\n<p>Com mais de 30 anos de experi\u00eancia em Verbier, uma est\u00e2ncia de esqui de classe mundial, porque n\u00e3o?<br \/>\nA rotina da vida no campo, a vida numa nova comunidade e a participa\u00e7\u00e3o em actividades divertidas e saud\u00e1veis ao ar livre s\u00e3o aspectos fundamentais do desenvolvimento das crian\u00e7as, agora mais do que nunca com as restri\u00e7\u00f5es ao desporto na escola. <\/p>\n<p>&nbsp;<\/p>\n<p>MEDIDAS CONTRA A COVID-19<\/p>\n<p>&nbsp;<\/p>\n<p>A COVID-19 alterou os nossos m\u00e9todos de trabalho e pusemos em pr\u00e1tica medidas sanit\u00e1rias muito rigorosas, como poder\u00e1s ver abaixo.<\/p>\n<p>&nbsp;<\/p>\n<ul style=\"list-style-type: none;\">\n<li>O nosso pessoal \u00e9 controlado semanalmente<\/li>\n<li>Verifica todos os dias a temperatura das crian\u00e7as e do pessoal<\/li>\n<li>Cada quarto \u00e9 desinfectado duas vezes por dia<\/li>\n<li>Os desinfectantes para as m\u00e3os est\u00e3o dispon\u00edveis nas \u00e1reas comuns e s\u00e3o entregues a cada participante<\/li>\n<li>O nosso pessoal usa m\u00e1scaras dentro de casa<\/li>\n<li>As m\u00e1scaras ser\u00e3o obrigat\u00f3rias nos telef\u00e9ricos para os menores de 11 anos<\/li>\n<\/ul>\n<p>&nbsp;<\/p>\n<p>ACAMPAMENTO DE INVERNO &#8211; CANCELAMENTO GRATUITO!<\/p>\n<p>&nbsp;<\/p>\n<p>Estamos confiantes em proporcionar uma experi\u00eancia segura, divertida e incr\u00edvel, como foi o caso deste ver\u00e3o, que decorreu sem incidentes.<\/p>\n<p>Les Elfes continuar\u00e1 a oferecer cancelamento gratuito a qualquer momento, sem risco, sem taxa pol\u00edtica durante este inverno e no ver\u00e3o seguinte, permanecer\u00e1 flex\u00edvel com as datas de chegada, e qualquer um de voc\u00eas com notas de cr\u00e9dito emitidas este ano, estamos felizes em estender por mais um ano.<\/p>\n<p>Confia em n\u00f3s, a nossa equipa de Les Elfes est\u00e1 pronta para acolher os teus filhos neste inverno, todas as semanas de dezembro a abril.<\/p>\n<\/figure>\n","protected":false},"excerpt":{"rendered":"<p>Um grande obrigado a todos os campistas que visitaram o campo de f\u00e9rias Les Elfes!<br \/>\nAs reservas para o acampamento de inverno j\u00e1 est\u00e3o abertas! <\/p>\n","protected":false},"author":1,"featured_media":73312,"comment_status":"open","ping_status":"open","sticky":false,"template":"","format":"standard","meta":{"_acf_changed":false,"inline_featured_image":false,"footnotes":""},"categories":[1066],"tags":[],"class_list":{"0":"post-87380","1":"post","2":"type-post","3":"status-publish","4":"format-standard","5":"has-post-thumbnail","7":"category-sem-categoria"},"acf":[],"yoast_head":"<!-- This site is optimized with the Yoast SEO Premium plugin v24.2 (Yoast SEO v24.7) - https:\/\/yoast.com\/wordpress\/plugins\/seo\/ -->\n<title>Obrigado por este ver\u00e3o fant\u00e1stico. Prepara-te para o acampamento de inverno! - Les Elfes International Camps Switzerland<\/title>\n<meta name=\"robots\" content=\"index, follow, max-snippet:-1, max-image-preview:large, max-video-preview:-1\" \/>\n<link rel=\"canonical\" href=\"https:\/\/www.leselfes.com\/pt-pt\/obrigado-por-este-verao-fantastico-prepara-te-para-o-acampamento-de-inverno\/\" \/>\n<meta property=\"og:locale\" content=\"pt_PT\" \/>\n<meta property=\"og:type\" content=\"article\" \/>\n<meta property=\"og:title\" content=\"Obrigado por este ver\u00e3o fant\u00e1stico. Prepara-te para o acampamento de inverno!\" \/>\n<meta property=\"og:description\" content=\"Um grande obrigado a todos os campistas que visitaram o campo de f\u00e9rias Les Elfes! As reservas para o acampamento de inverno j\u00e1 est\u00e3o abertas!\" \/>\n<meta property=\"og:url\" content=\"https:\/\/www.leselfes.com\/pt-pt\/obrigado-por-este-verao-fantastico-prepara-te-para-o-acampamento-de-inverno\/\" \/>\n<meta property=\"og:site_name\" content=\"Les Elfes International Camps Switzerland\" \/>\n<meta property=\"article:publisher\" content=\"https:\/\/www.facebook.com\/LesElfesVerbier\" \/>\n<meta property=\"article:published_time\" content=\"2020-09-15T07:30:55+00:00\" \/>\n<meta property=\"article:modified_time\" content=\"2024-10-03T16:34:32+00:00\" \/>\n<meta property=\"og:image\" content=\"https:\/\/dev.leselfes.com\/wp-content\/uploads\/2020\/09\/4-kids-on-snow.jpg\" \/>\n\t<meta property=\"og:image:width\" content=\"1402\" \/>\n\t<meta property=\"og:image:height\" content=\"1200\" \/>\n\t<meta property=\"og:image:type\" content=\"image\/jpeg\" \/>\n<meta name=\"author\" content=\"lesadmin\" \/>\n<meta name=\"twitter:card\" content=\"summary_large_image\" \/>\n<meta name=\"twitter:creator\" content=\"@LesElfesCamps\" \/>\n<meta name=\"twitter:site\" content=\"@LesElfesCamps\" \/>\n<meta name=\"twitter:label1\" content=\"Escrito por\" \/>\n\t<meta name=\"twitter:data1\" content=\"lesadmin\" \/>\n\t<meta name=\"twitter:label2\" content=\"Tempo estimado de leitura\" \/>\n\t<meta name=\"twitter:data2\" content=\"2 minutos\" \/>\n<script type=\"application\/ld+json\" class=\"yoast-schema-graph\">{\"@context\":\"https:\/\/schema.org\",\"@graph\":[{\"@type\":\"Article\",\"@id\":\"https:\/\/www.leselfes.com\/pt-pt\/obrigado-por-este-verao-fantastico-prepara-te-para-o-acampamento-de-inverno\/#article\",\"isPartOf\":{\"@id\":\"https:\/\/www.leselfes.com\/pt-pt\/obrigado-por-este-verao-fantastico-prepara-te-para-o-acampamento-de-inverno\/\"},\"author\":{\"name\":\"lesadmin\",\"@id\":\"https:\/\/dev.leselfes.com\/#\/schema\/person\/407a229698868b8c603874b19f37f289\"},\"headline\":\"Obrigado por este ver\u00e3o fant\u00e1stico. Prepara-te para o acampamento de inverno!\",\"datePublished\":\"2020-09-15T07:30:55+00:00\",\"dateModified\":\"2024-10-03T16:34:32+00:00\",\"mainEntityOfPage\":{\"@id\":\"https:\/\/www.leselfes.com\/pt-pt\/obrigado-por-este-verao-fantastico-prepara-te-para-o-acampamento-de-inverno\/\"},\"wordCount\":497,\"commentCount\":0,\"publisher\":{\"@id\":\"https:\/\/dev.leselfes.com\/#organization\"},\"image\":{\"@id\":\"https:\/\/www.leselfes.com\/pt-pt\/obrigado-por-este-verao-fantastico-prepara-te-para-o-acampamento-de-inverno\/#primaryimage\"},\"thumbnailUrl\":\"https:\/\/www.leselfes.com\/wp-content\/uploads\/2020\/09\/4-kids-on-snow.jpg\",\"inLanguage\":\"pt-PT\",\"potentialAction\":[{\"@type\":\"CommentAction\",\"name\":\"Comment\",\"target\":[\"https:\/\/www.leselfes.com\/pt-pt\/obrigado-por-este-verao-fantastico-prepara-te-para-o-acampamento-de-inverno\/#respond\"]}]},{\"@type\":\"WebPage\",\"@id\":\"https:\/\/www.leselfes.com\/pt-pt\/obrigado-por-este-verao-fantastico-prepara-te-para-o-acampamento-de-inverno\/\",\"url\":\"https:\/\/www.leselfes.com\/pt-pt\/obrigado-por-este-verao-fantastico-prepara-te-para-o-acampamento-de-inverno\/\",\"name\":\"Obrigado por este ver\u00e3o fant\u00e1stico. Prepara-te para o acampamento de inverno! - Les Elfes International Camps Switzerland\",\"isPartOf\":{\"@id\":\"https:\/\/dev.leselfes.com\/#website\"},\"primaryImageOfPage\":{\"@id\":\"https:\/\/www.leselfes.com\/pt-pt\/obrigado-por-este-verao-fantastico-prepara-te-para-o-acampamento-de-inverno\/#primaryimage\"},\"image\":{\"@id\":\"https:\/\/www.leselfes.com\/pt-pt\/obrigado-por-este-verao-fantastico-prepara-te-para-o-acampamento-de-inverno\/#primaryimage\"},\"thumbnailUrl\":\"https:\/\/www.leselfes.com\/wp-content\/uploads\/2020\/09\/4-kids-on-snow.jpg\",\"datePublished\":\"2020-09-15T07:30:55+00:00\",\"dateModified\":\"2024-10-03T16:34:32+00:00\",\"breadcrumb\":{\"@id\":\"https:\/\/www.leselfes.com\/pt-pt\/obrigado-por-este-verao-fantastico-prepara-te-para-o-acampamento-de-inverno\/#breadcrumb\"},\"inLanguage\":\"pt-PT\",\"potentialAction\":[{\"@type\":\"ReadAction\",\"target\":[\"https:\/\/www.leselfes.com\/pt-pt\/obrigado-por-este-verao-fantastico-prepara-te-para-o-acampamento-de-inverno\/\"]}]},{\"@type\":\"ImageObject\",\"inLanguage\":\"pt-PT\",\"@id\":\"https:\/\/www.leselfes.com\/pt-pt\/obrigado-por-este-verao-fantastico-prepara-te-para-o-acampamento-de-inverno\/#primaryimage\",\"url\":\"https:\/\/www.leselfes.com\/wp-content\/uploads\/2020\/09\/4-kids-on-snow.jpg\",\"contentUrl\":\"https:\/\/www.leselfes.com\/wp-content\/uploads\/2020\/09\/4-kids-on-snow.jpg\",\"width\":1402,\"height\":1200},{\"@type\":\"BreadcrumbList\",\"@id\":\"https:\/\/www.leselfes.com\/pt-pt\/obrigado-por-este-verao-fantastico-prepara-te-para-o-acampamento-de-inverno\/#breadcrumb\",\"itemListElement\":[{\"@type\":\"ListItem\",\"position\":1,\"name\":\"Home\",\"item\":\"https:\/\/www.leselfes.com\/pt-pt\/\"},{\"@type\":\"ListItem\",\"position\":2,\"name\":\"Obrigado por este ver\u00e3o fant\u00e1stico. Prepara-te para o acampamento de inverno!\"}]},{\"@type\":\"WebSite\",\"@id\":\"https:\/\/dev.leselfes.com\/#website\",\"url\":\"https:\/\/dev.leselfes.com\/\",\"name\":\"Les Elfes International\",\"description\":\"Les Elfes International, Verbier Switzerland. Summer Camp, Winter Camp, Spring Camps.\",\"publisher\":{\"@id\":\"https:\/\/dev.leselfes.com\/#organization\"},\"alternateName\":\"Les Elfes International\",\"potentialAction\":[{\"@type\":\"SearchAction\",\"target\":{\"@type\":\"EntryPoint\",\"urlTemplate\":\"https:\/\/dev.leselfes.com\/?s={search_term_string}\"},\"query-input\":{\"@type\":\"PropertyValueSpecification\",\"valueRequired\":true,\"valueName\":\"search_term_string\"}}],\"inLanguage\":\"pt-PT\"},{\"@type\":\"Organization\",\"@id\":\"https:\/\/dev.leselfes.com\/#organization\",\"name\":\"Les Elfes International\",\"alternateName\":\"Les Elfes International\",\"url\":\"https:\/\/dev.leselfes.com\/\",\"logo\":{\"@type\":\"ImageObject\",\"inLanguage\":\"pt-PT\",\"@id\":\"https:\/\/dev.leselfes.com\/#\/schema\/logo\/image\/\",\"url\":\"https:\/\/www.leselfes.com\/wp-content\/uploads\/2022\/03\/leselfes-logo.png\",\"contentUrl\":\"https:\/\/www.leselfes.com\/wp-content\/uploads\/2022\/03\/leselfes-logo.png\",\"width\":233,\"height\":51,\"caption\":\"Les Elfes International\"},\"image\":{\"@id\":\"https:\/\/dev.leselfes.com\/#\/schema\/logo\/image\/\"},\"sameAs\":[\"https:\/\/www.facebook.com\/LesElfesVerbier\",\"https:\/\/x.com\/LesElfesCamps\",\"https:\/\/www.instagram.com\/leselfes\",\"https:\/\/www.linkedin.com\/company\/les-elfes-international\",\"https:\/\/www.youtube.com\/user\/LesElfesVerbier\"]},{\"@type\":\"Person\",\"@id\":\"https:\/\/dev.leselfes.com\/#\/schema\/person\/407a229698868b8c603874b19f37f289\",\"name\":\"lesadmin\",\"image\":{\"@type\":\"ImageObject\",\"inLanguage\":\"pt-PT\",\"@id\":\"https:\/\/dev.leselfes.com\/#\/schema\/person\/image\/\",\"url\":\"https:\/\/secure.gravatar.com\/avatar\/fdb243a028df450397b3632d862f87f6?s=96&d=mm&r=g\",\"contentUrl\":\"https:\/\/secure.gravatar.com\/avatar\/fdb243a028df450397b3632d862f87f6?s=96&d=mm&r=g\",\"caption\":\"lesadmin\"},\"url\":\"https:\/\/www.leselfes.com\/pt-pt\/author\/lesadmin\/\"}]}<\/script>\n<!-- \/ Yoast SEO Premium plugin. -->","yoast_head_json":{"title":"Obrigado por este ver\u00e3o fant\u00e1stico. Prepara-te para o acampamento de inverno! - Les Elfes International Camps Switzerland","robots":{"index":"index","follow":"follow","max-snippet":"max-snippet:-1","max-image-preview":"max-image-preview:large","max-video-preview":"max-video-preview:-1"},"canonical":"https:\/\/www.leselfes.com\/pt-pt\/obrigado-por-este-verao-fantastico-prepara-te-para-o-acampamento-de-inverno\/","og_locale":"pt_PT","og_type":"article","og_title":"Obrigado por este ver\u00e3o fant\u00e1stico. Prepara-te para o acampamento de inverno!","og_description":"Um grande obrigado a todos os campistas que visitaram o campo de f\u00e9rias Les Elfes! As reservas para o acampamento de inverno j\u00e1 est\u00e3o abertas!","og_url":"https:\/\/www.leselfes.com\/pt-pt\/obrigado-por-este-verao-fantastico-prepara-te-para-o-acampamento-de-inverno\/","og_site_name":"Les Elfes International Camps Switzerland","article_publisher":"https:\/\/www.facebook.com\/LesElfesVerbier","article_published_time":"2020-09-15T07:30:55+00:00","article_modified_time":"2024-10-03T16:34:32+00:00","og_image":[{"width":1402,"height":1200,"url":"https:\/\/dev.leselfes.com\/wp-content\/uploads\/2020\/09\/4-kids-on-snow.jpg","type":"image\/jpeg"}],"author":"lesadmin","twitter_card":"summary_large_image","twitter_creator":"@LesElfesCamps","twitter_site":"@LesElfesCamps","twitter_misc":{"Escrito por":"lesadmin","Tempo estimado de leitura":"2 minutos"},"schema":{"@context":"https:\/\/schema.org","@graph":[{"@type":"Article","@id":"https:\/\/www.leselfes.com\/pt-pt\/obrigado-por-este-verao-fantastico-prepara-te-para-o-acampamento-de-inverno\/#article","isPartOf":{"@id":"https:\/\/www.leselfes.com\/pt-pt\/obrigado-por-este-verao-fantastico-prepara-te-para-o-acampamento-de-inverno\/"},"author":{"name":"lesadmin","@id":"https:\/\/dev.leselfes.com\/#\/schema\/person\/407a229698868b8c603874b19f37f289"},"headline":"Obrigado por este ver\u00e3o fant\u00e1stico. Prepara-te para o acampamento de inverno!","datePublished":"2020-09-15T07:30:55+00:00","dateModified":"2024-10-03T16:34:32+00:00","mainEntityOfPage":{"@id":"https:\/\/www.leselfes.com\/pt-pt\/obrigado-por-este-verao-fantastico-prepara-te-para-o-acampamento-de-inverno\/"},"wordCount":497,"commentCount":0,"publisher":{"@id":"https:\/\/dev.leselfes.com\/#organization"},"image":{"@id":"https:\/\/www.leselfes.com\/pt-pt\/obrigado-por-este-verao-fantastico-prepara-te-para-o-acampamento-de-inverno\/#primaryimage"},"thumbnailUrl":"https:\/\/www.leselfes.com\/wp-content\/uploads\/2020\/09\/4-kids-on-snow.jpg","inLanguage":"pt-PT","potentialAction":[{"@type":"CommentAction","name":"Comment","target":["https:\/\/www.leselfes.com\/pt-pt\/obrigado-por-este-verao-fantastico-prepara-te-para-o-acampamento-de-inverno\/#respond"]}]},{"@type":"WebPage","@id":"https:\/\/www.leselfes.com\/pt-pt\/obrigado-por-este-verao-fantastico-prepara-te-para-o-acampamento-de-inverno\/","url":"https:\/\/www.leselfes.com\/pt-pt\/obrigado-por-este-verao-fantastico-prepara-te-para-o-acampamento-de-inverno\/","name":"Obrigado por este ver\u00e3o fant\u00e1stico. Prepara-te para o acampamento de inverno! - Les Elfes International Camps Switzerland","isPartOf":{"@id":"https:\/\/dev.leselfes.com\/#website"},"primaryImageOfPage":{"@id":"https:\/\/www.leselfes.com\/pt-pt\/obrigado-por-este-verao-fantastico-prepara-te-para-o-acampamento-de-inverno\/#primaryimage"},"image":{"@id":"https:\/\/www.leselfes.com\/pt-pt\/obrigado-por-este-verao-fantastico-prepara-te-para-o-acampamento-de-inverno\/#primaryimage"},"thumbnailUrl":"https:\/\/www.leselfes.com\/wp-content\/uploads\/2020\/09\/4-kids-on-snow.jpg","datePublished":"2020-09-15T07:30:55+00:00","dateModified":"2024-10-03T16:34:32+00:00","breadcrumb":{"@id":"https:\/\/www.leselfes.com\/pt-pt\/obrigado-por-este-verao-fantastico-prepara-te-para-o-acampamento-de-inverno\/#breadcrumb"},"inLanguage":"pt-PT","potentialAction":[{"@type":"ReadAction","target":["https:\/\/www.leselfes.com\/pt-pt\/obrigado-por-este-verao-fantastico-prepara-te-para-o-acampamento-de-inverno\/"]}]},{"@type":"ImageObject","inLanguage":"pt-PT","@id":"https:\/\/www.leselfes.com\/pt-pt\/obrigado-por-este-verao-fantastico-prepara-te-para-o-acampamento-de-inverno\/#primaryimage","url":"https:\/\/www.leselfes.com\/wp-content\/uploads\/2020\/09\/4-kids-on-snow.jpg","contentUrl":"https:\/\/www.leselfes.com\/wp-content\/uploads\/2020\/09\/4-kids-on-snow.jpg","width":1402,"height":1200},{"@type":"BreadcrumbList","@id":"https:\/\/www.leselfes.com\/pt-pt\/obrigado-por-este-verao-fantastico-prepara-te-para-o-acampamento-de-inverno\/#breadcrumb","itemListElement":[{"@type":"ListItem","position":1,"name":"Home","item":"https:\/\/www.leselfes.com\/pt-pt\/"},{"@type":"ListItem","position":2,"name":"Obrigado por este ver\u00e3o fant\u00e1stico. Prepara-te para o acampamento de inverno!"}]},{"@type":"WebSite","@id":"https:\/\/dev.leselfes.com\/#website","url":"https:\/\/dev.leselfes.com\/","name":"Les Elfes International","description":"Les Elfes International, Verbier Switzerland. Summer Camp, Winter Camp, Spring Camps.","publisher":{"@id":"https:\/\/dev.leselfes.com\/#organization"},"alternateName":"Les Elfes International","potentialAction":[{"@type":"SearchAction","target":{"@type":"EntryPoint","urlTemplate":"https:\/\/dev.leselfes.com\/?s={search_term_string}"},"query-input":{"@type":"PropertyValueSpecification","valueRequired":true,"valueName":"search_term_string"}}],"inLanguage":"pt-PT"},{"@type":"Organization","@id":"https:\/\/dev.leselfes.com\/#organization","name":"Les Elfes International","alternateName":"Les Elfes International","url":"https:\/\/dev.leselfes.com\/","logo":{"@type":"ImageObject","inLanguage":"pt-PT","@id":"https:\/\/dev.leselfes.com\/#\/schema\/logo\/image\/","url":"https:\/\/www.leselfes.com\/wp-content\/uploads\/2022\/03\/leselfes-logo.png","contentUrl":"https:\/\/www.leselfes.com\/wp-content\/uploads\/2022\/03\/leselfes-logo.png","width":233,"height":51,"caption":"Les Elfes International"},"image":{"@id":"https:\/\/dev.leselfes.com\/#\/schema\/logo\/image\/"},"sameAs":["https:\/\/www.facebook.com\/LesElfesVerbier","https:\/\/x.com\/LesElfesCamps","https:\/\/www.instagram.com\/leselfes","https:\/\/www.linkedin.com\/company\/les-elfes-international","https:\/\/www.youtube.com\/user\/LesElfesVerbier"]},{"@type":"Person","@id":"https:\/\/dev.leselfes.com\/#\/schema\/person\/407a229698868b8c603874b19f37f289","name":"lesadmin","image":{"@type":"ImageObject","inLanguage":"pt-PT","@id":"https:\/\/dev.leselfes.com\/#\/schema\/person\/image\/","url":"https:\/\/secure.gravatar.com\/avatar\/fdb243a028df450397b3632d862f87f6?s=96&d=mm&r=g","contentUrl":"https:\/\/secure.gravatar.com\/avatar\/fdb243a028df450397b3632d862f87f6?s=96&d=mm&r=g","caption":"lesadmin"},"url":"https:\/\/www.leselfes.com\/pt-pt\/author\/lesadmin\/"}]}},"_links":{"self":[{"href":"https:\/\/www.leselfes.com\/pt-pt\/wp-json\/wp\/v2\/posts\/87380"}],"collection":[{"href":"https:\/\/www.leselfes.com\/pt-pt\/wp-json\/wp\/v2\/posts"}],"about":[{"href":"https:\/\/www.leselfes.com\/pt-pt\/wp-json\/wp\/v2\/types\/post"}],"author":[{"embeddable":true,"href":"https:\/\/www.leselfes.com\/pt-pt\/wp-json\/wp\/v2\/users\/1"}],"replies":[{"embeddable":true,"href":"https:\/\/www.leselfes.com\/pt-pt\/wp-json\/wp\/v2\/comments?post=87380"}],"version-history":[{"count":0,"href":"https:\/\/www.leselfes.com\/pt-pt\/wp-json\/wp\/v2\/posts\/87380\/revisions"}],"wp:featuredmedia":[{"embeddable":true,"href":"https:\/\/www.leselfes.com\/pt-pt\/wp-json\/wp\/v2\/media\/73312"}],"wp:attachment":[{"href":"https:\/\/www.leselfes.com\/pt-pt\/wp-json\/wp\/v2\/media?parent=87380"}],"wp:term":[{"taxonomy":"category","embeddable":true,"href":"https:\/\/www.leselfes.com\/pt-pt\/wp-json\/wp\/v2\/categories?post=87380"},{"taxonomy":"post_tag","embeddable":true,"href":"https:\/\/www.leselfes.com\/pt-pt\/wp-json\/wp\/v2\/tags?post=87380"}],"curies":[{"name":"wp","href":"https:\/\/api.w.org\/{rel}","templated":true}]}}