{"id":96006,"date":"2025-01-07T09:10:45","date_gmt":"2025-01-07T08:10:45","guid":{"rendered":"https:\/\/www.leselfes.com\/a-que-grupos-etarios-se-destinam-os-campos-de-ferias-descobre-les-elfes-international-para-criancas-dos-6-aos-17-anos\/"},"modified":"2025-02-18T11:05:19","modified_gmt":"2025-02-18T10:05:19","slug":"a-que-grupos-etarios-se-destinam-os-campos-de-ferias-descobre-les-elfes-international-para-criancas-dos-6-aos-17-anos","status":"publish","type":"post","link":"https:\/\/www.leselfes.com\/pt-pt\/a-que-grupos-etarios-se-destinam-os-campos-de-ferias-descobre-les-elfes-international-para-criancas-dos-6-aos-17-anos\/","title":{"rendered":"A que grupos et\u00e1rios se destina o campo de f\u00e9rias? Descobre Les Elfes International para crian\u00e7as dos 6 aos 17 anos"},"content":{"rendered":"<p>Les Elfes International oferece experi\u00eancias \u00fanicas de acampamento de inverno para crian\u00e7as e adolescentes nos deslumbrantes Alpes su\u00ed\u00e7os. Com sede em Verbier, uma <strong>est\u00e2ncia de esqui de<\/strong> renome mundial, os nossos campos s\u00e3o especificamente concebidos para <strong>crian\u00e7as dos 6 aos 17 anos<\/strong>, com um extenso <strong>programa<\/strong> que inclui <strong>esqui<\/strong>, <strong>snowboard<\/strong>, <strong>aprendizagem de l\u00ednguas<\/strong> e <strong>desenvolvimento de lideran\u00e7a<\/strong>. Cada aluno, quer frequente uma <strong>semana<\/strong> ou um <strong>per\u00edodo<\/strong> mais longo, desfruta de aten\u00e7\u00e3o personalizada, alojamento seguro e acesso a experi\u00eancias ao ar livre num ambiente de apoio que promove o crescimento e a independ\u00eancia.  <\/p>\n<h2>Programas para crian\u00e7as dos 6 aos 10 anos: Desenvolver compet\u00eancias e confian\u00e7a<\/h2>\n<p>Os nossos alunos mais jovens, com idades <strong>entre os 6 e os 10 anos<\/strong>, s\u00e3o introduzidos nos desportos de inverno de uma forma segura e envolvente, com foco na descoberta e no desenvolvimento da confian\u00e7a. <strong>Os conselheiros<\/strong> do <strong>acampamento<\/strong> Les Elfes asseguram que todas as sess\u00f5es, desde o esqui ao jogo criativo, s\u00e3o adaptadas \u00e0s necessidades deste grupo et\u00e1rio. Situado no <strong>belo<\/strong> cen\u00e1rio de Verbier, o campo permite que as crian\u00e7as d\u00eaem os primeiros passos nos desportos de inverno numa <strong>comunidade de campistas<\/strong> que apoia a aprendizagem e a divers\u00e3o. Esta fase de introdu\u00e7\u00e3o aos desportos de inverno ajuda os alunos a adaptarem-se ao seu pr\u00f3prio ritmo, encorajando-os a abra\u00e7ar novas experi\u00eancias com entusiasmo e curiosidade.   <\/p>\n<h3>Introdu\u00e7\u00e3o ao esqui e ao snowboard<\/h3>\n<p>Os alunos dos 6 aos 10 anos recebem <strong>aulas<\/strong> estruturadas <strong>de esqui e snowboard<\/strong>, aprendendo as no\u00e7\u00f5es b\u00e1sicas sob a orienta\u00e7\u00e3o de instrutores experientes. As encostas suaves e amigas das crian\u00e7as de Verbier oferecem o cen\u00e1rio perfeito para os jovens estudantes explorarem os desportos de inverno com conforto e alegria. As aulas abrangem compet\u00eancias essenciais como o equil\u00edbrio e a coordena\u00e7\u00e3o, tornando-as num ambiente ideal para que as crian\u00e7as pequenas desenvolvam confian\u00e7a nas pistas em seguran\u00e7a. Ao introduzir o desporto desde cedo, as crian\u00e7as desenvolvem a coordena\u00e7\u00e3o, a disciplina e a resist\u00eancia f\u00edsica de uma forma segura e supervisionada.   <\/p>\n<h3>Actividades criativas e compet\u00eancias sociais<\/h3>\n<p>Para al\u00e9m do esqui e do snowboard, este grupo et\u00e1rio beneficia de uma variedade de experi\u00eancias criativas e sociais, incluindo artes e of\u00edcios, narra\u00e7\u00e3o de hist\u00f3rias e jogos de grupo. Estas sess\u00f5es fomentam a criatividade e a intera\u00e7\u00e3o social num ambiente descontra\u00eddo, ajudando as crian\u00e7as a construir amizades enquanto desfrutam da sua <strong>experi\u00eancia de f\u00e9rias<\/strong> de inverno. Os encontros noturnos s\u00e3o calmos, com noites de cinema e jogos de equipa que promovem um sentimento de perten\u00e7a ao <strong>acampamento<\/strong>. As amizades formadas durante esta experi\u00eancia inicial de acampamento continuam muitas vezes para al\u00e9m do acampamento, proporcionando aos alunos uma base s\u00f3lida de compet\u00eancias sociais e de trabalho em equipa.   <\/p>\n<h2>Programas para crian\u00e7as dos 11 aos 14 anos: desenvolvimento de compet\u00eancias e explora\u00e7\u00e3o<\/h2>\n<p>Para as crian\u00e7as dos <strong>11 aos 14 anos<\/strong>, Les Elfes oferece op\u00e7\u00f5es mais desafiantes que incentivam a independ\u00eancia e o trabalho de equipa. As famosas pistas de Verbier proporcionam um destino emocionante para estes estudantes melhorarem as suas capacidades de esqui e snowboard, enquanto as aulas de l\u00ednguas e os eventos sociais lhes permitem explorar um ambiente culturalmente diversificado. Nesta faixa et\u00e1ria, Les Elfes tamb\u00e9m recebe <strong>grupos de jovens<\/strong> e <strong>estudantes<\/strong> de todo o mundo, criando um <strong>local de acampamento<\/strong> multicultural onde os participantes trocam ideias, valores e perspectivas culturais.  <\/p>\n<h3>Esqui e snowboard interm\u00e9dios<\/h3>\n<p>Os alunos trabalham com os instrutores para desenvolver as suas t\u00e9cnicas de esqui e snowboard, com aulas centradas na coordena\u00e7\u00e3o, no controlo da velocidade e na postura. O terreno variado de Verbier permite que cada aluno se desafie numa s\u00e9rie de pistas. Estas <strong>aulas de esqui<\/strong> personalizadas permitem-lhes progredir em seguran\u00e7a, com oportunidades de praticar em pistas mais avan\u00e7adas \u00e0 medida que as suas capacidades melhoram. Cada aluno recebe uma orienta\u00e7\u00e3o individualizada e as aulas s\u00e3o adaptadas \u00e0s suas necessidades e objectivos espec\u00edficos.   <\/p>\n<h3>Aprendizagem de l\u00ednguas e amizades internacionais<\/h3>\n<p>Os cursos de l\u00ednguas em <strong>ingl\u00eas<\/strong> e <strong>franc\u00eas<\/strong> oferecem aos alunos a oportunidade de melhorar as suas compet\u00eancias lingu\u00edsticas de uma forma divertida e pr\u00e1tica, incluindo sess\u00f5es interactivas que se alinham com as suas experi\u00eancias di\u00e1rias. Esta experi\u00eancia lingu\u00edstica imersiva, combinada com a atmosfera internacional de Les Elfes, incentiva os alunos a praticar as compet\u00eancias lingu\u00edsticas enquanto fazem amizades com colegas de todo o mundo. Estas amizades e experi\u00eancias criam <strong>mem\u00f3rias inesquec\u00edveis<\/strong> e promovem o crescimento pessoal.  <\/p>\n<h3>Eventos sociais noturnos e divers\u00e3o ap\u00f3s o esqui<\/h3>\n<p>As actividades de Apr\u00e8s-ski para este grupo et\u00e1rio s\u00e3o concebidas para serem divertidas e enriquecedoras, com op\u00e7\u00f5es que incluem jogos de equipa, <strong>patinagem no gelo<\/strong>, espect\u00e1culos de talentos e desafios de grupo. Estes encontros noturnos permitem que os alunos se relacionem, celebrem as suas conquistas nas pistas e desfrutem de uma variedade de intera\u00e7\u00f5es sociais num ambiente festivo e de apoio. As experi\u00eancias sociais variadas ajudam a fomentar um sentido de confian\u00e7a, preparando os alunos para as responsabilidades e os desafios sociais da adolesc\u00eancia.  <\/p>\n<h2>Programas para adolescentes dos 15 aos 17 anos: Lideran\u00e7a e compet\u00eancias avan\u00e7adas<\/h2>\n<p>Os adolescentes mais velhos, com idades <strong>entre os 15 e os 17 anos<\/strong>, participam num programa desafiante que combina o desenvolvimento da lideran\u00e7a com desportos de inverno avan\u00e7ados. As extensas encostas de Verbier, a grande altitude, proporcionam um recreio perfeito para os adolescentes que procuram aventura, crescimento pessoal e dom\u00ednio de compet\u00eancias. Este programa incentiva a independ\u00eancia, com <strong>pessoal<\/strong> experiente e <strong>conselheiros de acampamento<\/strong> a apoiar os adolescentes em cada desafio. As sess\u00f5es de lideran\u00e7a proporcionam aos alunos uma experi\u00eancia valiosa em termos de tomada de decis\u00f5es, trabalho de equipa e compet\u00eancias de comunica\u00e7\u00e3o, tornando este campo de f\u00e9rias ideal para aqueles que pretendem assumir futuras fun\u00e7\u00f5es acad\u00e9micas ou de lideran\u00e7a.   <\/p>\n<h3>Esqui e snowboard avan\u00e7ados<\/h3>\n<p>Os adolescentes recebem forma\u00e7\u00e3o sobre t\u00e9cnicas avan\u00e7adas de esqui e snowboard, incluindo carving, freestyle e t\u00e9cnicas fora de pista. Com acesso a toda a gama de pistas de Verbier, podem estabelecer objectivos pessoais e desafiar-se a si pr\u00f3prios enquanto desenvolvem compet\u00eancias num ambiente supervisionado. Estas experi\u00eancias permitem que os adolescentes ultrapassem os seus limites, dominem os desportos de inverno e desfrutem da aventura de um <strong>campo de esqui<\/strong> de alto n\u00edvel. O programa tamb\u00e9m inclui forma\u00e7\u00e3o sobre <strong>seguran\u00e7a na montanha<\/strong> e <strong>sensibiliza\u00e7\u00e3o para avalanches<\/strong>, dando aos alunos as compet\u00eancias necess\u00e1rias para desfrutar em seguran\u00e7a de desportos de inverno mais avan\u00e7ados.   <\/p>\n<h3>Lideran\u00e7a e desenvolvimento pessoal<\/h3>\n<p>O programa para adolescentes tamb\u00e9m inclui workshops de lideran\u00e7a, incentivando os alunos a assumirem responsabilidades, a trabalharem em equipa e a aprenderem compet\u00eancias de resolu\u00e7\u00e3o de problemas. Atrav\u00e9s de actividades orientadas, os adolescentes ganham confian\u00e7a, resili\u00eancia e um sentido de realiza\u00e7\u00e3o. Estas compet\u00eancias s\u00e3o \u00fateis n\u00e3o s\u00f3 durante o campo, mas tamb\u00e9m nas suas vidas acad\u00e9micas e pessoais, o que faz com que seja uma parte verdadeiramente impactante da experi\u00eancia do <strong>campo de inverno<\/strong>. Al\u00e9m disso, o nosso programa de lideran\u00e7a inclui exerc\u00edcios de forma\u00e7\u00e3o de equipas, tais como o planeamento de <strong>viagens de grupo<\/strong> ou actividades de lideran\u00e7a, proporcionando aos adolescentes uma pr\u00e1tica pr\u00e1tica de organiza\u00e7\u00e3o e gest\u00e3o de din\u00e2micas de grupo.   <\/p>\n<h3>Excurs\u00f5es culturais e actividades independentes<\/h3>\n<p>Os adolescentes participam em viagens a cidades su\u00ed\u00e7as pr\u00f3ximas, como Montreux, Lausanne e <strong>Gstaad<\/strong>, onde podem explorar a cultura, a l\u00edngua e a hist\u00f3ria su\u00ed\u00e7as. As actividades nocturnas incluem eventos sociais, fogueiras e encontros <strong>apr\u00e8s-ski<\/strong>, proporcionando um final de dia divertido e memor\u00e1vel. Estes momentos permitem que os alunos reflictam sobre as suas realiza\u00e7\u00f5es, construam amizades e desfrutem de toda a <strong>experi\u00eancia das f\u00e9rias<\/strong>.  <\/p>\n<h2>A seguran\u00e7a em primeiro lugar: Protocolos m\u00e9dicos e de seguran\u00e7a abrangentes<\/h2>\n<p>Na Les Elfes, <strong>a seguran\u00e7a<\/strong> \u00e9 a nossa principal prioridade. O campus de Verbier est\u00e1 totalmente equipado com c\u00e2meras de seguran\u00e7a e nossas instala\u00e7\u00f5es incluem vigil\u00e2ncia 24 horas por dia, 7 dias por semana, em todas as \u00e1reas comuns. Um guarda noturno est\u00e1 presente para garantir a seguran\u00e7a ap\u00f3s o expediente, e uma enfermeira em tempo integral est\u00e1 sempre dispon\u00edvel no campus. Al\u00e9m disso, cada atividade \u00e9 submetida a uma avalia\u00e7\u00e3o de risco detalhada para garantir que cumpre os mais elevados padr\u00f5es de seguran\u00e7a. Realizamos um <strong>exerc\u00edcio de inc\u00eandio<\/strong> e um <strong>teste de nata\u00e7\u00e3o<\/strong> no in\u00edcio de cada <strong>per\u00edodo<\/strong> para familiarizar os alunos com os protocolos de seguran\u00e7a. A proximidade de centros m\u00e9dicos e hospitais pr\u00f3ximos garante ainda mais a tranquilidade dos pais, sabendo que a ajuda est\u00e1 sempre \u00e0 m\u00e3o.     <\/p>\n<h2>Porqu\u00ea escolher Les Elfes International para o acampamento de inverno?<\/h2>\n<p>Como um dos principais acampamentos <strong>internacionais de inverno<\/strong> na Su\u00ed\u00e7a, Les Elfes oferece uma mistura de aventura ao ar livre, interc\u00e2mbio cultural e desenvolvimento pessoal. Os alunos experimentam a alegria dos <strong>desportos de neve<\/strong> nos deslumbrantes arredores alpinos de Verbier, enquanto desfrutam de instala\u00e7\u00f5es de primeira linha, incluindo acomoda\u00e7\u00f5es acolhedoras, refei\u00e7\u00f5es no local com uma equipa <strong>de cozinha<\/strong> dedicada e uma comunidade forte e solid\u00e1ria. Com uma estrutura de <strong>taxas de acampamento<\/strong> que inclui uma vasta gama de actividades e uma <strong>equipa de lideran\u00e7a<\/strong> dedicada, Les Elfes oferece tudo o que \u00e9 necess\u00e1rio para uma experi\u00eancia excecional.  <\/p>\n<p>Est\u00e1s pronto para te juntares a n\u00f3s? Inscreve-te hoje <a href=\"https:\/\/www.leselfes.com\/winter-camp\/enrol\/\" target=\"_blank\" rel=\"noopener\">no campo de inverno<\/a> e d\u00e1 ao teu filho a oportunidade de viver a aventura inesquec\u00edvel de Les Elfes International!<\/p>\n","protected":false},"excerpt":{"rendered":"<p>Les Elfes International oferece experi\u00eancias \u00fanicas de acampamento de inverno para crian\u00e7as e adolescentes nos deslumbrantes Alpes su\u00ed\u00e7os. Com sede em Verbier, uma est\u00e2ncia de esqui de renome mundial, os&#8230;<\/p>\n","protected":false},"author":16,"featured_media":96001,"comment_status":"open","ping_status":"open","sticky":false,"template":"","format":"standard","meta":{"_acf_changed":false,"inline_featured_image":false,"footnotes":""},"categories":[1107,1103],"tags":[],"class_list":{"0":"post-96006","1":"post","2":"type-post","3":"status-publish","4":"format-standard","5":"has-post-thumbnail","7":"category-acampamento-de-inverno","8":"category-artigos"},"acf":[],"yoast_head":"<!-- This site is optimized with the Yoast SEO Premium plugin v24.2 (Yoast SEO v24.7) - https:\/\/yoast.com\/wordpress\/plugins\/seo\/ -->\n<title>A que grupos et\u00e1rios se destina o campo de f\u00e9rias? - Les Elfes Internacional<\/title>\n<meta name=\"description\" content=\"Les Elfes International oferece acampamentos de inverno para crian\u00e7as. Explora os programas com esqui, snowboard e actividades de crescimento pessoal.\" \/>\n<meta name=\"robots\" content=\"index, follow, max-snippet:-1, max-image-preview:large, max-video-preview:-1\" \/>\n<link rel=\"canonical\" href=\"https:\/\/www.leselfes.com\/pt-pt\/a-que-grupos-etarios-se-destinam-os-campos-de-ferias-descobre-les-elfes-international-para-criancas-dos-6-aos-17-anos\/\" \/>\n<meta property=\"og:locale\" content=\"pt_PT\" \/>\n<meta property=\"og:type\" content=\"article\" \/>\n<meta property=\"og:title\" content=\"A que grupos et\u00e1rios se destina o campo de f\u00e9rias? Descobre Les Elfes International para crian\u00e7as dos 6 aos 17 anos\" \/>\n<meta property=\"og:description\" content=\"Les Elfes International oferece acampamentos de inverno para crian\u00e7as. Explora os programas com esqui, snowboard e actividades de crescimento pessoal.\" \/>\n<meta property=\"og:url\" content=\"https:\/\/www.leselfes.com\/pt-pt\/a-que-grupos-etarios-se-destinam-os-campos-de-ferias-descobre-les-elfes-international-para-criancas-dos-6-aos-17-anos\/\" \/>\n<meta property=\"og:site_name\" content=\"Les Elfes International Camps Switzerland\" \/>\n<meta property=\"article:publisher\" content=\"https:\/\/www.facebook.com\/LesElfesVerbier\" \/>\n<meta property=\"article:published_time\" content=\"2025-01-07T08:10:45+00:00\" \/>\n<meta property=\"article:modified_time\" content=\"2025-02-18T10:05:19+00:00\" \/>\n<meta property=\"og:image\" content=\"https:\/\/www.leselfes.com\/wp-content\/uploads\/2025\/01\/photo1.jpg\" \/>\n\t<meta property=\"og:image:width\" content=\"1920\" \/>\n\t<meta property=\"og:image:height\" content=\"550\" \/>\n\t<meta property=\"og:image:type\" content=\"image\/jpeg\" \/>\n<meta name=\"author\" content=\"Matthieu Perard\" \/>\n<meta name=\"twitter:card\" content=\"summary_large_image\" \/>\n<meta name=\"twitter:creator\" content=\"@LesElfesCamps\" \/>\n<meta name=\"twitter:site\" content=\"@LesElfesCamps\" \/>\n<meta name=\"twitter:label1\" content=\"Escrito por\" \/>\n\t<meta name=\"twitter:data1\" content=\"Matthieu Perard\" \/>\n\t<meta name=\"twitter:label2\" content=\"Tempo estimado de leitura\" \/>\n\t<meta name=\"twitter:data2\" content=\"8 minutos\" \/>\n<script type=\"application\/ld+json\" class=\"yoast-schema-graph\">{\"@context\":\"https:\/\/schema.org\",\"@graph\":[{\"@type\":\"Article\",\"@id\":\"https:\/\/www.leselfes.com\/pt-pt\/a-que-grupos-etarios-se-destinam-os-campos-de-ferias-descobre-les-elfes-international-para-criancas-dos-6-aos-17-anos\/#article\",\"isPartOf\":{\"@id\":\"https:\/\/www.leselfes.com\/pt-pt\/a-que-grupos-etarios-se-destinam-os-campos-de-ferias-descobre-les-elfes-international-para-criancas-dos-6-aos-17-anos\/\"},\"author\":{\"name\":\"Matthieu Perard\",\"@id\":\"https:\/\/dev.leselfes.com\/#\/schema\/person\/7ac5f99a7f3c597105fe663a00bdf6d6\"},\"headline\":\"A que grupos et\u00e1rios se destina o campo de f\u00e9rias? Descobre Les Elfes International para crian\u00e7as dos 6 aos 17 anos\",\"datePublished\":\"2025-01-07T08:10:45+00:00\",\"dateModified\":\"2025-02-18T10:05:19+00:00\",\"mainEntityOfPage\":{\"@id\":\"https:\/\/www.leselfes.com\/pt-pt\/a-que-grupos-etarios-se-destinam-os-campos-de-ferias-descobre-les-elfes-international-para-criancas-dos-6-aos-17-anos\/\"},\"wordCount\":1709,\"commentCount\":0,\"publisher\":{\"@id\":\"https:\/\/dev.leselfes.com\/#organization\"},\"image\":{\"@id\":\"https:\/\/www.leselfes.com\/pt-pt\/a-que-grupos-etarios-se-destinam-os-campos-de-ferias-descobre-les-elfes-international-para-criancas-dos-6-aos-17-anos\/#primaryimage\"},\"thumbnailUrl\":\"https:\/\/www.leselfes.com\/wp-content\/uploads\/2025\/01\/photo1.jpg\",\"articleSection\":[\"Acampamento de inverno\",\"Artigos\"],\"inLanguage\":\"pt-PT\",\"potentialAction\":[{\"@type\":\"CommentAction\",\"name\":\"Comment\",\"target\":[\"https:\/\/www.leselfes.com\/pt-pt\/a-que-grupos-etarios-se-destinam-os-campos-de-ferias-descobre-les-elfes-international-para-criancas-dos-6-aos-17-anos\/#respond\"]}]},{\"@type\":\"WebPage\",\"@id\":\"https:\/\/www.leselfes.com\/pt-pt\/a-que-grupos-etarios-se-destinam-os-campos-de-ferias-descobre-les-elfes-international-para-criancas-dos-6-aos-17-anos\/\",\"url\":\"https:\/\/www.leselfes.com\/pt-pt\/a-que-grupos-etarios-se-destinam-os-campos-de-ferias-descobre-les-elfes-international-para-criancas-dos-6-aos-17-anos\/\",\"name\":\"A que grupos et\u00e1rios se destina o campo de f\u00e9rias? - Les Elfes Internacional\",\"isPartOf\":{\"@id\":\"https:\/\/dev.leselfes.com\/#website\"},\"primaryImageOfPage\":{\"@id\":\"https:\/\/www.leselfes.com\/pt-pt\/a-que-grupos-etarios-se-destinam-os-campos-de-ferias-descobre-les-elfes-international-para-criancas-dos-6-aos-17-anos\/#primaryimage\"},\"image\":{\"@id\":\"https:\/\/www.leselfes.com\/pt-pt\/a-que-grupos-etarios-se-destinam-os-campos-de-ferias-descobre-les-elfes-international-para-criancas-dos-6-aos-17-anos\/#primaryimage\"},\"thumbnailUrl\":\"https:\/\/www.leselfes.com\/wp-content\/uploads\/2025\/01\/photo1.jpg\",\"datePublished\":\"2025-01-07T08:10:45+00:00\",\"dateModified\":\"2025-02-18T10:05:19+00:00\",\"description\":\"Les Elfes International oferece acampamentos de inverno para crian\u00e7as. Explora os programas com esqui, snowboard e actividades de crescimento pessoal.\",\"breadcrumb\":{\"@id\":\"https:\/\/www.leselfes.com\/pt-pt\/a-que-grupos-etarios-se-destinam-os-campos-de-ferias-descobre-les-elfes-international-para-criancas-dos-6-aos-17-anos\/#breadcrumb\"},\"inLanguage\":\"pt-PT\",\"potentialAction\":[{\"@type\":\"ReadAction\",\"target\":[\"https:\/\/www.leselfes.com\/pt-pt\/a-que-grupos-etarios-se-destinam-os-campos-de-ferias-descobre-les-elfes-international-para-criancas-dos-6-aos-17-anos\/\"]}]},{\"@type\":\"ImageObject\",\"inLanguage\":\"pt-PT\",\"@id\":\"https:\/\/www.leselfes.com\/pt-pt\/a-que-grupos-etarios-se-destinam-os-campos-de-ferias-descobre-les-elfes-international-para-criancas-dos-6-aos-17-anos\/#primaryimage\",\"url\":\"https:\/\/www.leselfes.com\/wp-content\/uploads\/2025\/01\/photo1.jpg\",\"contentUrl\":\"https:\/\/www.leselfes.com\/wp-content\/uploads\/2025\/01\/photo1.jpg\",\"width\":1920,\"height\":550},{\"@type\":\"BreadcrumbList\",\"@id\":\"https:\/\/www.leselfes.com\/pt-pt\/a-que-grupos-etarios-se-destinam-os-campos-de-ferias-descobre-les-elfes-international-para-criancas-dos-6-aos-17-anos\/#breadcrumb\",\"itemListElement\":[{\"@type\":\"ListItem\",\"position\":1,\"name\":\"Home\",\"item\":\"https:\/\/www.leselfes.com\/pt-pt\/\"},{\"@type\":\"ListItem\",\"position\":2,\"name\":\"A que grupos et\u00e1rios se destina o campo de f\u00e9rias? Descobre Les Elfes International para crian\u00e7as dos 6 aos 17 anos\"}]},{\"@type\":\"WebSite\",\"@id\":\"https:\/\/dev.leselfes.com\/#website\",\"url\":\"https:\/\/dev.leselfes.com\/\",\"name\":\"Les Elfes International\",\"description\":\"Les Elfes International, Verbier Switzerland. Summer Camp, Winter Camp, Spring Camps.\",\"publisher\":{\"@id\":\"https:\/\/dev.leselfes.com\/#organization\"},\"alternateName\":\"Les Elfes International\",\"potentialAction\":[{\"@type\":\"SearchAction\",\"target\":{\"@type\":\"EntryPoint\",\"urlTemplate\":\"https:\/\/dev.leselfes.com\/?s={search_term_string}\"},\"query-input\":{\"@type\":\"PropertyValueSpecification\",\"valueRequired\":true,\"valueName\":\"search_term_string\"}}],\"inLanguage\":\"pt-PT\"},{\"@type\":\"Organization\",\"@id\":\"https:\/\/dev.leselfes.com\/#organization\",\"name\":\"Les Elfes International\",\"alternateName\":\"Les Elfes International\",\"url\":\"https:\/\/dev.leselfes.com\/\",\"logo\":{\"@type\":\"ImageObject\",\"inLanguage\":\"pt-PT\",\"@id\":\"https:\/\/dev.leselfes.com\/#\/schema\/logo\/image\/\",\"url\":\"https:\/\/www.leselfes.com\/wp-content\/uploads\/2022\/03\/leselfes-logo.png\",\"contentUrl\":\"https:\/\/www.leselfes.com\/wp-content\/uploads\/2022\/03\/leselfes-logo.png\",\"width\":233,\"height\":51,\"caption\":\"Les Elfes International\"},\"image\":{\"@id\":\"https:\/\/dev.leselfes.com\/#\/schema\/logo\/image\/\"},\"sameAs\":[\"https:\/\/www.facebook.com\/LesElfesVerbier\",\"https:\/\/x.com\/LesElfesCamps\",\"https:\/\/www.instagram.com\/leselfes\",\"https:\/\/www.linkedin.com\/company\/les-elfes-international\",\"https:\/\/www.youtube.com\/user\/LesElfesVerbier\"]},{\"@type\":\"Person\",\"@id\":\"https:\/\/dev.leselfes.com\/#\/schema\/person\/7ac5f99a7f3c597105fe663a00bdf6d6\",\"name\":\"Matthieu Perard\",\"image\":{\"@type\":\"ImageObject\",\"inLanguage\":\"pt-PT\",\"@id\":\"https:\/\/dev.leselfes.com\/#\/schema\/person\/image\/\",\"url\":\"https:\/\/secure.gravatar.com\/avatar\/e368f5bd153d15a1ff42a4c64a46d1ef?s=96&d=mm&r=g\",\"contentUrl\":\"https:\/\/secure.gravatar.com\/avatar\/e368f5bd153d15a1ff42a4c64a46d1ef?s=96&d=mm&r=g\",\"caption\":\"Matthieu Perard\"},\"url\":\"https:\/\/www.leselfes.com\/pt-pt\/author\/m-pierardnotostudio-ch\/\"}]}<\/script>\n<!-- \/ Yoast SEO Premium plugin. -->","yoast_head_json":{"title":"A que grupos et\u00e1rios se destina o campo de f\u00e9rias? - Les Elfes Internacional","description":"Les Elfes International oferece acampamentos de inverno para crian\u00e7as. Explora os programas com esqui, snowboard e actividades de crescimento pessoal.","robots":{"index":"index","follow":"follow","max-snippet":"max-snippet:-1","max-image-preview":"max-image-preview:large","max-video-preview":"max-video-preview:-1"},"canonical":"https:\/\/www.leselfes.com\/pt-pt\/a-que-grupos-etarios-se-destinam-os-campos-de-ferias-descobre-les-elfes-international-para-criancas-dos-6-aos-17-anos\/","og_locale":"pt_PT","og_type":"article","og_title":"A que grupos et\u00e1rios se destina o campo de f\u00e9rias? Descobre Les Elfes International para crian\u00e7as dos 6 aos 17 anos","og_description":"Les Elfes International oferece acampamentos de inverno para crian\u00e7as. Explora os programas com esqui, snowboard e actividades de crescimento pessoal.","og_url":"https:\/\/www.leselfes.com\/pt-pt\/a-que-grupos-etarios-se-destinam-os-campos-de-ferias-descobre-les-elfes-international-para-criancas-dos-6-aos-17-anos\/","og_site_name":"Les Elfes International Camps Switzerland","article_publisher":"https:\/\/www.facebook.com\/LesElfesVerbier","article_published_time":"2025-01-07T08:10:45+00:00","article_modified_time":"2025-02-18T10:05:19+00:00","og_image":[{"width":1920,"height":550,"url":"https:\/\/www.leselfes.com\/wp-content\/uploads\/2025\/01\/photo1.jpg","type":"image\/jpeg"}],"author":"Matthieu Perard","twitter_card":"summary_large_image","twitter_creator":"@LesElfesCamps","twitter_site":"@LesElfesCamps","twitter_misc":{"Escrito por":"Matthieu Perard","Tempo estimado de leitura":"8 minutos"},"schema":{"@context":"https:\/\/schema.org","@graph":[{"@type":"Article","@id":"https:\/\/www.leselfes.com\/pt-pt\/a-que-grupos-etarios-se-destinam-os-campos-de-ferias-descobre-les-elfes-international-para-criancas-dos-6-aos-17-anos\/#article","isPartOf":{"@id":"https:\/\/www.leselfes.com\/pt-pt\/a-que-grupos-etarios-se-destinam-os-campos-de-ferias-descobre-les-elfes-international-para-criancas-dos-6-aos-17-anos\/"},"author":{"name":"Matthieu Perard","@id":"https:\/\/dev.leselfes.com\/#\/schema\/person\/7ac5f99a7f3c597105fe663a00bdf6d6"},"headline":"A que grupos et\u00e1rios se destina o campo de f\u00e9rias? Descobre Les Elfes International para crian\u00e7as dos 6 aos 17 anos","datePublished":"2025-01-07T08:10:45+00:00","dateModified":"2025-02-18T10:05:19+00:00","mainEntityOfPage":{"@id":"https:\/\/www.leselfes.com\/pt-pt\/a-que-grupos-etarios-se-destinam-os-campos-de-ferias-descobre-les-elfes-international-para-criancas-dos-6-aos-17-anos\/"},"wordCount":1709,"commentCount":0,"publisher":{"@id":"https:\/\/dev.leselfes.com\/#organization"},"image":{"@id":"https:\/\/www.leselfes.com\/pt-pt\/a-que-grupos-etarios-se-destinam-os-campos-de-ferias-descobre-les-elfes-international-para-criancas-dos-6-aos-17-anos\/#primaryimage"},"thumbnailUrl":"https:\/\/www.leselfes.com\/wp-content\/uploads\/2025\/01\/photo1.jpg","articleSection":["Acampamento de inverno","Artigos"],"inLanguage":"pt-PT","potentialAction":[{"@type":"CommentAction","name":"Comment","target":["https:\/\/www.leselfes.com\/pt-pt\/a-que-grupos-etarios-se-destinam-os-campos-de-ferias-descobre-les-elfes-international-para-criancas-dos-6-aos-17-anos\/#respond"]}]},{"@type":"WebPage","@id":"https:\/\/www.leselfes.com\/pt-pt\/a-que-grupos-etarios-se-destinam-os-campos-de-ferias-descobre-les-elfes-international-para-criancas-dos-6-aos-17-anos\/","url":"https:\/\/www.leselfes.com\/pt-pt\/a-que-grupos-etarios-se-destinam-os-campos-de-ferias-descobre-les-elfes-international-para-criancas-dos-6-aos-17-anos\/","name":"A que grupos et\u00e1rios se destina o campo de f\u00e9rias? - Les Elfes Internacional","isPartOf":{"@id":"https:\/\/dev.leselfes.com\/#website"},"primaryImageOfPage":{"@id":"https:\/\/www.leselfes.com\/pt-pt\/a-que-grupos-etarios-se-destinam-os-campos-de-ferias-descobre-les-elfes-international-para-criancas-dos-6-aos-17-anos\/#primaryimage"},"image":{"@id":"https:\/\/www.leselfes.com\/pt-pt\/a-que-grupos-etarios-se-destinam-os-campos-de-ferias-descobre-les-elfes-international-para-criancas-dos-6-aos-17-anos\/#primaryimage"},"thumbnailUrl":"https:\/\/www.leselfes.com\/wp-content\/uploads\/2025\/01\/photo1.jpg","datePublished":"2025-01-07T08:10:45+00:00","dateModified":"2025-02-18T10:05:19+00:00","description":"Les Elfes International oferece acampamentos de inverno para crian\u00e7as. Explora os programas com esqui, snowboard e actividades de crescimento pessoal.","breadcrumb":{"@id":"https:\/\/www.leselfes.com\/pt-pt\/a-que-grupos-etarios-se-destinam-os-campos-de-ferias-descobre-les-elfes-international-para-criancas-dos-6-aos-17-anos\/#breadcrumb"},"inLanguage":"pt-PT","potentialAction":[{"@type":"ReadAction","target":["https:\/\/www.leselfes.com\/pt-pt\/a-que-grupos-etarios-se-destinam-os-campos-de-ferias-descobre-les-elfes-international-para-criancas-dos-6-aos-17-anos\/"]}]},{"@type":"ImageObject","inLanguage":"pt-PT","@id":"https:\/\/www.leselfes.com\/pt-pt\/a-que-grupos-etarios-se-destinam-os-campos-de-ferias-descobre-les-elfes-international-para-criancas-dos-6-aos-17-anos\/#primaryimage","url":"https:\/\/www.leselfes.com\/wp-content\/uploads\/2025\/01\/photo1.jpg","contentUrl":"https:\/\/www.leselfes.com\/wp-content\/uploads\/2025\/01\/photo1.jpg","width":1920,"height":550},{"@type":"BreadcrumbList","@id":"https:\/\/www.leselfes.com\/pt-pt\/a-que-grupos-etarios-se-destinam-os-campos-de-ferias-descobre-les-elfes-international-para-criancas-dos-6-aos-17-anos\/#breadcrumb","itemListElement":[{"@type":"ListItem","position":1,"name":"Home","item":"https:\/\/www.leselfes.com\/pt-pt\/"},{"@type":"ListItem","position":2,"name":"A que grupos et\u00e1rios se destina o campo de f\u00e9rias? Descobre Les Elfes International para crian\u00e7as dos 6 aos 17 anos"}]},{"@type":"WebSite","@id":"https:\/\/dev.leselfes.com\/#website","url":"https:\/\/dev.leselfes.com\/","name":"Les Elfes International","description":"Les Elfes International, Verbier Switzerland. Summer Camp, Winter Camp, Spring Camps.","publisher":{"@id":"https:\/\/dev.leselfes.com\/#organization"},"alternateName":"Les Elfes International","potentialAction":[{"@type":"SearchAction","target":{"@type":"EntryPoint","urlTemplate":"https:\/\/dev.leselfes.com\/?s={search_term_string}"},"query-input":{"@type":"PropertyValueSpecification","valueRequired":true,"valueName":"search_term_string"}}],"inLanguage":"pt-PT"},{"@type":"Organization","@id":"https:\/\/dev.leselfes.com\/#organization","name":"Les Elfes International","alternateName":"Les Elfes International","url":"https:\/\/dev.leselfes.com\/","logo":{"@type":"ImageObject","inLanguage":"pt-PT","@id":"https:\/\/dev.leselfes.com\/#\/schema\/logo\/image\/","url":"https:\/\/www.leselfes.com\/wp-content\/uploads\/2022\/03\/leselfes-logo.png","contentUrl":"https:\/\/www.leselfes.com\/wp-content\/uploads\/2022\/03\/leselfes-logo.png","width":233,"height":51,"caption":"Les Elfes International"},"image":{"@id":"https:\/\/dev.leselfes.com\/#\/schema\/logo\/image\/"},"sameAs":["https:\/\/www.facebook.com\/LesElfesVerbier","https:\/\/x.com\/LesElfesCamps","https:\/\/www.instagram.com\/leselfes","https:\/\/www.linkedin.com\/company\/les-elfes-international","https:\/\/www.youtube.com\/user\/LesElfesVerbier"]},{"@type":"Person","@id":"https:\/\/dev.leselfes.com\/#\/schema\/person\/7ac5f99a7f3c597105fe663a00bdf6d6","name":"Matthieu Perard","image":{"@type":"ImageObject","inLanguage":"pt-PT","@id":"https:\/\/dev.leselfes.com\/#\/schema\/person\/image\/","url":"https:\/\/secure.gravatar.com\/avatar\/e368f5bd153d15a1ff42a4c64a46d1ef?s=96&d=mm&r=g","contentUrl":"https:\/\/secure.gravatar.com\/avatar\/e368f5bd153d15a1ff42a4c64a46d1ef?s=96&d=mm&r=g","caption":"Matthieu Perard"},"url":"https:\/\/www.leselfes.com\/pt-pt\/author\/m-pierardnotostudio-ch\/"}]}},"_links":{"self":[{"href":"https:\/\/www.leselfes.com\/pt-pt\/wp-json\/wp\/v2\/posts\/96006"}],"collection":[{"href":"https:\/\/www.leselfes.com\/pt-pt\/wp-json\/wp\/v2\/posts"}],"about":[{"href":"https:\/\/www.leselfes.com\/pt-pt\/wp-json\/wp\/v2\/types\/post"}],"author":[{"embeddable":true,"href":"https:\/\/www.leselfes.com\/pt-pt\/wp-json\/wp\/v2\/users\/16"}],"replies":[{"embeddable":true,"href":"https:\/\/www.leselfes.com\/pt-pt\/wp-json\/wp\/v2\/comments?post=96006"}],"version-history":[{"count":2,"href":"https:\/\/www.leselfes.com\/pt-pt\/wp-json\/wp\/v2\/posts\/96006\/revisions"}],"predecessor-version":[{"id":109430,"href":"https:\/\/www.leselfes.com\/pt-pt\/wp-json\/wp\/v2\/posts\/96006\/revisions\/109430"}],"wp:featuredmedia":[{"embeddable":true,"href":"https:\/\/www.leselfes.com\/pt-pt\/wp-json\/wp\/v2\/media\/96001"}],"wp:attachment":[{"href":"https:\/\/www.leselfes.com\/pt-pt\/wp-json\/wp\/v2\/media?parent=96006"}],"wp:term":[{"taxonomy":"category","embeddable":true,"href":"https:\/\/www.leselfes.com\/pt-pt\/wp-json\/wp\/v2\/categories?post=96006"},{"taxonomy":"post_tag","embeddable":true,"href":"https:\/\/www.leselfes.com\/pt-pt\/wp-json\/wp\/v2\/tags?post=96006"}],"curies":[{"name":"wp","href":"https:\/\/api.w.org\/{rel}","templated":true}]}}