{"id":96042,"date":"2025-01-07T09:12:42","date_gmt":"2025-01-07T08:12:42","guid":{"rendered":"https:\/\/www.leselfes.com\/10-razoes-para-escolheres-um-acampamento-de-inverno-na-suica\/"},"modified":"2025-02-18T11:04:20","modified_gmt":"2025-02-18T10:04:20","slug":"10-razoes-para-escolheres-um-acampamento-de-inverno-na-suica","status":"publish","type":"post","link":"https:\/\/www.leselfes.com\/pt-pt\/10-razoes-para-escolheres-um-acampamento-de-inverno-na-suica\/","title":{"rendered":"10 raz\u00f5es para escolheres um acampamento de inverno na Su\u00ed\u00e7a"},"content":{"rendered":"<p>A Su\u00ed\u00e7a, com as suas paisagens de cortar a respira\u00e7\u00e3o, as suas <strong>est\u00e2ncias de esqui de<\/strong> renome e a sua rica cultura internacional, \u00e9 o destino ideal para um <strong>acampamento de inverno<\/strong> inesquec\u00edvel. Quer queiras introduzir o teu filho nos desportos de inverno, encorajar o interc\u00e2mbio cultural ou desenvolver compet\u00eancias de lideran\u00e7a, um campo de inverno su\u00ed\u00e7o oferece tudo isso. Aqui, descrevemos 10 raz\u00f5es convincentes pelas quais as fam\u00edlias de todo o mundo escolhem a Su\u00ed\u00e7a para uma experi\u00eancia enriquecedora de acampamento de inverno.  <\/p>\n<h2>1. Instala\u00e7\u00f5es de esqui e snowboard de classe mundial<\/h2>\n<p>A Su\u00ed\u00e7a \u00e9 o lar de algumas das mais famosas <strong>est\u00e2ncias de esqui<\/strong> do mundo, incluindo <strong>Verbier<\/strong>, <strong>Gstaad<\/strong> e <strong>Davos<\/strong>. Estes destinos oferecem pistas de alta qualidade para todos os n\u00edveis, desde principiantes a esquiadores avan\u00e7ados. Os campos de f\u00e9rias de inverno su\u00ed\u00e7os incluem muitas vezes <strong>instru\u00e7\u00e3o<\/strong> profissional <strong>de esqui e snowboard<\/strong>, garantindo que os campistas desenvolvem as suas capacidades de forma segura e eficaz sob a orienta\u00e7\u00e3o de instrutores formados.  <\/p>\n<p>Os campistas podem esperar <strong>aulas<\/strong> di\u00e1rias <strong>de esqui<\/strong> e tempo supervisionado nas pistas, fazendo de um acampamento de inverno na Su\u00ed\u00e7a uma oportunidade emocionante para experimentar o esqui e o snowboard. Normalmente, os campos incluem tamb\u00e9m <strong>aulas de snowboard<\/strong>, permitindo aos campistas explorar v\u00e1rios desportos de inverno com apoio profissional e um forte enfoque na seguran\u00e7a. <\/p>\n<h2>2. Ambiente deslumbrante nos Alpes su\u00ed\u00e7os<\/h2>\n<p>Com os majestosos <strong>Alpes su\u00ed\u00e7os<\/strong> como pano de fundo, os campos de f\u00e9rias na Su\u00ed\u00e7a oferecem um ambiente natural sem paralelo. Os picos cobertos de neve e as paisagens imaculadas proporcionam um cen\u00e1rio belo e imersivo que eleva todas as actividades ao ar livre, desde o esqui at\u00e9 ao snowshoeing. Localizados em zonas de renome como <strong>Montreux<\/strong>, <strong>Gstaad<\/strong> e <strong>Verbier<\/strong>, os campos de f\u00e9rias su\u00ed\u00e7os d\u00e3o aos campistas acesso direto a vistas de cortar a respira\u00e7\u00e3o e a uma experi\u00eancia de inverno verdadeiramente \u00fanica.  <\/p>\n<p>Para al\u00e9m das pistas, muitos campos incluem caminhadas pela natureza, permitindo aos campistas explorar os trilhos alpinos e apreciar a beleza tranquila da Su\u00ed\u00e7a. Este <strong>ambiente<\/strong> promove uma liga\u00e7\u00e3o \u00e0 natureza, encorajando tanto a aventura como a reflex\u00e3o. <\/p>\n<h2>3. Uma comunidade multicultural e internacional<\/h2>\n<p>A posi\u00e7\u00e3o da Su\u00ed\u00e7a como centro cultural torna-a um local ideal para um <strong>campo de f\u00e9rias internacional<\/strong>. Os campos de f\u00e9rias na Su\u00ed\u00e7a atraem estudantes de todo o mundo, criando uma atmosfera multicultural onde os campistas podem aprender sobre diferentes costumes, praticar novas l\u00ednguas e construir amizades entre culturas. A comunidade diversificada promove a consci\u00eancia global e ensina os campistas a aceitar as diferen\u00e7as.  <\/p>\n<p>Os programas incluem frequentemente oportunidades de <strong>aprendizagem de l\u00ednguas<\/strong>, com aulas em <strong>franc\u00eas<\/strong> ou <strong>ingl\u00eas<\/strong> para ajudar os campistas a melhorar as suas capacidades de comunica\u00e7\u00e3o. Esta rica mistura cultural faz dos acampamentos de inverno na Su\u00ed\u00e7a n\u00e3o s\u00f3 uma experi\u00eancia divertida, mas tamb\u00e9m uma oportunidade para os campistas desenvolverem a compreens\u00e3o cultural e a profici\u00eancia lingu\u00edstica. <\/p>\n<h2>4. Programas abrangentes de acampamento de inverno<\/h2>\n<p>Os campos de inverno su\u00ed\u00e7os s\u00e3o conhecidos pelos seus <strong>programas de acampamento<\/strong> bem estruturados, oferecendo uma vasta gama de actividades que v\u00e3o ao encontro de v\u00e1rios interesses e n\u00edveis de compet\u00eancias. Os programas incluem mais do que apenas esqui e snowboard; oferecem <strong>actividades ao ar livre<\/strong> como patinagem no gelo, raquetes de neve e at\u00e9 constru\u00e7\u00e3o de iglus. As actividades nocturnas, como jogos de equipa, artes e of\u00edcios e espect\u00e1culos de talentos, mant\u00eam os campistas envolvidos e ajudam-nos a desenvolver novas compet\u00eancias num ambiente divertido.  <\/p>\n<p>Para al\u00e9m dos desportos, muitos campos de f\u00e9rias incluem <strong>artes e of\u00edcios<\/strong>, forma\u00e7\u00e3o em <strong>lideran\u00e7a<\/strong> e workshops de l\u00ednguas. As actividades diversificadas garantem que os campistas podem explorar diferentes interesses enquanto ganham confian\u00e7a e aprendem compet\u00eancias valiosas para a vida. <\/p>\n<h2>5. Concentra-te na seguran\u00e7a e no bem-estar<\/h2>\n<p>A seguran\u00e7a \u00e9 uma prioridade m\u00e1xima nos campos de f\u00e9rias na Su\u00ed\u00e7a. Os campos contam com <strong>conselheiros<\/strong> e instrutores experientes, com forma\u00e7\u00e3o para apoiar os campistas em todas as actividades. Com protocolos de seguran\u00e7a abrangentes, desde a utiliza\u00e7\u00e3o do telef\u00e9rico at\u00e9 ao snowboard supervisionado, os pais podem sentir-se confiantes de que os seus filhos est\u00e3o num ambiente seguro. Muitos campos de f\u00e9rias realizam exerc\u00edcios de seguran\u00e7a e mant\u00eam-se pr\u00f3ximos de instala\u00e7\u00f5es m\u00e9dicas, garantindo um acesso r\u00e1pido a cuidados de sa\u00fade, se necess\u00e1rio.   <\/p>\n<p>Al\u00e9m disso, os campos de f\u00e9rias est\u00e3o equipados com as instala\u00e7\u00f5es necess\u00e1rias, incluindo esta\u00e7\u00f5es de primeiros socorros e <strong>pessoal<\/strong> treinado no local a todo o momento, garantindo uma experi\u00eancia segura e sem preocupa\u00e7\u00f5es para os campistas e as suas fam\u00edlias.<\/p>\n<h2>6. Lideran\u00e7a e desenvolvimento pessoal<\/h2>\n<p>Os campos de inverno su\u00ed\u00e7os oferecem mais do que apenas desporto; centram-se no desenvolvimento de compet\u00eancias pessoais e de <strong>lideran\u00e7a<\/strong>. Atrav\u00e9s de actividades como exerc\u00edcios de constru\u00e7\u00e3o de equipas, projectos de grupo e defini\u00e7\u00e3o de objectivos individuais, os campistas desenvolvem a resili\u00eancia, as capacidades de comunica\u00e7\u00e3o e um sentido de responsabilidade. Muitos campos integram <strong>forma\u00e7\u00e3o em lideran\u00e7a<\/strong> nos seus programas di\u00e1rios, ajudando os jovens a crescer pessoal e socialmente.  <\/p>\n<p>Estas experi\u00eancias preparam os campistas para desafios futuros, ensinando-lhes compet\u00eancias valiosas num ambiente de apoio e estruturado. Os programas s\u00e3o adaptados a cada grupo et\u00e1rio, desde <strong>os campistas com idades entre os 8 e os 14 anos<\/strong> at\u00e9 aos adolescentes mais velhos, assegurando oportunidades de desenvolvimento adequadas para cada campista. <\/p>\n<h2>7. Programas adequados a todas as faixas et\u00e1rias<\/h2>\n<p>Os campos de f\u00e9rias na Su\u00ed\u00e7a destinam-se a uma grande variedade de grupos et\u00e1rios, oferecendo programas concebidos para <strong>crian\u00e7as dos 6 aos 17 anos<\/strong>. Desde a introdu\u00e7\u00e3o ao esqui para crian\u00e7as mais novas at\u00e9 <strong>aulas de esqui<\/strong> mais avan\u00e7adas e actividades independentes para adolescentes, cada programa \u00e9 cuidadosamente adaptado \u00e0s necessidades e capacidades dos diferentes grupos et\u00e1rios. Os pais podem ter a certeza de que cada crian\u00e7a est\u00e1 a participar em actividades adequadas \u00e0 sua idade e n\u00edvel de compet\u00eancias.  <\/p>\n<p>Para <strong>grupos de jovens<\/strong> e adolescentes, os programas incluem actividades desafiantes ao ar livre, oportunidades de explora\u00e7\u00e3o independente e workshops de lideran\u00e7a. Os campistas mais jovens beneficiam de um ambiente de apoio onde podem fazer amigos, aprender novas compet\u00eancias e divertir-se num ambiente seguro. <\/p>\n<h2>8. Locais e instala\u00e7\u00f5es de acampamento de renome mundial<\/h2>\n<p>Os campos de f\u00e9rias su\u00ed\u00e7os est\u00e3o situados em alguns dos locais mais deslumbrantes do mundo, com f\u00e1cil acesso a destinos de esqui de topo como Verbier, Davos e Gstaad. Estes <strong>locais de acampamento<\/strong> oferecem uma mistura perfeita de beleza natural e instala\u00e7\u00f5es de alta qualidade, proporcionando aos campistas uma experi\u00eancia confort\u00e1vel e memor\u00e1vel. As est\u00e2ncias incluem pistas bem conservadas, medidas de seguran\u00e7a avan\u00e7adas e excelentes instala\u00e7\u00f5es que melhoram a experi\u00eancia do acampamento.  <\/p>\n<p>Os acampamentos oferecem muitas vezes op\u00e7\u00f5es <strong>de alojamento<\/strong> modernas, com \u00e1reas comuns para encontros noturnos, uma <strong>cozinha<\/strong> que fornece refei\u00e7\u00f5es saud\u00e1veis e quartos totalmente equipados. Estas instala\u00e7\u00f5es garantem que os campistas t\u00eam tudo o que precisam para desfrutar da sua estadia com conforto e estilo. <\/p>\n<h2>9. Excurs\u00f5es para conheceres a cultura su\u00ed\u00e7a<\/h2>\n<p>Um dos aspectos \u00fanicos dos campos de f\u00e9rias su\u00ed\u00e7os \u00e9 a inclus\u00e3o de excurs\u00f5es culturais a locais ic\u00f3nicos da Su\u00ed\u00e7a. Muitos acampamentos organizam viagens de um dia a cidades e pontos de refer\u00eancia pr\u00f3ximos, como <strong>Montreux<\/strong>, a movimentada cidade de Zurique, ou locais hist\u00f3ricos em torno do Lago Genebra. Estas viagens permitem aos campistas mergulhar na cultura su\u00ed\u00e7a, provar comidas tradicionais e aprender sobre a hist\u00f3ria local.  <\/p>\n<p>Estas excurs\u00f5es acrescentam uma camada cultural \u00e0 experi\u00eancia do campo de f\u00e9rias, dando aos campistas uma compreens\u00e3o mais profunda do patrim\u00f3nio su\u00ed\u00e7o. Proporcionam tamb\u00e9m experi\u00eancias educativas valiosas, fazendo dos campos de f\u00e9rias su\u00ed\u00e7os uma op\u00e7\u00e3o completa para as fam\u00edlias que procuram tanto aventura como enriquecimento cultural. <\/p>\n<h2>10. Mem\u00f3rias e amizades duradouras<\/h2>\n<p>Talvez a raz\u00e3o mais convincente para escolher um acampamento de inverno na Su\u00ed\u00e7a seja a <strong>experi\u00eancia inesquec\u00edvel de inverno<\/strong> que ele proporciona. Os campistas partem com mem\u00f3rias queridas, novos amigos de todo o mundo e compet\u00eancias que durar\u00e3o para toda a vida. Desde a conquista das encostas at\u00e9 \u00e0 partilha de hist\u00f3rias \u00e0 volta de uma fogueira, cada momento no acampamento contribui para uma experi\u00eancia cheia de alegria, crescimento e aventura.  <\/p>\n<p>Para muitos campistas, estas amizades e mem\u00f3rias continuam muito depois do acampamento ter terminado, criando liga\u00e7\u00f5es que abrangem pa\u00edses e culturas. Um acampamento de inverno na Su\u00ed\u00e7a proporciona-te uma experi\u00eancia t\u00e3o significativa como emocionante. <\/p>\n<h2>Descobre Les Elfes International<\/h2>\n<p>Se est\u00e1s \u00e0 procura de um campo de f\u00e9rias de inverno que combine todos estes benef\u00edcios num s\u00f3 lugar, <strong>Les Elfes International<\/strong> em Verbier \u00e9 uma escolha de topo. Conhecido pelos seus programas abrangentes e atmosfera multicultural, Les Elfes oferece <strong>instru\u00e7\u00e3o de esqui e snowboard de<\/strong> alta qualidade, <strong>actividades nocturnas<\/strong> envolventes e excurs\u00f5es cuidadosamente selecionadas. Com pessoal dedicado e um forte enfoque na seguran\u00e7a, Les Elfes garante que cada campista desfrute de uma experi\u00eancia enriquecedora nos Alpes su\u00ed\u00e7os, tornando-o um destino de topo para fam\u00edlias de todo o mundo.  <\/p>\n","protected":false},"excerpt":{"rendered":"<p>A Su\u00ed\u00e7a, com as suas paisagens de cortar a respira\u00e7\u00e3o, as suas est\u00e2ncias de esqui de renome e a sua rica cultura internacional, \u00e9 o destino ideal para um acampamento&#8230;<\/p>\n","protected":false},"author":16,"featured_media":96029,"comment_status":"open","ping_status":"open","sticky":false,"template":"","format":"standard","meta":{"_acf_changed":false,"inline_featured_image":false,"footnotes":""},"categories":[1107,1103],"tags":[],"class_list":{"0":"post-96042","1":"post","2":"type-post","3":"status-publish","4":"format-standard","5":"has-post-thumbnail","7":"category-acampamento-de-inverno","8":"category-artigos"},"acf":[],"yoast_head":"<!-- This site is optimized with the Yoast SEO Premium plugin v24.2 (Yoast SEO v24.7) - https:\/\/yoast.com\/wordpress\/plugins\/seo\/ -->\n<title>10 raz\u00f5es para escolheres um acampamento de inverno na Su\u00ed\u00e7a<\/title>\n<meta name=\"description\" content=\"Descobre porque \u00e9 que um acampamento de inverno na Su\u00ed\u00e7a \u00e9 uma experi\u00eancia inesquec\u00edvel, com aulas de esqui e actividades multiculturais.\" \/>\n<meta name=\"robots\" content=\"index, follow, max-snippet:-1, max-image-preview:large, max-video-preview:-1\" \/>\n<link rel=\"canonical\" href=\"https:\/\/www.leselfes.com\/pt-pt\/10-razoes-para-escolheres-um-acampamento-de-inverno-na-suica\/\" \/>\n<meta property=\"og:locale\" content=\"pt_PT\" \/>\n<meta property=\"og:type\" content=\"article\" \/>\n<meta property=\"og:title\" content=\"10 raz\u00f5es para escolheres um acampamento de inverno na Su\u00ed\u00e7a\" \/>\n<meta property=\"og:description\" content=\"Descobre porque \u00e9 que um acampamento de inverno na Su\u00ed\u00e7a \u00e9 uma experi\u00eancia inesquec\u00edvel, com aulas de esqui e actividades multiculturais.\" \/>\n<meta property=\"og:url\" content=\"https:\/\/www.leselfes.com\/pt-pt\/10-razoes-para-escolheres-um-acampamento-de-inverno-na-suica\/\" \/>\n<meta property=\"og:site_name\" content=\"Les Elfes International Camps Switzerland\" \/>\n<meta property=\"article:publisher\" content=\"https:\/\/www.facebook.com\/LesElfesVerbier\" \/>\n<meta property=\"article:published_time\" content=\"2025-01-07T08:12:42+00:00\" \/>\n<meta property=\"article:modified_time\" content=\"2025-02-18T10:04:20+00:00\" \/>\n<meta property=\"og:image\" content=\"https:\/\/www.leselfes.com\/wp-content\/uploads\/2025\/01\/Sledging.jpg\" \/>\n\t<meta property=\"og:image:width\" content=\"1824\" \/>\n\t<meta property=\"og:image:height\" content=\"1368\" \/>\n\t<meta property=\"og:image:type\" content=\"image\/jpeg\" \/>\n<meta name=\"author\" content=\"Matthieu Perard\" \/>\n<meta name=\"twitter:card\" content=\"summary_large_image\" \/>\n<meta name=\"twitter:creator\" content=\"@LesElfesCamps\" \/>\n<meta name=\"twitter:site\" content=\"@LesElfesCamps\" \/>\n<meta name=\"twitter:label1\" content=\"Escrito por\" \/>\n\t<meta name=\"twitter:data1\" content=\"Matthieu Perard\" \/>\n\t<meta name=\"twitter:label2\" content=\"Tempo estimado de leitura\" \/>\n\t<meta name=\"twitter:data2\" content=\"8 minutos\" \/>\n<script type=\"application\/ld+json\" class=\"yoast-schema-graph\">{\"@context\":\"https:\/\/schema.org\",\"@graph\":[{\"@type\":\"Article\",\"@id\":\"https:\/\/www.leselfes.com\/pt-pt\/10-razoes-para-escolheres-um-acampamento-de-inverno-na-suica\/#article\",\"isPartOf\":{\"@id\":\"https:\/\/www.leselfes.com\/pt-pt\/10-razoes-para-escolheres-um-acampamento-de-inverno-na-suica\/\"},\"author\":{\"name\":\"Matthieu Perard\",\"@id\":\"https:\/\/dev.leselfes.com\/#\/schema\/person\/7ac5f99a7f3c597105fe663a00bdf6d6\"},\"headline\":\"10 raz\u00f5es para escolheres um acampamento de inverno na Su\u00ed\u00e7a\",\"datePublished\":\"2025-01-07T08:12:42+00:00\",\"dateModified\":\"2025-02-18T10:04:20+00:00\",\"mainEntityOfPage\":{\"@id\":\"https:\/\/www.leselfes.com\/pt-pt\/10-razoes-para-escolheres-um-acampamento-de-inverno-na-suica\/\"},\"wordCount\":1633,\"commentCount\":0,\"publisher\":{\"@id\":\"https:\/\/dev.leselfes.com\/#organization\"},\"image\":{\"@id\":\"https:\/\/www.leselfes.com\/pt-pt\/10-razoes-para-escolheres-um-acampamento-de-inverno-na-suica\/#primaryimage\"},\"thumbnailUrl\":\"https:\/\/www.leselfes.com\/wp-content\/uploads\/2025\/01\/Sledging.jpg\",\"articleSection\":[\"Acampamento de inverno\",\"Artigos\"],\"inLanguage\":\"pt-PT\",\"potentialAction\":[{\"@type\":\"CommentAction\",\"name\":\"Comment\",\"target\":[\"https:\/\/www.leselfes.com\/pt-pt\/10-razoes-para-escolheres-um-acampamento-de-inverno-na-suica\/#respond\"]}]},{\"@type\":\"WebPage\",\"@id\":\"https:\/\/www.leselfes.com\/pt-pt\/10-razoes-para-escolheres-um-acampamento-de-inverno-na-suica\/\",\"url\":\"https:\/\/www.leselfes.com\/pt-pt\/10-razoes-para-escolheres-um-acampamento-de-inverno-na-suica\/\",\"name\":\"10 raz\u00f5es para escolheres um acampamento de inverno na Su\u00ed\u00e7a\",\"isPartOf\":{\"@id\":\"https:\/\/dev.leselfes.com\/#website\"},\"primaryImageOfPage\":{\"@id\":\"https:\/\/www.leselfes.com\/pt-pt\/10-razoes-para-escolheres-um-acampamento-de-inverno-na-suica\/#primaryimage\"},\"image\":{\"@id\":\"https:\/\/www.leselfes.com\/pt-pt\/10-razoes-para-escolheres-um-acampamento-de-inverno-na-suica\/#primaryimage\"},\"thumbnailUrl\":\"https:\/\/www.leselfes.com\/wp-content\/uploads\/2025\/01\/Sledging.jpg\",\"datePublished\":\"2025-01-07T08:12:42+00:00\",\"dateModified\":\"2025-02-18T10:04:20+00:00\",\"description\":\"Descobre porque \u00e9 que um acampamento de inverno na Su\u00ed\u00e7a \u00e9 uma experi\u00eancia inesquec\u00edvel, com aulas de esqui e actividades multiculturais.\",\"breadcrumb\":{\"@id\":\"https:\/\/www.leselfes.com\/pt-pt\/10-razoes-para-escolheres-um-acampamento-de-inverno-na-suica\/#breadcrumb\"},\"inLanguage\":\"pt-PT\",\"potentialAction\":[{\"@type\":\"ReadAction\",\"target\":[\"https:\/\/www.leselfes.com\/pt-pt\/10-razoes-para-escolheres-um-acampamento-de-inverno-na-suica\/\"]}]},{\"@type\":\"ImageObject\",\"inLanguage\":\"pt-PT\",\"@id\":\"https:\/\/www.leselfes.com\/pt-pt\/10-razoes-para-escolheres-um-acampamento-de-inverno-na-suica\/#primaryimage\",\"url\":\"https:\/\/www.leselfes.com\/wp-content\/uploads\/2025\/01\/Sledging.jpg\",\"contentUrl\":\"https:\/\/www.leselfes.com\/wp-content\/uploads\/2025\/01\/Sledging.jpg\",\"width\":1824,\"height\":1368},{\"@type\":\"BreadcrumbList\",\"@id\":\"https:\/\/www.leselfes.com\/pt-pt\/10-razoes-para-escolheres-um-acampamento-de-inverno-na-suica\/#breadcrumb\",\"itemListElement\":[{\"@type\":\"ListItem\",\"position\":1,\"name\":\"Home\",\"item\":\"https:\/\/www.leselfes.com\/pt-pt\/\"},{\"@type\":\"ListItem\",\"position\":2,\"name\":\"10 raz\u00f5es para escolheres um acampamento de inverno na Su\u00ed\u00e7a\"}]},{\"@type\":\"WebSite\",\"@id\":\"https:\/\/dev.leselfes.com\/#website\",\"url\":\"https:\/\/dev.leselfes.com\/\",\"name\":\"Les Elfes International\",\"description\":\"Les Elfes International, Verbier Switzerland. Summer Camp, Winter Camp, Spring Camps.\",\"publisher\":{\"@id\":\"https:\/\/dev.leselfes.com\/#organization\"},\"alternateName\":\"Les Elfes International\",\"potentialAction\":[{\"@type\":\"SearchAction\",\"target\":{\"@type\":\"EntryPoint\",\"urlTemplate\":\"https:\/\/dev.leselfes.com\/?s={search_term_string}\"},\"query-input\":{\"@type\":\"PropertyValueSpecification\",\"valueRequired\":true,\"valueName\":\"search_term_string\"}}],\"inLanguage\":\"pt-PT\"},{\"@type\":\"Organization\",\"@id\":\"https:\/\/dev.leselfes.com\/#organization\",\"name\":\"Les Elfes International\",\"alternateName\":\"Les Elfes International\",\"url\":\"https:\/\/dev.leselfes.com\/\",\"logo\":{\"@type\":\"ImageObject\",\"inLanguage\":\"pt-PT\",\"@id\":\"https:\/\/dev.leselfes.com\/#\/schema\/logo\/image\/\",\"url\":\"https:\/\/www.leselfes.com\/wp-content\/uploads\/2022\/03\/leselfes-logo.png\",\"contentUrl\":\"https:\/\/www.leselfes.com\/wp-content\/uploads\/2022\/03\/leselfes-logo.png\",\"width\":233,\"height\":51,\"caption\":\"Les Elfes International\"},\"image\":{\"@id\":\"https:\/\/dev.leselfes.com\/#\/schema\/logo\/image\/\"},\"sameAs\":[\"https:\/\/www.facebook.com\/LesElfesVerbier\",\"https:\/\/x.com\/LesElfesCamps\",\"https:\/\/www.instagram.com\/leselfes\",\"https:\/\/www.linkedin.com\/company\/les-elfes-international\",\"https:\/\/www.youtube.com\/user\/LesElfesVerbier\"]},{\"@type\":\"Person\",\"@id\":\"https:\/\/dev.leselfes.com\/#\/schema\/person\/7ac5f99a7f3c597105fe663a00bdf6d6\",\"name\":\"Matthieu Perard\",\"image\":{\"@type\":\"ImageObject\",\"inLanguage\":\"pt-PT\",\"@id\":\"https:\/\/dev.leselfes.com\/#\/schema\/person\/image\/\",\"url\":\"https:\/\/secure.gravatar.com\/avatar\/e368f5bd153d15a1ff42a4c64a46d1ef?s=96&d=mm&r=g\",\"contentUrl\":\"https:\/\/secure.gravatar.com\/avatar\/e368f5bd153d15a1ff42a4c64a46d1ef?s=96&d=mm&r=g\",\"caption\":\"Matthieu Perard\"},\"url\":\"https:\/\/www.leselfes.com\/pt-pt\/author\/m-pierardnotostudio-ch\/\"}]}<\/script>\n<!-- \/ Yoast SEO Premium plugin. -->","yoast_head_json":{"title":"10 raz\u00f5es para escolheres um acampamento de inverno na Su\u00ed\u00e7a","description":"Descobre porque \u00e9 que um acampamento de inverno na Su\u00ed\u00e7a \u00e9 uma experi\u00eancia inesquec\u00edvel, com aulas de esqui e actividades multiculturais.","robots":{"index":"index","follow":"follow","max-snippet":"max-snippet:-1","max-image-preview":"max-image-preview:large","max-video-preview":"max-video-preview:-1"},"canonical":"https:\/\/www.leselfes.com\/pt-pt\/10-razoes-para-escolheres-um-acampamento-de-inverno-na-suica\/","og_locale":"pt_PT","og_type":"article","og_title":"10 raz\u00f5es para escolheres um acampamento de inverno na Su\u00ed\u00e7a","og_description":"Descobre porque \u00e9 que um acampamento de inverno na Su\u00ed\u00e7a \u00e9 uma experi\u00eancia inesquec\u00edvel, com aulas de esqui e actividades multiculturais.","og_url":"https:\/\/www.leselfes.com\/pt-pt\/10-razoes-para-escolheres-um-acampamento-de-inverno-na-suica\/","og_site_name":"Les Elfes International Camps Switzerland","article_publisher":"https:\/\/www.facebook.com\/LesElfesVerbier","article_published_time":"2025-01-07T08:12:42+00:00","article_modified_time":"2025-02-18T10:04:20+00:00","og_image":[{"width":1824,"height":1368,"url":"https:\/\/www.leselfes.com\/wp-content\/uploads\/2025\/01\/Sledging.jpg","type":"image\/jpeg"}],"author":"Matthieu Perard","twitter_card":"summary_large_image","twitter_creator":"@LesElfesCamps","twitter_site":"@LesElfesCamps","twitter_misc":{"Escrito por":"Matthieu Perard","Tempo estimado de leitura":"8 minutos"},"schema":{"@context":"https:\/\/schema.org","@graph":[{"@type":"Article","@id":"https:\/\/www.leselfes.com\/pt-pt\/10-razoes-para-escolheres-um-acampamento-de-inverno-na-suica\/#article","isPartOf":{"@id":"https:\/\/www.leselfes.com\/pt-pt\/10-razoes-para-escolheres-um-acampamento-de-inverno-na-suica\/"},"author":{"name":"Matthieu Perard","@id":"https:\/\/dev.leselfes.com\/#\/schema\/person\/7ac5f99a7f3c597105fe663a00bdf6d6"},"headline":"10 raz\u00f5es para escolheres um acampamento de inverno na Su\u00ed\u00e7a","datePublished":"2025-01-07T08:12:42+00:00","dateModified":"2025-02-18T10:04:20+00:00","mainEntityOfPage":{"@id":"https:\/\/www.leselfes.com\/pt-pt\/10-razoes-para-escolheres-um-acampamento-de-inverno-na-suica\/"},"wordCount":1633,"commentCount":0,"publisher":{"@id":"https:\/\/dev.leselfes.com\/#organization"},"image":{"@id":"https:\/\/www.leselfes.com\/pt-pt\/10-razoes-para-escolheres-um-acampamento-de-inverno-na-suica\/#primaryimage"},"thumbnailUrl":"https:\/\/www.leselfes.com\/wp-content\/uploads\/2025\/01\/Sledging.jpg","articleSection":["Acampamento de inverno","Artigos"],"inLanguage":"pt-PT","potentialAction":[{"@type":"CommentAction","name":"Comment","target":["https:\/\/www.leselfes.com\/pt-pt\/10-razoes-para-escolheres-um-acampamento-de-inverno-na-suica\/#respond"]}]},{"@type":"WebPage","@id":"https:\/\/www.leselfes.com\/pt-pt\/10-razoes-para-escolheres-um-acampamento-de-inverno-na-suica\/","url":"https:\/\/www.leselfes.com\/pt-pt\/10-razoes-para-escolheres-um-acampamento-de-inverno-na-suica\/","name":"10 raz\u00f5es para escolheres um acampamento de inverno na Su\u00ed\u00e7a","isPartOf":{"@id":"https:\/\/dev.leselfes.com\/#website"},"primaryImageOfPage":{"@id":"https:\/\/www.leselfes.com\/pt-pt\/10-razoes-para-escolheres-um-acampamento-de-inverno-na-suica\/#primaryimage"},"image":{"@id":"https:\/\/www.leselfes.com\/pt-pt\/10-razoes-para-escolheres-um-acampamento-de-inverno-na-suica\/#primaryimage"},"thumbnailUrl":"https:\/\/www.leselfes.com\/wp-content\/uploads\/2025\/01\/Sledging.jpg","datePublished":"2025-01-07T08:12:42+00:00","dateModified":"2025-02-18T10:04:20+00:00","description":"Descobre porque \u00e9 que um acampamento de inverno na Su\u00ed\u00e7a \u00e9 uma experi\u00eancia inesquec\u00edvel, com aulas de esqui e actividades multiculturais.","breadcrumb":{"@id":"https:\/\/www.leselfes.com\/pt-pt\/10-razoes-para-escolheres-um-acampamento-de-inverno-na-suica\/#breadcrumb"},"inLanguage":"pt-PT","potentialAction":[{"@type":"ReadAction","target":["https:\/\/www.leselfes.com\/pt-pt\/10-razoes-para-escolheres-um-acampamento-de-inverno-na-suica\/"]}]},{"@type":"ImageObject","inLanguage":"pt-PT","@id":"https:\/\/www.leselfes.com\/pt-pt\/10-razoes-para-escolheres-um-acampamento-de-inverno-na-suica\/#primaryimage","url":"https:\/\/www.leselfes.com\/wp-content\/uploads\/2025\/01\/Sledging.jpg","contentUrl":"https:\/\/www.leselfes.com\/wp-content\/uploads\/2025\/01\/Sledging.jpg","width":1824,"height":1368},{"@type":"BreadcrumbList","@id":"https:\/\/www.leselfes.com\/pt-pt\/10-razoes-para-escolheres-um-acampamento-de-inverno-na-suica\/#breadcrumb","itemListElement":[{"@type":"ListItem","position":1,"name":"Home","item":"https:\/\/www.leselfes.com\/pt-pt\/"},{"@type":"ListItem","position":2,"name":"10 raz\u00f5es para escolheres um acampamento de inverno na Su\u00ed\u00e7a"}]},{"@type":"WebSite","@id":"https:\/\/dev.leselfes.com\/#website","url":"https:\/\/dev.leselfes.com\/","name":"Les Elfes International","description":"Les Elfes International, Verbier Switzerland. Summer Camp, Winter Camp, Spring Camps.","publisher":{"@id":"https:\/\/dev.leselfes.com\/#organization"},"alternateName":"Les Elfes International","potentialAction":[{"@type":"SearchAction","target":{"@type":"EntryPoint","urlTemplate":"https:\/\/dev.leselfes.com\/?s={search_term_string}"},"query-input":{"@type":"PropertyValueSpecification","valueRequired":true,"valueName":"search_term_string"}}],"inLanguage":"pt-PT"},{"@type":"Organization","@id":"https:\/\/dev.leselfes.com\/#organization","name":"Les Elfes International","alternateName":"Les Elfes International","url":"https:\/\/dev.leselfes.com\/","logo":{"@type":"ImageObject","inLanguage":"pt-PT","@id":"https:\/\/dev.leselfes.com\/#\/schema\/logo\/image\/","url":"https:\/\/www.leselfes.com\/wp-content\/uploads\/2022\/03\/leselfes-logo.png","contentUrl":"https:\/\/www.leselfes.com\/wp-content\/uploads\/2022\/03\/leselfes-logo.png","width":233,"height":51,"caption":"Les Elfes International"},"image":{"@id":"https:\/\/dev.leselfes.com\/#\/schema\/logo\/image\/"},"sameAs":["https:\/\/www.facebook.com\/LesElfesVerbier","https:\/\/x.com\/LesElfesCamps","https:\/\/www.instagram.com\/leselfes","https:\/\/www.linkedin.com\/company\/les-elfes-international","https:\/\/www.youtube.com\/user\/LesElfesVerbier"]},{"@type":"Person","@id":"https:\/\/dev.leselfes.com\/#\/schema\/person\/7ac5f99a7f3c597105fe663a00bdf6d6","name":"Matthieu Perard","image":{"@type":"ImageObject","inLanguage":"pt-PT","@id":"https:\/\/dev.leselfes.com\/#\/schema\/person\/image\/","url":"https:\/\/secure.gravatar.com\/avatar\/e368f5bd153d15a1ff42a4c64a46d1ef?s=96&d=mm&r=g","contentUrl":"https:\/\/secure.gravatar.com\/avatar\/e368f5bd153d15a1ff42a4c64a46d1ef?s=96&d=mm&r=g","caption":"Matthieu Perard"},"url":"https:\/\/www.leselfes.com\/pt-pt\/author\/m-pierardnotostudio-ch\/"}]}},"_links":{"self":[{"href":"https:\/\/www.leselfes.com\/pt-pt\/wp-json\/wp\/v2\/posts\/96042"}],"collection":[{"href":"https:\/\/www.leselfes.com\/pt-pt\/wp-json\/wp\/v2\/posts"}],"about":[{"href":"https:\/\/www.leselfes.com\/pt-pt\/wp-json\/wp\/v2\/types\/post"}],"author":[{"embeddable":true,"href":"https:\/\/www.leselfes.com\/pt-pt\/wp-json\/wp\/v2\/users\/16"}],"replies":[{"embeddable":true,"href":"https:\/\/www.leselfes.com\/pt-pt\/wp-json\/wp\/v2\/comments?post=96042"}],"version-history":[{"count":1,"href":"https:\/\/www.leselfes.com\/pt-pt\/wp-json\/wp\/v2\/posts\/96042\/revisions"}],"predecessor-version":[{"id":109422,"href":"https:\/\/www.leselfes.com\/pt-pt\/wp-json\/wp\/v2\/posts\/96042\/revisions\/109422"}],"wp:featuredmedia":[{"embeddable":true,"href":"https:\/\/www.leselfes.com\/pt-pt\/wp-json\/wp\/v2\/media\/96029"}],"wp:attachment":[{"href":"https:\/\/www.leselfes.com\/pt-pt\/wp-json\/wp\/v2\/media?parent=96042"}],"wp:term":[{"taxonomy":"category","embeddable":true,"href":"https:\/\/www.leselfes.com\/pt-pt\/wp-json\/wp\/v2\/categories?post=96042"},{"taxonomy":"post_tag","embeddable":true,"href":"https:\/\/www.leselfes.com\/pt-pt\/wp-json\/wp\/v2\/tags?post=96042"}],"curies":[{"name":"wp","href":"https:\/\/api.w.org\/{rel}","templated":true}]}}