{"id":96070,"date":"2025-01-07T09:14:18","date_gmt":"2025-01-07T08:14:18","guid":{"rendered":"https:\/\/www.leselfes.com\/explora-a-magia-dos-campos-de-inverno-suicos-uma-mistura-perfeita-de-esqui-e-descoberta\/"},"modified":"2025-02-18T11:03:47","modified_gmt":"2025-02-18T10:03:47","slug":"explora-a-magia-dos-campos-de-inverno-suicos-uma-mistura-perfeita-de-esqui-e-descoberta","status":"publish","type":"post","link":"https:\/\/www.leselfes.com\/pt-pt\/explora-a-magia-dos-campos-de-inverno-suicos-uma-mistura-perfeita-de-esqui-e-descoberta\/","title":{"rendered":"Explora a magia do campo de inverno su\u00ed\u00e7o: uma mistura perfeita de esqui e descoberta"},"content":{"rendered":"<p>O inverno na Su\u00ed\u00e7a tem algo de verdadeiramente m\u00e1gico. Os picos cobertos de neve dos Alpes, o ar fresco da montanha e a atmosfera vibrante fazem dela o cen\u00e1rio perfeito para uma experi\u00eancia inesquec\u00edvel. Os campos de inverno su\u00ed\u00e7os, como os oferecidos pela Les Elfes International, proporcionam um programa incr\u00edvel onde os estudantes podem mergulhar nos desportos de neve, explorar paisagens de cortar a respira\u00e7\u00e3o e fazer amigos internacionais &#8211; tudo isto enquanto crescem em confian\u00e7a e independ\u00eancia.  <\/p>\n<h2>Uma experi\u00eancia alpina inesquec\u00edvel<\/h2>\n<p>O campo de f\u00e9rias su\u00ed\u00e7o foi concebido para oferecer mais do que apenas esqui e snowboard. Oferece um programa hol\u00edstico que engloba o crescimento pessoal, o interc\u00e2mbio cultural e uma profunda aprecia\u00e7\u00e3o do ambiente natural. Localizados em destinos de renome como Verbier, Gstaad e Surval, estes campos combinam a emo\u00e7\u00e3o do ar livre com instala\u00e7\u00f5es de classe mundial e alojamento confort\u00e1vel, tornando-os a escolha ideal para estudantes de escolas de todo o mundo.  <\/p>\n<ul>\n<li><strong>Locais de cortar a respira\u00e7\u00e3o<\/strong>: Imagina acordar com vistas de majestosos picos alpinos e vales imaculados cobertos de neve. A beleza dos Alpes su\u00ed\u00e7os cria uma atmosfera \u00fanica que energiza e inspira todos os participantes. Verbier, em particular, \u00e9 c\u00e9lebre pelo seu extenso terreno de esqui e pelo cen\u00e1rio de apr\u00e8s-ski.  <\/li>\n<li><strong>Acesso \u00e0s melhores est\u00e2ncias de esqui<\/strong>: Os participantes t\u00eam a oportunidade de esquiar e praticar snowboard em algumas das melhores est\u00e2ncias de esqui do mundo, com uma variedade de pistas adequadas a todos os n\u00edveis, desde \u00e1reas suaves para principiantes at\u00e9 pistas desafiantes para os mais avan\u00e7ados. Inclui aulas especializadas de snowboard para aqueles que desejam dominar novas t\u00e9cnicas. <\/li>\n<\/ul>\n<h2>Diversas actividades para todas as paix\u00f5es<\/h2>\n<p>Embora o esqui e o snowboard sejam fundamentais para o programa, os campos de inverno su\u00ed\u00e7os v\u00e3o para al\u00e9m das pistas e oferecem uma vasta gama de actividades que v\u00e3o ao encontro de diversos interesses e paix\u00f5es. Isto garante que todos os alunos encontrem algo de que gostem e tenham a oportunidade de explorar novos hobbies. <\/p>\n<h3>Domina as pistas: Programas de esqui e snowboard<\/h3>\n<p>Os programas de esqui e snowboard s\u00e3o conduzidos por instrutores profissionais que adaptam as aulas ao n\u00edvel de aptid\u00e3o de cada aluno. A seguran\u00e7a e o prazer s\u00e3o primordiais e os instrutores utilizam t\u00e9cnicas de ensino comprovadas para tornar a aprendizagem cativante e eficaz. Os principiantes come\u00e7am com as compet\u00eancias b\u00e1sicas em declives suaves, enquanto os esquiadores e praticantes de snowboard mais experientes enfrentam terrenos avan\u00e7ados e aperfei\u00e7oam as suas t\u00e9cnicas, tais como carving e saltos de estilo livre.  <\/p>\n<p>Para aqueles que sonham em ultrapassar os seus limites, as cl\u00ednicas especiais centram-se em compet\u00eancias avan\u00e7adas, como a seguran\u00e7a fora de pista e truques no snow park. No final do campo, os alunos saem n\u00e3o s\u00f3 com capacidades melhoradas, mas tamb\u00e9m com uma nova paix\u00e3o pelos desportos de neve. A vasta gama de actividades garante que todas as crian\u00e7as, dos 5 aos 16 anos, possam participar e sentir-se desafiadas.  <\/p>\n<h2>Aventura para al\u00e9m das pistas<\/h2>\n<p>Para al\u00e9m do esqui e do snowboard, o programa inclui actividades que tiram o m\u00e1ximo partido das maravilhas de inverno que os rodeiam. Entre elas est\u00e3o:<\/p>\n<ul>\n<li><strong>Passeios com raquetes de neve<\/strong>: As caminhadas guiadas com raquetes de neve permitem aos alunos explorar partes tranquilas e intocadas dos Alpes, enquanto aprendem sobre a vida selvagem local e a ecologia das montanhas.<\/li>\n<li><strong>Patinagem no gelo e h\u00f3quei<\/strong>: Quer seja a deslizar num lago gelado ou a desfrutar de um jogo amig\u00e1vel de h\u00f3quei, estas actividades acrescentam variedade \u00e0 experi\u00eancia do acampamento.<\/li>\n<li><strong>Corridas de tren\u00f3<\/strong>: Um dos favoritos entre os estudantes, o tren\u00f3 oferece divers\u00e3o pura e emocionante nas colinas nevadas.<\/li>\n<\/ul>\n<p>As noites est\u00e3o igualmente cheias de anima\u00e7\u00e3o. Desde noites tem\u00e1ticas e sess\u00f5es de artes e of\u00edcios a espect\u00e1culos culturais e jogos de forma\u00e7\u00e3o de equipas, h\u00e1 sempre algo por que ansiar. Esta mistura de actividades promove um sentido de comunidade e assegura que cada dia est\u00e1 repleto de experi\u00eancias diversas. As actividades nocturnas s\u00e3o concebidas para responder a diferentes interesses, tornando o programa global verdadeiramente inesquec\u00edvel.   <\/p>\n<h2>Imers\u00e3o cultural e aprendizagem de l\u00ednguas<\/h2>\n<p>Um dos aspectos mais enriquecedores do campo de f\u00e9rias su\u00ed\u00e7o \u00e9 a oportunidade de participar na aprendizagem cultural e lingu\u00edstica. Os alunos v\u00eam de todos os cantos do mundo, criando um ambiente verdadeiramente multicultural. Este ambiente \u00e9 perfeito para desenvolveres compet\u00eancias lingu\u00edsticas e fazeres amigos de diferentes culturas.  <\/p>\n<p>As aulas de l\u00ednguas em ingl\u00eas, franc\u00eas ou alem\u00e3o s\u00e3o oferecidas num formato din\u00e2mico que enfatiza a comunica\u00e7\u00e3o e a utiliza\u00e7\u00e3o pr\u00e1tica. Em vez da aprendizagem tradicional em sala de aula, as aulas s\u00e3o frequentemente integradas nas actividades di\u00e1rias, tornando a aquisi\u00e7\u00e3o da l\u00edngua natural e agrad\u00e1vel. Ao interagir com colegas em v\u00e1rias l\u00ednguas, os alunos melhoram as suas capacidades de comunica\u00e7\u00e3o e compreens\u00e3o cultural. A imers\u00e3o cultural estende-se \u00e0 viv\u00eancia de tradi\u00e7\u00f5es locais em lugares como Montreux e \u00e0 explora\u00e7\u00e3o de eventos regionais.   <\/p>\n<h2>Cresce a tua independ\u00eancia e lideran\u00e7a<\/h2>\n<p>O acampamento de inverno su\u00ed\u00e7o n\u00e3o se limita \u00e0 divers\u00e3o e aos desportos de neve; tamb\u00e9m oferece oportunidades de desenvolvimento pessoal. Estar longe de casa, num ambiente seguro e solid\u00e1rio, ajuda os alunos a crescer em termos de independ\u00eancia e autossufici\u00eancia. Aprendem a navegar em novas experi\u00eancias, a tomar decis\u00f5es e a resolver problemas, ao mesmo tempo que se sentem parte de uma comunidade atenciosa.  <\/p>\n<p>Muitos campos de f\u00e9rias oferecem programas de lideran\u00e7a para participantes mais velhos, centrados em compet\u00eancias como o trabalho em equipa, a comunica\u00e7\u00e3o e a resili\u00eancia. Estes programas s\u00e3o concebidos para desafiar os adolescentes e ajud\u00e1-los a desenvolver qualidades que lhes ser\u00e3o \u00fateis no futuro. O ambiente estruturado, combinado com momentos de explora\u00e7\u00e3o livre, assegura uma experi\u00eancia equilibrada que promove o crescimento pessoal e social. Les Elfes International, por exemplo, enfatiza a lideran\u00e7a e a comunidade, assegurando que os estudantes desenvolvem compet\u00eancias valiosas para a vida.   <\/p>\n<h2>Concentra-te na seguran\u00e7a e no bem-estar<\/h2>\n<p>No centro de cada campo de f\u00e9rias su\u00ed\u00e7o est\u00e1 um compromisso com a seguran\u00e7a e o bem-estar de cada participante. Os campos de f\u00e9rias seguem normas de seguran\u00e7a rigorosas, especialmente no que diz respeito aos desportos de montanha. As crian\u00e7as est\u00e3o sempre equipadas com o mais recente equipamento de seguran\u00e7a e os instrutores de esqui s\u00e3o formados em primeiros socorros e sensibiliza\u00e7\u00e3o para as avalanches.  <\/p>\n<ul>\n<li><strong>Sa\u00fade e supervis\u00e3o<\/strong>: O pessoal m\u00e9dico e os conselheiros com forma\u00e7\u00e3o est\u00e3o dispon\u00edveis 24 horas por dia, 7 dias por semana, para garantir que quaisquer problemas de sa\u00fade s\u00e3o imediatamente resolvidos. O elevado r\u00e1cio pessoal\/participante garante que cada crian\u00e7a recebe aten\u00e7\u00e3o individual. <\/li>\n<li><strong>Refei\u00e7\u00f5es nutritivas e alojamento<\/strong>: Refei\u00e7\u00f5es equilibradas e deliciosas mant\u00eam os alunos abastecidos para os seus dias activos. As necessidades diet\u00e9ticas especiais s\u00e3o cuidadosamente acomodadas e o alojamento confort\u00e1vel garante noites descansadas. <\/li>\n<\/ul>\n<p>O bem-estar de cada crian\u00e7a vai para al\u00e9m da seguran\u00e7a f\u00edsica. Os campos de f\u00e9rias tamb\u00e9m se concentram na cria\u00e7\u00e3o de um ambiente acolhedor e inclusivo onde os alunos se sintam apoiados emocionalmente. Os conselheiros t\u00eam forma\u00e7\u00e3o para ajudar as crian\u00e7as que possam estar a sentir saudades de casa, assegurando que todos t\u00eam uma experi\u00eancia positiva e memor\u00e1vel. A Pre-Fleuri e outras escolas de renome d\u00e3o \u00eanfase \u00e0 cria\u00e7\u00e3o de um ambiente acolhedor.   <\/p>\n<h2>Criar mem\u00f3rias e amizades para toda a vida<\/h2>\n<p>Talvez o aspeto mais apreciado de um acampamento de inverno su\u00ed\u00e7o seja o sentido de camaradagem e de liga\u00e7\u00e3o que se desenvolve entre os alunos. Quer seja a torcer uns pelos outros durante uma corrida de esqui, a partilhar hist\u00f3rias junto \u00e0 lareira ou a trabalhar em conjunto num desafio de equipa, estas experi\u00eancias partilhadas criam la\u00e7os que, muitas vezes, duram uma vida inteira. Os alunos desfrutam de momentos de apr\u00e8s-ski em belos cen\u00e1rios de est\u00e2ncia, aumentando a magia da sua estadia.  <\/p>\n<p>Partem com mais do que apenas compet\u00eancias e mem\u00f3rias; partem com um sentimento de realiza\u00e7\u00e3o e uma rede global de amigos. Muitos regressam ano ap\u00f3s ano, ansiosos por se reunirem com os seus amigos internacionais e continuarem a sua descoberta alpina. Os programas variados e emocionantes, incluindo viagens de esqui e excurs\u00f5es a destinos pr\u00f3ximos, garantem que cada semana seja uma experi\u00eancia nova e enriquecedora.  <\/p>\n<h2>Como te inscreveres para uma experi\u00eancia de inverno inesquec\u00edvel<\/h2>\n<p>Est\u00e1s pronto para dar ao teu filho o presente de um acampamento de inverno m\u00e1gico na Su\u00ed\u00e7a? A inscri\u00e7\u00e3o \u00e9 simples, mas os lugares esgotam-se rapidamente. Garante o teu lugar e come\u00e7a a preparar-te para um inverno cheio de entusiasmo, crescimento e descoberta. Clica na liga\u00e7\u00e3o abaixo para saberes mais:   <\/p>\n<p><a href=\"https:\/\/www.leselfes.com\/winter-camp\/enrol\/\" target=\"_blank\" rel=\"noopener\"><strong>Inscreve-te hoje num campo de f\u00e9rias<\/strong><\/a><\/p>\n<p>&nbsp;<\/p>\n","protected":false},"excerpt":{"rendered":"<p>O inverno na Su\u00ed\u00e7a tem algo de verdadeiramente m\u00e1gico. Os picos cobertos de neve dos Alpes, o ar fresco da montanha e a atmosfera vibrante fazem dela o cen\u00e1rio perfeito&#8230;<\/p>\n","protected":false},"author":16,"featured_media":96056,"comment_status":"open","ping_status":"open","sticky":false,"template":"","format":"standard","meta":{"_acf_changed":false,"inline_featured_image":false,"footnotes":""},"categories":[1107,1103],"tags":[],"class_list":{"0":"post-96070","1":"post","2":"type-post","3":"status-publish","4":"format-standard","5":"has-post-thumbnail","7":"category-acampamento-de-inverno","8":"category-artigos"},"acf":[],"yoast_head":"<!-- This site is optimized with the Yoast SEO Premium plugin v24.2 (Yoast SEO v24.7) - https:\/\/yoast.com\/wordpress\/plugins\/seo\/ -->\n<title>Explora a magia dos campos de inverno su\u00ed\u00e7os<\/title>\n<meta name=\"description\" content=\"A magia dos campos de inverno su\u00ed\u00e7os, onde o esqui, o snowboard e as experi\u00eancias culturais criam uma experi\u00eancia inesquec\u00edvel.\" \/>\n<meta name=\"robots\" content=\"index, follow, max-snippet:-1, max-image-preview:large, max-video-preview:-1\" \/>\n<link rel=\"canonical\" href=\"https:\/\/www.leselfes.com\/pt-pt\/explora-a-magia-dos-campos-de-inverno-suicos-uma-mistura-perfeita-de-esqui-e-descoberta\/\" \/>\n<meta property=\"og:locale\" content=\"pt_PT\" \/>\n<meta property=\"og:type\" content=\"article\" \/>\n<meta property=\"og:title\" content=\"Explora a magia do campo de inverno su\u00ed\u00e7o: uma mistura perfeita de esqui e descoberta\" \/>\n<meta property=\"og:description\" content=\"A magia dos campos de inverno su\u00ed\u00e7os, onde o esqui, o snowboard e as experi\u00eancias culturais criam uma experi\u00eancia inesquec\u00edvel.\" \/>\n<meta property=\"og:url\" content=\"https:\/\/www.leselfes.com\/pt-pt\/explora-a-magia-dos-campos-de-inverno-suicos-uma-mistura-perfeita-de-esqui-e-descoberta\/\" \/>\n<meta property=\"og:site_name\" content=\"Les Elfes International Camps Switzerland\" \/>\n<meta property=\"article:publisher\" content=\"https:\/\/www.facebook.com\/LesElfesVerbier\" \/>\n<meta property=\"article:published_time\" content=\"2025-01-07T08:14:18+00:00\" \/>\n<meta property=\"article:modified_time\" content=\"2025-02-18T10:03:47+00:00\" \/>\n<meta property=\"og:image\" content=\"https:\/\/www.leselfes.com\/wp-content\/uploads\/2025\/01\/exploring.jpg\" \/>\n\t<meta property=\"og:image:width\" content=\"1920\" \/>\n\t<meta property=\"og:image:height\" content=\"550\" \/>\n\t<meta property=\"og:image:type\" content=\"image\/jpeg\" \/>\n<meta name=\"author\" content=\"Matthieu Perard\" \/>\n<meta name=\"twitter:card\" content=\"summary_large_image\" \/>\n<meta name=\"twitter:creator\" content=\"@LesElfesCamps\" \/>\n<meta name=\"twitter:site\" content=\"@LesElfesCamps\" \/>\n<meta name=\"twitter:label1\" content=\"Escrito por\" \/>\n\t<meta name=\"twitter:data1\" content=\"Matthieu Perard\" \/>\n\t<meta name=\"twitter:label2\" content=\"Tempo estimado de leitura\" \/>\n\t<meta name=\"twitter:data2\" content=\"8 minutos\" \/>\n<script type=\"application\/ld+json\" class=\"yoast-schema-graph\">{\"@context\":\"https:\/\/schema.org\",\"@graph\":[{\"@type\":\"Article\",\"@id\":\"https:\/\/www.leselfes.com\/pt-pt\/explora-a-magia-dos-campos-de-inverno-suicos-uma-mistura-perfeita-de-esqui-e-descoberta\/#article\",\"isPartOf\":{\"@id\":\"https:\/\/www.leselfes.com\/pt-pt\/explora-a-magia-dos-campos-de-inverno-suicos-uma-mistura-perfeita-de-esqui-e-descoberta\/\"},\"author\":{\"name\":\"Matthieu Perard\",\"@id\":\"https:\/\/dev.leselfes.com\/#\/schema\/person\/7ac5f99a7f3c597105fe663a00bdf6d6\"},\"headline\":\"Explora a magia do campo de inverno su\u00ed\u00e7o: uma mistura perfeita de esqui e descoberta\",\"datePublished\":\"2025-01-07T08:14:18+00:00\",\"dateModified\":\"2025-02-18T10:03:47+00:00\",\"mainEntityOfPage\":{\"@id\":\"https:\/\/www.leselfes.com\/pt-pt\/explora-a-magia-dos-campos-de-inverno-suicos-uma-mistura-perfeita-de-esqui-e-descoberta\/\"},\"wordCount\":1594,\"commentCount\":0,\"publisher\":{\"@id\":\"https:\/\/dev.leselfes.com\/#organization\"},\"image\":{\"@id\":\"https:\/\/www.leselfes.com\/pt-pt\/explora-a-magia-dos-campos-de-inverno-suicos-uma-mistura-perfeita-de-esqui-e-descoberta\/#primaryimage\"},\"thumbnailUrl\":\"https:\/\/www.leselfes.com\/wp-content\/uploads\/2025\/01\/exploring.jpg\",\"articleSection\":[\"Acampamento de inverno\",\"Artigos\"],\"inLanguage\":\"pt-PT\",\"potentialAction\":[{\"@type\":\"CommentAction\",\"name\":\"Comment\",\"target\":[\"https:\/\/www.leselfes.com\/pt-pt\/explora-a-magia-dos-campos-de-inverno-suicos-uma-mistura-perfeita-de-esqui-e-descoberta\/#respond\"]}]},{\"@type\":\"WebPage\",\"@id\":\"https:\/\/www.leselfes.com\/pt-pt\/explora-a-magia-dos-campos-de-inverno-suicos-uma-mistura-perfeita-de-esqui-e-descoberta\/\",\"url\":\"https:\/\/www.leselfes.com\/pt-pt\/explora-a-magia-dos-campos-de-inverno-suicos-uma-mistura-perfeita-de-esqui-e-descoberta\/\",\"name\":\"Explora a magia dos campos de inverno su\u00ed\u00e7os\",\"isPartOf\":{\"@id\":\"https:\/\/dev.leselfes.com\/#website\"},\"primaryImageOfPage\":{\"@id\":\"https:\/\/www.leselfes.com\/pt-pt\/explora-a-magia-dos-campos-de-inverno-suicos-uma-mistura-perfeita-de-esqui-e-descoberta\/#primaryimage\"},\"image\":{\"@id\":\"https:\/\/www.leselfes.com\/pt-pt\/explora-a-magia-dos-campos-de-inverno-suicos-uma-mistura-perfeita-de-esqui-e-descoberta\/#primaryimage\"},\"thumbnailUrl\":\"https:\/\/www.leselfes.com\/wp-content\/uploads\/2025\/01\/exploring.jpg\",\"datePublished\":\"2025-01-07T08:14:18+00:00\",\"dateModified\":\"2025-02-18T10:03:47+00:00\",\"description\":\"A magia dos campos de inverno su\u00ed\u00e7os, onde o esqui, o snowboard e as experi\u00eancias culturais criam uma experi\u00eancia inesquec\u00edvel.\",\"breadcrumb\":{\"@id\":\"https:\/\/www.leselfes.com\/pt-pt\/explora-a-magia-dos-campos-de-inverno-suicos-uma-mistura-perfeita-de-esqui-e-descoberta\/#breadcrumb\"},\"inLanguage\":\"pt-PT\",\"potentialAction\":[{\"@type\":\"ReadAction\",\"target\":[\"https:\/\/www.leselfes.com\/pt-pt\/explora-a-magia-dos-campos-de-inverno-suicos-uma-mistura-perfeita-de-esqui-e-descoberta\/\"]}]},{\"@type\":\"ImageObject\",\"inLanguage\":\"pt-PT\",\"@id\":\"https:\/\/www.leselfes.com\/pt-pt\/explora-a-magia-dos-campos-de-inverno-suicos-uma-mistura-perfeita-de-esqui-e-descoberta\/#primaryimage\",\"url\":\"https:\/\/www.leselfes.com\/wp-content\/uploads\/2025\/01\/exploring.jpg\",\"contentUrl\":\"https:\/\/www.leselfes.com\/wp-content\/uploads\/2025\/01\/exploring.jpg\",\"width\":1920,\"height\":550},{\"@type\":\"BreadcrumbList\",\"@id\":\"https:\/\/www.leselfes.com\/pt-pt\/explora-a-magia-dos-campos-de-inverno-suicos-uma-mistura-perfeita-de-esqui-e-descoberta\/#breadcrumb\",\"itemListElement\":[{\"@type\":\"ListItem\",\"position\":1,\"name\":\"Home\",\"item\":\"https:\/\/www.leselfes.com\/pt-pt\/\"},{\"@type\":\"ListItem\",\"position\":2,\"name\":\"Explora a magia do campo de inverno su\u00ed\u00e7o: uma mistura perfeita de esqui e descoberta\"}]},{\"@type\":\"WebSite\",\"@id\":\"https:\/\/dev.leselfes.com\/#website\",\"url\":\"https:\/\/dev.leselfes.com\/\",\"name\":\"Les Elfes International\",\"description\":\"Les Elfes International, Verbier Switzerland. Summer Camp, Winter Camp, Spring Camps.\",\"publisher\":{\"@id\":\"https:\/\/dev.leselfes.com\/#organization\"},\"alternateName\":\"Les Elfes International\",\"potentialAction\":[{\"@type\":\"SearchAction\",\"target\":{\"@type\":\"EntryPoint\",\"urlTemplate\":\"https:\/\/dev.leselfes.com\/?s={search_term_string}\"},\"query-input\":{\"@type\":\"PropertyValueSpecification\",\"valueRequired\":true,\"valueName\":\"search_term_string\"}}],\"inLanguage\":\"pt-PT\"},{\"@type\":\"Organization\",\"@id\":\"https:\/\/dev.leselfes.com\/#organization\",\"name\":\"Les Elfes International\",\"alternateName\":\"Les Elfes International\",\"url\":\"https:\/\/dev.leselfes.com\/\",\"logo\":{\"@type\":\"ImageObject\",\"inLanguage\":\"pt-PT\",\"@id\":\"https:\/\/dev.leselfes.com\/#\/schema\/logo\/image\/\",\"url\":\"https:\/\/www.leselfes.com\/wp-content\/uploads\/2022\/03\/leselfes-logo.png\",\"contentUrl\":\"https:\/\/www.leselfes.com\/wp-content\/uploads\/2022\/03\/leselfes-logo.png\",\"width\":233,\"height\":51,\"caption\":\"Les Elfes International\"},\"image\":{\"@id\":\"https:\/\/dev.leselfes.com\/#\/schema\/logo\/image\/\"},\"sameAs\":[\"https:\/\/www.facebook.com\/LesElfesVerbier\",\"https:\/\/x.com\/LesElfesCamps\",\"https:\/\/www.instagram.com\/leselfes\",\"https:\/\/www.linkedin.com\/company\/les-elfes-international\",\"https:\/\/www.youtube.com\/user\/LesElfesVerbier\"]},{\"@type\":\"Person\",\"@id\":\"https:\/\/dev.leselfes.com\/#\/schema\/person\/7ac5f99a7f3c597105fe663a00bdf6d6\",\"name\":\"Matthieu Perard\",\"image\":{\"@type\":\"ImageObject\",\"inLanguage\":\"pt-PT\",\"@id\":\"https:\/\/dev.leselfes.com\/#\/schema\/person\/image\/\",\"url\":\"https:\/\/secure.gravatar.com\/avatar\/e368f5bd153d15a1ff42a4c64a46d1ef?s=96&d=mm&r=g\",\"contentUrl\":\"https:\/\/secure.gravatar.com\/avatar\/e368f5bd153d15a1ff42a4c64a46d1ef?s=96&d=mm&r=g\",\"caption\":\"Matthieu Perard\"},\"url\":\"https:\/\/www.leselfes.com\/pt-pt\/author\/m-pierardnotostudio-ch\/\"}]}<\/script>\n<!-- \/ Yoast SEO Premium plugin. -->","yoast_head_json":{"title":"Explora a magia dos campos de inverno su\u00ed\u00e7os","description":"A magia dos campos de inverno su\u00ed\u00e7os, onde o esqui, o snowboard e as experi\u00eancias culturais criam uma experi\u00eancia inesquec\u00edvel.","robots":{"index":"index","follow":"follow","max-snippet":"max-snippet:-1","max-image-preview":"max-image-preview:large","max-video-preview":"max-video-preview:-1"},"canonical":"https:\/\/www.leselfes.com\/pt-pt\/explora-a-magia-dos-campos-de-inverno-suicos-uma-mistura-perfeita-de-esqui-e-descoberta\/","og_locale":"pt_PT","og_type":"article","og_title":"Explora a magia do campo de inverno su\u00ed\u00e7o: uma mistura perfeita de esqui e descoberta","og_description":"A magia dos campos de inverno su\u00ed\u00e7os, onde o esqui, o snowboard e as experi\u00eancias culturais criam uma experi\u00eancia inesquec\u00edvel.","og_url":"https:\/\/www.leselfes.com\/pt-pt\/explora-a-magia-dos-campos-de-inverno-suicos-uma-mistura-perfeita-de-esqui-e-descoberta\/","og_site_name":"Les Elfes International Camps Switzerland","article_publisher":"https:\/\/www.facebook.com\/LesElfesVerbier","article_published_time":"2025-01-07T08:14:18+00:00","article_modified_time":"2025-02-18T10:03:47+00:00","og_image":[{"width":1920,"height":550,"url":"https:\/\/www.leselfes.com\/wp-content\/uploads\/2025\/01\/exploring.jpg","type":"image\/jpeg"}],"author":"Matthieu Perard","twitter_card":"summary_large_image","twitter_creator":"@LesElfesCamps","twitter_site":"@LesElfesCamps","twitter_misc":{"Escrito por":"Matthieu Perard","Tempo estimado de leitura":"8 minutos"},"schema":{"@context":"https:\/\/schema.org","@graph":[{"@type":"Article","@id":"https:\/\/www.leselfes.com\/pt-pt\/explora-a-magia-dos-campos-de-inverno-suicos-uma-mistura-perfeita-de-esqui-e-descoberta\/#article","isPartOf":{"@id":"https:\/\/www.leselfes.com\/pt-pt\/explora-a-magia-dos-campos-de-inverno-suicos-uma-mistura-perfeita-de-esqui-e-descoberta\/"},"author":{"name":"Matthieu Perard","@id":"https:\/\/dev.leselfes.com\/#\/schema\/person\/7ac5f99a7f3c597105fe663a00bdf6d6"},"headline":"Explora a magia do campo de inverno su\u00ed\u00e7o: uma mistura perfeita de esqui e descoberta","datePublished":"2025-01-07T08:14:18+00:00","dateModified":"2025-02-18T10:03:47+00:00","mainEntityOfPage":{"@id":"https:\/\/www.leselfes.com\/pt-pt\/explora-a-magia-dos-campos-de-inverno-suicos-uma-mistura-perfeita-de-esqui-e-descoberta\/"},"wordCount":1594,"commentCount":0,"publisher":{"@id":"https:\/\/dev.leselfes.com\/#organization"},"image":{"@id":"https:\/\/www.leselfes.com\/pt-pt\/explora-a-magia-dos-campos-de-inverno-suicos-uma-mistura-perfeita-de-esqui-e-descoberta\/#primaryimage"},"thumbnailUrl":"https:\/\/www.leselfes.com\/wp-content\/uploads\/2025\/01\/exploring.jpg","articleSection":["Acampamento de inverno","Artigos"],"inLanguage":"pt-PT","potentialAction":[{"@type":"CommentAction","name":"Comment","target":["https:\/\/www.leselfes.com\/pt-pt\/explora-a-magia-dos-campos-de-inverno-suicos-uma-mistura-perfeita-de-esqui-e-descoberta\/#respond"]}]},{"@type":"WebPage","@id":"https:\/\/www.leselfes.com\/pt-pt\/explora-a-magia-dos-campos-de-inverno-suicos-uma-mistura-perfeita-de-esqui-e-descoberta\/","url":"https:\/\/www.leselfes.com\/pt-pt\/explora-a-magia-dos-campos-de-inverno-suicos-uma-mistura-perfeita-de-esqui-e-descoberta\/","name":"Explora a magia dos campos de inverno su\u00ed\u00e7os","isPartOf":{"@id":"https:\/\/dev.leselfes.com\/#website"},"primaryImageOfPage":{"@id":"https:\/\/www.leselfes.com\/pt-pt\/explora-a-magia-dos-campos-de-inverno-suicos-uma-mistura-perfeita-de-esqui-e-descoberta\/#primaryimage"},"image":{"@id":"https:\/\/www.leselfes.com\/pt-pt\/explora-a-magia-dos-campos-de-inverno-suicos-uma-mistura-perfeita-de-esqui-e-descoberta\/#primaryimage"},"thumbnailUrl":"https:\/\/www.leselfes.com\/wp-content\/uploads\/2025\/01\/exploring.jpg","datePublished":"2025-01-07T08:14:18+00:00","dateModified":"2025-02-18T10:03:47+00:00","description":"A magia dos campos de inverno su\u00ed\u00e7os, onde o esqui, o snowboard e as experi\u00eancias culturais criam uma experi\u00eancia inesquec\u00edvel.","breadcrumb":{"@id":"https:\/\/www.leselfes.com\/pt-pt\/explora-a-magia-dos-campos-de-inverno-suicos-uma-mistura-perfeita-de-esqui-e-descoberta\/#breadcrumb"},"inLanguage":"pt-PT","potentialAction":[{"@type":"ReadAction","target":["https:\/\/www.leselfes.com\/pt-pt\/explora-a-magia-dos-campos-de-inverno-suicos-uma-mistura-perfeita-de-esqui-e-descoberta\/"]}]},{"@type":"ImageObject","inLanguage":"pt-PT","@id":"https:\/\/www.leselfes.com\/pt-pt\/explora-a-magia-dos-campos-de-inverno-suicos-uma-mistura-perfeita-de-esqui-e-descoberta\/#primaryimage","url":"https:\/\/www.leselfes.com\/wp-content\/uploads\/2025\/01\/exploring.jpg","contentUrl":"https:\/\/www.leselfes.com\/wp-content\/uploads\/2025\/01\/exploring.jpg","width":1920,"height":550},{"@type":"BreadcrumbList","@id":"https:\/\/www.leselfes.com\/pt-pt\/explora-a-magia-dos-campos-de-inverno-suicos-uma-mistura-perfeita-de-esqui-e-descoberta\/#breadcrumb","itemListElement":[{"@type":"ListItem","position":1,"name":"Home","item":"https:\/\/www.leselfes.com\/pt-pt\/"},{"@type":"ListItem","position":2,"name":"Explora a magia do campo de inverno su\u00ed\u00e7o: uma mistura perfeita de esqui e descoberta"}]},{"@type":"WebSite","@id":"https:\/\/dev.leselfes.com\/#website","url":"https:\/\/dev.leselfes.com\/","name":"Les Elfes International","description":"Les Elfes International, Verbier Switzerland. Summer Camp, Winter Camp, Spring Camps.","publisher":{"@id":"https:\/\/dev.leselfes.com\/#organization"},"alternateName":"Les Elfes International","potentialAction":[{"@type":"SearchAction","target":{"@type":"EntryPoint","urlTemplate":"https:\/\/dev.leselfes.com\/?s={search_term_string}"},"query-input":{"@type":"PropertyValueSpecification","valueRequired":true,"valueName":"search_term_string"}}],"inLanguage":"pt-PT"},{"@type":"Organization","@id":"https:\/\/dev.leselfes.com\/#organization","name":"Les Elfes International","alternateName":"Les Elfes International","url":"https:\/\/dev.leselfes.com\/","logo":{"@type":"ImageObject","inLanguage":"pt-PT","@id":"https:\/\/dev.leselfes.com\/#\/schema\/logo\/image\/","url":"https:\/\/www.leselfes.com\/wp-content\/uploads\/2022\/03\/leselfes-logo.png","contentUrl":"https:\/\/www.leselfes.com\/wp-content\/uploads\/2022\/03\/leselfes-logo.png","width":233,"height":51,"caption":"Les Elfes International"},"image":{"@id":"https:\/\/dev.leselfes.com\/#\/schema\/logo\/image\/"},"sameAs":["https:\/\/www.facebook.com\/LesElfesVerbier","https:\/\/x.com\/LesElfesCamps","https:\/\/www.instagram.com\/leselfes","https:\/\/www.linkedin.com\/company\/les-elfes-international","https:\/\/www.youtube.com\/user\/LesElfesVerbier"]},{"@type":"Person","@id":"https:\/\/dev.leselfes.com\/#\/schema\/person\/7ac5f99a7f3c597105fe663a00bdf6d6","name":"Matthieu Perard","image":{"@type":"ImageObject","inLanguage":"pt-PT","@id":"https:\/\/dev.leselfes.com\/#\/schema\/person\/image\/","url":"https:\/\/secure.gravatar.com\/avatar\/e368f5bd153d15a1ff42a4c64a46d1ef?s=96&d=mm&r=g","contentUrl":"https:\/\/secure.gravatar.com\/avatar\/e368f5bd153d15a1ff42a4c64a46d1ef?s=96&d=mm&r=g","caption":"Matthieu Perard"},"url":"https:\/\/www.leselfes.com\/pt-pt\/author\/m-pierardnotostudio-ch\/"}]}},"_links":{"self":[{"href":"https:\/\/www.leselfes.com\/pt-pt\/wp-json\/wp\/v2\/posts\/96070"}],"collection":[{"href":"https:\/\/www.leselfes.com\/pt-pt\/wp-json\/wp\/v2\/posts"}],"about":[{"href":"https:\/\/www.leselfes.com\/pt-pt\/wp-json\/wp\/v2\/types\/post"}],"author":[{"embeddable":true,"href":"https:\/\/www.leselfes.com\/pt-pt\/wp-json\/wp\/v2\/users\/16"}],"replies":[{"embeddable":true,"href":"https:\/\/www.leselfes.com\/pt-pt\/wp-json\/wp\/v2\/comments?post=96070"}],"version-history":[{"count":2,"href":"https:\/\/www.leselfes.com\/pt-pt\/wp-json\/wp\/v2\/posts\/96070\/revisions"}],"predecessor-version":[{"id":109419,"href":"https:\/\/www.leselfes.com\/pt-pt\/wp-json\/wp\/v2\/posts\/96070\/revisions\/109419"}],"wp:featuredmedia":[{"embeddable":true,"href":"https:\/\/www.leselfes.com\/pt-pt\/wp-json\/wp\/v2\/media\/96056"}],"wp:attachment":[{"href":"https:\/\/www.leselfes.com\/pt-pt\/wp-json\/wp\/v2\/media?parent=96070"}],"wp:term":[{"taxonomy":"category","embeddable":true,"href":"https:\/\/www.leselfes.com\/pt-pt\/wp-json\/wp\/v2\/categories?post=96070"},{"taxonomy":"post_tag","embeddable":true,"href":"https:\/\/www.leselfes.com\/pt-pt\/wp-json\/wp\/v2\/tags?post=96070"}],"curies":[{"name":"wp","href":"https:\/\/api.w.org\/{rel}","templated":true}]}}