{"id":96108,"date":"2025-01-07T09:15:54","date_gmt":"2025-01-07T08:15:54","guid":{"rendered":"https:\/\/www.leselfes.com\/ha-cursos-de-linguas-disponiveis-nos-campos-de-ferias\/"},"modified":"2025-01-24T10:27:40","modified_gmt":"2025-01-24T09:27:40","slug":"ha-cursos-de-linguas-disponiveis-nos-campos-de-ferias","status":"publish","type":"post","link":"https:\/\/www.leselfes.com\/pt-pt\/ha-cursos-de-linguas-disponiveis-nos-campos-de-ferias\/","title":{"rendered":"Descobre a magia dos campos de f\u00e9rias na Su\u00ed\u00e7a"},"content":{"rendered":"<p>Descobre a magia dos campos de f\u00e9rias na Su\u00ed\u00e7a<\/p>\n<article>\n<header>\n<h1>Porqu\u00ea escolher um campo de f\u00e9rias na Su\u00ed\u00e7a?<\/h1>\n<\/header>\n<section>\n<h2>Experi\u00eancias inesquec\u00edveis nos Alpes su\u00ed\u00e7os<\/h2>\n<p>Os campos de f\u00e9rias na <strong>Su\u00ed\u00e7a<\/strong> s\u00e3o conhecidos pelos seus programas excepcionais que combinam <strong>desporto, educa\u00e7\u00e3o e aventura<\/strong>. Quer explores as paisagens deslumbrantes de <strong>Zermatt<\/strong> ou desfrutes de actividades <strong>de esqui<\/strong> emocionantes no inverno, estes campos oferecem algo para cada crian\u00e7a e adolescente. Crian\u00e7as e adolescentes <strong>dos 6 aos 18 anos<\/strong> podem mergulhar numa vasta <strong>gama<\/strong> de actividades repletas de divers\u00e3o, enquanto criam mem\u00f3rias inesquec\u00edveis. Acampamentos como <strong>Les Elfes International<\/strong> proporcionam um ambiente \u00fanico onde estudantes de mais de 50 <strong>pa\u00edses<\/strong> podem se conectar, fazer <strong>amigos<\/strong> para toda a vida e desfrutar de uma experi\u00eancia verdadeiramente internacional. O <strong>campus<\/strong> em <strong>Verbier<\/strong> est\u00e1 rodeado pelos deslumbrantes Alpes su\u00ed\u00e7os, oferecendo um cen\u00e1rio pitoresco e seguro para as crian\u00e7as prosperarem.  <\/p>\n<\/section>\n<section>\n<h2>O que \u00e9 que torna o campo de f\u00e9rias su\u00ed\u00e7o \u00fanico?<\/h2>\n<p>Os campos de f\u00e9rias su\u00ed\u00e7os s\u00e3o celebrados pela sua combina\u00e7\u00e3o de programas <strong>acad\u00e9micos<\/strong>, <strong>actividades<\/strong> enriquecedoras e paisagens. Os destaques incluem: <\/p>\n<ul>\n<li><strong>Excurs\u00f5es incr\u00edveis:<\/strong> <strong>Viagens<\/strong> a cidades su\u00ed\u00e7as ic\u00f3nicas como <strong>Genebra<\/strong>, <strong>Montreux<\/strong> e <strong>Crans Montana<\/strong>, bem como visitas a locais hist\u00f3ricos como castelos medievais em <strong>Gstaad<\/strong>.<\/li>\n<li><strong>Desporto e educa\u00e7\u00e3o:<\/strong> Uma mistura \u00fanica de <strong>desportos<\/strong> como o t\u00e9nis, <strong>o esqui<\/strong> e as caminhadas, combinada com <strong>workshops acad\u00e9micos<\/strong> e actividades criativas como as <strong>artes performativas<\/strong> e <strong>o teatro<\/strong>.<\/li>\n<li><strong>Comunidade internacional:<\/strong> Uma mistura vibrante de <strong>estudantes<\/strong> de toda a <strong>Europa<\/strong> e n\u00e3o s\u00f3, que fomenta um esp\u00edrito de amizade e colabora\u00e7\u00e3o global.<\/li>\n<\/ul>\n<p>Esta experi\u00eancia abrangente garante que os campistas regressam a casa com compet\u00eancias melhoradas, recorda\u00e7\u00f5es queridas e uma aprecia\u00e7\u00e3o mais profunda da <strong>bela<\/strong> cultura e natureza da Su\u00ed\u00e7a.<\/p>\n<\/section>\n<section>\n<h2>Um dia na vida de um campista su\u00ed\u00e7o<\/h2>\n<p>A vida num campo de f\u00e9rias su\u00ed\u00e7o \u00e9 din\u00e2mica e cuidadosamente estruturada para equilibrar aprendizagem, aventura e divers\u00e3o. As manh\u00e3s come\u00e7am frequentemente com <strong>actividades<\/strong> energizantes ao ar livre, como caminhadas ou <strong>desportos<\/strong>. Depois do pequeno-almo\u00e7o, os campistas podem assistir a <strong>workshops<\/strong> ou participar em actividades criativas como <strong>arte<\/strong>, teatro ou m\u00fasica. As tardes s\u00e3o reservadas para excurs\u00f5es emocionantes, que permitem aos campistas explorar locais de interesse pr\u00f3ximos, como <strong>o Lago de Genebra<\/strong>, ou aldeias hist\u00f3ricas, como <strong>Leysin<\/strong>. As noites s\u00e3o igualmente interessantes, com eventos tem\u00e1ticos, desafios de equipa ou actua\u00e7\u00f5es de grupo que incentivam a colabora\u00e7\u00e3o e criam amizades. Este equil\u00edbrio garante que os campistas desfrutam de um dia inteiro de actividades enriquecedoras, tendo ao mesmo tempo muito tempo para relaxar e recarregar energias.   <\/p>\n<\/section>\n<section>\n<h2>Experi\u00eancias de acampamento imersivas e residenciais<\/h2>\n<p>Uma das carater\u00edsticas mais marcantes dos campos de f\u00e9rias su\u00ed\u00e7os \u00e9 a sua configura\u00e7\u00e3o <strong>residencial<\/strong>, que proporciona um ambiente ideal para o crescimento pessoal. Viver no campus permite aos campistas desenvolver a independ\u00eancia e a resili\u00eancia, ao mesmo tempo que estabelecem fortes liga\u00e7\u00f5es com os seus pares. O <strong>pessoal<\/strong> experiente assegura uma atmosfera segura e de apoio, ajudando os campistas a sentirem-se em casa desde o momento em que chegam. Os programas s\u00e3o cuidadosamente concebidos para se adaptarem a todas as <strong>idades<\/strong>, com actividades personalizadas para crian\u00e7as <strong>dos 6 aos 16 anos<\/strong> e adolescentes <strong>dos 8 aos 17 anos<\/strong>. Quer se trate de um programa curto <strong>de uma semana<\/strong> ou de uma estadia prolongada durante as f\u00e9rias de ver\u00e3o, estes campos de f\u00e9rias oferecem op\u00e7\u00f5es flex\u00edveis que se adequam a todas as fam\u00edlias.  <\/p>\n<\/section>\n<section>\n<h2>Excurs\u00f5es a monumentos famosos da Su\u00ed\u00e7a<\/h2>\n<p>As excurs\u00f5es s\u00e3o uma parte fundamental da experi\u00eancia do campo de f\u00e9rias su\u00ed\u00e7o, oferecendo \u00e0s crian\u00e7as e adolescentes a oportunidade de descobrir a rica hist\u00f3ria e cultura do pa\u00eds. Os destinos mais populares incluem os castelos medievais de <strong>Gstaad<\/strong>, a vibrante cidade de <strong>Genebra<\/strong>, com a sua proximidade das <strong>Na\u00e7\u00f5es Unidas<\/strong>, e as paisagens deslumbrantes de <strong>Crans Montana<\/strong>. Estas viagens proporcionam oportunidades \u00fanicas de aprendizagem fora da sala de aula, uma vez que os campistas mergulham no <strong>belo<\/strong> patrim\u00f3nio da Su\u00ed\u00e7a. Actividades como visitar mercados locais ou participar em <strong>workshops<\/strong> de artesanato tradicional su\u00ed\u00e7o melhoram a experi\u00eancia, tornando cada excurs\u00e3o simultaneamente educativa e divertida. <\/p>\n<\/section>\n<section>\n<h2>Combina aventura, educa\u00e7\u00e3o e criatividade<\/h2>\n<p>Os campos de f\u00e9rias su\u00ed\u00e7os s\u00e3o mais do que apenas umas f\u00e9rias de ver\u00e3o &#8211; s\u00e3o uma porta de entrada para novas compet\u00eancias e crescimento pessoal. Desde a participa\u00e7\u00e3o em programas <strong>de academias de artes<\/strong> criativas at\u00e9 \u00e0 pr\u00e1tica de desportos como o t\u00e9nis, o golfe ou o esqui, existe uma vasta <strong>gama<\/strong> de actividades para todos os interesses. Estes programas foram concebidos para encorajar a auto-express\u00e3o, a colabora\u00e7\u00e3o e a confian\u00e7a. Al\u00e9m disso, as crian\u00e7as e os adolescentes s\u00e3o apresentados a perspectivas internacionais atrav\u00e9s da intera\u00e7\u00e3o com colegas de diversos <strong>pa\u00edses<\/strong>. Este interc\u00e2mbio cultural fomenta a empatia e a compreens\u00e3o, ajudando os campistas a desenvolver uma mentalidade global.  <\/p>\n<\/section>\n<section>\n<h2><\/h2>\n<h2><\/h2>\n<h2>Explora os Alpes su\u00ed\u00e7os com Les Elfes International<\/h2>\n<p>Est\u00e1s pronto para dar ao teu filho a derradeira aventura de ver\u00e3o? <strong>Les Elfes International<\/strong> oferece uma vasta <strong>gama<\/strong> de actividades de <strong>junho<\/strong> a <strong>agosto<\/strong>, incluindo <strong>desportos<\/strong>, <strong>excurs\u00f5es<\/strong> e programas <strong>de academia de artes<\/strong>. Localizado em <strong>Verbier<\/strong>, o acampamento combina um cen\u00e1rio alpino deslumbrante com um ambiente de apoio e enriquecimento. Com programas adaptados para todas as <strong>idades<\/strong>, <strong>Les Elfes International<\/strong> \u00e9 a escolha perfeita para as fam\u00edlias que procuram o <strong>melhor acampamento de ver\u00e3o na Su\u00ed\u00e7a<\/strong>. <a href=\"https:\/\/www.leselfes.com\/summer-camp\/enrol\/\" target=\"_blank\" rel=\"noopener\">Contacta-nos hoje<\/a> para inscrever o teu filho numa viagem inesquec\u00edvel de crescimento e descoberta!    <\/p>\n<\/section>\n<\/article>\n","protected":false},"excerpt":{"rendered":"<p>Descobre a magia dos campos de f\u00e9rias na Su\u00ed\u00e7a Porqu\u00ea escolher um campo de f\u00e9rias na Su\u00ed\u00e7a? Experi\u00eancias inesquec\u00edveis nos Alpes su\u00ed\u00e7os Os campos de f\u00e9rias na Su\u00ed\u00e7a s\u00e3o conhecidos&#8230;<\/p>\n","protected":false},"author":16,"featured_media":96083,"comment_status":"closed","ping_status":"open","sticky":false,"template":"","format":"standard","meta":{"_acf_changed":false,"inline_featured_image":false,"footnotes":""},"categories":[1102],"tags":[],"class_list":{"0":"post-96108","1":"post","2":"type-post","3":"status-publish","4":"format-standard","5":"has-post-thumbnail","7":"category-acampamento-de-verao"},"acf":[],"yoast_head":"<!-- This site is optimized with the Yoast SEO Premium plugin v24.2 (Yoast SEO v24.7) - https:\/\/yoast.com\/wordpress\/plugins\/seo\/ -->\n<title>Descobre a magia dos campos de f\u00e9rias na Su\u00ed\u00e7a - Les Elfes International Camps Switzerland<\/title>\n<meta name=\"description\" content=\"Explora as vantagens e os principais destinos dos campos de f\u00e9rias para crian\u00e7as na Europa. Aprende a preparar o teu filho para uma aventura inesquec\u00edvel.\" \/>\n<meta name=\"robots\" content=\"index, follow, max-snippet:-1, max-image-preview:large, max-video-preview:-1\" \/>\n<link rel=\"canonical\" href=\"https:\/\/www.leselfes.com\/pt-pt\/ha-cursos-de-linguas-disponiveis-nos-campos-de-ferias\/\" \/>\n<meta property=\"og:locale\" content=\"pt_PT\" \/>\n<meta property=\"og:type\" content=\"article\" \/>\n<meta property=\"og:title\" content=\"Descobre a magia dos campos de f\u00e9rias na Su\u00ed\u00e7a\" \/>\n<meta property=\"og:description\" content=\"Explora as vantagens e os principais destinos dos campos de f\u00e9rias para crian\u00e7as na Europa. Aprende a preparar o teu filho para uma aventura inesquec\u00edvel.\" \/>\n<meta property=\"og:url\" content=\"https:\/\/www.leselfes.com\/pt-pt\/ha-cursos-de-linguas-disponiveis-nos-campos-de-ferias\/\" \/>\n<meta property=\"og:site_name\" content=\"Les Elfes International Camps Switzerland\" \/>\n<meta property=\"article:publisher\" content=\"https:\/\/www.facebook.com\/LesElfesVerbier\" \/>\n<meta property=\"article:published_time\" content=\"2025-01-07T08:15:54+00:00\" \/>\n<meta property=\"article:modified_time\" content=\"2025-01-24T09:27:40+00:00\" \/>\n<meta property=\"og:image\" content=\"https:\/\/www.leselfes.com\/wp-content\/uploads\/2025\/01\/Language-course-min-scaled-1.jpg\" \/>\n\t<meta property=\"og:image:width\" content=\"2560\" \/>\n\t<meta property=\"og:image:height\" content=\"1707\" \/>\n\t<meta property=\"og:image:type\" content=\"image\/jpeg\" \/>\n<meta name=\"author\" content=\"Matthieu Perard\" \/>\n<meta name=\"twitter:card\" content=\"summary_large_image\" \/>\n<meta name=\"twitter:creator\" content=\"@LesElfesCamps\" \/>\n<meta name=\"twitter:site\" content=\"@LesElfesCamps\" \/>\n<meta name=\"twitter:label1\" content=\"Escrito por\" \/>\n\t<meta name=\"twitter:data1\" content=\"Matthieu Perard\" \/>\n\t<meta name=\"twitter:label2\" content=\"Tempo estimado de leitura\" \/>\n\t<meta name=\"twitter:data2\" content=\"5 minutos\" \/>\n<script type=\"application\/ld+json\" class=\"yoast-schema-graph\">{\"@context\":\"https:\/\/schema.org\",\"@graph\":[{\"@type\":\"Article\",\"@id\":\"https:\/\/www.leselfes.com\/pt-pt\/ha-cursos-de-linguas-disponiveis-nos-campos-de-ferias\/#article\",\"isPartOf\":{\"@id\":\"https:\/\/www.leselfes.com\/pt-pt\/ha-cursos-de-linguas-disponiveis-nos-campos-de-ferias\/\"},\"author\":{\"name\":\"Matthieu Perard\",\"@id\":\"https:\/\/dev.leselfes.com\/#\/schema\/person\/7ac5f99a7f3c597105fe663a00bdf6d6\"},\"headline\":\"Descobre a magia dos campos de f\u00e9rias na Su\u00ed\u00e7a\",\"datePublished\":\"2025-01-07T08:15:54+00:00\",\"dateModified\":\"2025-01-24T09:27:40+00:00\",\"mainEntityOfPage\":{\"@id\":\"https:\/\/www.leselfes.com\/pt-pt\/ha-cursos-de-linguas-disponiveis-nos-campos-de-ferias\/\"},\"wordCount\":992,\"publisher\":{\"@id\":\"https:\/\/dev.leselfes.com\/#organization\"},\"image\":{\"@id\":\"https:\/\/www.leselfes.com\/pt-pt\/ha-cursos-de-linguas-disponiveis-nos-campos-de-ferias\/#primaryimage\"},\"thumbnailUrl\":\"https:\/\/www.leselfes.com\/wp-content\/uploads\/2025\/01\/Language-course-min-scaled-1.jpg\",\"articleSection\":[\"Acampamento de ver\u00e3o\"],\"inLanguage\":\"pt-PT\"},{\"@type\":\"WebPage\",\"@id\":\"https:\/\/www.leselfes.com\/pt-pt\/ha-cursos-de-linguas-disponiveis-nos-campos-de-ferias\/\",\"url\":\"https:\/\/www.leselfes.com\/pt-pt\/ha-cursos-de-linguas-disponiveis-nos-campos-de-ferias\/\",\"name\":\"Descobre a magia dos campos de f\u00e9rias na Su\u00ed\u00e7a - Les Elfes International Camps Switzerland\",\"isPartOf\":{\"@id\":\"https:\/\/dev.leselfes.com\/#website\"},\"primaryImageOfPage\":{\"@id\":\"https:\/\/www.leselfes.com\/pt-pt\/ha-cursos-de-linguas-disponiveis-nos-campos-de-ferias\/#primaryimage\"},\"image\":{\"@id\":\"https:\/\/www.leselfes.com\/pt-pt\/ha-cursos-de-linguas-disponiveis-nos-campos-de-ferias\/#primaryimage\"},\"thumbnailUrl\":\"https:\/\/www.leselfes.com\/wp-content\/uploads\/2025\/01\/Language-course-min-scaled-1.jpg\",\"datePublished\":\"2025-01-07T08:15:54+00:00\",\"dateModified\":\"2025-01-24T09:27:40+00:00\",\"description\":\"Explora as vantagens e os principais destinos dos campos de f\u00e9rias para crian\u00e7as na Europa. Aprende a preparar o teu filho para uma aventura inesquec\u00edvel.\",\"breadcrumb\":{\"@id\":\"https:\/\/www.leselfes.com\/pt-pt\/ha-cursos-de-linguas-disponiveis-nos-campos-de-ferias\/#breadcrumb\"},\"inLanguage\":\"pt-PT\",\"potentialAction\":[{\"@type\":\"ReadAction\",\"target\":[\"https:\/\/www.leselfes.com\/pt-pt\/ha-cursos-de-linguas-disponiveis-nos-campos-de-ferias\/\"]}]},{\"@type\":\"ImageObject\",\"inLanguage\":\"pt-PT\",\"@id\":\"https:\/\/www.leselfes.com\/pt-pt\/ha-cursos-de-linguas-disponiveis-nos-campos-de-ferias\/#primaryimage\",\"url\":\"https:\/\/www.leselfes.com\/wp-content\/uploads\/2025\/01\/Language-course-min-scaled-1.jpg\",\"contentUrl\":\"https:\/\/www.leselfes.com\/wp-content\/uploads\/2025\/01\/Language-course-min-scaled-1.jpg\",\"width\":2560,\"height\":1707},{\"@type\":\"BreadcrumbList\",\"@id\":\"https:\/\/www.leselfes.com\/pt-pt\/ha-cursos-de-linguas-disponiveis-nos-campos-de-ferias\/#breadcrumb\",\"itemListElement\":[{\"@type\":\"ListItem\",\"position\":1,\"name\":\"Home\",\"item\":\"https:\/\/www.leselfes.com\/pt-pt\/\"},{\"@type\":\"ListItem\",\"position\":2,\"name\":\"Descobre a magia dos campos de f\u00e9rias na Su\u00ed\u00e7a\"}]},{\"@type\":\"WebSite\",\"@id\":\"https:\/\/dev.leselfes.com\/#website\",\"url\":\"https:\/\/dev.leselfes.com\/\",\"name\":\"Les Elfes International\",\"description\":\"Les Elfes International, Verbier Switzerland. Summer Camp, Winter Camp, Spring Camps.\",\"publisher\":{\"@id\":\"https:\/\/dev.leselfes.com\/#organization\"},\"alternateName\":\"Les Elfes International\",\"potentialAction\":[{\"@type\":\"SearchAction\",\"target\":{\"@type\":\"EntryPoint\",\"urlTemplate\":\"https:\/\/dev.leselfes.com\/?s={search_term_string}\"},\"query-input\":{\"@type\":\"PropertyValueSpecification\",\"valueRequired\":true,\"valueName\":\"search_term_string\"}}],\"inLanguage\":\"pt-PT\"},{\"@type\":\"Organization\",\"@id\":\"https:\/\/dev.leselfes.com\/#organization\",\"name\":\"Les Elfes International\",\"alternateName\":\"Les Elfes International\",\"url\":\"https:\/\/dev.leselfes.com\/\",\"logo\":{\"@type\":\"ImageObject\",\"inLanguage\":\"pt-PT\",\"@id\":\"https:\/\/dev.leselfes.com\/#\/schema\/logo\/image\/\",\"url\":\"https:\/\/www.leselfes.com\/wp-content\/uploads\/2022\/03\/leselfes-logo.png\",\"contentUrl\":\"https:\/\/www.leselfes.com\/wp-content\/uploads\/2022\/03\/leselfes-logo.png\",\"width\":233,\"height\":51,\"caption\":\"Les Elfes International\"},\"image\":{\"@id\":\"https:\/\/dev.leselfes.com\/#\/schema\/logo\/image\/\"},\"sameAs\":[\"https:\/\/www.facebook.com\/LesElfesVerbier\",\"https:\/\/x.com\/LesElfesCamps\",\"https:\/\/www.instagram.com\/leselfes\",\"https:\/\/www.linkedin.com\/company\/les-elfes-international\",\"https:\/\/www.youtube.com\/user\/LesElfesVerbier\"]},{\"@type\":\"Person\",\"@id\":\"https:\/\/dev.leselfes.com\/#\/schema\/person\/7ac5f99a7f3c597105fe663a00bdf6d6\",\"name\":\"Matthieu Perard\",\"image\":{\"@type\":\"ImageObject\",\"inLanguage\":\"pt-PT\",\"@id\":\"https:\/\/dev.leselfes.com\/#\/schema\/person\/image\/\",\"url\":\"https:\/\/secure.gravatar.com\/avatar\/e368f5bd153d15a1ff42a4c64a46d1ef?s=96&d=mm&r=g\",\"contentUrl\":\"https:\/\/secure.gravatar.com\/avatar\/e368f5bd153d15a1ff42a4c64a46d1ef?s=96&d=mm&r=g\",\"caption\":\"Matthieu Perard\"},\"url\":\"https:\/\/www.leselfes.com\/pt-pt\/author\/m-pierardnotostudio-ch\/\"}]}<\/script>\n<!-- \/ Yoast SEO Premium plugin. -->","yoast_head_json":{"title":"Descobre a magia dos campos de f\u00e9rias na Su\u00ed\u00e7a - Les Elfes International Camps Switzerland","description":"Explora as vantagens e os principais destinos dos campos de f\u00e9rias para crian\u00e7as na Europa. Aprende a preparar o teu filho para uma aventura inesquec\u00edvel.","robots":{"index":"index","follow":"follow","max-snippet":"max-snippet:-1","max-image-preview":"max-image-preview:large","max-video-preview":"max-video-preview:-1"},"canonical":"https:\/\/www.leselfes.com\/pt-pt\/ha-cursos-de-linguas-disponiveis-nos-campos-de-ferias\/","og_locale":"pt_PT","og_type":"article","og_title":"Descobre a magia dos campos de f\u00e9rias na Su\u00ed\u00e7a","og_description":"Explora as vantagens e os principais destinos dos campos de f\u00e9rias para crian\u00e7as na Europa. Aprende a preparar o teu filho para uma aventura inesquec\u00edvel.","og_url":"https:\/\/www.leselfes.com\/pt-pt\/ha-cursos-de-linguas-disponiveis-nos-campos-de-ferias\/","og_site_name":"Les Elfes International Camps Switzerland","article_publisher":"https:\/\/www.facebook.com\/LesElfesVerbier","article_published_time":"2025-01-07T08:15:54+00:00","article_modified_time":"2025-01-24T09:27:40+00:00","og_image":[{"width":2560,"height":1707,"url":"https:\/\/www.leselfes.com\/wp-content\/uploads\/2025\/01\/Language-course-min-scaled-1.jpg","type":"image\/jpeg"}],"author":"Matthieu Perard","twitter_card":"summary_large_image","twitter_creator":"@LesElfesCamps","twitter_site":"@LesElfesCamps","twitter_misc":{"Escrito por":"Matthieu Perard","Tempo estimado de leitura":"5 minutos"},"schema":{"@context":"https:\/\/schema.org","@graph":[{"@type":"Article","@id":"https:\/\/www.leselfes.com\/pt-pt\/ha-cursos-de-linguas-disponiveis-nos-campos-de-ferias\/#article","isPartOf":{"@id":"https:\/\/www.leselfes.com\/pt-pt\/ha-cursos-de-linguas-disponiveis-nos-campos-de-ferias\/"},"author":{"name":"Matthieu Perard","@id":"https:\/\/dev.leselfes.com\/#\/schema\/person\/7ac5f99a7f3c597105fe663a00bdf6d6"},"headline":"Descobre a magia dos campos de f\u00e9rias na Su\u00ed\u00e7a","datePublished":"2025-01-07T08:15:54+00:00","dateModified":"2025-01-24T09:27:40+00:00","mainEntityOfPage":{"@id":"https:\/\/www.leselfes.com\/pt-pt\/ha-cursos-de-linguas-disponiveis-nos-campos-de-ferias\/"},"wordCount":992,"publisher":{"@id":"https:\/\/dev.leselfes.com\/#organization"},"image":{"@id":"https:\/\/www.leselfes.com\/pt-pt\/ha-cursos-de-linguas-disponiveis-nos-campos-de-ferias\/#primaryimage"},"thumbnailUrl":"https:\/\/www.leselfes.com\/wp-content\/uploads\/2025\/01\/Language-course-min-scaled-1.jpg","articleSection":["Acampamento de ver\u00e3o"],"inLanguage":"pt-PT"},{"@type":"WebPage","@id":"https:\/\/www.leselfes.com\/pt-pt\/ha-cursos-de-linguas-disponiveis-nos-campos-de-ferias\/","url":"https:\/\/www.leselfes.com\/pt-pt\/ha-cursos-de-linguas-disponiveis-nos-campos-de-ferias\/","name":"Descobre a magia dos campos de f\u00e9rias na Su\u00ed\u00e7a - Les Elfes International Camps Switzerland","isPartOf":{"@id":"https:\/\/dev.leselfes.com\/#website"},"primaryImageOfPage":{"@id":"https:\/\/www.leselfes.com\/pt-pt\/ha-cursos-de-linguas-disponiveis-nos-campos-de-ferias\/#primaryimage"},"image":{"@id":"https:\/\/www.leselfes.com\/pt-pt\/ha-cursos-de-linguas-disponiveis-nos-campos-de-ferias\/#primaryimage"},"thumbnailUrl":"https:\/\/www.leselfes.com\/wp-content\/uploads\/2025\/01\/Language-course-min-scaled-1.jpg","datePublished":"2025-01-07T08:15:54+00:00","dateModified":"2025-01-24T09:27:40+00:00","description":"Explora as vantagens e os principais destinos dos campos de f\u00e9rias para crian\u00e7as na Europa. Aprende a preparar o teu filho para uma aventura inesquec\u00edvel.","breadcrumb":{"@id":"https:\/\/www.leselfes.com\/pt-pt\/ha-cursos-de-linguas-disponiveis-nos-campos-de-ferias\/#breadcrumb"},"inLanguage":"pt-PT","potentialAction":[{"@type":"ReadAction","target":["https:\/\/www.leselfes.com\/pt-pt\/ha-cursos-de-linguas-disponiveis-nos-campos-de-ferias\/"]}]},{"@type":"ImageObject","inLanguage":"pt-PT","@id":"https:\/\/www.leselfes.com\/pt-pt\/ha-cursos-de-linguas-disponiveis-nos-campos-de-ferias\/#primaryimage","url":"https:\/\/www.leselfes.com\/wp-content\/uploads\/2025\/01\/Language-course-min-scaled-1.jpg","contentUrl":"https:\/\/www.leselfes.com\/wp-content\/uploads\/2025\/01\/Language-course-min-scaled-1.jpg","width":2560,"height":1707},{"@type":"BreadcrumbList","@id":"https:\/\/www.leselfes.com\/pt-pt\/ha-cursos-de-linguas-disponiveis-nos-campos-de-ferias\/#breadcrumb","itemListElement":[{"@type":"ListItem","position":1,"name":"Home","item":"https:\/\/www.leselfes.com\/pt-pt\/"},{"@type":"ListItem","position":2,"name":"Descobre a magia dos campos de f\u00e9rias na Su\u00ed\u00e7a"}]},{"@type":"WebSite","@id":"https:\/\/dev.leselfes.com\/#website","url":"https:\/\/dev.leselfes.com\/","name":"Les Elfes International","description":"Les Elfes International, Verbier Switzerland. Summer Camp, Winter Camp, Spring Camps.","publisher":{"@id":"https:\/\/dev.leselfes.com\/#organization"},"alternateName":"Les Elfes International","potentialAction":[{"@type":"SearchAction","target":{"@type":"EntryPoint","urlTemplate":"https:\/\/dev.leselfes.com\/?s={search_term_string}"},"query-input":{"@type":"PropertyValueSpecification","valueRequired":true,"valueName":"search_term_string"}}],"inLanguage":"pt-PT"},{"@type":"Organization","@id":"https:\/\/dev.leselfes.com\/#organization","name":"Les Elfes International","alternateName":"Les Elfes International","url":"https:\/\/dev.leselfes.com\/","logo":{"@type":"ImageObject","inLanguage":"pt-PT","@id":"https:\/\/dev.leselfes.com\/#\/schema\/logo\/image\/","url":"https:\/\/www.leselfes.com\/wp-content\/uploads\/2022\/03\/leselfes-logo.png","contentUrl":"https:\/\/www.leselfes.com\/wp-content\/uploads\/2022\/03\/leselfes-logo.png","width":233,"height":51,"caption":"Les Elfes International"},"image":{"@id":"https:\/\/dev.leselfes.com\/#\/schema\/logo\/image\/"},"sameAs":["https:\/\/www.facebook.com\/LesElfesVerbier","https:\/\/x.com\/LesElfesCamps","https:\/\/www.instagram.com\/leselfes","https:\/\/www.linkedin.com\/company\/les-elfes-international","https:\/\/www.youtube.com\/user\/LesElfesVerbier"]},{"@type":"Person","@id":"https:\/\/dev.leselfes.com\/#\/schema\/person\/7ac5f99a7f3c597105fe663a00bdf6d6","name":"Matthieu Perard","image":{"@type":"ImageObject","inLanguage":"pt-PT","@id":"https:\/\/dev.leselfes.com\/#\/schema\/person\/image\/","url":"https:\/\/secure.gravatar.com\/avatar\/e368f5bd153d15a1ff42a4c64a46d1ef?s=96&d=mm&r=g","contentUrl":"https:\/\/secure.gravatar.com\/avatar\/e368f5bd153d15a1ff42a4c64a46d1ef?s=96&d=mm&r=g","caption":"Matthieu Perard"},"url":"https:\/\/www.leselfes.com\/pt-pt\/author\/m-pierardnotostudio-ch\/"}]}},"_links":{"self":[{"href":"https:\/\/www.leselfes.com\/pt-pt\/wp-json\/wp\/v2\/posts\/96108"}],"collection":[{"href":"https:\/\/www.leselfes.com\/pt-pt\/wp-json\/wp\/v2\/posts"}],"about":[{"href":"https:\/\/www.leselfes.com\/pt-pt\/wp-json\/wp\/v2\/types\/post"}],"author":[{"embeddable":true,"href":"https:\/\/www.leselfes.com\/pt-pt\/wp-json\/wp\/v2\/users\/16"}],"replies":[{"embeddable":true,"href":"https:\/\/www.leselfes.com\/pt-pt\/wp-json\/wp\/v2\/comments?post=96108"}],"version-history":[{"count":1,"href":"https:\/\/www.leselfes.com\/pt-pt\/wp-json\/wp\/v2\/posts\/96108\/revisions"}],"predecessor-version":[{"id":97792,"href":"https:\/\/www.leselfes.com\/pt-pt\/wp-json\/wp\/v2\/posts\/96108\/revisions\/97792"}],"wp:featuredmedia":[{"embeddable":true,"href":"https:\/\/www.leselfes.com\/pt-pt\/wp-json\/wp\/v2\/media\/96083"}],"wp:attachment":[{"href":"https:\/\/www.leselfes.com\/pt-pt\/wp-json\/wp\/v2\/media?parent=96108"}],"wp:term":[{"taxonomy":"category","embeddable":true,"href":"https:\/\/www.leselfes.com\/pt-pt\/wp-json\/wp\/v2\/categories?post=96108"},{"taxonomy":"post_tag","embeddable":true,"href":"https:\/\/www.leselfes.com\/pt-pt\/wp-json\/wp\/v2\/tags?post=96108"}],"curies":[{"name":"wp","href":"https:\/\/api.w.org\/{rel}","templated":true}]}}