{"id":96330,"date":"2025-01-07T09:23:56","date_gmt":"2025-01-07T08:23:56","guid":{"rendered":"https:\/\/www.leselfes.com\/quinta-feira-26-de-dezembro-tempo-para-explorar-a-cidade\/"},"modified":"2025-01-07T09:25:45","modified_gmt":"2025-01-07T08:25:45","slug":"quinta-feira-26-de-dezembro-tempo-para-explorar-a-cidade","status":"publish","type":"post","link":"https:\/\/www.leselfes.com\/pt-pt\/quinta-feira-26-de-dezembro-tempo-para-explorar-a-cidade\/","title":{"rendered":"Quinta-feira, 26 de dezembro &#8211; Tempo para explorar a cidade"},"content":{"rendered":"<div dir=\"auto\">Hoje foi um daqueles dias que parece sa\u00eddo de um sonho. As pistas pareciam t\u00e3o convidativas como sempre e os mi\u00fados que estavam ansiosos por esquiar mal podiam esperar para come\u00e7ar. Vestiram o equipamento, com os rostos brilhantes de excita\u00e7\u00e3o, e partiram para um dia de esqui na neve fresca. Hoje, houve algumas manobras impressionantes &#8211; crian\u00e7as a deslizar sem esfor\u00e7o pelas pistas, algumas at\u00e9 a enfrentar novos desafios.   <\/div>\n<div dir=\"auto\"><\/div>\n<div dir=\"auto\">Para outros, a aventura levou-os para longe das pistas. Apanharam um autocarro para a cidade de Berna, prontos para um dia de descobertas. Esperava-os o Museu das Comunica\u00e7\u00f5es, repleto de exposi\u00e7\u00f5es fascinantes sobre a forma como as pessoas se ligam. Os telefones antigos, os primeiros r\u00e1dios e at\u00e9 os primeiros computadores chamaram-lhes a aten\u00e7\u00e3o. Quase conseguia ouvir a sua conversa enquanto passeavam pelo museu, fazendo perguntas e descobertas. Passaram o resto do dia em Berna, passeando pelas ruas encantadoras, encontrando pequenos tesouros nas lojas e absorvendo a beleza da cidade.     <\/div>\n<div dir=\"auto\"><\/div>\n<div dir=\"auto\">De volta ao acampamento, depois das aventuras do dia, todos se reuniram no centro desportivo. A energia era contagiante, pois os mi\u00fados atiravam-se aos jogos e at\u00e9 corriam por divers\u00e3o. Sentia a sua alegria no ar enquanto se riam, competiam e celebravam as suas vit\u00f3rias, grandes e pequenas. \u00c9 espantoso como uma coisa t\u00e3o simples como um jogo pode trazer tanta felicidade.   <\/div>\n<div dir=\"auto\">Depois, claro, veio o ponto alto da noite &#8211; o jantar. A cozinha serviu um fondue su\u00ed\u00e7o quente e saud\u00e1vel, e as crian\u00e7as mergulharam o p\u00e3o no queijo pegajoso. Houve algumas discuss\u00f5es sobre o \u00faltimo peda\u00e7o de p\u00e3o, mas isso faz parte da divers\u00e3o, certo? Foi uma refei\u00e7\u00e3o aconchegante e satisfat\u00f3ria, perfeita depois de um dia t\u00e3o excitante.   <\/div>\n<div dir=\"auto\"><\/div>\n<div dir=\"auto\">Mas a noite n\u00e3o acabou a\u00ed. A discoteca estava \u00e0 espera e os mi\u00fados mal podiam esperar para ir para a pista de dan\u00e7a. As luzes acendiam-se, a m\u00fasica tocava e a sala enchia-se de risos e movimento. Foi uma noite de divers\u00e3o em que dan\u00e7aram como se ningu\u00e9m estivesse a ver, soltando-se e celebrando mais um dia fant\u00e1stico. Tinha a sensa\u00e7\u00e3o de que as recorda\u00e7\u00f5es desta noite iriam ser faladas durante muito tempo.    <\/div>\n<div dir=\"auto\">Quando a \u00faltima m\u00fasica tocou e as crian\u00e7as regressaram \u00e0s suas cabanas, cansadas mas cheias de alegria, observei-as com um sorriso. J\u00e1 experimentaram tanto, mas sei que ainda h\u00e1 muito mais pela frente. Amanh\u00e3 vais viver novas aventuras e mal posso esperar para ver o que eles v\u00e3o fazer a seguir. Mas, por agora, vou descansar no sossego do acampamento, sentindo-me grata por fazer parte deste lugar m\u00e1gico.   <\/div>\n<div dir=\"auto\">At\u00e9 amanh\u00e3, Talia, a elfa<\/div>\n<div class=\"yj6qo\"><\/div>\n<div class=\"adL\" dir=\"auto\"><\/div>\n","protected":false},"excerpt":{"rendered":"<p>Hoje foi um daqueles dias que parece sa\u00eddo de um sonho. As pistas pareciam t\u00e3o convidativas como sempre e os mi\u00fados que estavam ansiosos por esquiar mal podiam esperar para&#8230;<\/p>\n","protected":false},"author":16,"featured_media":0,"comment_status":"closed","ping_status":"open","sticky":false,"template":"","format":"standard","meta":{"_acf_changed":false,"inline_featured_image":false,"footnotes":""},"categories":[],"tags":[],"class_list":["post-96330","post","type-post","status-publish","format-standard"],"acf":[],"yoast_head":"<!-- This site is optimized with the Yoast SEO Premium plugin v24.2 (Yoast SEO v24.7) - https:\/\/yoast.com\/wordpress\/plugins\/seo\/ -->\n<title>Quinta-feira, 26 de dezembro - Tempo para explorar a cidade - Les Elfes International Camps Switzerland<\/title>\n<meta name=\"robots\" content=\"index, follow, max-snippet:-1, max-image-preview:large, max-video-preview:-1\" \/>\n<link rel=\"canonical\" href=\"https:\/\/www.leselfes.com\/pt-pt\/quinta-feira-26-de-dezembro-tempo-para-explorar-a-cidade\/\" \/>\n<meta property=\"og:locale\" content=\"pt_PT\" \/>\n<meta property=\"og:type\" content=\"article\" \/>\n<meta property=\"og:title\" content=\"Quinta-feira, 26 de dezembro - Tempo para explorar a cidade\" \/>\n<meta property=\"og:description\" content=\"Hoje foi um daqueles dias que parece sa\u00eddo de um sonho. As pistas pareciam t\u00e3o convidativas como sempre e os mi\u00fados que estavam ansiosos por esquiar mal podiam esperar para...\" \/>\n<meta property=\"og:url\" content=\"https:\/\/www.leselfes.com\/pt-pt\/quinta-feira-26-de-dezembro-tempo-para-explorar-a-cidade\/\" \/>\n<meta property=\"og:site_name\" content=\"Les Elfes International Camps Switzerland\" \/>\n<meta property=\"article:publisher\" content=\"https:\/\/www.facebook.com\/LesElfesVerbier\" \/>\n<meta property=\"article:published_time\" content=\"2025-01-07T08:23:56+00:00\" \/>\n<meta property=\"article:modified_time\" content=\"2025-01-07T08:25:45+00:00\" \/>\n<meta property=\"og:image\" content=\"https:\/\/www.leselfes.com\/wp-content\/uploads\/2022\/02\/Les-Elfes-International-summer-camp-Switzerland-Staff-Mobile-591x555-1.jpg\" \/>\n\t<meta property=\"og:image:width\" content=\"591\" \/>\n\t<meta property=\"og:image:height\" content=\"555\" \/>\n\t<meta property=\"og:image:type\" content=\"image\/jpeg\" \/>\n<meta name=\"author\" content=\"Matthieu Perard\" \/>\n<meta name=\"twitter:card\" content=\"summary_large_image\" \/>\n<meta name=\"twitter:creator\" content=\"@LesElfesCamps\" \/>\n<meta name=\"twitter:site\" content=\"@LesElfesCamps\" \/>\n<meta name=\"twitter:label1\" content=\"Escrito por\" \/>\n\t<meta name=\"twitter:data1\" content=\"Matthieu Perard\" \/>\n\t<meta name=\"twitter:label2\" content=\"Tempo estimado de leitura\" \/>\n\t<meta name=\"twitter:data2\" content=\"2 minutos\" \/>\n<script type=\"application\/ld+json\" class=\"yoast-schema-graph\">{\"@context\":\"https:\/\/schema.org\",\"@graph\":[{\"@type\":\"Article\",\"@id\":\"https:\/\/www.leselfes.com\/pt-pt\/quinta-feira-26-de-dezembro-tempo-para-explorar-a-cidade\/#article\",\"isPartOf\":{\"@id\":\"https:\/\/www.leselfes.com\/pt-pt\/quinta-feira-26-de-dezembro-tempo-para-explorar-a-cidade\/\"},\"author\":{\"name\":\"Matthieu Perard\",\"@id\":\"https:\/\/dev.leselfes.com\/#\/schema\/person\/7ac5f99a7f3c597105fe663a00bdf6d6\"},\"headline\":\"Quinta-feira, 26 de dezembro &#8211; Tempo para explorar a cidade\",\"datePublished\":\"2025-01-07T08:23:56+00:00\",\"dateModified\":\"2025-01-07T08:25:45+00:00\",\"mainEntityOfPage\":{\"@id\":\"https:\/\/www.leselfes.com\/pt-pt\/quinta-feira-26-de-dezembro-tempo-para-explorar-a-cidade\/\"},\"wordCount\":473,\"publisher\":{\"@id\":\"https:\/\/dev.leselfes.com\/#organization\"},\"inLanguage\":\"pt-PT\"},{\"@type\":\"WebPage\",\"@id\":\"https:\/\/www.leselfes.com\/pt-pt\/quinta-feira-26-de-dezembro-tempo-para-explorar-a-cidade\/\",\"url\":\"https:\/\/www.leselfes.com\/pt-pt\/quinta-feira-26-de-dezembro-tempo-para-explorar-a-cidade\/\",\"name\":\"Quinta-feira, 26 de dezembro - Tempo para explorar a cidade - Les Elfes International Camps Switzerland\",\"isPartOf\":{\"@id\":\"https:\/\/dev.leselfes.com\/#website\"},\"datePublished\":\"2025-01-07T08:23:56+00:00\",\"dateModified\":\"2025-01-07T08:25:45+00:00\",\"breadcrumb\":{\"@id\":\"https:\/\/www.leselfes.com\/pt-pt\/quinta-feira-26-de-dezembro-tempo-para-explorar-a-cidade\/#breadcrumb\"},\"inLanguage\":\"pt-PT\",\"potentialAction\":[{\"@type\":\"ReadAction\",\"target\":[\"https:\/\/www.leselfes.com\/pt-pt\/quinta-feira-26-de-dezembro-tempo-para-explorar-a-cidade\/\"]}]},{\"@type\":\"BreadcrumbList\",\"@id\":\"https:\/\/www.leselfes.com\/pt-pt\/quinta-feira-26-de-dezembro-tempo-para-explorar-a-cidade\/#breadcrumb\",\"itemListElement\":[{\"@type\":\"ListItem\",\"position\":1,\"name\":\"Home\",\"item\":\"https:\/\/www.leselfes.com\/pt-pt\/\"},{\"@type\":\"ListItem\",\"position\":2,\"name\":\"Quinta-feira, 26 de dezembro &#8211; Tempo para explorar a cidade\"}]},{\"@type\":\"WebSite\",\"@id\":\"https:\/\/dev.leselfes.com\/#website\",\"url\":\"https:\/\/dev.leselfes.com\/\",\"name\":\"Les Elfes International\",\"description\":\"Les Elfes International, Verbier Switzerland. Summer Camp, Winter Camp, Spring Camps.\",\"publisher\":{\"@id\":\"https:\/\/dev.leselfes.com\/#organization\"},\"alternateName\":\"Les Elfes International\",\"potentialAction\":[{\"@type\":\"SearchAction\",\"target\":{\"@type\":\"EntryPoint\",\"urlTemplate\":\"https:\/\/dev.leselfes.com\/?s={search_term_string}\"},\"query-input\":{\"@type\":\"PropertyValueSpecification\",\"valueRequired\":true,\"valueName\":\"search_term_string\"}}],\"inLanguage\":\"pt-PT\"},{\"@type\":\"Organization\",\"@id\":\"https:\/\/dev.leselfes.com\/#organization\",\"name\":\"Les Elfes International\",\"alternateName\":\"Les Elfes International\",\"url\":\"https:\/\/dev.leselfes.com\/\",\"logo\":{\"@type\":\"ImageObject\",\"inLanguage\":\"pt-PT\",\"@id\":\"https:\/\/dev.leselfes.com\/#\/schema\/logo\/image\/\",\"url\":\"https:\/\/www.leselfes.com\/wp-content\/uploads\/2022\/03\/leselfes-logo.png\",\"contentUrl\":\"https:\/\/www.leselfes.com\/wp-content\/uploads\/2022\/03\/leselfes-logo.png\",\"width\":233,\"height\":51,\"caption\":\"Les Elfes International\"},\"image\":{\"@id\":\"https:\/\/dev.leselfes.com\/#\/schema\/logo\/image\/\"},\"sameAs\":[\"https:\/\/www.facebook.com\/LesElfesVerbier\",\"https:\/\/x.com\/LesElfesCamps\",\"https:\/\/www.instagram.com\/leselfes\",\"https:\/\/www.linkedin.com\/company\/les-elfes-international\",\"https:\/\/www.youtube.com\/user\/LesElfesVerbier\"]},{\"@type\":\"Person\",\"@id\":\"https:\/\/dev.leselfes.com\/#\/schema\/person\/7ac5f99a7f3c597105fe663a00bdf6d6\",\"name\":\"Matthieu Perard\",\"image\":{\"@type\":\"ImageObject\",\"inLanguage\":\"pt-PT\",\"@id\":\"https:\/\/dev.leselfes.com\/#\/schema\/person\/image\/\",\"url\":\"https:\/\/secure.gravatar.com\/avatar\/e368f5bd153d15a1ff42a4c64a46d1ef?s=96&d=mm&r=g\",\"contentUrl\":\"https:\/\/secure.gravatar.com\/avatar\/e368f5bd153d15a1ff42a4c64a46d1ef?s=96&d=mm&r=g\",\"caption\":\"Matthieu Perard\"},\"url\":\"https:\/\/www.leselfes.com\/pt-pt\/author\/m-pierardnotostudio-ch\/\"}]}<\/script>\n<!-- \/ Yoast SEO Premium plugin. -->","yoast_head_json":{"title":"Quinta-feira, 26 de dezembro - Tempo para explorar a cidade - Les Elfes International Camps Switzerland","robots":{"index":"index","follow":"follow","max-snippet":"max-snippet:-1","max-image-preview":"max-image-preview:large","max-video-preview":"max-video-preview:-1"},"canonical":"https:\/\/www.leselfes.com\/pt-pt\/quinta-feira-26-de-dezembro-tempo-para-explorar-a-cidade\/","og_locale":"pt_PT","og_type":"article","og_title":"Quinta-feira, 26 de dezembro - Tempo para explorar a cidade","og_description":"Hoje foi um daqueles dias que parece sa\u00eddo de um sonho. As pistas pareciam t\u00e3o convidativas como sempre e os mi\u00fados que estavam ansiosos por esquiar mal podiam esperar para...","og_url":"https:\/\/www.leselfes.com\/pt-pt\/quinta-feira-26-de-dezembro-tempo-para-explorar-a-cidade\/","og_site_name":"Les Elfes International Camps Switzerland","article_publisher":"https:\/\/www.facebook.com\/LesElfesVerbier","article_published_time":"2025-01-07T08:23:56+00:00","article_modified_time":"2025-01-07T08:25:45+00:00","og_image":[{"width":591,"height":555,"url":"https:\/\/www.leselfes.com\/wp-content\/uploads\/2022\/02\/Les-Elfes-International-summer-camp-Switzerland-Staff-Mobile-591x555-1.jpg","type":"image\/jpeg"}],"author":"Matthieu Perard","twitter_card":"summary_large_image","twitter_creator":"@LesElfesCamps","twitter_site":"@LesElfesCamps","twitter_misc":{"Escrito por":"Matthieu Perard","Tempo estimado de leitura":"2 minutos"},"schema":{"@context":"https:\/\/schema.org","@graph":[{"@type":"Article","@id":"https:\/\/www.leselfes.com\/pt-pt\/quinta-feira-26-de-dezembro-tempo-para-explorar-a-cidade\/#article","isPartOf":{"@id":"https:\/\/www.leselfes.com\/pt-pt\/quinta-feira-26-de-dezembro-tempo-para-explorar-a-cidade\/"},"author":{"name":"Matthieu Perard","@id":"https:\/\/dev.leselfes.com\/#\/schema\/person\/7ac5f99a7f3c597105fe663a00bdf6d6"},"headline":"Quinta-feira, 26 de dezembro &#8211; Tempo para explorar a cidade","datePublished":"2025-01-07T08:23:56+00:00","dateModified":"2025-01-07T08:25:45+00:00","mainEntityOfPage":{"@id":"https:\/\/www.leselfes.com\/pt-pt\/quinta-feira-26-de-dezembro-tempo-para-explorar-a-cidade\/"},"wordCount":473,"publisher":{"@id":"https:\/\/dev.leselfes.com\/#organization"},"inLanguage":"pt-PT"},{"@type":"WebPage","@id":"https:\/\/www.leselfes.com\/pt-pt\/quinta-feira-26-de-dezembro-tempo-para-explorar-a-cidade\/","url":"https:\/\/www.leselfes.com\/pt-pt\/quinta-feira-26-de-dezembro-tempo-para-explorar-a-cidade\/","name":"Quinta-feira, 26 de dezembro - Tempo para explorar a cidade - Les Elfes International Camps Switzerland","isPartOf":{"@id":"https:\/\/dev.leselfes.com\/#website"},"datePublished":"2025-01-07T08:23:56+00:00","dateModified":"2025-01-07T08:25:45+00:00","breadcrumb":{"@id":"https:\/\/www.leselfes.com\/pt-pt\/quinta-feira-26-de-dezembro-tempo-para-explorar-a-cidade\/#breadcrumb"},"inLanguage":"pt-PT","potentialAction":[{"@type":"ReadAction","target":["https:\/\/www.leselfes.com\/pt-pt\/quinta-feira-26-de-dezembro-tempo-para-explorar-a-cidade\/"]}]},{"@type":"BreadcrumbList","@id":"https:\/\/www.leselfes.com\/pt-pt\/quinta-feira-26-de-dezembro-tempo-para-explorar-a-cidade\/#breadcrumb","itemListElement":[{"@type":"ListItem","position":1,"name":"Home","item":"https:\/\/www.leselfes.com\/pt-pt\/"},{"@type":"ListItem","position":2,"name":"Quinta-feira, 26 de dezembro &#8211; Tempo para explorar a cidade"}]},{"@type":"WebSite","@id":"https:\/\/dev.leselfes.com\/#website","url":"https:\/\/dev.leselfes.com\/","name":"Les Elfes International","description":"Les Elfes International, Verbier Switzerland. Summer Camp, Winter Camp, Spring Camps.","publisher":{"@id":"https:\/\/dev.leselfes.com\/#organization"},"alternateName":"Les Elfes International","potentialAction":[{"@type":"SearchAction","target":{"@type":"EntryPoint","urlTemplate":"https:\/\/dev.leselfes.com\/?s={search_term_string}"},"query-input":{"@type":"PropertyValueSpecification","valueRequired":true,"valueName":"search_term_string"}}],"inLanguage":"pt-PT"},{"@type":"Organization","@id":"https:\/\/dev.leselfes.com\/#organization","name":"Les Elfes International","alternateName":"Les Elfes International","url":"https:\/\/dev.leselfes.com\/","logo":{"@type":"ImageObject","inLanguage":"pt-PT","@id":"https:\/\/dev.leselfes.com\/#\/schema\/logo\/image\/","url":"https:\/\/www.leselfes.com\/wp-content\/uploads\/2022\/03\/leselfes-logo.png","contentUrl":"https:\/\/www.leselfes.com\/wp-content\/uploads\/2022\/03\/leselfes-logo.png","width":233,"height":51,"caption":"Les Elfes International"},"image":{"@id":"https:\/\/dev.leselfes.com\/#\/schema\/logo\/image\/"},"sameAs":["https:\/\/www.facebook.com\/LesElfesVerbier","https:\/\/x.com\/LesElfesCamps","https:\/\/www.instagram.com\/leselfes","https:\/\/www.linkedin.com\/company\/les-elfes-international","https:\/\/www.youtube.com\/user\/LesElfesVerbier"]},{"@type":"Person","@id":"https:\/\/dev.leselfes.com\/#\/schema\/person\/7ac5f99a7f3c597105fe663a00bdf6d6","name":"Matthieu Perard","image":{"@type":"ImageObject","inLanguage":"pt-PT","@id":"https:\/\/dev.leselfes.com\/#\/schema\/person\/image\/","url":"https:\/\/secure.gravatar.com\/avatar\/e368f5bd153d15a1ff42a4c64a46d1ef?s=96&d=mm&r=g","contentUrl":"https:\/\/secure.gravatar.com\/avatar\/e368f5bd153d15a1ff42a4c64a46d1ef?s=96&d=mm&r=g","caption":"Matthieu Perard"},"url":"https:\/\/www.leselfes.com\/pt-pt\/author\/m-pierardnotostudio-ch\/"}]}},"_links":{"self":[{"href":"https:\/\/www.leselfes.com\/pt-pt\/wp-json\/wp\/v2\/posts\/96330"}],"collection":[{"href":"https:\/\/www.leselfes.com\/pt-pt\/wp-json\/wp\/v2\/posts"}],"about":[{"href":"https:\/\/www.leselfes.com\/pt-pt\/wp-json\/wp\/v2\/types\/post"}],"author":[{"embeddable":true,"href":"https:\/\/www.leselfes.com\/pt-pt\/wp-json\/wp\/v2\/users\/16"}],"replies":[{"embeddable":true,"href":"https:\/\/www.leselfes.com\/pt-pt\/wp-json\/wp\/v2\/comments?post=96330"}],"version-history":[{"count":0,"href":"https:\/\/www.leselfes.com\/pt-pt\/wp-json\/wp\/v2\/posts\/96330\/revisions"}],"wp:attachment":[{"href":"https:\/\/www.leselfes.com\/pt-pt\/wp-json\/wp\/v2\/media?parent=96330"}],"wp:term":[{"taxonomy":"category","embeddable":true,"href":"https:\/\/www.leselfes.com\/pt-pt\/wp-json\/wp\/v2\/categories?post=96330"},{"taxonomy":"post_tag","embeddable":true,"href":"https:\/\/www.leselfes.com\/pt-pt\/wp-json\/wp\/v2\/tags?post=96330"}],"curies":[{"name":"wp","href":"https:\/\/api.w.org\/{rel}","templated":true}]}}