{"id":96394,"date":"2025-01-07T09:27:41","date_gmt":"2025-01-07T08:27:41","guid":{"rendered":"https:\/\/www.leselfes.com\/terca-feira-31-de-dezembro-termina-o-ano-nas-pistas\/"},"modified":"2025-01-07T09:28:07","modified_gmt":"2025-01-07T08:28:07","slug":"terca-feira-31-de-dezembro-termina-o-ano-nas-pistas","status":"publish","type":"post","link":"https:\/\/www.leselfes.com\/pt-pt\/terca-feira-31-de-dezembro-termina-o-ano-nas-pistas\/","title":{"rendered":"Ter\u00e7a-feira, 31 de dezembro &#8211; Termina o ano nas pistas"},"content":{"rendered":"<p>O terceiro dia no campo de Les Elfes foi \u00f3timo. O sol estava a brilhar e as crian\u00e7as estavam entusiasmadas por ir para as pistas. Vindos de todos os cantos do mundo, estavam a melhorar todos os dias &#8211; alguns corriam pela montanha abaixo com mais confian\u00e7a do que antes, enquanto outros praticavam as suas curvas. Era impressionante de ver. \u00c0 hora do almo\u00e7o, estavam todos nas pistas, a saborear os seus almo\u00e7os embalados sob o c\u00e9u azul brilhante. Sandu\u00edches, snacks e muita \u00e1gua mantiveram toda a gente animada. O ambiente era descontra\u00eddo, com as crian\u00e7as a conversar e a rir entre as corridas. Depois do almo\u00e7o, volta a esquiar. O grupo aproveitou ao m\u00e1ximo o sol e a neve fresca, desafiando-se uns aos outros para corridas amig\u00e1veis e aprendendo novos truques. Quando regressaram ao acampamento, a energia passou do esqui para a celebra\u00e7\u00e3o. O acampamento estava a organizar uma festa de carnaval para a v\u00e9spera de Ano Novo e as crian\u00e7as estavam todas vestidas com fatos. A m\u00fasica e a excita\u00e7\u00e3o encheram o ar e o jantar foi um grande sucesso &#8211; pizza, claro. Todos se juntaram e falaram dos seus momentos preferidos do dia. \u00c0 medida que a noite avan\u00e7ava, o acampamento parecia mais uma fam\u00edlia grande e acolhedora, que se juntava para celebrar o novo ano. &#8211; <em>Talia, a elfa<\/em>   <\/p>\n","protected":false},"excerpt":{"rendered":"<p>O terceiro dia no campo de Les Elfes foi \u00f3timo. O sol estava a brilhar e as crian\u00e7as estavam entusiasmadas por ir para as pistas. Vindos de todos os cantos&#8230;<\/p>\n","protected":false},"author":16,"featured_media":0,"comment_status":"closed","ping_status":"open","sticky":false,"template":"","format":"standard","meta":{"_acf_changed":false,"inline_featured_image":false,"footnotes":""},"categories":[],"tags":[],"class_list":["post-96394","post","type-post","status-publish","format-standard"],"acf":[],"yoast_head":"<!-- This site is optimized with the Yoast SEO Premium plugin v24.2 (Yoast SEO v24.7) - https:\/\/yoast.com\/wordpress\/plugins\/seo\/ -->\n<title>Ter\u00e7a-feira, 31 de dezembro - Termina o ano nas pistas - Les Elfes International Camps Switzerland<\/title>\n<meta name=\"robots\" content=\"index, follow, max-snippet:-1, max-image-preview:large, max-video-preview:-1\" \/>\n<link rel=\"canonical\" href=\"https:\/\/www.leselfes.com\/pt-pt\/terca-feira-31-de-dezembro-termina-o-ano-nas-pistas\/\" \/>\n<meta property=\"og:locale\" content=\"pt_PT\" \/>\n<meta property=\"og:type\" content=\"article\" \/>\n<meta property=\"og:title\" content=\"Ter\u00e7a-feira, 31 de dezembro - Termina o ano nas pistas\" \/>\n<meta property=\"og:description\" content=\"O terceiro dia no campo de Les Elfes foi \u00f3timo. O sol estava a brilhar e as crian\u00e7as estavam entusiasmadas por ir para as pistas. Vindos de todos os cantos...\" \/>\n<meta property=\"og:url\" content=\"https:\/\/www.leselfes.com\/pt-pt\/terca-feira-31-de-dezembro-termina-o-ano-nas-pistas\/\" \/>\n<meta property=\"og:site_name\" content=\"Les Elfes International Camps Switzerland\" \/>\n<meta property=\"article:publisher\" content=\"https:\/\/www.facebook.com\/LesElfesVerbier\" \/>\n<meta property=\"article:published_time\" content=\"2025-01-07T08:27:41+00:00\" \/>\n<meta property=\"article:modified_time\" content=\"2025-01-07T08:28:07+00:00\" \/>\n<meta property=\"og:image\" content=\"https:\/\/www.leselfes.com\/wp-content\/uploads\/2022\/02\/Les-Elfes-International-summer-camp-Switzerland-Staff-Mobile-591x555-1.jpg\" \/>\n\t<meta property=\"og:image:width\" content=\"591\" \/>\n\t<meta property=\"og:image:height\" content=\"555\" \/>\n\t<meta property=\"og:image:type\" content=\"image\/jpeg\" \/>\n<meta name=\"author\" content=\"Matthieu Perard\" \/>\n<meta name=\"twitter:card\" content=\"summary_large_image\" \/>\n<meta name=\"twitter:creator\" content=\"@LesElfesCamps\" \/>\n<meta name=\"twitter:site\" content=\"@LesElfesCamps\" \/>\n<meta name=\"twitter:label1\" content=\"Escrito por\" \/>\n\t<meta name=\"twitter:data1\" content=\"Matthieu Perard\" \/>\n\t<meta name=\"twitter:label2\" content=\"Tempo estimado de leitura\" \/>\n\t<meta name=\"twitter:data2\" content=\"1 minuto\" \/>\n<script type=\"application\/ld+json\" class=\"yoast-schema-graph\">{\"@context\":\"https:\/\/schema.org\",\"@graph\":[{\"@type\":\"Article\",\"@id\":\"https:\/\/www.leselfes.com\/pt-pt\/terca-feira-31-de-dezembro-termina-o-ano-nas-pistas\/#article\",\"isPartOf\":{\"@id\":\"https:\/\/www.leselfes.com\/pt-pt\/terca-feira-31-de-dezembro-termina-o-ano-nas-pistas\/\"},\"author\":{\"name\":\"Matthieu Perard\",\"@id\":\"https:\/\/dev.leselfes.com\/#\/schema\/person\/7ac5f99a7f3c597105fe663a00bdf6d6\"},\"headline\":\"Ter\u00e7a-feira, 31 de dezembro &#8211; Termina o ano nas pistas\",\"datePublished\":\"2025-01-07T08:27:41+00:00\",\"dateModified\":\"2025-01-07T08:28:07+00:00\",\"mainEntityOfPage\":{\"@id\":\"https:\/\/www.leselfes.com\/pt-pt\/terca-feira-31-de-dezembro-termina-o-ano-nas-pistas\/\"},\"wordCount\":249,\"publisher\":{\"@id\":\"https:\/\/dev.leselfes.com\/#organization\"},\"inLanguage\":\"pt-PT\"},{\"@type\":\"WebPage\",\"@id\":\"https:\/\/www.leselfes.com\/pt-pt\/terca-feira-31-de-dezembro-termina-o-ano-nas-pistas\/\",\"url\":\"https:\/\/www.leselfes.com\/pt-pt\/terca-feira-31-de-dezembro-termina-o-ano-nas-pistas\/\",\"name\":\"Ter\u00e7a-feira, 31 de dezembro - Termina o ano nas pistas - Les Elfes International Camps Switzerland\",\"isPartOf\":{\"@id\":\"https:\/\/dev.leselfes.com\/#website\"},\"datePublished\":\"2025-01-07T08:27:41+00:00\",\"dateModified\":\"2025-01-07T08:28:07+00:00\",\"breadcrumb\":{\"@id\":\"https:\/\/www.leselfes.com\/pt-pt\/terca-feira-31-de-dezembro-termina-o-ano-nas-pistas\/#breadcrumb\"},\"inLanguage\":\"pt-PT\",\"potentialAction\":[{\"@type\":\"ReadAction\",\"target\":[\"https:\/\/www.leselfes.com\/pt-pt\/terca-feira-31-de-dezembro-termina-o-ano-nas-pistas\/\"]}]},{\"@type\":\"BreadcrumbList\",\"@id\":\"https:\/\/www.leselfes.com\/pt-pt\/terca-feira-31-de-dezembro-termina-o-ano-nas-pistas\/#breadcrumb\",\"itemListElement\":[{\"@type\":\"ListItem\",\"position\":1,\"name\":\"Home\",\"item\":\"https:\/\/www.leselfes.com\/pt-pt\/\"},{\"@type\":\"ListItem\",\"position\":2,\"name\":\"Ter\u00e7a-feira, 31 de dezembro &#8211; Termina o ano nas pistas\"}]},{\"@type\":\"WebSite\",\"@id\":\"https:\/\/dev.leselfes.com\/#website\",\"url\":\"https:\/\/dev.leselfes.com\/\",\"name\":\"Les Elfes International\",\"description\":\"Les Elfes International, Verbier Switzerland. Summer Camp, Winter Camp, Spring Camps.\",\"publisher\":{\"@id\":\"https:\/\/dev.leselfes.com\/#organization\"},\"alternateName\":\"Les Elfes International\",\"potentialAction\":[{\"@type\":\"SearchAction\",\"target\":{\"@type\":\"EntryPoint\",\"urlTemplate\":\"https:\/\/dev.leselfes.com\/?s={search_term_string}\"},\"query-input\":{\"@type\":\"PropertyValueSpecification\",\"valueRequired\":true,\"valueName\":\"search_term_string\"}}],\"inLanguage\":\"pt-PT\"},{\"@type\":\"Organization\",\"@id\":\"https:\/\/dev.leselfes.com\/#organization\",\"name\":\"Les Elfes International\",\"alternateName\":\"Les Elfes International\",\"url\":\"https:\/\/dev.leselfes.com\/\",\"logo\":{\"@type\":\"ImageObject\",\"inLanguage\":\"pt-PT\",\"@id\":\"https:\/\/dev.leselfes.com\/#\/schema\/logo\/image\/\",\"url\":\"https:\/\/www.leselfes.com\/wp-content\/uploads\/2022\/03\/leselfes-logo.png\",\"contentUrl\":\"https:\/\/www.leselfes.com\/wp-content\/uploads\/2022\/03\/leselfes-logo.png\",\"width\":233,\"height\":51,\"caption\":\"Les Elfes International\"},\"image\":{\"@id\":\"https:\/\/dev.leselfes.com\/#\/schema\/logo\/image\/\"},\"sameAs\":[\"https:\/\/www.facebook.com\/LesElfesVerbier\",\"https:\/\/x.com\/LesElfesCamps\",\"https:\/\/www.instagram.com\/leselfes\",\"https:\/\/www.linkedin.com\/company\/les-elfes-international\",\"https:\/\/www.youtube.com\/user\/LesElfesVerbier\"]},{\"@type\":\"Person\",\"@id\":\"https:\/\/dev.leselfes.com\/#\/schema\/person\/7ac5f99a7f3c597105fe663a00bdf6d6\",\"name\":\"Matthieu Perard\",\"image\":{\"@type\":\"ImageObject\",\"inLanguage\":\"pt-PT\",\"@id\":\"https:\/\/dev.leselfes.com\/#\/schema\/person\/image\/\",\"url\":\"https:\/\/secure.gravatar.com\/avatar\/e368f5bd153d15a1ff42a4c64a46d1ef?s=96&d=mm&r=g\",\"contentUrl\":\"https:\/\/secure.gravatar.com\/avatar\/e368f5bd153d15a1ff42a4c64a46d1ef?s=96&d=mm&r=g\",\"caption\":\"Matthieu Perard\"},\"url\":\"https:\/\/www.leselfes.com\/pt-pt\/author\/m-pierardnotostudio-ch\/\"}]}<\/script>\n<!-- \/ Yoast SEO Premium plugin. -->","yoast_head_json":{"title":"Ter\u00e7a-feira, 31 de dezembro - Termina o ano nas pistas - Les Elfes International Camps Switzerland","robots":{"index":"index","follow":"follow","max-snippet":"max-snippet:-1","max-image-preview":"max-image-preview:large","max-video-preview":"max-video-preview:-1"},"canonical":"https:\/\/www.leselfes.com\/pt-pt\/terca-feira-31-de-dezembro-termina-o-ano-nas-pistas\/","og_locale":"pt_PT","og_type":"article","og_title":"Ter\u00e7a-feira, 31 de dezembro - Termina o ano nas pistas","og_description":"O terceiro dia no campo de Les Elfes foi \u00f3timo. O sol estava a brilhar e as crian\u00e7as estavam entusiasmadas por ir para as pistas. Vindos de todos os cantos...","og_url":"https:\/\/www.leselfes.com\/pt-pt\/terca-feira-31-de-dezembro-termina-o-ano-nas-pistas\/","og_site_name":"Les Elfes International Camps Switzerland","article_publisher":"https:\/\/www.facebook.com\/LesElfesVerbier","article_published_time":"2025-01-07T08:27:41+00:00","article_modified_time":"2025-01-07T08:28:07+00:00","og_image":[{"width":591,"height":555,"url":"https:\/\/www.leselfes.com\/wp-content\/uploads\/2022\/02\/Les-Elfes-International-summer-camp-Switzerland-Staff-Mobile-591x555-1.jpg","type":"image\/jpeg"}],"author":"Matthieu Perard","twitter_card":"summary_large_image","twitter_creator":"@LesElfesCamps","twitter_site":"@LesElfesCamps","twitter_misc":{"Escrito por":"Matthieu Perard","Tempo estimado de leitura":"1 minuto"},"schema":{"@context":"https:\/\/schema.org","@graph":[{"@type":"Article","@id":"https:\/\/www.leselfes.com\/pt-pt\/terca-feira-31-de-dezembro-termina-o-ano-nas-pistas\/#article","isPartOf":{"@id":"https:\/\/www.leselfes.com\/pt-pt\/terca-feira-31-de-dezembro-termina-o-ano-nas-pistas\/"},"author":{"name":"Matthieu Perard","@id":"https:\/\/dev.leselfes.com\/#\/schema\/person\/7ac5f99a7f3c597105fe663a00bdf6d6"},"headline":"Ter\u00e7a-feira, 31 de dezembro &#8211; Termina o ano nas pistas","datePublished":"2025-01-07T08:27:41+00:00","dateModified":"2025-01-07T08:28:07+00:00","mainEntityOfPage":{"@id":"https:\/\/www.leselfes.com\/pt-pt\/terca-feira-31-de-dezembro-termina-o-ano-nas-pistas\/"},"wordCount":249,"publisher":{"@id":"https:\/\/dev.leselfes.com\/#organization"},"inLanguage":"pt-PT"},{"@type":"WebPage","@id":"https:\/\/www.leselfes.com\/pt-pt\/terca-feira-31-de-dezembro-termina-o-ano-nas-pistas\/","url":"https:\/\/www.leselfes.com\/pt-pt\/terca-feira-31-de-dezembro-termina-o-ano-nas-pistas\/","name":"Ter\u00e7a-feira, 31 de dezembro - Termina o ano nas pistas - Les Elfes International Camps Switzerland","isPartOf":{"@id":"https:\/\/dev.leselfes.com\/#website"},"datePublished":"2025-01-07T08:27:41+00:00","dateModified":"2025-01-07T08:28:07+00:00","breadcrumb":{"@id":"https:\/\/www.leselfes.com\/pt-pt\/terca-feira-31-de-dezembro-termina-o-ano-nas-pistas\/#breadcrumb"},"inLanguage":"pt-PT","potentialAction":[{"@type":"ReadAction","target":["https:\/\/www.leselfes.com\/pt-pt\/terca-feira-31-de-dezembro-termina-o-ano-nas-pistas\/"]}]},{"@type":"BreadcrumbList","@id":"https:\/\/www.leselfes.com\/pt-pt\/terca-feira-31-de-dezembro-termina-o-ano-nas-pistas\/#breadcrumb","itemListElement":[{"@type":"ListItem","position":1,"name":"Home","item":"https:\/\/www.leselfes.com\/pt-pt\/"},{"@type":"ListItem","position":2,"name":"Ter\u00e7a-feira, 31 de dezembro &#8211; Termina o ano nas pistas"}]},{"@type":"WebSite","@id":"https:\/\/dev.leselfes.com\/#website","url":"https:\/\/dev.leselfes.com\/","name":"Les Elfes International","description":"Les Elfes International, Verbier Switzerland. Summer Camp, Winter Camp, Spring Camps.","publisher":{"@id":"https:\/\/dev.leselfes.com\/#organization"},"alternateName":"Les Elfes International","potentialAction":[{"@type":"SearchAction","target":{"@type":"EntryPoint","urlTemplate":"https:\/\/dev.leselfes.com\/?s={search_term_string}"},"query-input":{"@type":"PropertyValueSpecification","valueRequired":true,"valueName":"search_term_string"}}],"inLanguage":"pt-PT"},{"@type":"Organization","@id":"https:\/\/dev.leselfes.com\/#organization","name":"Les Elfes International","alternateName":"Les Elfes International","url":"https:\/\/dev.leselfes.com\/","logo":{"@type":"ImageObject","inLanguage":"pt-PT","@id":"https:\/\/dev.leselfes.com\/#\/schema\/logo\/image\/","url":"https:\/\/www.leselfes.com\/wp-content\/uploads\/2022\/03\/leselfes-logo.png","contentUrl":"https:\/\/www.leselfes.com\/wp-content\/uploads\/2022\/03\/leselfes-logo.png","width":233,"height":51,"caption":"Les Elfes International"},"image":{"@id":"https:\/\/dev.leselfes.com\/#\/schema\/logo\/image\/"},"sameAs":["https:\/\/www.facebook.com\/LesElfesVerbier","https:\/\/x.com\/LesElfesCamps","https:\/\/www.instagram.com\/leselfes","https:\/\/www.linkedin.com\/company\/les-elfes-international","https:\/\/www.youtube.com\/user\/LesElfesVerbier"]},{"@type":"Person","@id":"https:\/\/dev.leselfes.com\/#\/schema\/person\/7ac5f99a7f3c597105fe663a00bdf6d6","name":"Matthieu Perard","image":{"@type":"ImageObject","inLanguage":"pt-PT","@id":"https:\/\/dev.leselfes.com\/#\/schema\/person\/image\/","url":"https:\/\/secure.gravatar.com\/avatar\/e368f5bd153d15a1ff42a4c64a46d1ef?s=96&d=mm&r=g","contentUrl":"https:\/\/secure.gravatar.com\/avatar\/e368f5bd153d15a1ff42a4c64a46d1ef?s=96&d=mm&r=g","caption":"Matthieu Perard"},"url":"https:\/\/www.leselfes.com\/pt-pt\/author\/m-pierardnotostudio-ch\/"}]}},"_links":{"self":[{"href":"https:\/\/www.leselfes.com\/pt-pt\/wp-json\/wp\/v2\/posts\/96394"}],"collection":[{"href":"https:\/\/www.leselfes.com\/pt-pt\/wp-json\/wp\/v2\/posts"}],"about":[{"href":"https:\/\/www.leselfes.com\/pt-pt\/wp-json\/wp\/v2\/types\/post"}],"author":[{"embeddable":true,"href":"https:\/\/www.leselfes.com\/pt-pt\/wp-json\/wp\/v2\/users\/16"}],"replies":[{"embeddable":true,"href":"https:\/\/www.leselfes.com\/pt-pt\/wp-json\/wp\/v2\/comments?post=96394"}],"version-history":[{"count":0,"href":"https:\/\/www.leselfes.com\/pt-pt\/wp-json\/wp\/v2\/posts\/96394\/revisions"}],"wp:attachment":[{"href":"https:\/\/www.leselfes.com\/pt-pt\/wp-json\/wp\/v2\/media?parent=96394"}],"wp:term":[{"taxonomy":"category","embeddable":true,"href":"https:\/\/www.leselfes.com\/pt-pt\/wp-json\/wp\/v2\/categories?post=96394"},{"taxonomy":"post_tag","embeddable":true,"href":"https:\/\/www.leselfes.com\/pt-pt\/wp-json\/wp\/v2\/tags?post=96394"}],"curies":[{"name":"wp","href":"https:\/\/api.w.org\/{rel}","templated":true}]}}